{"id":10030,"date":"2020-08-27T15:03:05","date_gmt":"2020-08-27T15:03:05","guid":{"rendered":"https:\/\/seconci.com.br\/site\/?p=10030"},"modified":"2020-08-27T15:03:05","modified_gmt":"2020-08-27T15:03:05","slug":"governo-detalhara-casa-verde-e-amarela-no-quintas-da-cbic","status":"publish","type":"post","link":"https:\/\/seconci.com.br\/site\/2020\/08\/27\/governo-detalhara-casa-verde-e-amarela-no-quintas-da-cbic\/","title":{"rendered":"Governo detalhar\u00e1 Casa Verde e Amarela no Quintas da CBIC"},"content":{"rendered":"<p style=\"text-align: justify;\">Para apresentar mais detalhes e esclarecer as d\u00favidas do setor sobre o lan\u00e7amento do \u2018Casa Verde e Amarela\u2019, novo programa de moradia de interesse social do governo, a C\u00e2mara Brasileira da Ind\u00fastria da Constru\u00e7\u00e3o receber\u00e1 como convidado do pr\u00f3ximo \u2018Quintas da CBIC\u2019, o Secret\u00e1rio Nacional de Habita\u00e7\u00e3o do Minist\u00e9rio do Desenvolvimento Regional (MDR), Alfredo Eduardo dos Santos.<\/p>\n<p style=\"text-align: justify;\">No dia 27 de agosto, \u00e0s 17 horas, o presidente da CBIC, Jos\u00e9 Carlos Martins, vai mediar um debate sobre o programa \u2018Casa Verde Amarela\u2019, que substitui o Minha Casa Minha Vida (MCMV). As inscri\u00e7\u00f5es s\u00e3o gratuitas. Garante o seu lugar:\u00a0<a href=\"http:\/\/bit.ly\/quintascbic-278\"><strong>bit.ly\/quintascbic-278<\/strong><\/a><\/p>\n<p style=\"text-align: justify;\">\u201cA iniciativa aprimora o antigo programa e traz inova\u00e7\u00f5es muito interessantes. O MDR dialogou bastante com nosso setor, ouviu as demandas e dessa forma pudemos contribuir para o aperfei\u00e7oamento deste programa de habita\u00e7\u00e3o, que vai beneficiar in\u00fameras fam\u00edlias humildes que buscam sua casa pr\u00f3pria.\u201d, destaca Martins.<\/p>\n<p style=\"text-align: justify;\">Com a nova modalidade de financiamento ficam permitidos n\u00e3o apenas a constru\u00e7\u00e3o de novas moradias, mas tamb\u00e9m a regulariza\u00e7\u00e3o de im\u00f3veis de fam\u00edlias de baixa renda. Os recursos do \u2018Casa Verde e Amarela\u2019 ser\u00e3o provenientes do Fundo de Garantia do Tempo de Servi\u00e7o (FGTS). Al\u00e9m disso, a previs\u00e3o \u00e9 que os juros caiam at\u00e9 0,5% para as fam\u00edlias com renda de at\u00e9 tr\u00eas sal\u00e1rios m\u00ednimos.<\/p>\n<p style=\"text-align: justify;\">O \u2018Quintas da CBIC\u2019 \u00e9 uma s\u00e9rie especial de\u00a0<em>webinars<\/em>\u00a0e recebe um convidado diferente a cada quinta-feira, para tratar sobre assuntos de interesse da ind\u00fastria da constru\u00e7\u00e3o.<\/p>\n<p style=\"text-align: justify;\">A participa\u00e7\u00e3o do Secret\u00e1rio tem interface com o projeto<strong>\u00a0\u2018Melhorias do Mercado Imobili\u00e1rio\u2019<\/strong>, realizado pela CBIC por meio das comiss\u00f5es da Ind\u00fastria Imobili\u00e1ria (CII) e de Habita\u00e7\u00e3o de Interesse Social (CHIS), com a correaliza\u00e7\u00e3o do Servi\u00e7o Nacional de Aprendizagem Industrial (Senai).<\/p>\n<p><em><strong>Fonte: Ag\u00eancia CBIC<\/strong><\/em><\/p>\n","protected":false},"excerpt":{"rendered":"<p>Para apresentar mais detalhes e esclarecer as d\u00favidas do setor sobre o lan\u00e7amento do \u2018Casa Verde e Amarela\u2019, novo programa de moradia de interesse social do governo, a C\u00e2mara Brasileira da Ind\u00fastria da Constru\u00e7\u00e3o receber\u00e1 como convidado do pr\u00f3ximo \u2018Quintas da CBIC\u2019, o Secret\u00e1rio Nacional de Habita\u00e7\u00e3o do Minist\u00e9rio do Desenvolvimento Regional (MDR), Alfredo Eduardo [&hellip;]<\/p>\n","protected":false},"author":3,"featured_media":0,"comment_status":"closed","ping_status":"closed","sticky":false,"template":"","format":"standard","meta":{"footnotes":""},"categories":[92],"tags":[],"class_list":["post-10030","post","type-post","status-publish","format-standard","hentry","category-seconci-brasil"],"yoast_head":"<!-- This site is optimized with the Yoast SEO plugin v26.9 - https:\/\/yoast.com\/product\/yoast-seo-wordpress\/ -->\n<title>Governo detalhar\u00e1 Casa Verde e Amarela no Quintas da CBIC - Seconci Brasil<\/title>\n<meta name=\"robots\" content=\"index, follow, max-snippet:-1, max-image-preview:large, max-video-preview:-1\" \/>\n<link rel=\"canonical\" href=\"https:\/\/seconci.com.br\/site\/2020\/08\/27\/governo-detalhara-casa-verde-e-amarela-no-quintas-da-cbic\/\" \/>\n<meta property=\"og:locale\" content=\"pt_PT\" \/>\n<meta property=\"og:type\" content=\"article\" \/>\n<meta property=\"og:title\" content=\"Governo detalhar\u00e1 Casa Verde e Amarela no Quintas da CBIC - Seconci Brasil\" \/>\n<meta property=\"og:description\" content=\"Para apresentar mais detalhes e esclarecer as d\u00favidas do setor sobre o lan\u00e7amento do \u2018Casa Verde e Amarela\u2019, novo programa de moradia de interesse social do governo, a C\u00e2mara Brasileira da Ind\u00fastria da Constru\u00e7\u00e3o receber\u00e1 como convidado do pr\u00f3ximo \u2018Quintas da CBIC\u2019, o Secret\u00e1rio Nacional de Habita\u00e7\u00e3o do Minist\u00e9rio do Desenvolvimento Regional (MDR), Alfredo Eduardo [&hellip;]\" \/>\n<meta property=\"og:url\" content=\"https:\/\/seconci.com.br\/site\/2020\/08\/27\/governo-detalhara-casa-verde-e-amarela-no-quintas-da-cbic\/\" \/>\n<meta property=\"og:site_name\" content=\"Seconci Brasil\" \/>\n<meta property=\"article:published_time\" content=\"2020-08-27T15:03:05+00:00\" \/>\n<meta name=\"author\" content=\"Sidney Rocha\" \/>\n<meta name=\"twitter:card\" content=\"summary_large_image\" \/>\n<meta name=\"twitter:label1\" content=\"Escrito por\" \/>\n\t<meta name=\"twitter:data1\" content=\"Sidney Rocha\" \/>\n\t<meta name=\"twitter:label2\" content=\"Tempo estimado de leitura\" \/>\n\t<meta name=\"twitter:data2\" content=\"2 minutos\" \/>\n<script type=\"application\/ld+json\" class=\"yoast-schema-graph\">{\"@context\":\"https:\/\/schema.org\",\"@graph\":[{\"@type\":\"Article\",\"@id\":\"https:\/\/seconci.com.br\/site\/2020\/08\/27\/governo-detalhara-casa-verde-e-amarela-no-quintas-da-cbic\/#article\",\"isPartOf\":{\"@id\":\"https:\/\/seconci.com.br\/site\/2020\/08\/27\/governo-detalhara-casa-verde-e-amarela-no-quintas-da-cbic\/\"},\"author\":{\"name\":\"Sidney Rocha\",\"@id\":\"https:\/\/seconci.com.br\/site\/#\/schema\/person\/1d79afd97ddc8f2c68c1e88e298aa8e2\"},\"headline\":\"Governo detalhar\u00e1 Casa Verde e Amarela no Quintas da CBIC\",\"datePublished\":\"2020-08-27T15:03:05+00:00\",\"mainEntityOfPage\":{\"@id\":\"https:\/\/seconci.com.br\/site\/2020\/08\/27\/governo-detalhara-casa-verde-e-amarela-no-quintas-da-cbic\/\"},\"wordCount\":333,\"publisher\":{\"@id\":\"https:\/\/seconci.com.br\/site\/#organization\"},\"articleSection\":[\"Seconci Brasil\"],\"inLanguage\":\"pt-PT\"},{\"@type\":\"WebPage\",\"@id\":\"https:\/\/seconci.com.br\/site\/2020\/08\/27\/governo-detalhara-casa-verde-e-amarela-no-quintas-da-cbic\/\",\"url\":\"https:\/\/seconci.com.br\/site\/2020\/08\/27\/governo-detalhara-casa-verde-e-amarela-no-quintas-da-cbic\/\",\"name\":\"Governo detalhar\u00e1 Casa Verde e Amarela no Quintas da CBIC - Seconci Brasil\",\"isPartOf\":{\"@id\":\"https:\/\/seconci.com.br\/site\/#website\"},\"datePublished\":\"2020-08-27T15:03:05+00:00\",\"breadcrumb\":{\"@id\":\"https:\/\/seconci.com.br\/site\/2020\/08\/27\/governo-detalhara-casa-verde-e-amarela-no-quintas-da-cbic\/#breadcrumb\"},\"inLanguage\":\"pt-PT\",\"potentialAction\":[{\"@type\":\"ReadAction\",\"target\":[\"https:\/\/seconci.com.br\/site\/2020\/08\/27\/governo-detalhara-casa-verde-e-amarela-no-quintas-da-cbic\/\"]}]},{\"@type\":\"BreadcrumbList\",\"@id\":\"https:\/\/seconci.com.br\/site\/2020\/08\/27\/governo-detalhara-casa-verde-e-amarela-no-quintas-da-cbic\/#breadcrumb\",\"itemListElement\":[{\"@type\":\"ListItem\",\"position\":1,\"name\":\"In\u00edcio\",\"item\":\"https:\/\/seconci.com.br\/site\/\"},{\"@type\":\"ListItem\",\"position\":2,\"name\":\"Governo detalhar\u00e1 Casa Verde e Amarela no Quintas da CBIC\"}]},{\"@type\":\"WebSite\",\"@id\":\"https:\/\/seconci.com.br\/site\/#website\",\"url\":\"https:\/\/seconci.com.br\/site\/\",\"name\":\"Seconci Brasil\",\"description\":\"\",\"publisher\":{\"@id\":\"https:\/\/seconci.com.br\/site\/#organization\"},\"potentialAction\":[{\"@type\":\"SearchAction\",\"target\":{\"@type\":\"EntryPoint\",\"urlTemplate\":\"https:\/\/seconci.com.br\/site\/?s={search_term_string}\"},\"query-input\":{\"@type\":\"PropertyValueSpecification\",\"valueRequired\":true,\"valueName\":\"search_term_string\"}}],\"inLanguage\":\"pt-PT\"},{\"@type\":\"Organization\",\"@id\":\"https:\/\/seconci.com.br\/site\/#organization\",\"name\":\"Seconci Brasil\",\"url\":\"https:\/\/seconci.com.br\/site\/\",\"logo\":{\"@type\":\"ImageObject\",\"inLanguage\":\"pt-PT\",\"@id\":\"https:\/\/seconci.com.br\/site\/#\/schema\/logo\/image\/\",\"url\":\"https:\/\/seconci.com.br\/site\/wp-content\/uploads\/2024\/08\/Logo-Seconci-Brasil-branca-2.png\",\"contentUrl\":\"https:\/\/seconci.com.br\/site\/wp-content\/uploads\/2024\/08\/Logo-Seconci-Brasil-branca-2.png\",\"width\":1315,\"height\":598,\"caption\":\"Seconci Brasil\"},\"image\":{\"@id\":\"https:\/\/seconci.com.br\/site\/#\/schema\/logo\/image\/\"}},{\"@type\":\"Person\",\"@id\":\"https:\/\/seconci.com.br\/site\/#\/schema\/person\/1d79afd97ddc8f2c68c1e88e298aa8e2\",\"name\":\"Sidney Rocha\",\"description\":\"Comunicador e estagi\u00e1rio do Seconci Brasil.\",\"url\":\"https:\/\/seconci.com.br\/site\/author\/sidney-rocha\/\"}]}<\/script>\n<!-- \/ Yoast SEO plugin. -->","yoast_head_json":{"title":"Governo detalhar\u00e1 Casa Verde e Amarela no Quintas da CBIC - Seconci Brasil","robots":{"index":"index","follow":"follow","max-snippet":"max-snippet:-1","max-image-preview":"max-image-preview:large","max-video-preview":"max-video-preview:-1"},"canonical":"https:\/\/seconci.com.br\/site\/2020\/08\/27\/governo-detalhara-casa-verde-e-amarela-no-quintas-da-cbic\/","og_locale":"pt_PT","og_type":"article","og_title":"Governo detalhar\u00e1 Casa Verde e Amarela no Quintas da CBIC - Seconci Brasil","og_description":"Para apresentar mais detalhes e esclarecer as d\u00favidas do setor sobre o lan\u00e7amento do \u2018Casa Verde e Amarela\u2019, novo programa de moradia de interesse social do governo, a C\u00e2mara Brasileira da Ind\u00fastria da Constru\u00e7\u00e3o receber\u00e1 como convidado do pr\u00f3ximo \u2018Quintas da CBIC\u2019, o Secret\u00e1rio Nacional de Habita\u00e7\u00e3o do Minist\u00e9rio do Desenvolvimento Regional (MDR), Alfredo Eduardo [&hellip;]","og_url":"https:\/\/seconci.com.br\/site\/2020\/08\/27\/governo-detalhara-casa-verde-e-amarela-no-quintas-da-cbic\/","og_site_name":"Seconci Brasil","article_published_time":"2020-08-27T15:03:05+00:00","author":"Sidney Rocha","twitter_card":"summary_large_image","twitter_misc":{"Escrito por":"Sidney Rocha","Tempo estimado de leitura":"2 minutos"},"schema":{"@context":"https:\/\/schema.org","@graph":[{"@type":"Article","@id":"https:\/\/seconci.com.br\/site\/2020\/08\/27\/governo-detalhara-casa-verde-e-amarela-no-quintas-da-cbic\/#article","isPartOf":{"@id":"https:\/\/seconci.com.br\/site\/2020\/08\/27\/governo-detalhara-casa-verde-e-amarela-no-quintas-da-cbic\/"},"author":{"name":"Sidney Rocha","@id":"https:\/\/seconci.com.br\/site\/#\/schema\/person\/1d79afd97ddc8f2c68c1e88e298aa8e2"},"headline":"Governo detalhar\u00e1 Casa Verde e Amarela no Quintas da CBIC","datePublished":"2020-08-27T15:03:05+00:00","mainEntityOfPage":{"@id":"https:\/\/seconci.com.br\/site\/2020\/08\/27\/governo-detalhara-casa-verde-e-amarela-no-quintas-da-cbic\/"},"wordCount":333,"publisher":{"@id":"https:\/\/seconci.com.br\/site\/#organization"},"articleSection":["Seconci Brasil"],"inLanguage":"pt-PT"},{"@type":"WebPage","@id":"https:\/\/seconci.com.br\/site\/2020\/08\/27\/governo-detalhara-casa-verde-e-amarela-no-quintas-da-cbic\/","url":"https:\/\/seconci.com.br\/site\/2020\/08\/27\/governo-detalhara-casa-verde-e-amarela-no-quintas-da-cbic\/","name":"Governo detalhar\u00e1 Casa Verde e Amarela no Quintas da CBIC - Seconci Brasil","isPartOf":{"@id":"https:\/\/seconci.com.br\/site\/#website"},"datePublished":"2020-08-27T15:03:05+00:00","breadcrumb":{"@id":"https:\/\/seconci.com.br\/site\/2020\/08\/27\/governo-detalhara-casa-verde-e-amarela-no-quintas-da-cbic\/#breadcrumb"},"inLanguage":"pt-PT","potentialAction":[{"@type":"ReadAction","target":["https:\/\/seconci.com.br\/site\/2020\/08\/27\/governo-detalhara-casa-verde-e-amarela-no-quintas-da-cbic\/"]}]},{"@type":"BreadcrumbList","@id":"https:\/\/seconci.com.br\/site\/2020\/08\/27\/governo-detalhara-casa-verde-e-amarela-no-quintas-da-cbic\/#breadcrumb","itemListElement":[{"@type":"ListItem","position":1,"name":"In\u00edcio","item":"https:\/\/seconci.com.br\/site\/"},{"@type":"ListItem","position":2,"name":"Governo detalhar\u00e1 Casa Verde e Amarela no Quintas da CBIC"}]},{"@type":"WebSite","@id":"https:\/\/seconci.com.br\/site\/#website","url":"https:\/\/seconci.com.br\/site\/","name":"Seconci Brasil","description":"","publisher":{"@id":"https:\/\/seconci.com.br\/site\/#organization"},"potentialAction":[{"@type":"SearchAction","target":{"@type":"EntryPoint","urlTemplate":"https:\/\/seconci.com.br\/site\/?s={search_term_string}"},"query-input":{"@type":"PropertyValueSpecification","valueRequired":true,"valueName":"search_term_string"}}],"inLanguage":"pt-PT"},{"@type":"Organization","@id":"https:\/\/seconci.com.br\/site\/#organization","name":"Seconci Brasil","url":"https:\/\/seconci.com.br\/site\/","logo":{"@type":"ImageObject","inLanguage":"pt-PT","@id":"https:\/\/seconci.com.br\/site\/#\/schema\/logo\/image\/","url":"https:\/\/seconci.com.br\/site\/wp-content\/uploads\/2024\/08\/Logo-Seconci-Brasil-branca-2.png","contentUrl":"https:\/\/seconci.com.br\/site\/wp-content\/uploads\/2024\/08\/Logo-Seconci-Brasil-branca-2.png","width":1315,"height":598,"caption":"Seconci Brasil"},"image":{"@id":"https:\/\/seconci.com.br\/site\/#\/schema\/logo\/image\/"}},{"@type":"Person","@id":"https:\/\/seconci.com.br\/site\/#\/schema\/person\/1d79afd97ddc8f2c68c1e88e298aa8e2","name":"Sidney Rocha","description":"Comunicador e estagi\u00e1rio do Seconci Brasil.","url":"https:\/\/seconci.com.br\/site\/author\/sidney-rocha\/"}]}},"_links":{"self":[{"href":"https:\/\/seconci.com.br\/site\/wp-json\/wp\/v2\/posts\/10030","targetHints":{"allow":["GET"]}}],"collection":[{"href":"https:\/\/seconci.com.br\/site\/wp-json\/wp\/v2\/posts"}],"about":[{"href":"https:\/\/seconci.com.br\/site\/wp-json\/wp\/v2\/types\/post"}],"author":[{"embeddable":true,"href":"https:\/\/seconci.com.br\/site\/wp-json\/wp\/v2\/users\/3"}],"replies":[{"embeddable":true,"href":"https:\/\/seconci.com.br\/site\/wp-json\/wp\/v2\/comments?post=10030"}],"version-history":[{"count":0,"href":"https:\/\/seconci.com.br\/site\/wp-json\/wp\/v2\/posts\/10030\/revisions"}],"wp:attachment":[{"href":"https:\/\/seconci.com.br\/site\/wp-json\/wp\/v2\/media?parent=10030"}],"wp:term":[{"taxonomy":"category","embeddable":true,"href":"https:\/\/seconci.com.br\/site\/wp-json\/wp\/v2\/categories?post=10030"},{"taxonomy":"post_tag","embeddable":true,"href":"https:\/\/seconci.com.br\/site\/wp-json\/wp\/v2\/tags?post=10030"}],"curies":[{"name":"wp","href":"https:\/\/api.w.org\/{rel}","templated":true}]}}