{"id":10049,"date":"2020-09-02T12:32:38","date_gmt":"2020-09-02T12:32:38","guid":{"rendered":"https:\/\/seconci.com.br\/site\/?p=10049"},"modified":"2020-09-02T12:32:38","modified_gmt":"2020-09-02T12:32:38","slug":"inscricoes-abertas-para-o-premio-cbic-de-inovacao-e-sustentabilidade","status":"publish","type":"post","link":"https:\/\/seconci.com.br\/site\/2020\/09\/02\/inscricoes-abertas-para-o-premio-cbic-de-inovacao-e-sustentabilidade\/","title":{"rendered":"Inscri\u00e7\u00f5es abertas para o Pr\u00eamio CBIC de Inova\u00e7\u00e3o e Sustentabilidade"},"content":{"rendered":"<p style=\"text-align: justify;\">A C\u00e2mara Brasileira da Ind\u00fastria da Constru\u00e7\u00e3o (CBIC), com a correaliza\u00e7\u00e3o do Servi\u00e7o Nacional de Aprendizagem Industrial (Senai Nacional), lan\u00e7ou nesta ter\u00e7a-feira (1), a 23\u00aa Edi\u00e7\u00e3o do\u00a0<strong>Pr\u00eamio CBIC de Inova\u00e7\u00e3o e Sustentabilidade<\/strong>. Com objetivo de reconhecer e divulgar solu\u00e7\u00f5es relacionadas \u00e0 tecnologia, gest\u00e3o da produ\u00e7\u00e3o e sustentabilidade dos empreendimentos de constru\u00e7\u00e3o civil, as inscri\u00e7\u00f5es para as cinco categorias do pr\u00eamio est\u00e3o abertas at\u00e9 o dia 20 de outubro.\u00a0<a href=\"https:\/\/www.cbic.org.br\/premioinovacaoesustentabilidade\/\"><strong>Inscreva-se<\/strong><\/a>\u00a0e participe!<\/p>\n<p style=\"text-align: justify;\">Convidado para o lan\u00e7amento, o professor e presidente da Associa\u00e7\u00e3o Nacional de Tecnologia do Ambiente Constru\u00eddo (Antac), Sergio Scheer, apresentou a pesquisa \u2018Tecnologia e inova\u00e7\u00e3o para o ambiente constru\u00eddo\u2019 e destacou que a estrat\u00e9gia da Secretaria Nacional de Ci\u00eancia, Tecnologia e Inova\u00e7\u00e3o (SNTCI) existe e conta com a participa\u00e7\u00e3o da CBIC e de outras entidades do setor, visando o fomento da pauta. \u201cTemos que lutar pela perenidade das pol\u00edticas voltadas para a ind\u00fastria da constru\u00e7\u00e3o. Hoje uma nova atua\u00e7\u00e3o da SNCTI une universidades, centros de pesquisa e empresas. Mas o or\u00e7amento voltado para esses projetos ainda n\u00e3o beneficia tanto o setor da constru\u00e7\u00e3o civil. Essa \u00e9 uma necessidade que precisamos ter em mente e devemos trabalhar para mudar a realidade\u201d, explicou.<\/p>\n<p style=\"text-align: justify;\">Scheer apontou tr\u00eas chaves para o sucesso de projetos focados em inova\u00e7\u00e3o e sustentabilidade. \u201cA primeira chave para o sucesso \u00e9 a educa\u00e7\u00e3o, e atualmente vemos uma concentra\u00e7\u00e3o de talentos nas universidades. A segunda \u00e9 a inova\u00e7\u00e3o, voltada a produzir conhecimento e a formar pessoas que tenham em mente constru\u00e7\u00f5es inovadoras, pois\u00a0 quanto mais tecnologia, mais valor agregado e mais empregos gerados. Por fim, a terceira chave \u00e9 o empreendedorismo. No Brasil j\u00e1 s\u00e3o quase mil de construtechs que trabalham com sustentabilidade, o que significa que estamos no caminho certo\u201d, disse.<\/p>\n<p style=\"text-align: justify;\">O presidente da Comiss\u00e3o de Materiais, Tecnologia, Qualidade e Produtividade (Comat) da CBIC, Dionyzio Klavdianos, acredita que apesar das dificuldades provocadas pela pandemia, a iniciativa ser\u00e1 um sucesso de participa\u00e7\u00e3o e de novidades com os projetos inscritos. \u201cEsse \u00e9 um tema recorrente, que desde que a gente se forma em engenharia ou arquitetura e se envolve com a constru\u00e7\u00e3o, busca algo relacionado a inova\u00e7\u00e3o e sustentabilidade. Mas o setor ainda est\u00e1 bem aqu\u00e9m do que poder\u00edamos estar. \u00a0Por isso, o pr\u00eamio ajuda a dar um passo rumo \u00e0s novidades do mercado\u201d, ressaltou.<\/p>\n<p style=\"text-align: justify;\">Sobre as novidades desta edi\u00e7\u00e3o, Klavdianos informou que a evolu\u00e7\u00e3o da Categoria Tecnologia da Informa\u00e7\u00e3o e Comunica\u00e7\u00e3o (TIC) para a categoria de\u00a0<em>Startups<\/em>, al\u00e9m da inscri\u00e7\u00e3o das inova\u00e7\u00f5es por meio de v\u00eddeos e a abertura da participa\u00e7\u00e3o do p\u00fablico na vota\u00e7\u00e3o na etapa final s\u00e3o os grandes destaques. \u201cAs modifica\u00e7\u00f5es efetuadas contaram com a parceria do Grupo CBIC Jovem, formado por jovens empres\u00e1rios da Comiss\u00e3o de Responsabilidade Social (CRS) da entidade. A nova categoria\u00a0<em>startup<\/em>\u00a0foi pensada para dar voz \u00e0s construtechs que s\u00e3o cada vez mais numerosas. J\u00e1 o impacto de produtividade da empresa \u00e9 o crit\u00e9rio de avalia\u00e7\u00e3o que vale mais pontos, pois esse \u00e9 o objetivo do pr\u00eamio, avaliar os benef\u00edcios gerados no setor produtivo com a iniciativa\u201d, explicou.<\/p>\n<p style=\"text-align: justify;\">Podem concorrer \u00e0 premia\u00e7\u00e3o, profissionais que atuem em empresas p\u00fablicas, mistas ou privadas,\u00a0<em>startups,<\/em>\u00a0\u00f3rg\u00e3os p\u00fablicos, pesquisadores, professores, profissionais aut\u00f4nomos e estudantes de gradua\u00e7\u00e3o e de p\u00f3s-gradua\u00e7\u00e3o de todo o Pa\u00eds e de empresas e institui\u00e7\u00f5es estrangeiras.<\/p>\n<p style=\"text-align: justify;\"><strong><u>Categorias do Pr\u00eamio<\/u><\/strong><\/p>\n<ul style=\"text-align: justify;\">\n<li><strong>Categoria Materiais e Componentes<\/strong>: solu\u00e7\u00f5es em materiais e componentes de qualquer natureza.<\/li>\n<li><strong>Categoria Sistemas Construtivos<\/strong>: solu\u00e7\u00f5es em Sistemas Construtivos de qualquer natureza.<\/li>\n<li><strong>Categoria Gest\u00e3o da Produ\u00e7\u00e3o e Pesquisa e Desenvolvimento (P&amp;D)<\/strong>: solu\u00e7\u00f5es que envolvam materiais, componentes, sistemas construtivos que ainda estejam em fase de pesquisa e desenvolvimento (P&amp;D) no \u00e2mbito de empresas com departamento espec\u00edfico instalado ou n\u00e3o.<\/li>\n<li><strong>Categoria Pesquisa Acad\u00eamica<\/strong>: solu\u00e7\u00f5es com foco no desenvolvimento de pesquisas em materiais e componentes, sistemas de produ\u00e7\u00e3o, sistemas ou processos construtivos de qualquer natureza realizadas no \u00e2mbito de institutos de pesquisa ou universidades.<\/li>\n<li><strong>Categoria\u00a0<em>Startup<\/em><\/strong><em>:<\/em>\u00a0solu\u00e7\u00f5es aptas para comercializa\u00e7\u00e3o, que utilizem tecnologias digitais com potencial de repeti\u00e7\u00e3o e ganho de escala, e com as primeiras vendas j\u00e1 realizadas, independentemente da quantidade de clientes ou faturamento.<\/li>\n<\/ul>\n<p style=\"text-align: justify;\">A 23\u00aa Edi\u00e7\u00e3o do Pr\u00eamio CBIC de Inova\u00e7\u00e3o e Sustentabilidade est\u00e1 inserido no projeto\u00a0<strong>\u2018Inova\u00e7\u00e3o e Tecnologia\u2019<\/strong>, realizado pela CBIC, por meio da sua Comiss\u00e3o de Materiais, Tecnologia, Qualidade e Produtividade (Comat), com a correaliza\u00e7\u00e3o do Servi\u00e7o Nacional de Aprendizagem Industrial (Senai Nacional).<\/p>\n","protected":false},"excerpt":{"rendered":"<p>A C\u00e2mara Brasileira da Ind\u00fastria da Constru\u00e7\u00e3o (CBIC), com a correaliza\u00e7\u00e3o do Servi\u00e7o Nacional de Aprendizagem Industrial (Senai Nacional), lan\u00e7ou nesta ter\u00e7a-feira (1), a 23\u00aa Edi\u00e7\u00e3o do\u00a0Pr\u00eamio CBIC de Inova\u00e7\u00e3o e Sustentabilidade. Com objetivo de reconhecer e divulgar solu\u00e7\u00f5es relacionadas \u00e0 tecnologia, gest\u00e3o da produ\u00e7\u00e3o e sustentabilidade dos empreendimentos de constru\u00e7\u00e3o civil, as inscri\u00e7\u00f5es para [&hellip;]<\/p>\n","protected":false},"author":3,"featured_media":0,"comment_status":"closed","ping_status":"closed","sticky":false,"template":"","format":"standard","meta":{"footnotes":""},"categories":[92],"tags":[],"class_list":["post-10049","post","type-post","status-publish","format-standard","hentry","category-seconci-brasil"],"yoast_head":"<!-- This site is optimized with the Yoast SEO plugin v26.9 - https:\/\/yoast.com\/product\/yoast-seo-wordpress\/ -->\n<title>Inscri\u00e7\u00f5es abertas para o Pr\u00eamio CBIC de Inova\u00e7\u00e3o e Sustentabilidade - Seconci Brasil<\/title>\n<meta name=\"robots\" content=\"index, follow, max-snippet:-1, max-image-preview:large, max-video-preview:-1\" \/>\n<link rel=\"canonical\" href=\"https:\/\/seconci.com.br\/site\/2020\/09\/02\/inscricoes-abertas-para-o-premio-cbic-de-inovacao-e-sustentabilidade\/\" \/>\n<meta property=\"og:locale\" content=\"pt_PT\" \/>\n<meta property=\"og:type\" content=\"article\" \/>\n<meta property=\"og:title\" content=\"Inscri\u00e7\u00f5es abertas para o Pr\u00eamio CBIC de Inova\u00e7\u00e3o e Sustentabilidade - Seconci Brasil\" \/>\n<meta property=\"og:description\" content=\"A C\u00e2mara Brasileira da Ind\u00fastria da Constru\u00e7\u00e3o (CBIC), com a correaliza\u00e7\u00e3o do Servi\u00e7o Nacional de Aprendizagem Industrial (Senai Nacional), lan\u00e7ou nesta ter\u00e7a-feira (1), a 23\u00aa Edi\u00e7\u00e3o do\u00a0Pr\u00eamio CBIC de Inova\u00e7\u00e3o e Sustentabilidade. Com objetivo de reconhecer e divulgar solu\u00e7\u00f5es relacionadas \u00e0 tecnologia, gest\u00e3o da produ\u00e7\u00e3o e sustentabilidade dos empreendimentos de constru\u00e7\u00e3o civil, as inscri\u00e7\u00f5es para [&hellip;]\" \/>\n<meta property=\"og:url\" content=\"https:\/\/seconci.com.br\/site\/2020\/09\/02\/inscricoes-abertas-para-o-premio-cbic-de-inovacao-e-sustentabilidade\/\" \/>\n<meta property=\"og:site_name\" content=\"Seconci Brasil\" \/>\n<meta property=\"article:published_time\" content=\"2020-09-02T12:32:38+00:00\" \/>\n<meta name=\"author\" content=\"Sidney Rocha\" \/>\n<meta name=\"twitter:card\" content=\"summary_large_image\" \/>\n<meta name=\"twitter:label1\" content=\"Escrito por\" \/>\n\t<meta name=\"twitter:data1\" content=\"Sidney Rocha\" \/>\n\t<meta name=\"twitter:label2\" content=\"Tempo estimado de leitura\" \/>\n\t<meta name=\"twitter:data2\" content=\"4 minutos\" \/>\n<script type=\"application\/ld+json\" class=\"yoast-schema-graph\">{\"@context\":\"https:\/\/schema.org\",\"@graph\":[{\"@type\":\"Article\",\"@id\":\"https:\/\/seconci.com.br\/site\/2020\/09\/02\/inscricoes-abertas-para-o-premio-cbic-de-inovacao-e-sustentabilidade\/#article\",\"isPartOf\":{\"@id\":\"https:\/\/seconci.com.br\/site\/2020\/09\/02\/inscricoes-abertas-para-o-premio-cbic-de-inovacao-e-sustentabilidade\/\"},\"author\":{\"name\":\"Sidney Rocha\",\"@id\":\"https:\/\/seconci.com.br\/site\/#\/schema\/person\/1d79afd97ddc8f2c68c1e88e298aa8e2\"},\"headline\":\"Inscri\u00e7\u00f5es abertas para o Pr\u00eamio CBIC de Inova\u00e7\u00e3o e Sustentabilidade\",\"datePublished\":\"2020-09-02T12:32:38+00:00\",\"mainEntityOfPage\":{\"@id\":\"https:\/\/seconci.com.br\/site\/2020\/09\/02\/inscricoes-abertas-para-o-premio-cbic-de-inovacao-e-sustentabilidade\/\"},\"wordCount\":806,\"publisher\":{\"@id\":\"https:\/\/seconci.com.br\/site\/#organization\"},\"articleSection\":[\"Seconci Brasil\"],\"inLanguage\":\"pt-PT\"},{\"@type\":\"WebPage\",\"@id\":\"https:\/\/seconci.com.br\/site\/2020\/09\/02\/inscricoes-abertas-para-o-premio-cbic-de-inovacao-e-sustentabilidade\/\",\"url\":\"https:\/\/seconci.com.br\/site\/2020\/09\/02\/inscricoes-abertas-para-o-premio-cbic-de-inovacao-e-sustentabilidade\/\",\"name\":\"Inscri\u00e7\u00f5es abertas para o Pr\u00eamio CBIC de Inova\u00e7\u00e3o e Sustentabilidade - Seconci Brasil\",\"isPartOf\":{\"@id\":\"https:\/\/seconci.com.br\/site\/#website\"},\"datePublished\":\"2020-09-02T12:32:38+00:00\",\"breadcrumb\":{\"@id\":\"https:\/\/seconci.com.br\/site\/2020\/09\/02\/inscricoes-abertas-para-o-premio-cbic-de-inovacao-e-sustentabilidade\/#breadcrumb\"},\"inLanguage\":\"pt-PT\",\"potentialAction\":[{\"@type\":\"ReadAction\",\"target\":[\"https:\/\/seconci.com.br\/site\/2020\/09\/02\/inscricoes-abertas-para-o-premio-cbic-de-inovacao-e-sustentabilidade\/\"]}]},{\"@type\":\"BreadcrumbList\",\"@id\":\"https:\/\/seconci.com.br\/site\/2020\/09\/02\/inscricoes-abertas-para-o-premio-cbic-de-inovacao-e-sustentabilidade\/#breadcrumb\",\"itemListElement\":[{\"@type\":\"ListItem\",\"position\":1,\"name\":\"In\u00edcio\",\"item\":\"https:\/\/seconci.com.br\/site\/\"},{\"@type\":\"ListItem\",\"position\":2,\"name\":\"Inscri\u00e7\u00f5es abertas para o Pr\u00eamio CBIC de Inova\u00e7\u00e3o e Sustentabilidade\"}]},{\"@type\":\"WebSite\",\"@id\":\"https:\/\/seconci.com.br\/site\/#website\",\"url\":\"https:\/\/seconci.com.br\/site\/\",\"name\":\"Seconci Brasil\",\"description\":\"\",\"publisher\":{\"@id\":\"https:\/\/seconci.com.br\/site\/#organization\"},\"potentialAction\":[{\"@type\":\"SearchAction\",\"target\":{\"@type\":\"EntryPoint\",\"urlTemplate\":\"https:\/\/seconci.com.br\/site\/?s={search_term_string}\"},\"query-input\":{\"@type\":\"PropertyValueSpecification\",\"valueRequired\":true,\"valueName\":\"search_term_string\"}}],\"inLanguage\":\"pt-PT\"},{\"@type\":\"Organization\",\"@id\":\"https:\/\/seconci.com.br\/site\/#organization\",\"name\":\"Seconci Brasil\",\"url\":\"https:\/\/seconci.com.br\/site\/\",\"logo\":{\"@type\":\"ImageObject\",\"inLanguage\":\"pt-PT\",\"@id\":\"https:\/\/seconci.com.br\/site\/#\/schema\/logo\/image\/\",\"url\":\"https:\/\/seconci.com.br\/site\/wp-content\/uploads\/2024\/08\/Logo-Seconci-Brasil-branca-2.png\",\"contentUrl\":\"https:\/\/seconci.com.br\/site\/wp-content\/uploads\/2024\/08\/Logo-Seconci-Brasil-branca-2.png\",\"width\":1315,\"height\":598,\"caption\":\"Seconci Brasil\"},\"image\":{\"@id\":\"https:\/\/seconci.com.br\/site\/#\/schema\/logo\/image\/\"}},{\"@type\":\"Person\",\"@id\":\"https:\/\/seconci.com.br\/site\/#\/schema\/person\/1d79afd97ddc8f2c68c1e88e298aa8e2\",\"name\":\"Sidney Rocha\",\"description\":\"Comunicador e estagi\u00e1rio do Seconci Brasil.\",\"url\":\"https:\/\/seconci.com.br\/site\/author\/sidney-rocha\/\"}]}<\/script>\n<!-- \/ Yoast SEO plugin. -->","yoast_head_json":{"title":"Inscri\u00e7\u00f5es abertas para o Pr\u00eamio CBIC de Inova\u00e7\u00e3o e Sustentabilidade - Seconci Brasil","robots":{"index":"index","follow":"follow","max-snippet":"max-snippet:-1","max-image-preview":"max-image-preview:large","max-video-preview":"max-video-preview:-1"},"canonical":"https:\/\/seconci.com.br\/site\/2020\/09\/02\/inscricoes-abertas-para-o-premio-cbic-de-inovacao-e-sustentabilidade\/","og_locale":"pt_PT","og_type":"article","og_title":"Inscri\u00e7\u00f5es abertas para o Pr\u00eamio CBIC de Inova\u00e7\u00e3o e Sustentabilidade - Seconci Brasil","og_description":"A C\u00e2mara Brasileira da Ind\u00fastria da Constru\u00e7\u00e3o (CBIC), com a correaliza\u00e7\u00e3o do Servi\u00e7o Nacional de Aprendizagem Industrial (Senai Nacional), lan\u00e7ou nesta ter\u00e7a-feira (1), a 23\u00aa Edi\u00e7\u00e3o do\u00a0Pr\u00eamio CBIC de Inova\u00e7\u00e3o e Sustentabilidade. Com objetivo de reconhecer e divulgar solu\u00e7\u00f5es relacionadas \u00e0 tecnologia, gest\u00e3o da produ\u00e7\u00e3o e sustentabilidade dos empreendimentos de constru\u00e7\u00e3o civil, as inscri\u00e7\u00f5es para [&hellip;]","og_url":"https:\/\/seconci.com.br\/site\/2020\/09\/02\/inscricoes-abertas-para-o-premio-cbic-de-inovacao-e-sustentabilidade\/","og_site_name":"Seconci Brasil","article_published_time":"2020-09-02T12:32:38+00:00","author":"Sidney Rocha","twitter_card":"summary_large_image","twitter_misc":{"Escrito por":"Sidney Rocha","Tempo estimado de leitura":"4 minutos"},"schema":{"@context":"https:\/\/schema.org","@graph":[{"@type":"Article","@id":"https:\/\/seconci.com.br\/site\/2020\/09\/02\/inscricoes-abertas-para-o-premio-cbic-de-inovacao-e-sustentabilidade\/#article","isPartOf":{"@id":"https:\/\/seconci.com.br\/site\/2020\/09\/02\/inscricoes-abertas-para-o-premio-cbic-de-inovacao-e-sustentabilidade\/"},"author":{"name":"Sidney Rocha","@id":"https:\/\/seconci.com.br\/site\/#\/schema\/person\/1d79afd97ddc8f2c68c1e88e298aa8e2"},"headline":"Inscri\u00e7\u00f5es abertas para o Pr\u00eamio CBIC de Inova\u00e7\u00e3o e Sustentabilidade","datePublished":"2020-09-02T12:32:38+00:00","mainEntityOfPage":{"@id":"https:\/\/seconci.com.br\/site\/2020\/09\/02\/inscricoes-abertas-para-o-premio-cbic-de-inovacao-e-sustentabilidade\/"},"wordCount":806,"publisher":{"@id":"https:\/\/seconci.com.br\/site\/#organization"},"articleSection":["Seconci Brasil"],"inLanguage":"pt-PT"},{"@type":"WebPage","@id":"https:\/\/seconci.com.br\/site\/2020\/09\/02\/inscricoes-abertas-para-o-premio-cbic-de-inovacao-e-sustentabilidade\/","url":"https:\/\/seconci.com.br\/site\/2020\/09\/02\/inscricoes-abertas-para-o-premio-cbic-de-inovacao-e-sustentabilidade\/","name":"Inscri\u00e7\u00f5es abertas para o Pr\u00eamio CBIC de Inova\u00e7\u00e3o e Sustentabilidade - Seconci Brasil","isPartOf":{"@id":"https:\/\/seconci.com.br\/site\/#website"},"datePublished":"2020-09-02T12:32:38+00:00","breadcrumb":{"@id":"https:\/\/seconci.com.br\/site\/2020\/09\/02\/inscricoes-abertas-para-o-premio-cbic-de-inovacao-e-sustentabilidade\/#breadcrumb"},"inLanguage":"pt-PT","potentialAction":[{"@type":"ReadAction","target":["https:\/\/seconci.com.br\/site\/2020\/09\/02\/inscricoes-abertas-para-o-premio-cbic-de-inovacao-e-sustentabilidade\/"]}]},{"@type":"BreadcrumbList","@id":"https:\/\/seconci.com.br\/site\/2020\/09\/02\/inscricoes-abertas-para-o-premio-cbic-de-inovacao-e-sustentabilidade\/#breadcrumb","itemListElement":[{"@type":"ListItem","position":1,"name":"In\u00edcio","item":"https:\/\/seconci.com.br\/site\/"},{"@type":"ListItem","position":2,"name":"Inscri\u00e7\u00f5es abertas para o Pr\u00eamio CBIC de Inova\u00e7\u00e3o e Sustentabilidade"}]},{"@type":"WebSite","@id":"https:\/\/seconci.com.br\/site\/#website","url":"https:\/\/seconci.com.br\/site\/","name":"Seconci Brasil","description":"","publisher":{"@id":"https:\/\/seconci.com.br\/site\/#organization"},"potentialAction":[{"@type":"SearchAction","target":{"@type":"EntryPoint","urlTemplate":"https:\/\/seconci.com.br\/site\/?s={search_term_string}"},"query-input":{"@type":"PropertyValueSpecification","valueRequired":true,"valueName":"search_term_string"}}],"inLanguage":"pt-PT"},{"@type":"Organization","@id":"https:\/\/seconci.com.br\/site\/#organization","name":"Seconci Brasil","url":"https:\/\/seconci.com.br\/site\/","logo":{"@type":"ImageObject","inLanguage":"pt-PT","@id":"https:\/\/seconci.com.br\/site\/#\/schema\/logo\/image\/","url":"https:\/\/seconci.com.br\/site\/wp-content\/uploads\/2024\/08\/Logo-Seconci-Brasil-branca-2.png","contentUrl":"https:\/\/seconci.com.br\/site\/wp-content\/uploads\/2024\/08\/Logo-Seconci-Brasil-branca-2.png","width":1315,"height":598,"caption":"Seconci Brasil"},"image":{"@id":"https:\/\/seconci.com.br\/site\/#\/schema\/logo\/image\/"}},{"@type":"Person","@id":"https:\/\/seconci.com.br\/site\/#\/schema\/person\/1d79afd97ddc8f2c68c1e88e298aa8e2","name":"Sidney Rocha","description":"Comunicador e estagi\u00e1rio do Seconci Brasil.","url":"https:\/\/seconci.com.br\/site\/author\/sidney-rocha\/"}]}},"_links":{"self":[{"href":"https:\/\/seconci.com.br\/site\/wp-json\/wp\/v2\/posts\/10049","targetHints":{"allow":["GET"]}}],"collection":[{"href":"https:\/\/seconci.com.br\/site\/wp-json\/wp\/v2\/posts"}],"about":[{"href":"https:\/\/seconci.com.br\/site\/wp-json\/wp\/v2\/types\/post"}],"author":[{"embeddable":true,"href":"https:\/\/seconci.com.br\/site\/wp-json\/wp\/v2\/users\/3"}],"replies":[{"embeddable":true,"href":"https:\/\/seconci.com.br\/site\/wp-json\/wp\/v2\/comments?post=10049"}],"version-history":[{"count":0,"href":"https:\/\/seconci.com.br\/site\/wp-json\/wp\/v2\/posts\/10049\/revisions"}],"wp:attachment":[{"href":"https:\/\/seconci.com.br\/site\/wp-json\/wp\/v2\/media?parent=10049"}],"wp:term":[{"taxonomy":"category","embeddable":true,"href":"https:\/\/seconci.com.br\/site\/wp-json\/wp\/v2\/categories?post=10049"},{"taxonomy":"post_tag","embeddable":true,"href":"https:\/\/seconci.com.br\/site\/wp-json\/wp\/v2\/tags?post=10049"}],"curies":[{"name":"wp","href":"https:\/\/api.w.org\/{rel}","templated":true}]}}