{"id":10051,"date":"2020-09-03T12:28:43","date_gmt":"2020-09-03T12:28:43","guid":{"rendered":"https:\/\/seconci.com.br\/site\/?p=10051"},"modified":"2020-09-03T12:28:43","modified_gmt":"2020-09-03T12:28:43","slug":"seconci-rio-vistoria-na-obra-empresas-devem-se-manter-vigilantes-as-acoes-preventivas-contra-a-covid-19","status":"publish","type":"post","link":"https:\/\/seconci.com.br\/site\/2020\/09\/03\/seconci-rio-vistoria-na-obra-empresas-devem-se-manter-vigilantes-as-acoes-preventivas-contra-a-covid-19\/","title":{"rendered":"| Seconci-Rio | Vistoria na Obra: empresas devem se manter vigilantes \u00e0s a\u00e7\u00f5es preventivas contra a COVID-19"},"content":{"rendered":"<p style=\"text-align: justify;\">Desde que teve in\u00edcio a pandemia do coronav\u00edrus, a rotina nos canteiros de obra mudou e, mesmo que esteja havendo uma maior flexibiliza\u00e7\u00e3o das atividades, as medidas sanit\u00e1rias para prevenir a propaga\u00e7\u00e3o do v\u00edrus devem continuar na ordem do dia de todas as construtoras. O objetivo \u00e9 garantir a sa\u00fade dos trabalhadores que est\u00e3o em atividade e de todos \u00e0 sua volta.<\/p>\n<p style=\"text-align: justify;\">Os gestores devem continuar ainda mais vigilantes quanto a essas a\u00e7\u00f5es e o Seconci-Rio, ciente da import\u00e2ncia de disseminar as melhores pr\u00e1ticas de sa\u00fade, continua prestando o servi\u00e7o de vistoria e orienta\u00e7\u00e3o nos canteiros de obra, capitaneado pelo Servi\u00e7o de Atendimento \u00e0 Obra (SAO). Mais de 150 canteiros j\u00e1 foram visitados pela equipe, desde abril at\u00e9 o dia 20 de agosto, beneficiando mais de 12,8 mil trabalhadores.<\/p>\n<figure id=\"attachment_20935\" class=\"wp-caption aligncenter\" style=\"text-align: justify;\"><img fetchpriority=\"high\" decoding=\"async\" class=\"wp-image-20935 size-medium\" src=\"https:\/\/seconci-rio.com.br\/wp\/wp-content\/uploads\/2020\/04\/VistorianaObra3-296x300.jpg\" alt=\"\" width=\"296\" height=\"300\" data-id=\"20935\" \/><figcaption class=\"wp-caption-text\"><em>Seguindo todas as regras de preven\u00e7\u00e3o, trabalhadores recebem orienta\u00e7\u00f5es quanto \u00e0s medidas de enfrentamento contra o v\u00edrus<\/em><\/figcaption><\/figure>\n<p style=\"text-align: justify;\">Nas visitas, s\u00e3o observadas as condi\u00e7\u00f5es de higieniza\u00e7\u00e3o das \u00e1reas comuns e realizada a orienta\u00e7\u00e3o aos trabalhadores quanto \u00e0s medidas de preven\u00e7\u00e3o, tanto no trato di\u00e1rio com as ferramenta, EPIs e \u00e1reas de viv\u00eancia, quanto ao ir e vir do trabalho. Tamb\u00e9m s\u00e3o distribu\u00eddos materiais educativos, como cartazes e flyers. A ideia \u00e9 levar informa\u00e7\u00e3o, tirar d\u00favidas e, assim, continuar ajudando na redu\u00e7\u00e3o do risco de propaga\u00e7\u00e3o do coronav\u00edrus.<\/p>\n<p style=\"text-align: justify;\"><strong>As empresas que desejarem agendar uma visita, que \u00e9 gratuita, podem fazer a solicita\u00e7\u00e3o pelo e-mail sao@seconci-rio.com.br.<\/strong><\/p>\n<p><em>Fonte: Seconci-RIO<\/em><\/p>\n<p>&nbsp;<\/p>\n","protected":false},"excerpt":{"rendered":"<p>Desde que teve in\u00edcio a pandemia do coronav\u00edrus, a rotina nos canteiros de obra mudou e, mesmo que esteja havendo uma maior flexibiliza\u00e7\u00e3o das atividades, as medidas sanit\u00e1rias para prevenir a propaga\u00e7\u00e3o do v\u00edrus devem continuar na ordem do dia de todas as construtoras. O objetivo \u00e9 garantir a sa\u00fade dos trabalhadores que est\u00e3o em [&hellip;]<\/p>\n","protected":false},"author":3,"featured_media":0,"comment_status":"closed","ping_status":"closed","sticky":false,"template":"","format":"standard","meta":{"footnotes":""},"categories":[85],"tags":[],"class_list":["post-10051","post","type-post","status-publish","format-standard","hentry","category-seconci-rio-de-janeiro"],"yoast_head":"<!-- This site is optimized with the Yoast SEO plugin v26.9 - https:\/\/yoast.com\/product\/yoast-seo-wordpress\/ -->\n<title>| Seconci-Rio | Vistoria na Obra: empresas devem se manter vigilantes \u00e0s a\u00e7\u00f5es preventivas contra a COVID-19 - Seconci Brasil<\/title>\n<meta name=\"robots\" content=\"index, follow, max-snippet:-1, max-image-preview:large, max-video-preview:-1\" \/>\n<link rel=\"canonical\" href=\"https:\/\/seconci.com.br\/site\/2020\/09\/03\/seconci-rio-vistoria-na-obra-empresas-devem-se-manter-vigilantes-as-acoes-preventivas-contra-a-covid-19\/\" \/>\n<meta property=\"og:locale\" content=\"pt_PT\" \/>\n<meta property=\"og:type\" content=\"article\" \/>\n<meta property=\"og:title\" content=\"| Seconci-Rio | Vistoria na Obra: empresas devem se manter vigilantes \u00e0s a\u00e7\u00f5es preventivas contra a COVID-19 - Seconci Brasil\" \/>\n<meta property=\"og:description\" content=\"Desde que teve in\u00edcio a pandemia do coronav\u00edrus, a rotina nos canteiros de obra mudou e, mesmo que esteja havendo uma maior flexibiliza\u00e7\u00e3o das atividades, as medidas sanit\u00e1rias para prevenir a propaga\u00e7\u00e3o do v\u00edrus devem continuar na ordem do dia de todas as construtoras. O objetivo \u00e9 garantir a sa\u00fade dos trabalhadores que est\u00e3o em [&hellip;]\" \/>\n<meta property=\"og:url\" content=\"https:\/\/seconci.com.br\/site\/2020\/09\/03\/seconci-rio-vistoria-na-obra-empresas-devem-se-manter-vigilantes-as-acoes-preventivas-contra-a-covid-19\/\" \/>\n<meta property=\"og:site_name\" content=\"Seconci Brasil\" \/>\n<meta property=\"article:published_time\" content=\"2020-09-03T12:28:43+00:00\" \/>\n<meta property=\"og:image\" content=\"https:\/\/seconci-rio.com.br\/wp\/wp-content\/uploads\/2020\/04\/VistorianaObra3-296x300.jpg\" \/>\n<meta name=\"author\" content=\"Sidney Rocha\" \/>\n<meta name=\"twitter:card\" content=\"summary_large_image\" \/>\n<meta name=\"twitter:label1\" content=\"Escrito por\" \/>\n\t<meta name=\"twitter:data1\" content=\"Sidney Rocha\" \/>\n\t<meta name=\"twitter:label2\" content=\"Tempo estimado de leitura\" \/>\n\t<meta name=\"twitter:data2\" content=\"1 minuto\" \/>\n<script type=\"application\/ld+json\" class=\"yoast-schema-graph\">{\"@context\":\"https:\/\/schema.org\",\"@graph\":[{\"@type\":\"Article\",\"@id\":\"https:\/\/seconci.com.br\/site\/2020\/09\/03\/seconci-rio-vistoria-na-obra-empresas-devem-se-manter-vigilantes-as-acoes-preventivas-contra-a-covid-19\/#article\",\"isPartOf\":{\"@id\":\"https:\/\/seconci.com.br\/site\/2020\/09\/03\/seconci-rio-vistoria-na-obra-empresas-devem-se-manter-vigilantes-as-acoes-preventivas-contra-a-covid-19\/\"},\"author\":{\"name\":\"Sidney Rocha\",\"@id\":\"https:\/\/seconci.com.br\/site\/#\/schema\/person\/1d79afd97ddc8f2c68c1e88e298aa8e2\"},\"headline\":\"| Seconci-Rio | Vistoria na Obra: empresas devem se manter vigilantes \u00e0s a\u00e7\u00f5es preventivas contra a COVID-19\",\"datePublished\":\"2020-09-03T12:28:43+00:00\",\"mainEntityOfPage\":{\"@id\":\"https:\/\/seconci.com.br\/site\/2020\/09\/03\/seconci-rio-vistoria-na-obra-empresas-devem-se-manter-vigilantes-as-acoes-preventivas-contra-a-covid-19\/\"},\"wordCount\":280,\"publisher\":{\"@id\":\"https:\/\/seconci.com.br\/site\/#organization\"},\"image\":{\"@id\":\"https:\/\/seconci.com.br\/site\/2020\/09\/03\/seconci-rio-vistoria-na-obra-empresas-devem-se-manter-vigilantes-as-acoes-preventivas-contra-a-covid-19\/#primaryimage\"},\"thumbnailUrl\":\"https:\/\/seconci-rio.com.br\/wp\/wp-content\/uploads\/2020\/04\/VistorianaObra3-296x300.jpg\",\"articleSection\":[\"Seconci Rio de Janeiro\"],\"inLanguage\":\"pt-PT\"},{\"@type\":\"WebPage\",\"@id\":\"https:\/\/seconci.com.br\/site\/2020\/09\/03\/seconci-rio-vistoria-na-obra-empresas-devem-se-manter-vigilantes-as-acoes-preventivas-contra-a-covid-19\/\",\"url\":\"https:\/\/seconci.com.br\/site\/2020\/09\/03\/seconci-rio-vistoria-na-obra-empresas-devem-se-manter-vigilantes-as-acoes-preventivas-contra-a-covid-19\/\",\"name\":\"| Seconci-Rio | Vistoria na Obra: empresas devem se manter vigilantes \u00e0s a\u00e7\u00f5es preventivas contra a COVID-19 - Seconci Brasil\",\"isPartOf\":{\"@id\":\"https:\/\/seconci.com.br\/site\/#website\"},\"primaryImageOfPage\":{\"@id\":\"https:\/\/seconci.com.br\/site\/2020\/09\/03\/seconci-rio-vistoria-na-obra-empresas-devem-se-manter-vigilantes-as-acoes-preventivas-contra-a-covid-19\/#primaryimage\"},\"image\":{\"@id\":\"https:\/\/seconci.com.br\/site\/2020\/09\/03\/seconci-rio-vistoria-na-obra-empresas-devem-se-manter-vigilantes-as-acoes-preventivas-contra-a-covid-19\/#primaryimage\"},\"thumbnailUrl\":\"https:\/\/seconci-rio.com.br\/wp\/wp-content\/uploads\/2020\/04\/VistorianaObra3-296x300.jpg\",\"datePublished\":\"2020-09-03T12:28:43+00:00\",\"breadcrumb\":{\"@id\":\"https:\/\/seconci.com.br\/site\/2020\/09\/03\/seconci-rio-vistoria-na-obra-empresas-devem-se-manter-vigilantes-as-acoes-preventivas-contra-a-covid-19\/#breadcrumb\"},\"inLanguage\":\"pt-PT\",\"potentialAction\":[{\"@type\":\"ReadAction\",\"target\":[\"https:\/\/seconci.com.br\/site\/2020\/09\/03\/seconci-rio-vistoria-na-obra-empresas-devem-se-manter-vigilantes-as-acoes-preventivas-contra-a-covid-19\/\"]}]},{\"@type\":\"ImageObject\",\"inLanguage\":\"pt-PT\",\"@id\":\"https:\/\/seconci.com.br\/site\/2020\/09\/03\/seconci-rio-vistoria-na-obra-empresas-devem-se-manter-vigilantes-as-acoes-preventivas-contra-a-covid-19\/#primaryimage\",\"url\":\"https:\/\/seconci-rio.com.br\/wp\/wp-content\/uploads\/2020\/04\/VistorianaObra3-296x300.jpg\",\"contentUrl\":\"https:\/\/seconci-rio.com.br\/wp\/wp-content\/uploads\/2020\/04\/VistorianaObra3-296x300.jpg\"},{\"@type\":\"BreadcrumbList\",\"@id\":\"https:\/\/seconci.com.br\/site\/2020\/09\/03\/seconci-rio-vistoria-na-obra-empresas-devem-se-manter-vigilantes-as-acoes-preventivas-contra-a-covid-19\/#breadcrumb\",\"itemListElement\":[{\"@type\":\"ListItem\",\"position\":1,\"name\":\"In\u00edcio\",\"item\":\"https:\/\/seconci.com.br\/site\/\"},{\"@type\":\"ListItem\",\"position\":2,\"name\":\"| Seconci-Rio | Vistoria na Obra: empresas devem se manter vigilantes \u00e0s a\u00e7\u00f5es preventivas contra a COVID-19\"}]},{\"@type\":\"WebSite\",\"@id\":\"https:\/\/seconci.com.br\/site\/#website\",\"url\":\"https:\/\/seconci.com.br\/site\/\",\"name\":\"Seconci Brasil\",\"description\":\"\",\"publisher\":{\"@id\":\"https:\/\/seconci.com.br\/site\/#organization\"},\"potentialAction\":[{\"@type\":\"SearchAction\",\"target\":{\"@type\":\"EntryPoint\",\"urlTemplate\":\"https:\/\/seconci.com.br\/site\/?s={search_term_string}\"},\"query-input\":{\"@type\":\"PropertyValueSpecification\",\"valueRequired\":true,\"valueName\":\"search_term_string\"}}],\"inLanguage\":\"pt-PT\"},{\"@type\":\"Organization\",\"@id\":\"https:\/\/seconci.com.br\/site\/#organization\",\"name\":\"Seconci Brasil\",\"url\":\"https:\/\/seconci.com.br\/site\/\",\"logo\":{\"@type\":\"ImageObject\",\"inLanguage\":\"pt-PT\",\"@id\":\"https:\/\/seconci.com.br\/site\/#\/schema\/logo\/image\/\",\"url\":\"https:\/\/seconci.com.br\/site\/wp-content\/uploads\/2024\/08\/Logo-Seconci-Brasil-branca-2.png\",\"contentUrl\":\"https:\/\/seconci.com.br\/site\/wp-content\/uploads\/2024\/08\/Logo-Seconci-Brasil-branca-2.png\",\"width\":1315,\"height\":598,\"caption\":\"Seconci Brasil\"},\"image\":{\"@id\":\"https:\/\/seconci.com.br\/site\/#\/schema\/logo\/image\/\"}},{\"@type\":\"Person\",\"@id\":\"https:\/\/seconci.com.br\/site\/#\/schema\/person\/1d79afd97ddc8f2c68c1e88e298aa8e2\",\"name\":\"Sidney Rocha\",\"description\":\"Comunicador e estagi\u00e1rio do Seconci Brasil.\",\"url\":\"https:\/\/seconci.com.br\/site\/author\/sidney-rocha\/\"}]}<\/script>\n<!-- \/ Yoast SEO plugin. -->","yoast_head_json":{"title":"| Seconci-Rio | Vistoria na Obra: empresas devem se manter vigilantes \u00e0s a\u00e7\u00f5es preventivas contra a COVID-19 - Seconci Brasil","robots":{"index":"index","follow":"follow","max-snippet":"max-snippet:-1","max-image-preview":"max-image-preview:large","max-video-preview":"max-video-preview:-1"},"canonical":"https:\/\/seconci.com.br\/site\/2020\/09\/03\/seconci-rio-vistoria-na-obra-empresas-devem-se-manter-vigilantes-as-acoes-preventivas-contra-a-covid-19\/","og_locale":"pt_PT","og_type":"article","og_title":"| Seconci-Rio | Vistoria na Obra: empresas devem se manter vigilantes \u00e0s a\u00e7\u00f5es preventivas contra a COVID-19 - Seconci Brasil","og_description":"Desde que teve in\u00edcio a pandemia do coronav\u00edrus, a rotina nos canteiros de obra mudou e, mesmo que esteja havendo uma maior flexibiliza\u00e7\u00e3o das atividades, as medidas sanit\u00e1rias para prevenir a propaga\u00e7\u00e3o do v\u00edrus devem continuar na ordem do dia de todas as construtoras. O objetivo \u00e9 garantir a sa\u00fade dos trabalhadores que est\u00e3o em [&hellip;]","og_url":"https:\/\/seconci.com.br\/site\/2020\/09\/03\/seconci-rio-vistoria-na-obra-empresas-devem-se-manter-vigilantes-as-acoes-preventivas-contra-a-covid-19\/","og_site_name":"Seconci Brasil","article_published_time":"2020-09-03T12:28:43+00:00","og_image":[{"url":"https:\/\/seconci-rio.com.br\/wp\/wp-content\/uploads\/2020\/04\/VistorianaObra3-296x300.jpg","type":"","width":"","height":""}],"author":"Sidney Rocha","twitter_card":"summary_large_image","twitter_misc":{"Escrito por":"Sidney Rocha","Tempo estimado de leitura":"1 minuto"},"schema":{"@context":"https:\/\/schema.org","@graph":[{"@type":"Article","@id":"https:\/\/seconci.com.br\/site\/2020\/09\/03\/seconci-rio-vistoria-na-obra-empresas-devem-se-manter-vigilantes-as-acoes-preventivas-contra-a-covid-19\/#article","isPartOf":{"@id":"https:\/\/seconci.com.br\/site\/2020\/09\/03\/seconci-rio-vistoria-na-obra-empresas-devem-se-manter-vigilantes-as-acoes-preventivas-contra-a-covid-19\/"},"author":{"name":"Sidney Rocha","@id":"https:\/\/seconci.com.br\/site\/#\/schema\/person\/1d79afd97ddc8f2c68c1e88e298aa8e2"},"headline":"| Seconci-Rio | Vistoria na Obra: empresas devem se manter vigilantes \u00e0s a\u00e7\u00f5es preventivas contra a COVID-19","datePublished":"2020-09-03T12:28:43+00:00","mainEntityOfPage":{"@id":"https:\/\/seconci.com.br\/site\/2020\/09\/03\/seconci-rio-vistoria-na-obra-empresas-devem-se-manter-vigilantes-as-acoes-preventivas-contra-a-covid-19\/"},"wordCount":280,"publisher":{"@id":"https:\/\/seconci.com.br\/site\/#organization"},"image":{"@id":"https:\/\/seconci.com.br\/site\/2020\/09\/03\/seconci-rio-vistoria-na-obra-empresas-devem-se-manter-vigilantes-as-acoes-preventivas-contra-a-covid-19\/#primaryimage"},"thumbnailUrl":"https:\/\/seconci-rio.com.br\/wp\/wp-content\/uploads\/2020\/04\/VistorianaObra3-296x300.jpg","articleSection":["Seconci Rio de Janeiro"],"inLanguage":"pt-PT"},{"@type":"WebPage","@id":"https:\/\/seconci.com.br\/site\/2020\/09\/03\/seconci-rio-vistoria-na-obra-empresas-devem-se-manter-vigilantes-as-acoes-preventivas-contra-a-covid-19\/","url":"https:\/\/seconci.com.br\/site\/2020\/09\/03\/seconci-rio-vistoria-na-obra-empresas-devem-se-manter-vigilantes-as-acoes-preventivas-contra-a-covid-19\/","name":"| Seconci-Rio | Vistoria na Obra: empresas devem se manter vigilantes \u00e0s a\u00e7\u00f5es preventivas contra a COVID-19 - Seconci Brasil","isPartOf":{"@id":"https:\/\/seconci.com.br\/site\/#website"},"primaryImageOfPage":{"@id":"https:\/\/seconci.com.br\/site\/2020\/09\/03\/seconci-rio-vistoria-na-obra-empresas-devem-se-manter-vigilantes-as-acoes-preventivas-contra-a-covid-19\/#primaryimage"},"image":{"@id":"https:\/\/seconci.com.br\/site\/2020\/09\/03\/seconci-rio-vistoria-na-obra-empresas-devem-se-manter-vigilantes-as-acoes-preventivas-contra-a-covid-19\/#primaryimage"},"thumbnailUrl":"https:\/\/seconci-rio.com.br\/wp\/wp-content\/uploads\/2020\/04\/VistorianaObra3-296x300.jpg","datePublished":"2020-09-03T12:28:43+00:00","breadcrumb":{"@id":"https:\/\/seconci.com.br\/site\/2020\/09\/03\/seconci-rio-vistoria-na-obra-empresas-devem-se-manter-vigilantes-as-acoes-preventivas-contra-a-covid-19\/#breadcrumb"},"inLanguage":"pt-PT","potentialAction":[{"@type":"ReadAction","target":["https:\/\/seconci.com.br\/site\/2020\/09\/03\/seconci-rio-vistoria-na-obra-empresas-devem-se-manter-vigilantes-as-acoes-preventivas-contra-a-covid-19\/"]}]},{"@type":"ImageObject","inLanguage":"pt-PT","@id":"https:\/\/seconci.com.br\/site\/2020\/09\/03\/seconci-rio-vistoria-na-obra-empresas-devem-se-manter-vigilantes-as-acoes-preventivas-contra-a-covid-19\/#primaryimage","url":"https:\/\/seconci-rio.com.br\/wp\/wp-content\/uploads\/2020\/04\/VistorianaObra3-296x300.jpg","contentUrl":"https:\/\/seconci-rio.com.br\/wp\/wp-content\/uploads\/2020\/04\/VistorianaObra3-296x300.jpg"},{"@type":"BreadcrumbList","@id":"https:\/\/seconci.com.br\/site\/2020\/09\/03\/seconci-rio-vistoria-na-obra-empresas-devem-se-manter-vigilantes-as-acoes-preventivas-contra-a-covid-19\/#breadcrumb","itemListElement":[{"@type":"ListItem","position":1,"name":"In\u00edcio","item":"https:\/\/seconci.com.br\/site\/"},{"@type":"ListItem","position":2,"name":"| Seconci-Rio | Vistoria na Obra: empresas devem se manter vigilantes \u00e0s a\u00e7\u00f5es preventivas contra a COVID-19"}]},{"@type":"WebSite","@id":"https:\/\/seconci.com.br\/site\/#website","url":"https:\/\/seconci.com.br\/site\/","name":"Seconci Brasil","description":"","publisher":{"@id":"https:\/\/seconci.com.br\/site\/#organization"},"potentialAction":[{"@type":"SearchAction","target":{"@type":"EntryPoint","urlTemplate":"https:\/\/seconci.com.br\/site\/?s={search_term_string}"},"query-input":{"@type":"PropertyValueSpecification","valueRequired":true,"valueName":"search_term_string"}}],"inLanguage":"pt-PT"},{"@type":"Organization","@id":"https:\/\/seconci.com.br\/site\/#organization","name":"Seconci Brasil","url":"https:\/\/seconci.com.br\/site\/","logo":{"@type":"ImageObject","inLanguage":"pt-PT","@id":"https:\/\/seconci.com.br\/site\/#\/schema\/logo\/image\/","url":"https:\/\/seconci.com.br\/site\/wp-content\/uploads\/2024\/08\/Logo-Seconci-Brasil-branca-2.png","contentUrl":"https:\/\/seconci.com.br\/site\/wp-content\/uploads\/2024\/08\/Logo-Seconci-Brasil-branca-2.png","width":1315,"height":598,"caption":"Seconci Brasil"},"image":{"@id":"https:\/\/seconci.com.br\/site\/#\/schema\/logo\/image\/"}},{"@type":"Person","@id":"https:\/\/seconci.com.br\/site\/#\/schema\/person\/1d79afd97ddc8f2c68c1e88e298aa8e2","name":"Sidney Rocha","description":"Comunicador e estagi\u00e1rio do Seconci Brasil.","url":"https:\/\/seconci.com.br\/site\/author\/sidney-rocha\/"}]}},"_links":{"self":[{"href":"https:\/\/seconci.com.br\/site\/wp-json\/wp\/v2\/posts\/10051","targetHints":{"allow":["GET"]}}],"collection":[{"href":"https:\/\/seconci.com.br\/site\/wp-json\/wp\/v2\/posts"}],"about":[{"href":"https:\/\/seconci.com.br\/site\/wp-json\/wp\/v2\/types\/post"}],"author":[{"embeddable":true,"href":"https:\/\/seconci.com.br\/site\/wp-json\/wp\/v2\/users\/3"}],"replies":[{"embeddable":true,"href":"https:\/\/seconci.com.br\/site\/wp-json\/wp\/v2\/comments?post=10051"}],"version-history":[{"count":0,"href":"https:\/\/seconci.com.br\/site\/wp-json\/wp\/v2\/posts\/10051\/revisions"}],"wp:attachment":[{"href":"https:\/\/seconci.com.br\/site\/wp-json\/wp\/v2\/media?parent=10051"}],"wp:term":[{"taxonomy":"category","embeddable":true,"href":"https:\/\/seconci.com.br\/site\/wp-json\/wp\/v2\/categories?post=10051"},{"taxonomy":"post_tag","embeddable":true,"href":"https:\/\/seconci.com.br\/site\/wp-json\/wp\/v2\/tags?post=10051"}],"curies":[{"name":"wp","href":"https:\/\/api.w.org\/{rel}","templated":true}]}}