{"id":10094,"date":"2020-09-15T11:46:56","date_gmt":"2020-09-15T11:46:56","guid":{"rendered":"https:\/\/seconci.com.br\/site\/?p=10094"},"modified":"2020-09-15T11:46:56","modified_gmt":"2020-09-15T11:46:56","slug":"participe-da-pesquisa-sobre-canteiro-de-obras-e-a-covid-19","status":"publish","type":"post","link":"https:\/\/seconci.com.br\/site\/2020\/09\/15\/participe-da-pesquisa-sobre-canteiro-de-obras-e-a-covid-19\/","title":{"rendered":"Participe da pesquisa sobre canteiro de obras e a COVID-19"},"content":{"rendered":"<div class=\"article_text\">\n<p>Participe desta pesquisa e contribua para avalia\u00e7\u00e3o das medidas adotadas nos canteiros de obras frente \u00e0 pandemia de COVID-19. A pesquisa foi aprovada por um comit\u00ea de \u00e9tica e j\u00e1 est\u00e1 dispon\u00edvel para ser respondida por profissionais da \u00e1rea.<\/p>\n<p><a href=\"https:\/\/seconci-df.us18.list-manage.com\/track\/click?u=f97b55cc5f36e141544c5f597&amp;id=8c5de207ff&amp;e=efd292c5f1\" target=\"_blank\" rel=\"noopener\" data-saferedirecturl=\"https:\/\/www.google.com\/url?q=https:\/\/seconci-df.us18.list-manage.com\/track\/click?u%3Df97b55cc5f36e141544c5f597%26id%3D8c5de207ff%26e%3Defd292c5f1&amp;source=gmail&amp;ust=1600256060772000&amp;usg=AFQjCNEydnHsoy30ZqO9sRk4Zi3sCjh2Xw\">https:\/\/forms.gle\/<wbr \/>UXQ2FaW71Mq2Noov8<\/a><\/p>\n<p>Caso voc\u00ea esteja no momento gerenciando a constru\u00e7\u00e3o de uma obra vertical (independente do n\u00famero de pavimentos) ou um condom\u00ednio horizontal (independente do n\u00famero de habita\u00e7\u00f5es que comp\u00f5em esse conjunto),\u00a0<strong><u>pedimos sua valiosa colabora\u00e7\u00e3o para responder a essa pesquisa.\u00a0<\/u><\/strong><\/p>\n<p>A tempo estimado para resposta do question\u00e1rio \u00e9 em torno de 20 minutos.<\/p>\n<p>Pedimos a gentileza de responder a essa pesquisa at\u00e9 o\u00a0<strong><u>dia 29 de setembro de 2020<\/u><\/strong>.<\/p>\n<p>Pesquisadores(as) respons\u00e1veis por essa pesquisa:<br \/>\n\u2013 Eng. civil M.Sc. Hugo Sefrian Peinado (Consultor \u2013 Maring\u00e1-PR)<br \/>\n\u2013 Profa. Dra. D\u00e9bora de Gois Santos (UFS)<br \/>\n\u2013 M.Sc. Cinthia Martins dos Santos Peixoto (Recurso Sustent\u00e1vel \u2013 Goi\u00e2nia-GO)<br \/>\n\u2013 Prof. M.Sc. Herbert Melo Cruz (IFBA)<br \/>\n\u2013 Profa Dra. Nelma Mirian Chagas de Ara\u00fajo (IFPB)<br \/>\n\u2013 Profa. Dra. Sheyla Mara Baptista Serra (UFSCar)<\/p>\n<p>Agradecemos imensamente por sua aten\u00e7\u00e3o e nos colocamos a disposi\u00e7\u00e3o para maiores esclarecimentos pelo e-mail\u00a0<a href=\"mailto:contato@hugosefrian.eng.br\" target=\"_blank\" rel=\"noopener\">contato@hugosefrian.eng.br<\/a>.<\/p>\n<p><img decoding=\"async\" class=\"wp-image-4965 size-full alignleft\" src=\"http:\/\/www.seconci-df.org.br\/wp-content\/uploads\/2020\/09\/patrocinio-e1600169777674.png\" sizes=\"(max-width: 520px) 100vw, 520px\" srcset=\"http:\/\/www.seconci-df.org.br\/wp-content\/uploads\/2020\/09\/patrocinio-e1600169777674.png 520w, http:\/\/www.seconci-df.org.br\/wp-content\/uploads\/2020\/09\/patrocinio-e1600169777674-300x32.png 300w, http:\/\/www.seconci-df.org.br\/wp-content\/uploads\/2020\/09\/patrocinio-e1600169777674-500x54.png 500w\" alt=\"\" width=\"520\" height=\"56\" \/><\/p>\n<\/div>\n<div class=\"clear\"><\/div>\n<div class=\"form\">\n<div class=\"comments\">\n<p>&nbsp;<\/p>\n<\/div>\n<\/div>\n","protected":false},"excerpt":{"rendered":"<p>Participe desta pesquisa e contribua para avalia\u00e7\u00e3o das medidas adotadas nos canteiros de obras frente \u00e0 pandemia de COVID-19. A pesquisa foi aprovada por um comit\u00ea de \u00e9tica e j\u00e1 est\u00e1 dispon\u00edvel para ser respondida por profissionais da \u00e1rea. https:\/\/forms.gle\/UXQ2FaW71Mq2Noov8 Caso voc\u00ea esteja no momento gerenciando a constru\u00e7\u00e3o de uma obra vertical (independente do n\u00famero [&hellip;]<\/p>\n","protected":false},"author":3,"featured_media":10095,"comment_status":"closed","ping_status":"closed","sticky":false,"template":"","format":"standard","meta":{"footnotes":""},"categories":[92],"tags":[],"class_list":["post-10094","post","type-post","status-publish","format-standard","has-post-thumbnail","hentry","category-seconci-brasil"],"yoast_head":"<!-- This site is optimized with the Yoast SEO plugin v26.9 - https:\/\/yoast.com\/product\/yoast-seo-wordpress\/ -->\n<title>Participe da pesquisa sobre canteiro de obras e a COVID-19 - Seconci Brasil<\/title>\n<meta name=\"robots\" content=\"index, follow, max-snippet:-1, max-image-preview:large, max-video-preview:-1\" \/>\n<link rel=\"canonical\" href=\"https:\/\/seconci.com.br\/site\/2020\/09\/15\/participe-da-pesquisa-sobre-canteiro-de-obras-e-a-covid-19\/\" \/>\n<meta property=\"og:locale\" content=\"pt_PT\" \/>\n<meta property=\"og:type\" content=\"article\" \/>\n<meta property=\"og:title\" content=\"Participe da pesquisa sobre canteiro de obras e a COVID-19 - Seconci Brasil\" \/>\n<meta property=\"og:description\" content=\"Participe desta pesquisa e contribua para avalia\u00e7\u00e3o das medidas adotadas nos canteiros de obras frente \u00e0 pandemia de COVID-19. A pesquisa foi aprovada por um comit\u00ea de \u00e9tica e j\u00e1 est\u00e1 dispon\u00edvel para ser respondida por profissionais da \u00e1rea. https:\/\/forms.gle\/UXQ2FaW71Mq2Noov8 Caso voc\u00ea esteja no momento gerenciando a constru\u00e7\u00e3o de uma obra vertical (independente do n\u00famero [&hellip;]\" \/>\n<meta property=\"og:url\" content=\"https:\/\/seconci.com.br\/site\/2020\/09\/15\/participe-da-pesquisa-sobre-canteiro-de-obras-e-a-covid-19\/\" \/>\n<meta property=\"og:site_name\" content=\"Seconci Brasil\" \/>\n<meta property=\"article:published_time\" content=\"2020-09-15T11:46:56+00:00\" \/>\n<meta property=\"og:image\" content=\"https:\/\/seconci.com.br\/site\/wp-content\/uploads\/2020\/09\/pesquisa.png\" \/>\n\t<meta property=\"og:image:width\" content=\"521\" \/>\n\t<meta property=\"og:image:height\" content=\"198\" \/>\n\t<meta property=\"og:image:type\" content=\"image\/png\" \/>\n<meta name=\"author\" content=\"Sidney Rocha\" \/>\n<meta name=\"twitter:card\" content=\"summary_large_image\" \/>\n<meta name=\"twitter:label1\" content=\"Escrito por\" \/>\n\t<meta name=\"twitter:data1\" content=\"Sidney Rocha\" \/>\n\t<meta name=\"twitter:label2\" content=\"Tempo estimado de leitura\" \/>\n\t<meta name=\"twitter:data2\" content=\"1 minuto\" \/>\n<script type=\"application\/ld+json\" class=\"yoast-schema-graph\">{\"@context\":\"https:\/\/schema.org\",\"@graph\":[{\"@type\":\"Article\",\"@id\":\"https:\/\/seconci.com.br\/site\/2020\/09\/15\/participe-da-pesquisa-sobre-canteiro-de-obras-e-a-covid-19\/#article\",\"isPartOf\":{\"@id\":\"https:\/\/seconci.com.br\/site\/2020\/09\/15\/participe-da-pesquisa-sobre-canteiro-de-obras-e-a-covid-19\/\"},\"author\":{\"name\":\"Sidney Rocha\",\"@id\":\"https:\/\/seconci.com.br\/site\/#\/schema\/person\/1d79afd97ddc8f2c68c1e88e298aa8e2\"},\"headline\":\"Participe da pesquisa sobre canteiro de obras e a COVID-19\",\"datePublished\":\"2020-09-15T11:46:56+00:00\",\"mainEntityOfPage\":{\"@id\":\"https:\/\/seconci.com.br\/site\/2020\/09\/15\/participe-da-pesquisa-sobre-canteiro-de-obras-e-a-covid-19\/\"},\"wordCount\":211,\"publisher\":{\"@id\":\"https:\/\/seconci.com.br\/site\/#organization\"},\"image\":{\"@id\":\"https:\/\/seconci.com.br\/site\/2020\/09\/15\/participe-da-pesquisa-sobre-canteiro-de-obras-e-a-covid-19\/#primaryimage\"},\"thumbnailUrl\":\"https:\/\/seconci.com.br\/site\/wp-content\/uploads\/2020\/09\/pesquisa.png\",\"articleSection\":[\"Seconci Brasil\"],\"inLanguage\":\"pt-PT\"},{\"@type\":\"WebPage\",\"@id\":\"https:\/\/seconci.com.br\/site\/2020\/09\/15\/participe-da-pesquisa-sobre-canteiro-de-obras-e-a-covid-19\/\",\"url\":\"https:\/\/seconci.com.br\/site\/2020\/09\/15\/participe-da-pesquisa-sobre-canteiro-de-obras-e-a-covid-19\/\",\"name\":\"Participe da pesquisa sobre canteiro de obras e a COVID-19 - Seconci Brasil\",\"isPartOf\":{\"@id\":\"https:\/\/seconci.com.br\/site\/#website\"},\"primaryImageOfPage\":{\"@id\":\"https:\/\/seconci.com.br\/site\/2020\/09\/15\/participe-da-pesquisa-sobre-canteiro-de-obras-e-a-covid-19\/#primaryimage\"},\"image\":{\"@id\":\"https:\/\/seconci.com.br\/site\/2020\/09\/15\/participe-da-pesquisa-sobre-canteiro-de-obras-e-a-covid-19\/#primaryimage\"},\"thumbnailUrl\":\"https:\/\/seconci.com.br\/site\/wp-content\/uploads\/2020\/09\/pesquisa.png\",\"datePublished\":\"2020-09-15T11:46:56+00:00\",\"breadcrumb\":{\"@id\":\"https:\/\/seconci.com.br\/site\/2020\/09\/15\/participe-da-pesquisa-sobre-canteiro-de-obras-e-a-covid-19\/#breadcrumb\"},\"inLanguage\":\"pt-PT\",\"potentialAction\":[{\"@type\":\"ReadAction\",\"target\":[\"https:\/\/seconci.com.br\/site\/2020\/09\/15\/participe-da-pesquisa-sobre-canteiro-de-obras-e-a-covid-19\/\"]}]},{\"@type\":\"ImageObject\",\"inLanguage\":\"pt-PT\",\"@id\":\"https:\/\/seconci.com.br\/site\/2020\/09\/15\/participe-da-pesquisa-sobre-canteiro-de-obras-e-a-covid-19\/#primaryimage\",\"url\":\"https:\/\/seconci.com.br\/site\/wp-content\/uploads\/2020\/09\/pesquisa.png\",\"contentUrl\":\"https:\/\/seconci.com.br\/site\/wp-content\/uploads\/2020\/09\/pesquisa.png\",\"width\":521,\"height\":198},{\"@type\":\"BreadcrumbList\",\"@id\":\"https:\/\/seconci.com.br\/site\/2020\/09\/15\/participe-da-pesquisa-sobre-canteiro-de-obras-e-a-covid-19\/#breadcrumb\",\"itemListElement\":[{\"@type\":\"ListItem\",\"position\":1,\"name\":\"In\u00edcio\",\"item\":\"https:\/\/seconci.com.br\/site\/\"},{\"@type\":\"ListItem\",\"position\":2,\"name\":\"Participe da pesquisa sobre canteiro de obras e a COVID-19\"}]},{\"@type\":\"WebSite\",\"@id\":\"https:\/\/seconci.com.br\/site\/#website\",\"url\":\"https:\/\/seconci.com.br\/site\/\",\"name\":\"Seconci Brasil\",\"description\":\"\",\"publisher\":{\"@id\":\"https:\/\/seconci.com.br\/site\/#organization\"},\"potentialAction\":[{\"@type\":\"SearchAction\",\"target\":{\"@type\":\"EntryPoint\",\"urlTemplate\":\"https:\/\/seconci.com.br\/site\/?s={search_term_string}\"},\"query-input\":{\"@type\":\"PropertyValueSpecification\",\"valueRequired\":true,\"valueName\":\"search_term_string\"}}],\"inLanguage\":\"pt-PT\"},{\"@type\":\"Organization\",\"@id\":\"https:\/\/seconci.com.br\/site\/#organization\",\"name\":\"Seconci Brasil\",\"url\":\"https:\/\/seconci.com.br\/site\/\",\"logo\":{\"@type\":\"ImageObject\",\"inLanguage\":\"pt-PT\",\"@id\":\"https:\/\/seconci.com.br\/site\/#\/schema\/logo\/image\/\",\"url\":\"https:\/\/seconci.com.br\/site\/wp-content\/uploads\/2024\/08\/Logo-Seconci-Brasil-branca-2.png\",\"contentUrl\":\"https:\/\/seconci.com.br\/site\/wp-content\/uploads\/2024\/08\/Logo-Seconci-Brasil-branca-2.png\",\"width\":1315,\"height\":598,\"caption\":\"Seconci Brasil\"},\"image\":{\"@id\":\"https:\/\/seconci.com.br\/site\/#\/schema\/logo\/image\/\"}},{\"@type\":\"Person\",\"@id\":\"https:\/\/seconci.com.br\/site\/#\/schema\/person\/1d79afd97ddc8f2c68c1e88e298aa8e2\",\"name\":\"Sidney Rocha\",\"description\":\"Comunicador e estagi\u00e1rio do Seconci Brasil.\",\"url\":\"https:\/\/seconci.com.br\/site\/author\/sidney-rocha\/\"}]}<\/script>\n<!-- \/ Yoast SEO plugin. -->","yoast_head_json":{"title":"Participe da pesquisa sobre canteiro de obras e a COVID-19 - Seconci Brasil","robots":{"index":"index","follow":"follow","max-snippet":"max-snippet:-1","max-image-preview":"max-image-preview:large","max-video-preview":"max-video-preview:-1"},"canonical":"https:\/\/seconci.com.br\/site\/2020\/09\/15\/participe-da-pesquisa-sobre-canteiro-de-obras-e-a-covid-19\/","og_locale":"pt_PT","og_type":"article","og_title":"Participe da pesquisa sobre canteiro de obras e a COVID-19 - Seconci Brasil","og_description":"Participe desta pesquisa e contribua para avalia\u00e7\u00e3o das medidas adotadas nos canteiros de obras frente \u00e0 pandemia de COVID-19. A pesquisa foi aprovada por um comit\u00ea de \u00e9tica e j\u00e1 est\u00e1 dispon\u00edvel para ser respondida por profissionais da \u00e1rea. https:\/\/forms.gle\/UXQ2FaW71Mq2Noov8 Caso voc\u00ea esteja no momento gerenciando a constru\u00e7\u00e3o de uma obra vertical (independente do n\u00famero [&hellip;]","og_url":"https:\/\/seconci.com.br\/site\/2020\/09\/15\/participe-da-pesquisa-sobre-canteiro-de-obras-e-a-covid-19\/","og_site_name":"Seconci Brasil","article_published_time":"2020-09-15T11:46:56+00:00","og_image":[{"width":521,"height":198,"url":"https:\/\/seconci.com.br\/site\/wp-content\/uploads\/2020\/09\/pesquisa.png","type":"image\/png"}],"author":"Sidney Rocha","twitter_card":"summary_large_image","twitter_misc":{"Escrito por":"Sidney Rocha","Tempo estimado de leitura":"1 minuto"},"schema":{"@context":"https:\/\/schema.org","@graph":[{"@type":"Article","@id":"https:\/\/seconci.com.br\/site\/2020\/09\/15\/participe-da-pesquisa-sobre-canteiro-de-obras-e-a-covid-19\/#article","isPartOf":{"@id":"https:\/\/seconci.com.br\/site\/2020\/09\/15\/participe-da-pesquisa-sobre-canteiro-de-obras-e-a-covid-19\/"},"author":{"name":"Sidney Rocha","@id":"https:\/\/seconci.com.br\/site\/#\/schema\/person\/1d79afd97ddc8f2c68c1e88e298aa8e2"},"headline":"Participe da pesquisa sobre canteiro de obras e a COVID-19","datePublished":"2020-09-15T11:46:56+00:00","mainEntityOfPage":{"@id":"https:\/\/seconci.com.br\/site\/2020\/09\/15\/participe-da-pesquisa-sobre-canteiro-de-obras-e-a-covid-19\/"},"wordCount":211,"publisher":{"@id":"https:\/\/seconci.com.br\/site\/#organization"},"image":{"@id":"https:\/\/seconci.com.br\/site\/2020\/09\/15\/participe-da-pesquisa-sobre-canteiro-de-obras-e-a-covid-19\/#primaryimage"},"thumbnailUrl":"https:\/\/seconci.com.br\/site\/wp-content\/uploads\/2020\/09\/pesquisa.png","articleSection":["Seconci Brasil"],"inLanguage":"pt-PT"},{"@type":"WebPage","@id":"https:\/\/seconci.com.br\/site\/2020\/09\/15\/participe-da-pesquisa-sobre-canteiro-de-obras-e-a-covid-19\/","url":"https:\/\/seconci.com.br\/site\/2020\/09\/15\/participe-da-pesquisa-sobre-canteiro-de-obras-e-a-covid-19\/","name":"Participe da pesquisa sobre canteiro de obras e a COVID-19 - Seconci Brasil","isPartOf":{"@id":"https:\/\/seconci.com.br\/site\/#website"},"primaryImageOfPage":{"@id":"https:\/\/seconci.com.br\/site\/2020\/09\/15\/participe-da-pesquisa-sobre-canteiro-de-obras-e-a-covid-19\/#primaryimage"},"image":{"@id":"https:\/\/seconci.com.br\/site\/2020\/09\/15\/participe-da-pesquisa-sobre-canteiro-de-obras-e-a-covid-19\/#primaryimage"},"thumbnailUrl":"https:\/\/seconci.com.br\/site\/wp-content\/uploads\/2020\/09\/pesquisa.png","datePublished":"2020-09-15T11:46:56+00:00","breadcrumb":{"@id":"https:\/\/seconci.com.br\/site\/2020\/09\/15\/participe-da-pesquisa-sobre-canteiro-de-obras-e-a-covid-19\/#breadcrumb"},"inLanguage":"pt-PT","potentialAction":[{"@type":"ReadAction","target":["https:\/\/seconci.com.br\/site\/2020\/09\/15\/participe-da-pesquisa-sobre-canteiro-de-obras-e-a-covid-19\/"]}]},{"@type":"ImageObject","inLanguage":"pt-PT","@id":"https:\/\/seconci.com.br\/site\/2020\/09\/15\/participe-da-pesquisa-sobre-canteiro-de-obras-e-a-covid-19\/#primaryimage","url":"https:\/\/seconci.com.br\/site\/wp-content\/uploads\/2020\/09\/pesquisa.png","contentUrl":"https:\/\/seconci.com.br\/site\/wp-content\/uploads\/2020\/09\/pesquisa.png","width":521,"height":198},{"@type":"BreadcrumbList","@id":"https:\/\/seconci.com.br\/site\/2020\/09\/15\/participe-da-pesquisa-sobre-canteiro-de-obras-e-a-covid-19\/#breadcrumb","itemListElement":[{"@type":"ListItem","position":1,"name":"In\u00edcio","item":"https:\/\/seconci.com.br\/site\/"},{"@type":"ListItem","position":2,"name":"Participe da pesquisa sobre canteiro de obras e a COVID-19"}]},{"@type":"WebSite","@id":"https:\/\/seconci.com.br\/site\/#website","url":"https:\/\/seconci.com.br\/site\/","name":"Seconci Brasil","description":"","publisher":{"@id":"https:\/\/seconci.com.br\/site\/#organization"},"potentialAction":[{"@type":"SearchAction","target":{"@type":"EntryPoint","urlTemplate":"https:\/\/seconci.com.br\/site\/?s={search_term_string}"},"query-input":{"@type":"PropertyValueSpecification","valueRequired":true,"valueName":"search_term_string"}}],"inLanguage":"pt-PT"},{"@type":"Organization","@id":"https:\/\/seconci.com.br\/site\/#organization","name":"Seconci Brasil","url":"https:\/\/seconci.com.br\/site\/","logo":{"@type":"ImageObject","inLanguage":"pt-PT","@id":"https:\/\/seconci.com.br\/site\/#\/schema\/logo\/image\/","url":"https:\/\/seconci.com.br\/site\/wp-content\/uploads\/2024\/08\/Logo-Seconci-Brasil-branca-2.png","contentUrl":"https:\/\/seconci.com.br\/site\/wp-content\/uploads\/2024\/08\/Logo-Seconci-Brasil-branca-2.png","width":1315,"height":598,"caption":"Seconci Brasil"},"image":{"@id":"https:\/\/seconci.com.br\/site\/#\/schema\/logo\/image\/"}},{"@type":"Person","@id":"https:\/\/seconci.com.br\/site\/#\/schema\/person\/1d79afd97ddc8f2c68c1e88e298aa8e2","name":"Sidney Rocha","description":"Comunicador e estagi\u00e1rio do Seconci Brasil.","url":"https:\/\/seconci.com.br\/site\/author\/sidney-rocha\/"}]}},"_links":{"self":[{"href":"https:\/\/seconci.com.br\/site\/wp-json\/wp\/v2\/posts\/10094","targetHints":{"allow":["GET"]}}],"collection":[{"href":"https:\/\/seconci.com.br\/site\/wp-json\/wp\/v2\/posts"}],"about":[{"href":"https:\/\/seconci.com.br\/site\/wp-json\/wp\/v2\/types\/post"}],"author":[{"embeddable":true,"href":"https:\/\/seconci.com.br\/site\/wp-json\/wp\/v2\/users\/3"}],"replies":[{"embeddable":true,"href":"https:\/\/seconci.com.br\/site\/wp-json\/wp\/v2\/comments?post=10094"}],"version-history":[{"count":0,"href":"https:\/\/seconci.com.br\/site\/wp-json\/wp\/v2\/posts\/10094\/revisions"}],"wp:featuredmedia":[{"embeddable":true,"href":"https:\/\/seconci.com.br\/site\/wp-json\/wp\/v2\/media\/10095"}],"wp:attachment":[{"href":"https:\/\/seconci.com.br\/site\/wp-json\/wp\/v2\/media?parent=10094"}],"wp:term":[{"taxonomy":"category","embeddable":true,"href":"https:\/\/seconci.com.br\/site\/wp-json\/wp\/v2\/categories?post=10094"},{"taxonomy":"post_tag","embeddable":true,"href":"https:\/\/seconci.com.br\/site\/wp-json\/wp\/v2\/tags?post=10094"}],"curies":[{"name":"wp","href":"https:\/\/api.w.org\/{rel}","templated":true}]}}