{"id":10172,"date":"2020-10-06T11:32:59","date_gmt":"2020-10-06T11:32:59","guid":{"rendered":"https:\/\/seconci.com.br\/site\/?p=10172"},"modified":"2020-10-06T11:32:59","modified_gmt":"2020-10-06T11:32:59","slug":"radar-trabalhista-pais-tem-resultado-positivo-na-geracao-de-empregos","status":"publish","type":"post","link":"https:\/\/seconci.com.br\/site\/2020\/10\/06\/radar-trabalhista-pais-tem-resultado-positivo-na-geracao-de-empregos\/","title":{"rendered":"Radar Trabalhista: Pa\u00eds tem resultado positivo na gera\u00e7\u00e3o de empregos"},"content":{"rendered":"<p style=\"text-align: justify;\">O\u00a0<strong>Radar Trabalhista<\/strong>\u00a0da C\u00e2mara Brasileira da Ind\u00fastria da Constru\u00e7\u00e3o (CBIC) do dia 5 de outubro destaca o saldo positivo do Novo Cadastro Geral de Empregados e Desempregados (Novo Caged) na gera\u00e7\u00e3o de empregos com carteira assinada no Brasil pelo segundo m\u00eas consecutivo (249.388).<\/p>\n<p style=\"text-align: justify;\">O resultado de agosto foi puxado pelo aumento das contrata\u00e7\u00f5es que seguem em tend\u00eancia de crescimento desde maio. A Constru\u00e7\u00e3o registrou saldo de 50.489; Com\u00e9rcio, 49.408; Servi\u00e7os, 45.412, e a Agropecu\u00e1ria teve 11.213 novos postos.<\/p>\n<p style=\"text-align: justify;\">Al\u00e9m desse destaque da semana, o\u00a0<a href=\"https:\/\/cbic.org.br\/relacoestrabalhistas\/wp-content\/uploads\/sites\/27\/2020\/10\/Radar-Trabalhista-CBIC-n.o-0166-2020.pdf\"><strong>Radar Trabalhista CBIC n\u00ba 0166<\/strong><\/a>\u00a0\u00a0traz uma sele\u00e7\u00e3o de decis\u00f5es publicadas de 28 de setembro a 2 de outubro, por Tribunais Superiores, Executivo, Minist\u00e9rio P\u00fablico do Trabalho, e Sindicato Nacional dos Auditores Fiscais do Trabalho e e-Social. Dentre elas, a de que o Teletrabalho \u00e9 o tema do m\u00eas de outubro da Biblioteca D\u00e9lio Maranh\u00e3o do Tribunal Superior do Trabalho (TST).<\/p>\n<p style=\"text-align: justify;\">A Biblioteca oferece mensalmente informa\u00e7\u00e3o atualizada sobre temas de destaque no debate jur\u00eddico contempor\u00e2neo. Trata-se de uma pequena bibliografia Not\u00edcias do Judici\u00e1rio (Tribunais Superiores) selecionada a partir de assunto previamente escolhido pela Comiss\u00e3o de Documenta\u00e7\u00e3o do TST. O contexto da pandemia e da crise econ\u00f4mica e sanit\u00e1ria refor\u00e7a ainda mais a import\u00e2ncia do assunto. Os interessados podem acessar os documentos e selecionar os que deseja receber por e-mail.<\/p>\n<p style=\"text-align: justify;\">O\u00a0informativo integra o projeto\u00a0<strong>\u2018Monitoramento de Normativos e Dados de SST\/RT \u2013 Radar Trabalhista\u2019<\/strong>, realizado pela CBIC, por meio da sua Comiss\u00e3o de Pol\u00edtica de Rela\u00e7\u00f5es Trabalhistas (CPRT), com a correaliza\u00e7\u00e3o do Servi\u00e7o Social da Ind\u00fastria (Sesi Nacional).<\/p>\n<p style=\"text-align: justify;\">Confira a galeria com\u00a0<strong><a href=\"https:\/\/cbic.org.br\/relacoestrabalhistas\/radar-trabalhista\/\">todas as edi\u00e7\u00f5es do Radar Trabalhista<\/a>.<\/strong><\/p>\n<p><em>Fonte: Ag\u00eancia CBIC<\/em><\/p>\n","protected":false},"excerpt":{"rendered":"<p>O\u00a0Radar Trabalhista\u00a0da C\u00e2mara Brasileira da Ind\u00fastria da Constru\u00e7\u00e3o (CBIC) do dia 5 de outubro destaca o saldo positivo do Novo Cadastro Geral de Empregados e Desempregados (Novo Caged) na gera\u00e7\u00e3o de empregos com carteira assinada no Brasil pelo segundo m\u00eas consecutivo (249.388). O resultado de agosto foi puxado pelo aumento das contrata\u00e7\u00f5es que seguem em [&hellip;]<\/p>\n","protected":false},"author":3,"featured_media":10042,"comment_status":"closed","ping_status":"closed","sticky":false,"template":"","format":"standard","meta":{"footnotes":""},"categories":[92],"tags":[],"class_list":["post-10172","post","type-post","status-publish","format-standard","has-post-thumbnail","hentry","category-seconci-brasil"],"yoast_head":"<!-- This site is optimized with the Yoast SEO plugin v26.9 - https:\/\/yoast.com\/product\/yoast-seo-wordpress\/ -->\n<title>Radar Trabalhista: Pa\u00eds tem resultado positivo na gera\u00e7\u00e3o de empregos - Seconci Brasil<\/title>\n<meta name=\"robots\" content=\"index, follow, max-snippet:-1, max-image-preview:large, max-video-preview:-1\" \/>\n<link rel=\"canonical\" href=\"https:\/\/seconci.com.br\/site\/2020\/10\/06\/radar-trabalhista-pais-tem-resultado-positivo-na-geracao-de-empregos\/\" \/>\n<meta property=\"og:locale\" content=\"pt_PT\" \/>\n<meta property=\"og:type\" content=\"article\" \/>\n<meta property=\"og:title\" content=\"Radar Trabalhista: Pa\u00eds tem resultado positivo na gera\u00e7\u00e3o de empregos - Seconci Brasil\" \/>\n<meta property=\"og:description\" content=\"O\u00a0Radar Trabalhista\u00a0da C\u00e2mara Brasileira da Ind\u00fastria da Constru\u00e7\u00e3o (CBIC) do dia 5 de outubro destaca o saldo positivo do Novo Cadastro Geral de Empregados e Desempregados (Novo Caged) na gera\u00e7\u00e3o de empregos com carteira assinada no Brasil pelo segundo m\u00eas consecutivo (249.388). O resultado de agosto foi puxado pelo aumento das contrata\u00e7\u00f5es que seguem em [&hellip;]\" \/>\n<meta property=\"og:url\" content=\"https:\/\/seconci.com.br\/site\/2020\/10\/06\/radar-trabalhista-pais-tem-resultado-positivo-na-geracao-de-empregos\/\" \/>\n<meta property=\"og:site_name\" content=\"Seconci Brasil\" \/>\n<meta property=\"article:published_time\" content=\"2020-10-06T11:32:59+00:00\" \/>\n<meta property=\"og:image\" content=\"https:\/\/seconci.com.br\/site\/wp-content\/uploads\/2020\/09\/radar.jpg\" \/>\n\t<meta property=\"og:image:width\" content=\"2480\" \/>\n\t<meta property=\"og:image:height\" content=\"1077\" \/>\n\t<meta property=\"og:image:type\" content=\"image\/jpeg\" \/>\n<meta name=\"author\" content=\"Sidney Rocha\" \/>\n<meta name=\"twitter:card\" content=\"summary_large_image\" \/>\n<meta name=\"twitter:label1\" content=\"Escrito por\" \/>\n\t<meta name=\"twitter:data1\" content=\"Sidney Rocha\" \/>\n\t<meta name=\"twitter:label2\" content=\"Tempo estimado de leitura\" \/>\n\t<meta name=\"twitter:data2\" content=\"1 minuto\" \/>\n<script type=\"application\/ld+json\" class=\"yoast-schema-graph\">{\"@context\":\"https:\/\/schema.org\",\"@graph\":[{\"@type\":\"Article\",\"@id\":\"https:\/\/seconci.com.br\/site\/2020\/10\/06\/radar-trabalhista-pais-tem-resultado-positivo-na-geracao-de-empregos\/#article\",\"isPartOf\":{\"@id\":\"https:\/\/seconci.com.br\/site\/2020\/10\/06\/radar-trabalhista-pais-tem-resultado-positivo-na-geracao-de-empregos\/\"},\"author\":{\"name\":\"Sidney Rocha\",\"@id\":\"https:\/\/seconci.com.br\/site\/#\/schema\/person\/1d79afd97ddc8f2c68c1e88e298aa8e2\"},\"headline\":\"Radar Trabalhista: Pa\u00eds tem resultado positivo na gera\u00e7\u00e3o de empregos\",\"datePublished\":\"2020-10-06T11:32:59+00:00\",\"mainEntityOfPage\":{\"@id\":\"https:\/\/seconci.com.br\/site\/2020\/10\/06\/radar-trabalhista-pais-tem-resultado-positivo-na-geracao-de-empregos\/\"},\"wordCount\":306,\"publisher\":{\"@id\":\"https:\/\/seconci.com.br\/site\/#organization\"},\"image\":{\"@id\":\"https:\/\/seconci.com.br\/site\/2020\/10\/06\/radar-trabalhista-pais-tem-resultado-positivo-na-geracao-de-empregos\/#primaryimage\"},\"thumbnailUrl\":\"https:\/\/seconci.com.br\/site\/wp-content\/uploads\/2020\/09\/radar.jpg\",\"articleSection\":[\"Seconci Brasil\"],\"inLanguage\":\"pt-PT\"},{\"@type\":\"WebPage\",\"@id\":\"https:\/\/seconci.com.br\/site\/2020\/10\/06\/radar-trabalhista-pais-tem-resultado-positivo-na-geracao-de-empregos\/\",\"url\":\"https:\/\/seconci.com.br\/site\/2020\/10\/06\/radar-trabalhista-pais-tem-resultado-positivo-na-geracao-de-empregos\/\",\"name\":\"Radar Trabalhista: Pa\u00eds tem resultado positivo na gera\u00e7\u00e3o de empregos - Seconci Brasil\",\"isPartOf\":{\"@id\":\"https:\/\/seconci.com.br\/site\/#website\"},\"primaryImageOfPage\":{\"@id\":\"https:\/\/seconci.com.br\/site\/2020\/10\/06\/radar-trabalhista-pais-tem-resultado-positivo-na-geracao-de-empregos\/#primaryimage\"},\"image\":{\"@id\":\"https:\/\/seconci.com.br\/site\/2020\/10\/06\/radar-trabalhista-pais-tem-resultado-positivo-na-geracao-de-empregos\/#primaryimage\"},\"thumbnailUrl\":\"https:\/\/seconci.com.br\/site\/wp-content\/uploads\/2020\/09\/radar.jpg\",\"datePublished\":\"2020-10-06T11:32:59+00:00\",\"breadcrumb\":{\"@id\":\"https:\/\/seconci.com.br\/site\/2020\/10\/06\/radar-trabalhista-pais-tem-resultado-positivo-na-geracao-de-empregos\/#breadcrumb\"},\"inLanguage\":\"pt-PT\",\"potentialAction\":[{\"@type\":\"ReadAction\",\"target\":[\"https:\/\/seconci.com.br\/site\/2020\/10\/06\/radar-trabalhista-pais-tem-resultado-positivo-na-geracao-de-empregos\/\"]}]},{\"@type\":\"ImageObject\",\"inLanguage\":\"pt-PT\",\"@id\":\"https:\/\/seconci.com.br\/site\/2020\/10\/06\/radar-trabalhista-pais-tem-resultado-positivo-na-geracao-de-empregos\/#primaryimage\",\"url\":\"https:\/\/seconci.com.br\/site\/wp-content\/uploads\/2020\/09\/radar.jpg\",\"contentUrl\":\"https:\/\/seconci.com.br\/site\/wp-content\/uploads\/2020\/09\/radar.jpg\",\"width\":2480,\"height\":1077},{\"@type\":\"BreadcrumbList\",\"@id\":\"https:\/\/seconci.com.br\/site\/2020\/10\/06\/radar-trabalhista-pais-tem-resultado-positivo-na-geracao-de-empregos\/#breadcrumb\",\"itemListElement\":[{\"@type\":\"ListItem\",\"position\":1,\"name\":\"In\u00edcio\",\"item\":\"https:\/\/seconci.com.br\/site\/\"},{\"@type\":\"ListItem\",\"position\":2,\"name\":\"Radar Trabalhista: Pa\u00eds tem resultado positivo na gera\u00e7\u00e3o de empregos\"}]},{\"@type\":\"WebSite\",\"@id\":\"https:\/\/seconci.com.br\/site\/#website\",\"url\":\"https:\/\/seconci.com.br\/site\/\",\"name\":\"Seconci Brasil\",\"description\":\"\",\"publisher\":{\"@id\":\"https:\/\/seconci.com.br\/site\/#organization\"},\"potentialAction\":[{\"@type\":\"SearchAction\",\"target\":{\"@type\":\"EntryPoint\",\"urlTemplate\":\"https:\/\/seconci.com.br\/site\/?s={search_term_string}\"},\"query-input\":{\"@type\":\"PropertyValueSpecification\",\"valueRequired\":true,\"valueName\":\"search_term_string\"}}],\"inLanguage\":\"pt-PT\"},{\"@type\":\"Organization\",\"@id\":\"https:\/\/seconci.com.br\/site\/#organization\",\"name\":\"Seconci Brasil\",\"url\":\"https:\/\/seconci.com.br\/site\/\",\"logo\":{\"@type\":\"ImageObject\",\"inLanguage\":\"pt-PT\",\"@id\":\"https:\/\/seconci.com.br\/site\/#\/schema\/logo\/image\/\",\"url\":\"https:\/\/seconci.com.br\/site\/wp-content\/uploads\/2024\/08\/Logo-Seconci-Brasil-branca-2.png\",\"contentUrl\":\"https:\/\/seconci.com.br\/site\/wp-content\/uploads\/2024\/08\/Logo-Seconci-Brasil-branca-2.png\",\"width\":1315,\"height\":598,\"caption\":\"Seconci Brasil\"},\"image\":{\"@id\":\"https:\/\/seconci.com.br\/site\/#\/schema\/logo\/image\/\"}},{\"@type\":\"Person\",\"@id\":\"https:\/\/seconci.com.br\/site\/#\/schema\/person\/1d79afd97ddc8f2c68c1e88e298aa8e2\",\"name\":\"Sidney Rocha\",\"description\":\"Comunicador e estagi\u00e1rio do Seconci Brasil.\",\"url\":\"https:\/\/seconci.com.br\/site\/author\/sidney-rocha\/\"}]}<\/script>\n<!-- \/ Yoast SEO plugin. -->","yoast_head_json":{"title":"Radar Trabalhista: Pa\u00eds tem resultado positivo na gera\u00e7\u00e3o de empregos - Seconci Brasil","robots":{"index":"index","follow":"follow","max-snippet":"max-snippet:-1","max-image-preview":"max-image-preview:large","max-video-preview":"max-video-preview:-1"},"canonical":"https:\/\/seconci.com.br\/site\/2020\/10\/06\/radar-trabalhista-pais-tem-resultado-positivo-na-geracao-de-empregos\/","og_locale":"pt_PT","og_type":"article","og_title":"Radar Trabalhista: Pa\u00eds tem resultado positivo na gera\u00e7\u00e3o de empregos - Seconci Brasil","og_description":"O\u00a0Radar Trabalhista\u00a0da C\u00e2mara Brasileira da Ind\u00fastria da Constru\u00e7\u00e3o (CBIC) do dia 5 de outubro destaca o saldo positivo do Novo Cadastro Geral de Empregados e Desempregados (Novo Caged) na gera\u00e7\u00e3o de empregos com carteira assinada no Brasil pelo segundo m\u00eas consecutivo (249.388). O resultado de agosto foi puxado pelo aumento das contrata\u00e7\u00f5es que seguem em [&hellip;]","og_url":"https:\/\/seconci.com.br\/site\/2020\/10\/06\/radar-trabalhista-pais-tem-resultado-positivo-na-geracao-de-empregos\/","og_site_name":"Seconci Brasil","article_published_time":"2020-10-06T11:32:59+00:00","og_image":[{"width":2480,"height":1077,"url":"https:\/\/seconci.com.br\/site\/wp-content\/uploads\/2020\/09\/radar.jpg","type":"image\/jpeg"}],"author":"Sidney Rocha","twitter_card":"summary_large_image","twitter_misc":{"Escrito por":"Sidney Rocha","Tempo estimado de leitura":"1 minuto"},"schema":{"@context":"https:\/\/schema.org","@graph":[{"@type":"Article","@id":"https:\/\/seconci.com.br\/site\/2020\/10\/06\/radar-trabalhista-pais-tem-resultado-positivo-na-geracao-de-empregos\/#article","isPartOf":{"@id":"https:\/\/seconci.com.br\/site\/2020\/10\/06\/radar-trabalhista-pais-tem-resultado-positivo-na-geracao-de-empregos\/"},"author":{"name":"Sidney Rocha","@id":"https:\/\/seconci.com.br\/site\/#\/schema\/person\/1d79afd97ddc8f2c68c1e88e298aa8e2"},"headline":"Radar Trabalhista: Pa\u00eds tem resultado positivo na gera\u00e7\u00e3o de empregos","datePublished":"2020-10-06T11:32:59+00:00","mainEntityOfPage":{"@id":"https:\/\/seconci.com.br\/site\/2020\/10\/06\/radar-trabalhista-pais-tem-resultado-positivo-na-geracao-de-empregos\/"},"wordCount":306,"publisher":{"@id":"https:\/\/seconci.com.br\/site\/#organization"},"image":{"@id":"https:\/\/seconci.com.br\/site\/2020\/10\/06\/radar-trabalhista-pais-tem-resultado-positivo-na-geracao-de-empregos\/#primaryimage"},"thumbnailUrl":"https:\/\/seconci.com.br\/site\/wp-content\/uploads\/2020\/09\/radar.jpg","articleSection":["Seconci Brasil"],"inLanguage":"pt-PT"},{"@type":"WebPage","@id":"https:\/\/seconci.com.br\/site\/2020\/10\/06\/radar-trabalhista-pais-tem-resultado-positivo-na-geracao-de-empregos\/","url":"https:\/\/seconci.com.br\/site\/2020\/10\/06\/radar-trabalhista-pais-tem-resultado-positivo-na-geracao-de-empregos\/","name":"Radar Trabalhista: Pa\u00eds tem resultado positivo na gera\u00e7\u00e3o de empregos - Seconci Brasil","isPartOf":{"@id":"https:\/\/seconci.com.br\/site\/#website"},"primaryImageOfPage":{"@id":"https:\/\/seconci.com.br\/site\/2020\/10\/06\/radar-trabalhista-pais-tem-resultado-positivo-na-geracao-de-empregos\/#primaryimage"},"image":{"@id":"https:\/\/seconci.com.br\/site\/2020\/10\/06\/radar-trabalhista-pais-tem-resultado-positivo-na-geracao-de-empregos\/#primaryimage"},"thumbnailUrl":"https:\/\/seconci.com.br\/site\/wp-content\/uploads\/2020\/09\/radar.jpg","datePublished":"2020-10-06T11:32:59+00:00","breadcrumb":{"@id":"https:\/\/seconci.com.br\/site\/2020\/10\/06\/radar-trabalhista-pais-tem-resultado-positivo-na-geracao-de-empregos\/#breadcrumb"},"inLanguage":"pt-PT","potentialAction":[{"@type":"ReadAction","target":["https:\/\/seconci.com.br\/site\/2020\/10\/06\/radar-trabalhista-pais-tem-resultado-positivo-na-geracao-de-empregos\/"]}]},{"@type":"ImageObject","inLanguage":"pt-PT","@id":"https:\/\/seconci.com.br\/site\/2020\/10\/06\/radar-trabalhista-pais-tem-resultado-positivo-na-geracao-de-empregos\/#primaryimage","url":"https:\/\/seconci.com.br\/site\/wp-content\/uploads\/2020\/09\/radar.jpg","contentUrl":"https:\/\/seconci.com.br\/site\/wp-content\/uploads\/2020\/09\/radar.jpg","width":2480,"height":1077},{"@type":"BreadcrumbList","@id":"https:\/\/seconci.com.br\/site\/2020\/10\/06\/radar-trabalhista-pais-tem-resultado-positivo-na-geracao-de-empregos\/#breadcrumb","itemListElement":[{"@type":"ListItem","position":1,"name":"In\u00edcio","item":"https:\/\/seconci.com.br\/site\/"},{"@type":"ListItem","position":2,"name":"Radar Trabalhista: Pa\u00eds tem resultado positivo na gera\u00e7\u00e3o de empregos"}]},{"@type":"WebSite","@id":"https:\/\/seconci.com.br\/site\/#website","url":"https:\/\/seconci.com.br\/site\/","name":"Seconci Brasil","description":"","publisher":{"@id":"https:\/\/seconci.com.br\/site\/#organization"},"potentialAction":[{"@type":"SearchAction","target":{"@type":"EntryPoint","urlTemplate":"https:\/\/seconci.com.br\/site\/?s={search_term_string}"},"query-input":{"@type":"PropertyValueSpecification","valueRequired":true,"valueName":"search_term_string"}}],"inLanguage":"pt-PT"},{"@type":"Organization","@id":"https:\/\/seconci.com.br\/site\/#organization","name":"Seconci Brasil","url":"https:\/\/seconci.com.br\/site\/","logo":{"@type":"ImageObject","inLanguage":"pt-PT","@id":"https:\/\/seconci.com.br\/site\/#\/schema\/logo\/image\/","url":"https:\/\/seconci.com.br\/site\/wp-content\/uploads\/2024\/08\/Logo-Seconci-Brasil-branca-2.png","contentUrl":"https:\/\/seconci.com.br\/site\/wp-content\/uploads\/2024\/08\/Logo-Seconci-Brasil-branca-2.png","width":1315,"height":598,"caption":"Seconci Brasil"},"image":{"@id":"https:\/\/seconci.com.br\/site\/#\/schema\/logo\/image\/"}},{"@type":"Person","@id":"https:\/\/seconci.com.br\/site\/#\/schema\/person\/1d79afd97ddc8f2c68c1e88e298aa8e2","name":"Sidney Rocha","description":"Comunicador e estagi\u00e1rio do Seconci Brasil.","url":"https:\/\/seconci.com.br\/site\/author\/sidney-rocha\/"}]}},"_links":{"self":[{"href":"https:\/\/seconci.com.br\/site\/wp-json\/wp\/v2\/posts\/10172","targetHints":{"allow":["GET"]}}],"collection":[{"href":"https:\/\/seconci.com.br\/site\/wp-json\/wp\/v2\/posts"}],"about":[{"href":"https:\/\/seconci.com.br\/site\/wp-json\/wp\/v2\/types\/post"}],"author":[{"embeddable":true,"href":"https:\/\/seconci.com.br\/site\/wp-json\/wp\/v2\/users\/3"}],"replies":[{"embeddable":true,"href":"https:\/\/seconci.com.br\/site\/wp-json\/wp\/v2\/comments?post=10172"}],"version-history":[{"count":0,"href":"https:\/\/seconci.com.br\/site\/wp-json\/wp\/v2\/posts\/10172\/revisions"}],"wp:featuredmedia":[{"embeddable":true,"href":"https:\/\/seconci.com.br\/site\/wp-json\/wp\/v2\/media\/10042"}],"wp:attachment":[{"href":"https:\/\/seconci.com.br\/site\/wp-json\/wp\/v2\/media?parent=10172"}],"wp:term":[{"taxonomy":"category","embeddable":true,"href":"https:\/\/seconci.com.br\/site\/wp-json\/wp\/v2\/categories?post=10172"},{"taxonomy":"post_tag","embeddable":true,"href":"https:\/\/seconci.com.br\/site\/wp-json\/wp\/v2\/tags?post=10172"}],"curies":[{"name":"wp","href":"https:\/\/api.w.org\/{rel}","templated":true}]}}