{"id":10174,"date":"2020-10-06T11:35:01","date_gmt":"2020-10-06T11:35:01","guid":{"rendered":"https:\/\/seconci.com.br\/site\/?p=10174"},"modified":"2020-10-09T11:36:18","modified_gmt":"2020-10-09T11:36:18","slug":"canpat-construcao-debate-seguranca-e-saude-no-trabalho-em-pernambuco","status":"publish","type":"post","link":"https:\/\/seconci.com.br\/site\/2020\/10\/06\/canpat-construcao-debate-seguranca-e-saude-no-trabalho-em-pernambuco\/","title":{"rendered":"CANPAT Constru\u00e7\u00e3o debate Seguran\u00e7a e Sa\u00fade no Trabalho em Pernambuco"},"content":{"rendered":"<p style=\"text-align: justify;\">Em mais uma edi\u00e7\u00e3o regional virtual da\u00a0<strong>Campanha Nacional de Preven\u00e7\u00e3o de Acidentes (CANPAT Constru\u00e7\u00e3o)<\/strong>, desta vez em Recife (PE), foram apresentadas na sexta-feira (2) as principais altera\u00e7\u00f5es da NR-18 \u2013 Norma Regulamentadora para a Ind\u00fastria da Constru\u00e7\u00e3o e a vis\u00e3o da fiscaliza\u00e7\u00e3o do trabalho sobre sua aplica\u00e7\u00e3o no setor.<\/p>\n<p style=\"text-align: justify;\">Com a participa\u00e7\u00e3o de representantes dos trabalhadores e empregadores da ind\u00fastria da constru\u00e7\u00e3o, engenheiros e t\u00e9cnicos de Seguran\u00e7a e Sa\u00fade no Trabalho (SST) e membros da academia de Pernambuco, durante o evento tamb\u00e9m foram difundidas ferramentas de gest\u00e3o que podem auxiliar as empresas pernambucanas no desafio de adotar adequadamente as regras previstas na nova NR-18, bem como a Campanha de Preven\u00e7\u00e3o de Acidentes do Trabalho na Ind\u00fastria da Constru\u00e7\u00e3o no Estado.<\/p>\n<p style=\"text-align: justify;\">Ao ressaltar a relev\u00e2ncia da campanha local, o presidente da Comiss\u00e3o de Pol\u00edtica de Rela\u00e7\u00f5es do Trabalho (CPRT) da C\u00e2mara Brasileira da Ind\u00fastria da Constru\u00e7\u00e3o (CBIC),\u00a0<strong>Fernando Guedes Ferreira Filho<\/strong>, afirmou que \u201cPernambuco \u00e9 um exemplo de modelo de dissemina\u00e7\u00e3o da cultura prevencionista dentro da ind\u00fastria da constru\u00e7\u00e3o, com resultados extremamente positivos, que a CBIC quer levar para o Pa\u00eds\u201d.<\/p>\n<p style=\"text-align: justify;\">Detalhes da Campanha de Preven\u00e7\u00e3o de Acidentes do Trabalho na Ind\u00fastria da Constru\u00e7\u00e3o no Estado de Pernambuco, realizada h\u00e1 23 anos pelo Sinduscon-PE e parceiros, foram apresentadas pelo seu coordenador, professor doutor\u00a0<strong>B\u00e9da Barkokebas J\u00fanior<\/strong>\u00a0(UPE).<\/p>\n<p style=\"text-align: justify;\">A iniciativa engloba a\u00e7\u00f5es de mobiliza\u00e7\u00e3o social pela SST, pesquisas sobre condi\u00e7\u00f5es inseguras em obras de constru\u00e7\u00e3o civil, treinamento de trabalhadores e estat\u00edsticas sobre acidentes no trabalho, entre outras. Segundo B\u00e9da, al\u00e9m do impacto educacional e econ\u00f4mico, o controle de riscos realizado pela campanha tamb\u00e9m promove redu\u00e7\u00e3o das perdas geradas pelos acidentes. \u201cNada pode reviver o homem, mas algo pode conserv\u00e1-lo vivo: seguran\u00e7a. \u00c9 isso que a campanha faz h\u00e1 23 anos para as construtoras pernambucanas\u201d, enfatiza.<\/p>\n<p style=\"text-align: justify;\">O presidente do Sindicato da Ind\u00fastria da Constru\u00e7\u00e3o Civil no Estado de Pernambuco\u00a0(Sinduscon-PE),\u00a0<strong>\u00c9rico Cavalcanti Furtado Filho<\/strong>, por sua vez, ressaltou a import\u00e2ncia da CANPAT Constru\u00e7\u00e3o Regional da CBIC para disseminar conhecimento entre as empresas associadas, o que foi refor\u00e7ado pelo presidente do Sindicato dos Trabalhadores \u2013 Marreta,\u00a0<strong>Reginaldo Jos\u00e9 Ribeiro<\/strong>, no que se refere \u00e0 dissemina\u00e7\u00e3o de a\u00e7\u00f5es para a seguran\u00e7a e sa\u00fade do trabalhador. .<\/p>\n<h2 style=\"text-align: justify;\"><strong>Principais altera\u00e7\u00f5es na nova NR-18<\/strong><\/h2>\n<p style=\"text-align: justify;\">Criado dentro de um processo tripartite, que envolveu representantes de trabalhadores, empregadores e governo, o texto da nova NR-18 foi aprovado por unanimidade e tem vig\u00eancia prevista para a partir do dia 11 de fevereiro de 2021. Mais enxuto e desburocratizado, a nova norma conta com regras mais claras e objetivas, mantendo os princ\u00edpios e aprimorando as pr\u00e1ticas de seguran\u00e7a e sa\u00fade do trabalho na ind\u00fastria da constru\u00e7\u00e3o.<\/p>\n<p style=\"text-align: justify;\">Para \u00c9rico Furtado, a principal mudan\u00e7a na norma est\u00e1 relacionada \u00e0 gest\u00e3o de Seguran\u00e7a e Sa\u00fade no Trabalho para fazer com que todas as obras sejam seguras para os trabalhadores.<\/p>\n<p style=\"text-align: justify;\">\u201cA nova NR-18 traz mais liberdade, mas tamb\u00e9m mais responsabilidade para os trabalhadores, empres\u00e1rios e, principalmente, para os profissionais legalmente habilitados (PLH), que s\u00e3o os profissionais de seguran\u00e7a do trabalho\u201d, destaca a gerente de Seguran\u00e7a do Trabalho (Seconci-DF),\u00a0<strong>Juliana Oliveira.<\/strong><\/p>\n<p style=\"text-align: justify;\">Ao apontar os principais itens do processo de revis\u00e3o da NR-18, como os da implementa\u00e7\u00e3o do Programa de Gerenciamento de Riscos (PGR), que aguarda data para entrar em vigor, o de incentivo \u00e0 busca por solu\u00e7\u00f5es alternativas e\/ou inova\u00e7\u00e3o e o das as medidas de prote\u00e7\u00e3o contra queda de altura, Oliveira refor\u00e7ou a import\u00e2ncia da leitura completa do texto da nova norma.<\/p>\n<p style=\"text-align: justify;\">Sobre a quest\u00e3o do PGR, Guedes enfatizou que a responsabilidade da sua execu\u00e7\u00e3o \u00e9 dono da obra, mesmo que haja empresa terceirizada.<\/p>\n<h2 style=\"text-align: justify;\"><strong>Desafios e solu\u00e7\u00f5es para o setor da constru\u00e7\u00e3o\u00a0\u00a0<\/strong><\/h2>\n<p style=\"text-align: justify;\">Para auxiliar as empresas na implanta\u00e7\u00e3o da nova NR-18, o consultor CBIC e especialista em Engenharia de Seguran\u00e7a do Trabalho,\u00a0<strong>Hugo Sefrian<\/strong>, apresentou o\u00a0<strong>Manual de Assessoria de SST nos Canteiros de Obra de Edifica\u00e7\u00f5es<\/strong>, ferramenta colaborativa em desenvolvimento pela entidade e o Sesi Nacional.<\/p>\n<p style=\"text-align: justify;\">Com interface com outras NRs e o PGR, quando lan\u00e7ado o programa estar\u00e1 dispon\u00edvel no site da CBIC para todas as empresas e entidades associadas. A ferramenta poder\u00e1 ser utilizada pelos profissionais do setor que atuam nos canteiros de obras e visa auxiliar no processo de implanta\u00e7\u00e3o e verifica\u00e7\u00e3o dos novos requisitos da norma nos canteiros de obras.<\/p>\n<p style=\"text-align: justify;\">J\u00e1 o engenheiro de Seguran\u00e7a do Trabalho do Sesi Sa\u00fade de Pernambuco,\u00a0<strong>Ot\u00e1vio Pires Ferreira de Lima<\/strong>, informou que a entidade apoiar\u00e1 o setor com a Plataforma Sesi Viva+ e o Programa para o Atendimento \u00e0s Empresas de Constru\u00e7\u00e3o Civil, com visita aos canteiros para verificar o atendimento \u00e0 norma e a gera\u00e7\u00e3o de relat\u00f3rios para assessorar as empresas quanto \u00e0 aplica\u00e7\u00e3o da mesma para evitar acidentes e an\u00e1lise de preju\u00edzos, caso eles ocorram.<\/p>\n<p style=\"text-align: justify;\">No que se refere \u00e0 vis\u00e3o da Fiscaliza\u00e7\u00e3o sobre a aplica\u00e7\u00e3o da nova NR-18, a auditora fiscal do Trabalho,\u00a0<strong>Izabel Amanda Miranda Pedrosa Calado<\/strong>, refor\u00e7ou que projeto de SST n\u00e3o \u00e9 croqui e que a fiscaliza\u00e7\u00e3o verificar\u00e1 a cultura prevencionista nas empresas. \u201cVerificaremos o projeto e a conformidade da execu\u00e7\u00e3o e das medidas de preven\u00e7\u00e3o que ser\u00e3o implementadas. N\u00e3o adianta projetar e n\u00e3o executar\u201d, disse, completando que \u201cmaior liberdade para os empregadores est\u00e1 atrelada \u00e0 maior responsabilidade\u201d.<\/p>\n<p style=\"text-align: justify;\">Realizada pela CBIC e pelo Sinduscon-PE, com a correaliza\u00e7\u00e3o do Servi\u00e7o Social da Ind\u00fastria (Sesi-DN), e apoio da Ademi-PE, do Servi\u00e7o Social da Constru\u00e7\u00e3o (Seconci Brasil) e da Secretaria de Inspe\u00e7\u00e3o do Trabalho, do Minist\u00e9rio da Economia, a CANPAT Constru\u00e7\u00e3o virtual em Recife (PE) integra o projeto\u00a0\u2018Realiza\u00e7\u00e3o\/Participa\u00e7\u00e3o de\/Em eventos tem\u00e1ticos de RT\/SST\u2019, realizado pela CBIC, com a correaliza\u00e7\u00e3o do Sesi-DN.<\/p>\n<p style=\"text-align: justify;\">Acesse as\u00a0<a href=\"http:\/\/cbic.org.br\/apresentacoes\">apresenta\u00e7\u00f5es expostas durante a CANPAT Constru\u00e7\u00e3o em Recife\/PE.<\/a><\/p>\n<p style=\"text-align: justify;\">O\u00a0<a href=\"http:\/\/bit.ly\/canpat2020recife\">v\u00eddeo completo do evento est\u00e1 no\u00a0canal do YouTube da CBIC<\/a>.<\/p>\n<p><em>Fonte: Ag\u00eancia CBIC<\/em><\/p>\n","protected":false},"excerpt":{"rendered":"<p>Em mais uma edi\u00e7\u00e3o regional virtual da\u00a0Campanha Nacional de Preven\u00e7\u00e3o de Acidentes (CANPAT Constru\u00e7\u00e3o), desta vez em Recife (PE), foram apresentadas na sexta-feira (2) as principais altera\u00e7\u00f5es da NR-18 \u2013 Norma Regulamentadora para a Ind\u00fastria da Constru\u00e7\u00e3o e a vis\u00e3o da fiscaliza\u00e7\u00e3o do trabalho sobre sua aplica\u00e7\u00e3o no setor. Com a participa\u00e7\u00e3o de representantes dos [&hellip;]<\/p>\n","protected":false},"author":3,"featured_media":10175,"comment_status":"closed","ping_status":"closed","sticky":false,"template":"","format":"standard","meta":{"footnotes":""},"categories":[92],"tags":[],"class_list":["post-10174","post","type-post","status-publish","format-standard","has-post-thumbnail","hentry","category-seconci-brasil"],"yoast_head":"<!-- This site is optimized with the Yoast SEO plugin v26.9 - https:\/\/yoast.com\/product\/yoast-seo-wordpress\/ -->\n<title>CANPAT Constru\u00e7\u00e3o debate Seguran\u00e7a e Sa\u00fade no Trabalho em Pernambuco - Seconci Brasil<\/title>\n<meta name=\"robots\" content=\"index, follow, max-snippet:-1, max-image-preview:large, max-video-preview:-1\" \/>\n<link rel=\"canonical\" href=\"https:\/\/seconci.com.br\/site\/2020\/10\/06\/canpat-construcao-debate-seguranca-e-saude-no-trabalho-em-pernambuco\/\" \/>\n<meta property=\"og:locale\" content=\"pt_PT\" \/>\n<meta property=\"og:type\" content=\"article\" \/>\n<meta property=\"og:title\" content=\"CANPAT Constru\u00e7\u00e3o debate Seguran\u00e7a e Sa\u00fade no Trabalho em Pernambuco - Seconci Brasil\" \/>\n<meta property=\"og:description\" content=\"Em mais uma edi\u00e7\u00e3o regional virtual da\u00a0Campanha Nacional de Preven\u00e7\u00e3o de Acidentes (CANPAT Constru\u00e7\u00e3o), desta vez em Recife (PE), foram apresentadas na sexta-feira (2) as principais altera\u00e7\u00f5es da NR-18 \u2013 Norma Regulamentadora para a Ind\u00fastria da Constru\u00e7\u00e3o e a vis\u00e3o da fiscaliza\u00e7\u00e3o do trabalho sobre sua aplica\u00e7\u00e3o no setor. Com a participa\u00e7\u00e3o de representantes dos [&hellip;]\" \/>\n<meta property=\"og:url\" content=\"https:\/\/seconci.com.br\/site\/2020\/10\/06\/canpat-construcao-debate-seguranca-e-saude-no-trabalho-em-pernambuco\/\" \/>\n<meta property=\"og:site_name\" content=\"Seconci Brasil\" \/>\n<meta property=\"article:published_time\" content=\"2020-10-06T11:35:01+00:00\" \/>\n<meta property=\"article:modified_time\" content=\"2020-10-09T11:36:18+00:00\" \/>\n<meta property=\"og:image\" content=\"https:\/\/seconci.com.br\/site\/wp-content\/uploads\/2020\/10\/canpat-pernambuco.jpg\" \/>\n\t<meta property=\"og:image:width\" content=\"1280\" \/>\n\t<meta property=\"og:image:height\" content=\"480\" \/>\n\t<meta property=\"og:image:type\" content=\"image\/jpeg\" \/>\n<meta name=\"author\" content=\"Sidney Rocha\" \/>\n<meta name=\"twitter:card\" content=\"summary_large_image\" \/>\n<meta name=\"twitter:label1\" content=\"Escrito por\" \/>\n\t<meta name=\"twitter:data1\" content=\"Sidney Rocha\" \/>\n\t<meta name=\"twitter:label2\" content=\"Tempo estimado de leitura\" \/>\n\t<meta name=\"twitter:data2\" content=\"5 minutos\" \/>\n<script type=\"application\/ld+json\" class=\"yoast-schema-graph\">{\"@context\":\"https:\/\/schema.org\",\"@graph\":[{\"@type\":\"Article\",\"@id\":\"https:\/\/seconci.com.br\/site\/2020\/10\/06\/canpat-construcao-debate-seguranca-e-saude-no-trabalho-em-pernambuco\/#article\",\"isPartOf\":{\"@id\":\"https:\/\/seconci.com.br\/site\/2020\/10\/06\/canpat-construcao-debate-seguranca-e-saude-no-trabalho-em-pernambuco\/\"},\"author\":{\"name\":\"Sidney Rocha\",\"@id\":\"https:\/\/seconci.com.br\/site\/#\/schema\/person\/1d79afd97ddc8f2c68c1e88e298aa8e2\"},\"headline\":\"CANPAT Constru\u00e7\u00e3o debate Seguran\u00e7a e Sa\u00fade no Trabalho em Pernambuco\",\"datePublished\":\"2020-10-06T11:35:01+00:00\",\"dateModified\":\"2020-10-09T11:36:18+00:00\",\"mainEntityOfPage\":{\"@id\":\"https:\/\/seconci.com.br\/site\/2020\/10\/06\/canpat-construcao-debate-seguranca-e-saude-no-trabalho-em-pernambuco\/\"},\"wordCount\":1064,\"publisher\":{\"@id\":\"https:\/\/seconci.com.br\/site\/#organization\"},\"image\":{\"@id\":\"https:\/\/seconci.com.br\/site\/2020\/10\/06\/canpat-construcao-debate-seguranca-e-saude-no-trabalho-em-pernambuco\/#primaryimage\"},\"thumbnailUrl\":\"https:\/\/seconci.com.br\/site\/wp-content\/uploads\/2020\/10\/canpat-pernambuco.jpg\",\"articleSection\":[\"Seconci Brasil\"],\"inLanguage\":\"pt-PT\"},{\"@type\":\"WebPage\",\"@id\":\"https:\/\/seconci.com.br\/site\/2020\/10\/06\/canpat-construcao-debate-seguranca-e-saude-no-trabalho-em-pernambuco\/\",\"url\":\"https:\/\/seconci.com.br\/site\/2020\/10\/06\/canpat-construcao-debate-seguranca-e-saude-no-trabalho-em-pernambuco\/\",\"name\":\"CANPAT Constru\u00e7\u00e3o debate Seguran\u00e7a e Sa\u00fade no Trabalho em Pernambuco - Seconci Brasil\",\"isPartOf\":{\"@id\":\"https:\/\/seconci.com.br\/site\/#website\"},\"primaryImageOfPage\":{\"@id\":\"https:\/\/seconci.com.br\/site\/2020\/10\/06\/canpat-construcao-debate-seguranca-e-saude-no-trabalho-em-pernambuco\/#primaryimage\"},\"image\":{\"@id\":\"https:\/\/seconci.com.br\/site\/2020\/10\/06\/canpat-construcao-debate-seguranca-e-saude-no-trabalho-em-pernambuco\/#primaryimage\"},\"thumbnailUrl\":\"https:\/\/seconci.com.br\/site\/wp-content\/uploads\/2020\/10\/canpat-pernambuco.jpg\",\"datePublished\":\"2020-10-06T11:35:01+00:00\",\"dateModified\":\"2020-10-09T11:36:18+00:00\",\"breadcrumb\":{\"@id\":\"https:\/\/seconci.com.br\/site\/2020\/10\/06\/canpat-construcao-debate-seguranca-e-saude-no-trabalho-em-pernambuco\/#breadcrumb\"},\"inLanguage\":\"pt-PT\",\"potentialAction\":[{\"@type\":\"ReadAction\",\"target\":[\"https:\/\/seconci.com.br\/site\/2020\/10\/06\/canpat-construcao-debate-seguranca-e-saude-no-trabalho-em-pernambuco\/\"]}]},{\"@type\":\"ImageObject\",\"inLanguage\":\"pt-PT\",\"@id\":\"https:\/\/seconci.com.br\/site\/2020\/10\/06\/canpat-construcao-debate-seguranca-e-saude-no-trabalho-em-pernambuco\/#primaryimage\",\"url\":\"https:\/\/seconci.com.br\/site\/wp-content\/uploads\/2020\/10\/canpat-pernambuco.jpg\",\"contentUrl\":\"https:\/\/seconci.com.br\/site\/wp-content\/uploads\/2020\/10\/canpat-pernambuco.jpg\",\"width\":1280,\"height\":480},{\"@type\":\"BreadcrumbList\",\"@id\":\"https:\/\/seconci.com.br\/site\/2020\/10\/06\/canpat-construcao-debate-seguranca-e-saude-no-trabalho-em-pernambuco\/#breadcrumb\",\"itemListElement\":[{\"@type\":\"ListItem\",\"position\":1,\"name\":\"In\u00edcio\",\"item\":\"https:\/\/seconci.com.br\/site\/\"},{\"@type\":\"ListItem\",\"position\":2,\"name\":\"CANPAT Constru\u00e7\u00e3o debate Seguran\u00e7a e Sa\u00fade no Trabalho em Pernambuco\"}]},{\"@type\":\"WebSite\",\"@id\":\"https:\/\/seconci.com.br\/site\/#website\",\"url\":\"https:\/\/seconci.com.br\/site\/\",\"name\":\"Seconci Brasil\",\"description\":\"\",\"publisher\":{\"@id\":\"https:\/\/seconci.com.br\/site\/#organization\"},\"potentialAction\":[{\"@type\":\"SearchAction\",\"target\":{\"@type\":\"EntryPoint\",\"urlTemplate\":\"https:\/\/seconci.com.br\/site\/?s={search_term_string}\"},\"query-input\":{\"@type\":\"PropertyValueSpecification\",\"valueRequired\":true,\"valueName\":\"search_term_string\"}}],\"inLanguage\":\"pt-PT\"},{\"@type\":\"Organization\",\"@id\":\"https:\/\/seconci.com.br\/site\/#organization\",\"name\":\"Seconci Brasil\",\"url\":\"https:\/\/seconci.com.br\/site\/\",\"logo\":{\"@type\":\"ImageObject\",\"inLanguage\":\"pt-PT\",\"@id\":\"https:\/\/seconci.com.br\/site\/#\/schema\/logo\/image\/\",\"url\":\"https:\/\/seconci.com.br\/site\/wp-content\/uploads\/2024\/08\/Logo-Seconci-Brasil-branca-2.png\",\"contentUrl\":\"https:\/\/seconci.com.br\/site\/wp-content\/uploads\/2024\/08\/Logo-Seconci-Brasil-branca-2.png\",\"width\":1315,\"height\":598,\"caption\":\"Seconci Brasil\"},\"image\":{\"@id\":\"https:\/\/seconci.com.br\/site\/#\/schema\/logo\/image\/\"}},{\"@type\":\"Person\",\"@id\":\"https:\/\/seconci.com.br\/site\/#\/schema\/person\/1d79afd97ddc8f2c68c1e88e298aa8e2\",\"name\":\"Sidney Rocha\",\"description\":\"Comunicador e estagi\u00e1rio do Seconci Brasil.\",\"url\":\"https:\/\/seconci.com.br\/site\/author\/sidney-rocha\/\"}]}<\/script>\n<!-- \/ Yoast SEO plugin. -->","yoast_head_json":{"title":"CANPAT Constru\u00e7\u00e3o debate Seguran\u00e7a e Sa\u00fade no Trabalho em Pernambuco - Seconci Brasil","robots":{"index":"index","follow":"follow","max-snippet":"max-snippet:-1","max-image-preview":"max-image-preview:large","max-video-preview":"max-video-preview:-1"},"canonical":"https:\/\/seconci.com.br\/site\/2020\/10\/06\/canpat-construcao-debate-seguranca-e-saude-no-trabalho-em-pernambuco\/","og_locale":"pt_PT","og_type":"article","og_title":"CANPAT Constru\u00e7\u00e3o debate Seguran\u00e7a e Sa\u00fade no Trabalho em Pernambuco - Seconci Brasil","og_description":"Em mais uma edi\u00e7\u00e3o regional virtual da\u00a0Campanha Nacional de Preven\u00e7\u00e3o de Acidentes (CANPAT Constru\u00e7\u00e3o), desta vez em Recife (PE), foram apresentadas na sexta-feira (2) as principais altera\u00e7\u00f5es da NR-18 \u2013 Norma Regulamentadora para a Ind\u00fastria da Constru\u00e7\u00e3o e a vis\u00e3o da fiscaliza\u00e7\u00e3o do trabalho sobre sua aplica\u00e7\u00e3o no setor. Com a participa\u00e7\u00e3o de representantes dos [&hellip;]","og_url":"https:\/\/seconci.com.br\/site\/2020\/10\/06\/canpat-construcao-debate-seguranca-e-saude-no-trabalho-em-pernambuco\/","og_site_name":"Seconci Brasil","article_published_time":"2020-10-06T11:35:01+00:00","article_modified_time":"2020-10-09T11:36:18+00:00","og_image":[{"width":1280,"height":480,"url":"https:\/\/seconci.com.br\/site\/wp-content\/uploads\/2020\/10\/canpat-pernambuco.jpg","type":"image\/jpeg"}],"author":"Sidney Rocha","twitter_card":"summary_large_image","twitter_misc":{"Escrito por":"Sidney Rocha","Tempo estimado de leitura":"5 minutos"},"schema":{"@context":"https:\/\/schema.org","@graph":[{"@type":"Article","@id":"https:\/\/seconci.com.br\/site\/2020\/10\/06\/canpat-construcao-debate-seguranca-e-saude-no-trabalho-em-pernambuco\/#article","isPartOf":{"@id":"https:\/\/seconci.com.br\/site\/2020\/10\/06\/canpat-construcao-debate-seguranca-e-saude-no-trabalho-em-pernambuco\/"},"author":{"name":"Sidney Rocha","@id":"https:\/\/seconci.com.br\/site\/#\/schema\/person\/1d79afd97ddc8f2c68c1e88e298aa8e2"},"headline":"CANPAT Constru\u00e7\u00e3o debate Seguran\u00e7a e Sa\u00fade no Trabalho em Pernambuco","datePublished":"2020-10-06T11:35:01+00:00","dateModified":"2020-10-09T11:36:18+00:00","mainEntityOfPage":{"@id":"https:\/\/seconci.com.br\/site\/2020\/10\/06\/canpat-construcao-debate-seguranca-e-saude-no-trabalho-em-pernambuco\/"},"wordCount":1064,"publisher":{"@id":"https:\/\/seconci.com.br\/site\/#organization"},"image":{"@id":"https:\/\/seconci.com.br\/site\/2020\/10\/06\/canpat-construcao-debate-seguranca-e-saude-no-trabalho-em-pernambuco\/#primaryimage"},"thumbnailUrl":"https:\/\/seconci.com.br\/site\/wp-content\/uploads\/2020\/10\/canpat-pernambuco.jpg","articleSection":["Seconci Brasil"],"inLanguage":"pt-PT"},{"@type":"WebPage","@id":"https:\/\/seconci.com.br\/site\/2020\/10\/06\/canpat-construcao-debate-seguranca-e-saude-no-trabalho-em-pernambuco\/","url":"https:\/\/seconci.com.br\/site\/2020\/10\/06\/canpat-construcao-debate-seguranca-e-saude-no-trabalho-em-pernambuco\/","name":"CANPAT Constru\u00e7\u00e3o debate Seguran\u00e7a e Sa\u00fade no Trabalho em Pernambuco - Seconci Brasil","isPartOf":{"@id":"https:\/\/seconci.com.br\/site\/#website"},"primaryImageOfPage":{"@id":"https:\/\/seconci.com.br\/site\/2020\/10\/06\/canpat-construcao-debate-seguranca-e-saude-no-trabalho-em-pernambuco\/#primaryimage"},"image":{"@id":"https:\/\/seconci.com.br\/site\/2020\/10\/06\/canpat-construcao-debate-seguranca-e-saude-no-trabalho-em-pernambuco\/#primaryimage"},"thumbnailUrl":"https:\/\/seconci.com.br\/site\/wp-content\/uploads\/2020\/10\/canpat-pernambuco.jpg","datePublished":"2020-10-06T11:35:01+00:00","dateModified":"2020-10-09T11:36:18+00:00","breadcrumb":{"@id":"https:\/\/seconci.com.br\/site\/2020\/10\/06\/canpat-construcao-debate-seguranca-e-saude-no-trabalho-em-pernambuco\/#breadcrumb"},"inLanguage":"pt-PT","potentialAction":[{"@type":"ReadAction","target":["https:\/\/seconci.com.br\/site\/2020\/10\/06\/canpat-construcao-debate-seguranca-e-saude-no-trabalho-em-pernambuco\/"]}]},{"@type":"ImageObject","inLanguage":"pt-PT","@id":"https:\/\/seconci.com.br\/site\/2020\/10\/06\/canpat-construcao-debate-seguranca-e-saude-no-trabalho-em-pernambuco\/#primaryimage","url":"https:\/\/seconci.com.br\/site\/wp-content\/uploads\/2020\/10\/canpat-pernambuco.jpg","contentUrl":"https:\/\/seconci.com.br\/site\/wp-content\/uploads\/2020\/10\/canpat-pernambuco.jpg","width":1280,"height":480},{"@type":"BreadcrumbList","@id":"https:\/\/seconci.com.br\/site\/2020\/10\/06\/canpat-construcao-debate-seguranca-e-saude-no-trabalho-em-pernambuco\/#breadcrumb","itemListElement":[{"@type":"ListItem","position":1,"name":"In\u00edcio","item":"https:\/\/seconci.com.br\/site\/"},{"@type":"ListItem","position":2,"name":"CANPAT Constru\u00e7\u00e3o debate Seguran\u00e7a e Sa\u00fade no Trabalho em Pernambuco"}]},{"@type":"WebSite","@id":"https:\/\/seconci.com.br\/site\/#website","url":"https:\/\/seconci.com.br\/site\/","name":"Seconci Brasil","description":"","publisher":{"@id":"https:\/\/seconci.com.br\/site\/#organization"},"potentialAction":[{"@type":"SearchAction","target":{"@type":"EntryPoint","urlTemplate":"https:\/\/seconci.com.br\/site\/?s={search_term_string}"},"query-input":{"@type":"PropertyValueSpecification","valueRequired":true,"valueName":"search_term_string"}}],"inLanguage":"pt-PT"},{"@type":"Organization","@id":"https:\/\/seconci.com.br\/site\/#organization","name":"Seconci Brasil","url":"https:\/\/seconci.com.br\/site\/","logo":{"@type":"ImageObject","inLanguage":"pt-PT","@id":"https:\/\/seconci.com.br\/site\/#\/schema\/logo\/image\/","url":"https:\/\/seconci.com.br\/site\/wp-content\/uploads\/2024\/08\/Logo-Seconci-Brasil-branca-2.png","contentUrl":"https:\/\/seconci.com.br\/site\/wp-content\/uploads\/2024\/08\/Logo-Seconci-Brasil-branca-2.png","width":1315,"height":598,"caption":"Seconci Brasil"},"image":{"@id":"https:\/\/seconci.com.br\/site\/#\/schema\/logo\/image\/"}},{"@type":"Person","@id":"https:\/\/seconci.com.br\/site\/#\/schema\/person\/1d79afd97ddc8f2c68c1e88e298aa8e2","name":"Sidney Rocha","description":"Comunicador e estagi\u00e1rio do Seconci Brasil.","url":"https:\/\/seconci.com.br\/site\/author\/sidney-rocha\/"}]}},"_links":{"self":[{"href":"https:\/\/seconci.com.br\/site\/wp-json\/wp\/v2\/posts\/10174","targetHints":{"allow":["GET"]}}],"collection":[{"href":"https:\/\/seconci.com.br\/site\/wp-json\/wp\/v2\/posts"}],"about":[{"href":"https:\/\/seconci.com.br\/site\/wp-json\/wp\/v2\/types\/post"}],"author":[{"embeddable":true,"href":"https:\/\/seconci.com.br\/site\/wp-json\/wp\/v2\/users\/3"}],"replies":[{"embeddable":true,"href":"https:\/\/seconci.com.br\/site\/wp-json\/wp\/v2\/comments?post=10174"}],"version-history":[{"count":0,"href":"https:\/\/seconci.com.br\/site\/wp-json\/wp\/v2\/posts\/10174\/revisions"}],"wp:featuredmedia":[{"embeddable":true,"href":"https:\/\/seconci.com.br\/site\/wp-json\/wp\/v2\/media\/10175"}],"wp:attachment":[{"href":"https:\/\/seconci.com.br\/site\/wp-json\/wp\/v2\/media?parent=10174"}],"wp:term":[{"taxonomy":"category","embeddable":true,"href":"https:\/\/seconci.com.br\/site\/wp-json\/wp\/v2\/categories?post=10174"},{"taxonomy":"post_tag","embeddable":true,"href":"https:\/\/seconci.com.br\/site\/wp-json\/wp\/v2\/tags?post=10174"}],"curies":[{"name":"wp","href":"https:\/\/api.w.org\/{rel}","templated":true}]}}