{"id":10234,"date":"2020-10-22T23:51:55","date_gmt":"2020-10-22T23:51:55","guid":{"rendered":"https:\/\/seconci.com.br\/site\/?p=10234"},"modified":"2020-10-23T11:33:29","modified_gmt":"2020-10-23T11:33:29","slug":"ense-2020-segundo-dia-teve-debates-sobre-medicina-odontologia-comunicacao-e-servico-social","status":"publish","type":"post","link":"https:\/\/seconci.com.br\/site\/2020\/10\/22\/ense-2020-segundo-dia-teve-debates-sobre-medicina-odontologia-comunicacao-e-servico-social\/","title":{"rendered":"ENSE 2020: segundo dia teve debates sobre medicina, odontologia, comunica\u00e7\u00e3o e servi\u00e7o social"},"content":{"rendered":"<p style=\"text-align: center;\"><em>Na pauta, as dificuldades enfrentadas durante a pandemia e desafios di\u00e1rios no atendimento e na presta\u00e7\u00e3o de servi\u00e7os \u00e0s empresas e aos trabalhadores<\/em><\/p>\n<p style=\"text-align: justify;\"><em><strong>Assessoria de Comunica\u00e7\u00e3o Social do Seconci Brasil<\/strong><\/em><\/p>\n<p style=\"text-align: justify;\">No segundo dia do Encontro Nacional de Seconcis, evento anual que re\u00fane todas os Servi\u00e7os Sociais da Constru\u00e7\u00e3o do pa\u00eds, aconteceram reuni\u00f5es das \u00e1reas t\u00e9cnicas das entidades. O encontro contou com a participa\u00e7\u00e3o de representantes de medicina, de odontologia, de comunica\u00e7\u00e3o e de servi\u00e7o social. Por causa da pandemia do Coronav\u00edrus, este ano, o evento est\u00e1 sendo realizado de forma virtual e conta com a participa\u00e7\u00e3o de representantes dos 15 Seconcis em funcionamento no pa\u00eds.<\/p>\n<p style=\"text-align: justify;\">Durante a reuni\u00e3o dos representantes da medicina, foram debatidos os protocolos de atendimento relacionados \u00e0 pandemia, o retorno das atividades e a preserva\u00e7\u00e3o da sa\u00fade e seguran\u00e7a dos colaboradores, pacientes e todos que est\u00e3o envolvidos de atendimento e funcionamento das entidades. \u201cEstamos voltando com nossos servi\u00e7os e temos muita demanda. Nossa preocupa\u00e7\u00e3o \u00e9 manter alguns cuidados, tempo de atendimento maior. Acho importante fazermos uma nova videoconfer\u00eancia para alertar as empresas porque temos que manter os cuidados e a fiscaliza\u00e7\u00e3o segue agindo\u201d, explicou a coordenadora m\u00e9dica do Seconci-MG, Ana Lucia Elias de Almeida.<\/p>\n<p style=\"text-align: justify;\"><img fetchpriority=\"high\" decoding=\"async\" class=\"size-medium wp-image-10241 alignleft\" src=\"http:\/\/seconci.com.br\/site\/wp-content\/uploads\/2020\/10\/medicina-300x208.png\" alt=\"\" width=\"300\" height=\"208\" srcset=\"https:\/\/seconci.com.br\/site\/wp-content\/uploads\/2020\/10\/medicina-300x208.png 300w, https:\/\/seconci.com.br\/site\/wp-content\/uploads\/2020\/10\/medicina-768x531.png 768w, https:\/\/seconci.com.br\/site\/wp-content\/uploads\/2020\/10\/medicina-1024x708.png 1024w, https:\/\/seconci.com.br\/site\/wp-content\/uploads\/2020\/10\/medicina-600x415.png 600w, https:\/\/seconci.com.br\/site\/wp-content\/uploads\/2020\/10\/medicina.png 1058w\" sizes=\"(max-width: 300px) 100vw, 300px\" \/>Em Manaus, o Seconci n\u00e3o chegou a suspender todos os atendimentos e, atendendo aos protocolos, a entidade seguiu com os servi\u00e7os \u00e0s empresas e em prol dos trabalhadores. \u201cN\u00e3o chegamos a parar o atendimento, sempre buscando atender os protocolos de sa\u00fade. Fizemos alguns ajustes e diminu\u00edmos quantidade para at\u00e9 evitar que houvesse aglomera\u00e7\u00f5es e riscos de contamina\u00e7\u00e3o\u201d, disse Alair de Paula, gerente geral do Seconci Manaus.<\/p>\n<p style=\"text-align: justify;\">No caso da odontologia, a grande preocupa\u00e7\u00e3o dos participantes foi manter os protocolos de sa\u00fade e garantir que os trabalhadores n\u00e3o ficassem sem atendimento. O coordenador de odontologia do Seconci-RIO, Leonardo Vieira, fez um panorama das dificuldades enfrentadas pela \u00e1rea desde o in\u00edcio da pandemia e como est\u00e1 o retorno do atendimento, em sua forma integral. \u201cCom a suspens\u00e3o dos atendimentos eletivos, come\u00e7amos a atender somente urg\u00eancias e emerg\u00eancias e isso acabou gerando uma ociosidade para os funcion\u00e1rios. Com o retorno das consultas eletivas, cumprindo todos os protocolos, estamos garantindo a seguran\u00e7a para todos\u201d, explicou Vieira.<\/p>\n<p style=\"text-align: justify;\">Em algumas regi\u00f5es, o atendimento odontol\u00f3gico est\u00e1 normalizado. O Seconci Goi\u00e1s, por exemplo, est\u00e1 atendendo desde julho e, para isso, fez algumas altera\u00e7\u00f5es como delimitar as consultas somente para quatro pacientes\/dia por dentistas, uma hora para cada paciente. Da mesma forma que outras entidades que j\u00e1 voltaram com as consultas eletivas para al\u00e9m dos casos de urg\u00eancia e de emerg\u00eancia.<\/p>\n<p style=\"text-align: justify;\"><img decoding=\"async\" class=\"size-medium wp-image-10239 alignright\" src=\"http:\/\/seconci.com.br\/site\/wp-content\/uploads\/2020\/10\/comunicacao-300x184.png\" alt=\"\" width=\"300\" height=\"184\" srcset=\"https:\/\/seconci.com.br\/site\/wp-content\/uploads\/2020\/10\/comunicacao-300x184.png 300w, https:\/\/seconci.com.br\/site\/wp-content\/uploads\/2020\/10\/comunicacao-768x472.png 768w, https:\/\/seconci.com.br\/site\/wp-content\/uploads\/2020\/10\/comunicacao-1024x629.png 1024w, https:\/\/seconci.com.br\/site\/wp-content\/uploads\/2020\/10\/comunicacao-600x368.png 600w, https:\/\/seconci.com.br\/site\/wp-content\/uploads\/2020\/10\/comunicacao.png 1272w\" sizes=\"(max-width: 300px) 100vw, 300px\" \/><\/p>\n<p style=\"text-align: justify;\">\n<p style=\"text-align: justify;\"><strong>COMUNICA\u00c7\u00c3O<\/strong>: Esse ano, o ENSE teve sua primeira reuni\u00e3o especifica com as equipes de comunica\u00e7\u00e3o e servi\u00e7o social. No total, 21 pessoas participaram da <em>live<\/em> entre jornalistas, assistentes sociais e gestores. Na pauta, os projetos de divulga\u00e7\u00e3o, marketing e atendimento social prestados pelas entidades. Em comum, a preocupa\u00e7\u00e3o com a pandemia e os trabalhadores desenvolvidos nas \u00e1reas como cartilhas, videoconfer\u00eancias, visitas orientativas, v\u00eddeos explicativos, entre outros.<\/p>\n<p style=\"text-align: justify;\">Nesta sexta, \u00faltimo dia do encontro, os gerentes executivos e diretoria se re\u00fanem para tratar sobre o futuro das entidades e o momento atual enfrentado por todos, al\u00e9m de falar de assuntos rotineiros e t\u00e9cnicos das entidades.<\/p>\n<p>Veja como foi o primeiro dia do ENSE 2020: <a href=\"https:\/\/seconci.com.br\/site\/2020\/10\/21\/ense-2020-primeiro-dia-e-dedicado-a-seguranca-do-trabalho\/\" target=\"_blank\" rel=\"noopener\">clique aqui!<\/a><\/p>\n<p style=\"text-align: justify;\">\n","protected":false},"excerpt":{"rendered":"<p>Na pauta, as dificuldades enfrentadas durante a pandemia e desafios di\u00e1rios no atendimento e na presta\u00e7\u00e3o de servi\u00e7os \u00e0s empresas e aos trabalhadores Assessoria de Comunica\u00e7\u00e3o Social do Seconci Brasil No segundo dia do Encontro Nacional de Seconcis, evento anual que re\u00fane todas os Servi\u00e7os Sociais da Constru\u00e7\u00e3o do pa\u00eds, aconteceram reuni\u00f5es das \u00e1reas t\u00e9cnicas [&hellip;]<\/p>\n","protected":false},"author":3,"featured_media":10242,"comment_status":"closed","ping_status":"closed","sticky":false,"template":"","format":"standard","meta":{"footnotes":""},"categories":[92],"tags":[],"class_list":["post-10234","post","type-post","status-publish","format-standard","has-post-thumbnail","hentry","category-seconci-brasil"],"yoast_head":"<!-- This site is optimized with the Yoast SEO plugin v26.9 - https:\/\/yoast.com\/product\/yoast-seo-wordpress\/ -->\n<title>ENSE 2020: segundo dia teve debates sobre medicina, odontologia, comunica\u00e7\u00e3o e servi\u00e7o social - Seconci Brasil<\/title>\n<meta name=\"robots\" content=\"index, follow, max-snippet:-1, max-image-preview:large, max-video-preview:-1\" \/>\n<link rel=\"canonical\" href=\"https:\/\/seconci.com.br\/site\/2020\/10\/22\/ense-2020-segundo-dia-teve-debates-sobre-medicina-odontologia-comunicacao-e-servico-social\/\" \/>\n<meta property=\"og:locale\" content=\"pt_PT\" \/>\n<meta property=\"og:type\" content=\"article\" \/>\n<meta property=\"og:title\" content=\"ENSE 2020: segundo dia teve debates sobre medicina, odontologia, comunica\u00e7\u00e3o e servi\u00e7o social - Seconci Brasil\" \/>\n<meta property=\"og:description\" content=\"Na pauta, as dificuldades enfrentadas durante a pandemia e desafios di\u00e1rios no atendimento e na presta\u00e7\u00e3o de servi\u00e7os \u00e0s empresas e aos trabalhadores Assessoria de Comunica\u00e7\u00e3o Social do Seconci Brasil No segundo dia do Encontro Nacional de Seconcis, evento anual que re\u00fane todas os Servi\u00e7os Sociais da Constru\u00e7\u00e3o do pa\u00eds, aconteceram reuni\u00f5es das \u00e1reas t\u00e9cnicas [&hellip;]\" \/>\n<meta property=\"og:url\" content=\"https:\/\/seconci.com.br\/site\/2020\/10\/22\/ense-2020-segundo-dia-teve-debates-sobre-medicina-odontologia-comunicacao-e-servico-social\/\" \/>\n<meta property=\"og:site_name\" content=\"Seconci Brasil\" \/>\n<meta property=\"article:published_time\" content=\"2020-10-22T23:51:55+00:00\" \/>\n<meta property=\"article:modified_time\" content=\"2020-10-23T11:33:29+00:00\" \/>\n<meta property=\"og:image\" content=\"https:\/\/seconci.com.br\/site\/wp-content\/uploads\/2020\/10\/odonto.png\" \/>\n\t<meta property=\"og:image:width\" content=\"1258\" \/>\n\t<meta property=\"og:image:height\" content=\"729\" \/>\n\t<meta property=\"og:image:type\" content=\"image\/png\" \/>\n<meta name=\"author\" content=\"Sidney Rocha\" \/>\n<meta name=\"twitter:card\" content=\"summary_large_image\" \/>\n<meta name=\"twitter:label1\" content=\"Escrito por\" \/>\n\t<meta name=\"twitter:data1\" content=\"Sidney Rocha\" \/>\n\t<meta name=\"twitter:label2\" content=\"Tempo estimado de leitura\" \/>\n\t<meta name=\"twitter:data2\" content=\"3 minutos\" \/>\n<script type=\"application\/ld+json\" class=\"yoast-schema-graph\">{\"@context\":\"https:\/\/schema.org\",\"@graph\":[{\"@type\":\"Article\",\"@id\":\"https:\/\/seconci.com.br\/site\/2020\/10\/22\/ense-2020-segundo-dia-teve-debates-sobre-medicina-odontologia-comunicacao-e-servico-social\/#article\",\"isPartOf\":{\"@id\":\"https:\/\/seconci.com.br\/site\/2020\/10\/22\/ense-2020-segundo-dia-teve-debates-sobre-medicina-odontologia-comunicacao-e-servico-social\/\"},\"author\":{\"name\":\"Sidney Rocha\",\"@id\":\"https:\/\/seconci.com.br\/site\/#\/schema\/person\/1d79afd97ddc8f2c68c1e88e298aa8e2\"},\"headline\":\"ENSE 2020: segundo dia teve debates sobre medicina, odontologia, comunica\u00e7\u00e3o e servi\u00e7o social\",\"datePublished\":\"2020-10-22T23:51:55+00:00\",\"dateModified\":\"2020-10-23T11:33:29+00:00\",\"mainEntityOfPage\":{\"@id\":\"https:\/\/seconci.com.br\/site\/2020\/10\/22\/ense-2020-segundo-dia-teve-debates-sobre-medicina-odontologia-comunicacao-e-servico-social\/\"},\"wordCount\":604,\"publisher\":{\"@id\":\"https:\/\/seconci.com.br\/site\/#organization\"},\"image\":{\"@id\":\"https:\/\/seconci.com.br\/site\/2020\/10\/22\/ense-2020-segundo-dia-teve-debates-sobre-medicina-odontologia-comunicacao-e-servico-social\/#primaryimage\"},\"thumbnailUrl\":\"https:\/\/seconci.com.br\/site\/wp-content\/uploads\/2020\/10\/odonto.png\",\"articleSection\":[\"Seconci Brasil\"],\"inLanguage\":\"pt-PT\"},{\"@type\":\"WebPage\",\"@id\":\"https:\/\/seconci.com.br\/site\/2020\/10\/22\/ense-2020-segundo-dia-teve-debates-sobre-medicina-odontologia-comunicacao-e-servico-social\/\",\"url\":\"https:\/\/seconci.com.br\/site\/2020\/10\/22\/ense-2020-segundo-dia-teve-debates-sobre-medicina-odontologia-comunicacao-e-servico-social\/\",\"name\":\"ENSE 2020: segundo dia teve debates sobre medicina, odontologia, comunica\u00e7\u00e3o e servi\u00e7o social - Seconci Brasil\",\"isPartOf\":{\"@id\":\"https:\/\/seconci.com.br\/site\/#website\"},\"primaryImageOfPage\":{\"@id\":\"https:\/\/seconci.com.br\/site\/2020\/10\/22\/ense-2020-segundo-dia-teve-debates-sobre-medicina-odontologia-comunicacao-e-servico-social\/#primaryimage\"},\"image\":{\"@id\":\"https:\/\/seconci.com.br\/site\/2020\/10\/22\/ense-2020-segundo-dia-teve-debates-sobre-medicina-odontologia-comunicacao-e-servico-social\/#primaryimage\"},\"thumbnailUrl\":\"https:\/\/seconci.com.br\/site\/wp-content\/uploads\/2020\/10\/odonto.png\",\"datePublished\":\"2020-10-22T23:51:55+00:00\",\"dateModified\":\"2020-10-23T11:33:29+00:00\",\"breadcrumb\":{\"@id\":\"https:\/\/seconci.com.br\/site\/2020\/10\/22\/ense-2020-segundo-dia-teve-debates-sobre-medicina-odontologia-comunicacao-e-servico-social\/#breadcrumb\"},\"inLanguage\":\"pt-PT\",\"potentialAction\":[{\"@type\":\"ReadAction\",\"target\":[\"https:\/\/seconci.com.br\/site\/2020\/10\/22\/ense-2020-segundo-dia-teve-debates-sobre-medicina-odontologia-comunicacao-e-servico-social\/\"]}]},{\"@type\":\"ImageObject\",\"inLanguage\":\"pt-PT\",\"@id\":\"https:\/\/seconci.com.br\/site\/2020\/10\/22\/ense-2020-segundo-dia-teve-debates-sobre-medicina-odontologia-comunicacao-e-servico-social\/#primaryimage\",\"url\":\"https:\/\/seconci.com.br\/site\/wp-content\/uploads\/2020\/10\/odonto.png\",\"contentUrl\":\"https:\/\/seconci.com.br\/site\/wp-content\/uploads\/2020\/10\/odonto.png\",\"width\":1258,\"height\":729},{\"@type\":\"BreadcrumbList\",\"@id\":\"https:\/\/seconci.com.br\/site\/2020\/10\/22\/ense-2020-segundo-dia-teve-debates-sobre-medicina-odontologia-comunicacao-e-servico-social\/#breadcrumb\",\"itemListElement\":[{\"@type\":\"ListItem\",\"position\":1,\"name\":\"In\u00edcio\",\"item\":\"https:\/\/seconci.com.br\/site\/\"},{\"@type\":\"ListItem\",\"position\":2,\"name\":\"ENSE 2020: segundo dia teve debates sobre medicina, odontologia, comunica\u00e7\u00e3o e servi\u00e7o social\"}]},{\"@type\":\"WebSite\",\"@id\":\"https:\/\/seconci.com.br\/site\/#website\",\"url\":\"https:\/\/seconci.com.br\/site\/\",\"name\":\"Seconci Brasil\",\"description\":\"\",\"publisher\":{\"@id\":\"https:\/\/seconci.com.br\/site\/#organization\"},\"potentialAction\":[{\"@type\":\"SearchAction\",\"target\":{\"@type\":\"EntryPoint\",\"urlTemplate\":\"https:\/\/seconci.com.br\/site\/?s={search_term_string}\"},\"query-input\":{\"@type\":\"PropertyValueSpecification\",\"valueRequired\":true,\"valueName\":\"search_term_string\"}}],\"inLanguage\":\"pt-PT\"},{\"@type\":\"Organization\",\"@id\":\"https:\/\/seconci.com.br\/site\/#organization\",\"name\":\"Seconci Brasil\",\"url\":\"https:\/\/seconci.com.br\/site\/\",\"logo\":{\"@type\":\"ImageObject\",\"inLanguage\":\"pt-PT\",\"@id\":\"https:\/\/seconci.com.br\/site\/#\/schema\/logo\/image\/\",\"url\":\"https:\/\/seconci.com.br\/site\/wp-content\/uploads\/2024\/08\/Logo-Seconci-Brasil-branca-2.png\",\"contentUrl\":\"https:\/\/seconci.com.br\/site\/wp-content\/uploads\/2024\/08\/Logo-Seconci-Brasil-branca-2.png\",\"width\":1315,\"height\":598,\"caption\":\"Seconci Brasil\"},\"image\":{\"@id\":\"https:\/\/seconci.com.br\/site\/#\/schema\/logo\/image\/\"}},{\"@type\":\"Person\",\"@id\":\"https:\/\/seconci.com.br\/site\/#\/schema\/person\/1d79afd97ddc8f2c68c1e88e298aa8e2\",\"name\":\"Sidney Rocha\",\"description\":\"Comunicador e estagi\u00e1rio do Seconci Brasil.\",\"url\":\"https:\/\/seconci.com.br\/site\/author\/sidney-rocha\/\"}]}<\/script>\n<!-- \/ Yoast SEO plugin. -->","yoast_head_json":{"title":"ENSE 2020: segundo dia teve debates sobre medicina, odontologia, comunica\u00e7\u00e3o e servi\u00e7o social - Seconci Brasil","robots":{"index":"index","follow":"follow","max-snippet":"max-snippet:-1","max-image-preview":"max-image-preview:large","max-video-preview":"max-video-preview:-1"},"canonical":"https:\/\/seconci.com.br\/site\/2020\/10\/22\/ense-2020-segundo-dia-teve-debates-sobre-medicina-odontologia-comunicacao-e-servico-social\/","og_locale":"pt_PT","og_type":"article","og_title":"ENSE 2020: segundo dia teve debates sobre medicina, odontologia, comunica\u00e7\u00e3o e servi\u00e7o social - Seconci Brasil","og_description":"Na pauta, as dificuldades enfrentadas durante a pandemia e desafios di\u00e1rios no atendimento e na presta\u00e7\u00e3o de servi\u00e7os \u00e0s empresas e aos trabalhadores Assessoria de Comunica\u00e7\u00e3o Social do Seconci Brasil No segundo dia do Encontro Nacional de Seconcis, evento anual que re\u00fane todas os Servi\u00e7os Sociais da Constru\u00e7\u00e3o do pa\u00eds, aconteceram reuni\u00f5es das \u00e1reas t\u00e9cnicas [&hellip;]","og_url":"https:\/\/seconci.com.br\/site\/2020\/10\/22\/ense-2020-segundo-dia-teve-debates-sobre-medicina-odontologia-comunicacao-e-servico-social\/","og_site_name":"Seconci Brasil","article_published_time":"2020-10-22T23:51:55+00:00","article_modified_time":"2020-10-23T11:33:29+00:00","og_image":[{"width":1258,"height":729,"url":"https:\/\/seconci.com.br\/site\/wp-content\/uploads\/2020\/10\/odonto.png","type":"image\/png"}],"author":"Sidney Rocha","twitter_card":"summary_large_image","twitter_misc":{"Escrito por":"Sidney Rocha","Tempo estimado de leitura":"3 minutos"},"schema":{"@context":"https:\/\/schema.org","@graph":[{"@type":"Article","@id":"https:\/\/seconci.com.br\/site\/2020\/10\/22\/ense-2020-segundo-dia-teve-debates-sobre-medicina-odontologia-comunicacao-e-servico-social\/#article","isPartOf":{"@id":"https:\/\/seconci.com.br\/site\/2020\/10\/22\/ense-2020-segundo-dia-teve-debates-sobre-medicina-odontologia-comunicacao-e-servico-social\/"},"author":{"name":"Sidney Rocha","@id":"https:\/\/seconci.com.br\/site\/#\/schema\/person\/1d79afd97ddc8f2c68c1e88e298aa8e2"},"headline":"ENSE 2020: segundo dia teve debates sobre medicina, odontologia, comunica\u00e7\u00e3o e servi\u00e7o social","datePublished":"2020-10-22T23:51:55+00:00","dateModified":"2020-10-23T11:33:29+00:00","mainEntityOfPage":{"@id":"https:\/\/seconci.com.br\/site\/2020\/10\/22\/ense-2020-segundo-dia-teve-debates-sobre-medicina-odontologia-comunicacao-e-servico-social\/"},"wordCount":604,"publisher":{"@id":"https:\/\/seconci.com.br\/site\/#organization"},"image":{"@id":"https:\/\/seconci.com.br\/site\/2020\/10\/22\/ense-2020-segundo-dia-teve-debates-sobre-medicina-odontologia-comunicacao-e-servico-social\/#primaryimage"},"thumbnailUrl":"https:\/\/seconci.com.br\/site\/wp-content\/uploads\/2020\/10\/odonto.png","articleSection":["Seconci Brasil"],"inLanguage":"pt-PT"},{"@type":"WebPage","@id":"https:\/\/seconci.com.br\/site\/2020\/10\/22\/ense-2020-segundo-dia-teve-debates-sobre-medicina-odontologia-comunicacao-e-servico-social\/","url":"https:\/\/seconci.com.br\/site\/2020\/10\/22\/ense-2020-segundo-dia-teve-debates-sobre-medicina-odontologia-comunicacao-e-servico-social\/","name":"ENSE 2020: segundo dia teve debates sobre medicina, odontologia, comunica\u00e7\u00e3o e servi\u00e7o social - Seconci Brasil","isPartOf":{"@id":"https:\/\/seconci.com.br\/site\/#website"},"primaryImageOfPage":{"@id":"https:\/\/seconci.com.br\/site\/2020\/10\/22\/ense-2020-segundo-dia-teve-debates-sobre-medicina-odontologia-comunicacao-e-servico-social\/#primaryimage"},"image":{"@id":"https:\/\/seconci.com.br\/site\/2020\/10\/22\/ense-2020-segundo-dia-teve-debates-sobre-medicina-odontologia-comunicacao-e-servico-social\/#primaryimage"},"thumbnailUrl":"https:\/\/seconci.com.br\/site\/wp-content\/uploads\/2020\/10\/odonto.png","datePublished":"2020-10-22T23:51:55+00:00","dateModified":"2020-10-23T11:33:29+00:00","breadcrumb":{"@id":"https:\/\/seconci.com.br\/site\/2020\/10\/22\/ense-2020-segundo-dia-teve-debates-sobre-medicina-odontologia-comunicacao-e-servico-social\/#breadcrumb"},"inLanguage":"pt-PT","potentialAction":[{"@type":"ReadAction","target":["https:\/\/seconci.com.br\/site\/2020\/10\/22\/ense-2020-segundo-dia-teve-debates-sobre-medicina-odontologia-comunicacao-e-servico-social\/"]}]},{"@type":"ImageObject","inLanguage":"pt-PT","@id":"https:\/\/seconci.com.br\/site\/2020\/10\/22\/ense-2020-segundo-dia-teve-debates-sobre-medicina-odontologia-comunicacao-e-servico-social\/#primaryimage","url":"https:\/\/seconci.com.br\/site\/wp-content\/uploads\/2020\/10\/odonto.png","contentUrl":"https:\/\/seconci.com.br\/site\/wp-content\/uploads\/2020\/10\/odonto.png","width":1258,"height":729},{"@type":"BreadcrumbList","@id":"https:\/\/seconci.com.br\/site\/2020\/10\/22\/ense-2020-segundo-dia-teve-debates-sobre-medicina-odontologia-comunicacao-e-servico-social\/#breadcrumb","itemListElement":[{"@type":"ListItem","position":1,"name":"In\u00edcio","item":"https:\/\/seconci.com.br\/site\/"},{"@type":"ListItem","position":2,"name":"ENSE 2020: segundo dia teve debates sobre medicina, odontologia, comunica\u00e7\u00e3o e servi\u00e7o social"}]},{"@type":"WebSite","@id":"https:\/\/seconci.com.br\/site\/#website","url":"https:\/\/seconci.com.br\/site\/","name":"Seconci Brasil","description":"","publisher":{"@id":"https:\/\/seconci.com.br\/site\/#organization"},"potentialAction":[{"@type":"SearchAction","target":{"@type":"EntryPoint","urlTemplate":"https:\/\/seconci.com.br\/site\/?s={search_term_string}"},"query-input":{"@type":"PropertyValueSpecification","valueRequired":true,"valueName":"search_term_string"}}],"inLanguage":"pt-PT"},{"@type":"Organization","@id":"https:\/\/seconci.com.br\/site\/#organization","name":"Seconci Brasil","url":"https:\/\/seconci.com.br\/site\/","logo":{"@type":"ImageObject","inLanguage":"pt-PT","@id":"https:\/\/seconci.com.br\/site\/#\/schema\/logo\/image\/","url":"https:\/\/seconci.com.br\/site\/wp-content\/uploads\/2024\/08\/Logo-Seconci-Brasil-branca-2.png","contentUrl":"https:\/\/seconci.com.br\/site\/wp-content\/uploads\/2024\/08\/Logo-Seconci-Brasil-branca-2.png","width":1315,"height":598,"caption":"Seconci Brasil"},"image":{"@id":"https:\/\/seconci.com.br\/site\/#\/schema\/logo\/image\/"}},{"@type":"Person","@id":"https:\/\/seconci.com.br\/site\/#\/schema\/person\/1d79afd97ddc8f2c68c1e88e298aa8e2","name":"Sidney Rocha","description":"Comunicador e estagi\u00e1rio do Seconci Brasil.","url":"https:\/\/seconci.com.br\/site\/author\/sidney-rocha\/"}]}},"_links":{"self":[{"href":"https:\/\/seconci.com.br\/site\/wp-json\/wp\/v2\/posts\/10234","targetHints":{"allow":["GET"]}}],"collection":[{"href":"https:\/\/seconci.com.br\/site\/wp-json\/wp\/v2\/posts"}],"about":[{"href":"https:\/\/seconci.com.br\/site\/wp-json\/wp\/v2\/types\/post"}],"author":[{"embeddable":true,"href":"https:\/\/seconci.com.br\/site\/wp-json\/wp\/v2\/users\/3"}],"replies":[{"embeddable":true,"href":"https:\/\/seconci.com.br\/site\/wp-json\/wp\/v2\/comments?post=10234"}],"version-history":[{"count":0,"href":"https:\/\/seconci.com.br\/site\/wp-json\/wp\/v2\/posts\/10234\/revisions"}],"wp:featuredmedia":[{"embeddable":true,"href":"https:\/\/seconci.com.br\/site\/wp-json\/wp\/v2\/media\/10242"}],"wp:attachment":[{"href":"https:\/\/seconci.com.br\/site\/wp-json\/wp\/v2\/media?parent=10234"}],"wp:term":[{"taxonomy":"category","embeddable":true,"href":"https:\/\/seconci.com.br\/site\/wp-json\/wp\/v2\/categories?post=10234"},{"taxonomy":"post_tag","embeddable":true,"href":"https:\/\/seconci.com.br\/site\/wp-json\/wp\/v2\/tags?post=10234"}],"curies":[{"name":"wp","href":"https:\/\/api.w.org\/{rel}","templated":true}]}}