{"id":10248,"date":"2020-10-23T23:44:09","date_gmt":"2020-10-23T23:44:09","guid":{"rendered":"https:\/\/seconci.com.br\/site\/?p=10248"},"modified":"2020-10-26T20:58:40","modified_gmt":"2020-10-26T20:58:40","slug":"ense-2020-bate-recorde-de-participacao","status":"publish","type":"post","link":"https:\/\/seconci.com.br\/site\/2020\/10\/23\/ense-2020-bate-recorde-de-participacao\/","title":{"rendered":"ENSE 2020 bate recorde de participa\u00e7\u00e3o"},"content":{"rendered":"<p style=\"text-align: justify;\"><em>Realizado virtualmente, os participantes trocaram experi\u00eancias e falaram sobre a atua\u00e7\u00e3o das entidades durante a pandemia e a nova realidade de cada regi\u00e3o<\/em><\/p>\n<p style=\"text-align: justify;\"><strong><em>Assessoria de Comunica\u00e7\u00e3o Social do Seconci Brasil <\/em><\/strong><\/p>\n<p style=\"text-align: justify;\">Diferente dos anos anteriores, o Encontro Nacional de Seconcis (ENSE) aconteceu nos dias 21, 22 e 23 de outubro, com a presen\u00e7a virtual de representantes das \u00e1reas t\u00e9cnicas e das diretorias dos Servi\u00e7os Sociais da Constru\u00e7\u00e3o no pa\u00eds. Atualmente, est\u00e1 em funcionamento 15 entidades que prestam servi\u00e7os nas \u00e1reas de medicina, odontologia, seguran\u00e7a do trabalho, educa\u00e7\u00e3o e auxiliam as empresas na gest\u00e3o e manuten\u00e7\u00e3o de quest\u00f5es relacionadas as \u00e1reas citadas. O evento contou com um p\u00fablico de participantes, somando todas as reuni\u00f5es, de 127 pessoas durante as transmiss\u00f5es online.<\/p>\n<p style=\"text-align: justify;\">No primeiro dia de evento, foi a vez da seguran\u00e7a do trabalho se reunir para discutir o andamento das \u00e1reas em seus respectivos locais e tamb\u00e9m como est\u00e1 o funcionamento das entidades durante a pandemia. Al\u00e9m disso, a coordenadora de seguran\u00e7a do trabalho do Seconci-MG, Andr\u00e9ia Kaucher, <a href=\"https:\/\/seconci.com.br\/site\/2020\/10\/21\/ense-2020-primeiro-dia-e-dedicado-a-seguranca-do-trabalho\/\" target=\"_blank\" rel=\"noopener\">ministrou palestra com para falar sobre o Programa de Gest\u00e3o de Riscos (PGR)<\/a> que vai substituir o Programa de Preven\u00e7\u00e3o de Riscos Ambientais (PPRA) e o Programa de Controle e Meio Ambiente de Trabalho (PCMAT), a partir de mar\u00e7o de 2021.<\/p>\n<p style=\"text-align: justify;\">Como n\u00e3o poderia deixar de ser, <a href=\"https:\/\/seconci.com.br\/site\/2020\/10\/22\/ense-2020-segundo-dia-teve-debates-sobre-medicina-odontologia-comunicacao-e-servico-social\/\" target=\"_blank\" rel=\"noopener\">as \u00e1reas de medicina e de odontologia trataram sobre os atendimentos e protocolos de seguran\u00e7a durante a pandemia e o retorno com o cumprimento das orienta\u00e7\u00f5es das autoridades.<\/a> Assim como as assessorias de comunica\u00e7\u00e3o e os departamentos de servi\u00e7o social, que se reuniram pela primeira vez, para falar sobre as a\u00e7\u00f5es e divulga\u00e7\u00e3o das entidades durante este ano at\u00edpico.<\/p>\n<p style=\"text-align: justify;\">Nesta sexta-feira, 23 de outubro, foi a vez das ger\u00eancias executivas e das diretorias se reunirem. O encontro dos gestores aconteceu das 9h \u00e0s 12h e, em comum, os Seconcis relataram a grande procura pelas empresas para orienta\u00e7\u00f5es e atendimentos espec\u00edficos relacionados \u00e0 pandemia. \u201cComo j\u00e1 foi citado, e est\u00e1 acontecendo em outras regi\u00f5es, Bras\u00edlia est\u00e1 aquecida. Estamos com muita procura pelos servi\u00e7os que oferecemos. Al\u00e9m disso, ressalto a grande import\u00e2ncia dessa nova realidade como estamos agora realizando esse evento por meio de videoconfer\u00eancia\u201d, explicou o presidente do Seconci-DF, Marcelo Machado Guimar\u00e3es.<\/p>\n<p style=\"text-align: justify;\">Para o presidente do Seconci Brasil, Ant\u00f4nio Carlos Salgueiro de Ara\u00fajo, a pandemia serviu para mostrar a import\u00e2ncia da atua\u00e7\u00e3o e dos servi\u00e7os prestados pelos Seconcis. \u201cCom tudo que aconteceu, a pandemia deixou uma grande oportunidade para mostrar quem n\u00f3s somos e o que n\u00f3s fazemos. Como neg\u00f3cio, foi uma oportunidade para atuarmos ainda mais juntos \u00e0s construtoras\u201d, ressaltou Ara\u00fajo.<\/p>\n<p style=\"text-align: justify;\">Para o superintendente do Seconci-RIO, Sergio Paiva, os Seconcis t\u00eam papel fundamental para o desenvolvimento e crescimento do setor da constru\u00e7\u00e3o civil. \u201cEstamos h\u00e1 tantas d\u00e9cadas consolidados e a gente v\u00ea \u00a0a import\u00e2ncia que temos para o setor. Dada a necessidade de desenvolvimento e de transforma\u00e7\u00f5es das empresas e muita especificamente da nossa raz\u00e3o de existir, a gente percebe que o Seconci vai sendo buscado e usado pelas empresas para que elas possam crescer com responsabilidade\u201d, falou Paiva.<\/p>\n<p style=\"text-align: justify;\">Al\u00e9m de assuntos gerais, os participantes falaram sobre assuntos t\u00e9cnicos e de interesse de todos como a gest\u00e3o das entidades, os desafios atuais e os pr\u00f3ximos desafios a serem enfrentados.<\/p>\n<p style=\"text-align: justify;\">\n","protected":false},"excerpt":{"rendered":"<p>Realizado virtualmente, os participantes trocaram experi\u00eancias e falaram sobre a atua\u00e7\u00e3o das entidades durante a pandemia e a nova realidade de cada regi\u00e3o Assessoria de Comunica\u00e7\u00e3o Social do Seconci Brasil Diferente dos anos anteriores, o Encontro Nacional de Seconcis (ENSE) aconteceu nos dias 21, 22 e 23 de outubro, com a presen\u00e7a virtual de representantes [&hellip;]<\/p>\n","protected":false},"author":3,"featured_media":10249,"comment_status":"closed","ping_status":"closed","sticky":false,"template":"","format":"standard","meta":{"footnotes":""},"categories":[92],"tags":[],"class_list":["post-10248","post","type-post","status-publish","format-standard","has-post-thumbnail","hentry","category-seconci-brasil"],"yoast_head":"<!-- This site is optimized with the Yoast SEO plugin v26.9 - https:\/\/yoast.com\/product\/yoast-seo-wordpress\/ -->\n<title>ENSE 2020 bate recorde de participa\u00e7\u00e3o - Seconci Brasil<\/title>\n<meta name=\"robots\" content=\"index, follow, max-snippet:-1, max-image-preview:large, max-video-preview:-1\" \/>\n<link rel=\"canonical\" href=\"https:\/\/seconci.com.br\/site\/2020\/10\/23\/ense-2020-bate-recorde-de-participacao\/\" \/>\n<meta property=\"og:locale\" content=\"pt_PT\" \/>\n<meta property=\"og:type\" content=\"article\" \/>\n<meta property=\"og:title\" content=\"ENSE 2020 bate recorde de participa\u00e7\u00e3o - Seconci Brasil\" \/>\n<meta property=\"og:description\" content=\"Realizado virtualmente, os participantes trocaram experi\u00eancias e falaram sobre a atua\u00e7\u00e3o das entidades durante a pandemia e a nova realidade de cada regi\u00e3o Assessoria de Comunica\u00e7\u00e3o Social do Seconci Brasil Diferente dos anos anteriores, o Encontro Nacional de Seconcis (ENSE) aconteceu nos dias 21, 22 e 23 de outubro, com a presen\u00e7a virtual de representantes [&hellip;]\" \/>\n<meta property=\"og:url\" content=\"https:\/\/seconci.com.br\/site\/2020\/10\/23\/ense-2020-bate-recorde-de-participacao\/\" \/>\n<meta property=\"og:site_name\" content=\"Seconci Brasil\" \/>\n<meta property=\"article:published_time\" content=\"2020-10-23T23:44:09+00:00\" \/>\n<meta property=\"article:modified_time\" content=\"2020-10-26T20:58:40+00:00\" \/>\n<meta property=\"og:image\" content=\"https:\/\/seconci.com.br\/site\/wp-content\/uploads\/2020\/10\/dia3.png\" \/>\n\t<meta property=\"og:image:width\" content=\"1259\" \/>\n\t<meta property=\"og:image:height\" content=\"737\" \/>\n\t<meta property=\"og:image:type\" content=\"image\/png\" \/>\n<meta name=\"author\" content=\"Sidney Rocha\" \/>\n<meta name=\"twitter:card\" content=\"summary_large_image\" \/>\n<meta name=\"twitter:label1\" content=\"Escrito por\" \/>\n\t<meta name=\"twitter:data1\" content=\"Sidney Rocha\" \/>\n\t<meta name=\"twitter:label2\" content=\"Tempo estimado de leitura\" \/>\n\t<meta name=\"twitter:data2\" content=\"3 minutos\" \/>\n<script type=\"application\/ld+json\" class=\"yoast-schema-graph\">{\"@context\":\"https:\/\/schema.org\",\"@graph\":[{\"@type\":\"Article\",\"@id\":\"https:\/\/seconci.com.br\/site\/2020\/10\/23\/ense-2020-bate-recorde-de-participacao\/#article\",\"isPartOf\":{\"@id\":\"https:\/\/seconci.com.br\/site\/2020\/10\/23\/ense-2020-bate-recorde-de-participacao\/\"},\"author\":{\"name\":\"Sidney Rocha\",\"@id\":\"https:\/\/seconci.com.br\/site\/#\/schema\/person\/1d79afd97ddc8f2c68c1e88e298aa8e2\"},\"headline\":\"ENSE 2020 bate recorde de participa\u00e7\u00e3o\",\"datePublished\":\"2020-10-23T23:44:09+00:00\",\"dateModified\":\"2020-10-26T20:58:40+00:00\",\"mainEntityOfPage\":{\"@id\":\"https:\/\/seconci.com.br\/site\/2020\/10\/23\/ense-2020-bate-recorde-de-participacao\/\"},\"wordCount\":593,\"publisher\":{\"@id\":\"https:\/\/seconci.com.br\/site\/#organization\"},\"image\":{\"@id\":\"https:\/\/seconci.com.br\/site\/2020\/10\/23\/ense-2020-bate-recorde-de-participacao\/#primaryimage\"},\"thumbnailUrl\":\"https:\/\/seconci.com.br\/site\/wp-content\/uploads\/2020\/10\/dia3.png\",\"articleSection\":[\"Seconci Brasil\"],\"inLanguage\":\"pt-PT\"},{\"@type\":\"WebPage\",\"@id\":\"https:\/\/seconci.com.br\/site\/2020\/10\/23\/ense-2020-bate-recorde-de-participacao\/\",\"url\":\"https:\/\/seconci.com.br\/site\/2020\/10\/23\/ense-2020-bate-recorde-de-participacao\/\",\"name\":\"ENSE 2020 bate recorde de participa\u00e7\u00e3o - Seconci Brasil\",\"isPartOf\":{\"@id\":\"https:\/\/seconci.com.br\/site\/#website\"},\"primaryImageOfPage\":{\"@id\":\"https:\/\/seconci.com.br\/site\/2020\/10\/23\/ense-2020-bate-recorde-de-participacao\/#primaryimage\"},\"image\":{\"@id\":\"https:\/\/seconci.com.br\/site\/2020\/10\/23\/ense-2020-bate-recorde-de-participacao\/#primaryimage\"},\"thumbnailUrl\":\"https:\/\/seconci.com.br\/site\/wp-content\/uploads\/2020\/10\/dia3.png\",\"datePublished\":\"2020-10-23T23:44:09+00:00\",\"dateModified\":\"2020-10-26T20:58:40+00:00\",\"breadcrumb\":{\"@id\":\"https:\/\/seconci.com.br\/site\/2020\/10\/23\/ense-2020-bate-recorde-de-participacao\/#breadcrumb\"},\"inLanguage\":\"pt-PT\",\"potentialAction\":[{\"@type\":\"ReadAction\",\"target\":[\"https:\/\/seconci.com.br\/site\/2020\/10\/23\/ense-2020-bate-recorde-de-participacao\/\"]}]},{\"@type\":\"ImageObject\",\"inLanguage\":\"pt-PT\",\"@id\":\"https:\/\/seconci.com.br\/site\/2020\/10\/23\/ense-2020-bate-recorde-de-participacao\/#primaryimage\",\"url\":\"https:\/\/seconci.com.br\/site\/wp-content\/uploads\/2020\/10\/dia3.png\",\"contentUrl\":\"https:\/\/seconci.com.br\/site\/wp-content\/uploads\/2020\/10\/dia3.png\",\"width\":1259,\"height\":737},{\"@type\":\"BreadcrumbList\",\"@id\":\"https:\/\/seconci.com.br\/site\/2020\/10\/23\/ense-2020-bate-recorde-de-participacao\/#breadcrumb\",\"itemListElement\":[{\"@type\":\"ListItem\",\"position\":1,\"name\":\"In\u00edcio\",\"item\":\"https:\/\/seconci.com.br\/site\/\"},{\"@type\":\"ListItem\",\"position\":2,\"name\":\"ENSE 2020 bate recorde de participa\u00e7\u00e3o\"}]},{\"@type\":\"WebSite\",\"@id\":\"https:\/\/seconci.com.br\/site\/#website\",\"url\":\"https:\/\/seconci.com.br\/site\/\",\"name\":\"Seconci Brasil\",\"description\":\"\",\"publisher\":{\"@id\":\"https:\/\/seconci.com.br\/site\/#organization\"},\"potentialAction\":[{\"@type\":\"SearchAction\",\"target\":{\"@type\":\"EntryPoint\",\"urlTemplate\":\"https:\/\/seconci.com.br\/site\/?s={search_term_string}\"},\"query-input\":{\"@type\":\"PropertyValueSpecification\",\"valueRequired\":true,\"valueName\":\"search_term_string\"}}],\"inLanguage\":\"pt-PT\"},{\"@type\":\"Organization\",\"@id\":\"https:\/\/seconci.com.br\/site\/#organization\",\"name\":\"Seconci Brasil\",\"url\":\"https:\/\/seconci.com.br\/site\/\",\"logo\":{\"@type\":\"ImageObject\",\"inLanguage\":\"pt-PT\",\"@id\":\"https:\/\/seconci.com.br\/site\/#\/schema\/logo\/image\/\",\"url\":\"https:\/\/seconci.com.br\/site\/wp-content\/uploads\/2024\/08\/Logo-Seconci-Brasil-branca-2.png\",\"contentUrl\":\"https:\/\/seconci.com.br\/site\/wp-content\/uploads\/2024\/08\/Logo-Seconci-Brasil-branca-2.png\",\"width\":1315,\"height\":598,\"caption\":\"Seconci Brasil\"},\"image\":{\"@id\":\"https:\/\/seconci.com.br\/site\/#\/schema\/logo\/image\/\"}},{\"@type\":\"Person\",\"@id\":\"https:\/\/seconci.com.br\/site\/#\/schema\/person\/1d79afd97ddc8f2c68c1e88e298aa8e2\",\"name\":\"Sidney Rocha\",\"description\":\"Comunicador e estagi\u00e1rio do Seconci Brasil.\",\"url\":\"https:\/\/seconci.com.br\/site\/author\/sidney-rocha\/\"}]}<\/script>\n<!-- \/ Yoast SEO plugin. -->","yoast_head_json":{"title":"ENSE 2020 bate recorde de participa\u00e7\u00e3o - Seconci Brasil","robots":{"index":"index","follow":"follow","max-snippet":"max-snippet:-1","max-image-preview":"max-image-preview:large","max-video-preview":"max-video-preview:-1"},"canonical":"https:\/\/seconci.com.br\/site\/2020\/10\/23\/ense-2020-bate-recorde-de-participacao\/","og_locale":"pt_PT","og_type":"article","og_title":"ENSE 2020 bate recorde de participa\u00e7\u00e3o - Seconci Brasil","og_description":"Realizado virtualmente, os participantes trocaram experi\u00eancias e falaram sobre a atua\u00e7\u00e3o das entidades durante a pandemia e a nova realidade de cada regi\u00e3o Assessoria de Comunica\u00e7\u00e3o Social do Seconci Brasil Diferente dos anos anteriores, o Encontro Nacional de Seconcis (ENSE) aconteceu nos dias 21, 22 e 23 de outubro, com a presen\u00e7a virtual de representantes [&hellip;]","og_url":"https:\/\/seconci.com.br\/site\/2020\/10\/23\/ense-2020-bate-recorde-de-participacao\/","og_site_name":"Seconci Brasil","article_published_time":"2020-10-23T23:44:09+00:00","article_modified_time":"2020-10-26T20:58:40+00:00","og_image":[{"width":1259,"height":737,"url":"https:\/\/seconci.com.br\/site\/wp-content\/uploads\/2020\/10\/dia3.png","type":"image\/png"}],"author":"Sidney Rocha","twitter_card":"summary_large_image","twitter_misc":{"Escrito por":"Sidney Rocha","Tempo estimado de leitura":"3 minutos"},"schema":{"@context":"https:\/\/schema.org","@graph":[{"@type":"Article","@id":"https:\/\/seconci.com.br\/site\/2020\/10\/23\/ense-2020-bate-recorde-de-participacao\/#article","isPartOf":{"@id":"https:\/\/seconci.com.br\/site\/2020\/10\/23\/ense-2020-bate-recorde-de-participacao\/"},"author":{"name":"Sidney Rocha","@id":"https:\/\/seconci.com.br\/site\/#\/schema\/person\/1d79afd97ddc8f2c68c1e88e298aa8e2"},"headline":"ENSE 2020 bate recorde de participa\u00e7\u00e3o","datePublished":"2020-10-23T23:44:09+00:00","dateModified":"2020-10-26T20:58:40+00:00","mainEntityOfPage":{"@id":"https:\/\/seconci.com.br\/site\/2020\/10\/23\/ense-2020-bate-recorde-de-participacao\/"},"wordCount":593,"publisher":{"@id":"https:\/\/seconci.com.br\/site\/#organization"},"image":{"@id":"https:\/\/seconci.com.br\/site\/2020\/10\/23\/ense-2020-bate-recorde-de-participacao\/#primaryimage"},"thumbnailUrl":"https:\/\/seconci.com.br\/site\/wp-content\/uploads\/2020\/10\/dia3.png","articleSection":["Seconci Brasil"],"inLanguage":"pt-PT"},{"@type":"WebPage","@id":"https:\/\/seconci.com.br\/site\/2020\/10\/23\/ense-2020-bate-recorde-de-participacao\/","url":"https:\/\/seconci.com.br\/site\/2020\/10\/23\/ense-2020-bate-recorde-de-participacao\/","name":"ENSE 2020 bate recorde de participa\u00e7\u00e3o - Seconci Brasil","isPartOf":{"@id":"https:\/\/seconci.com.br\/site\/#website"},"primaryImageOfPage":{"@id":"https:\/\/seconci.com.br\/site\/2020\/10\/23\/ense-2020-bate-recorde-de-participacao\/#primaryimage"},"image":{"@id":"https:\/\/seconci.com.br\/site\/2020\/10\/23\/ense-2020-bate-recorde-de-participacao\/#primaryimage"},"thumbnailUrl":"https:\/\/seconci.com.br\/site\/wp-content\/uploads\/2020\/10\/dia3.png","datePublished":"2020-10-23T23:44:09+00:00","dateModified":"2020-10-26T20:58:40+00:00","breadcrumb":{"@id":"https:\/\/seconci.com.br\/site\/2020\/10\/23\/ense-2020-bate-recorde-de-participacao\/#breadcrumb"},"inLanguage":"pt-PT","potentialAction":[{"@type":"ReadAction","target":["https:\/\/seconci.com.br\/site\/2020\/10\/23\/ense-2020-bate-recorde-de-participacao\/"]}]},{"@type":"ImageObject","inLanguage":"pt-PT","@id":"https:\/\/seconci.com.br\/site\/2020\/10\/23\/ense-2020-bate-recorde-de-participacao\/#primaryimage","url":"https:\/\/seconci.com.br\/site\/wp-content\/uploads\/2020\/10\/dia3.png","contentUrl":"https:\/\/seconci.com.br\/site\/wp-content\/uploads\/2020\/10\/dia3.png","width":1259,"height":737},{"@type":"BreadcrumbList","@id":"https:\/\/seconci.com.br\/site\/2020\/10\/23\/ense-2020-bate-recorde-de-participacao\/#breadcrumb","itemListElement":[{"@type":"ListItem","position":1,"name":"In\u00edcio","item":"https:\/\/seconci.com.br\/site\/"},{"@type":"ListItem","position":2,"name":"ENSE 2020 bate recorde de participa\u00e7\u00e3o"}]},{"@type":"WebSite","@id":"https:\/\/seconci.com.br\/site\/#website","url":"https:\/\/seconci.com.br\/site\/","name":"Seconci Brasil","description":"","publisher":{"@id":"https:\/\/seconci.com.br\/site\/#organization"},"potentialAction":[{"@type":"SearchAction","target":{"@type":"EntryPoint","urlTemplate":"https:\/\/seconci.com.br\/site\/?s={search_term_string}"},"query-input":{"@type":"PropertyValueSpecification","valueRequired":true,"valueName":"search_term_string"}}],"inLanguage":"pt-PT"},{"@type":"Organization","@id":"https:\/\/seconci.com.br\/site\/#organization","name":"Seconci Brasil","url":"https:\/\/seconci.com.br\/site\/","logo":{"@type":"ImageObject","inLanguage":"pt-PT","@id":"https:\/\/seconci.com.br\/site\/#\/schema\/logo\/image\/","url":"https:\/\/seconci.com.br\/site\/wp-content\/uploads\/2024\/08\/Logo-Seconci-Brasil-branca-2.png","contentUrl":"https:\/\/seconci.com.br\/site\/wp-content\/uploads\/2024\/08\/Logo-Seconci-Brasil-branca-2.png","width":1315,"height":598,"caption":"Seconci Brasil"},"image":{"@id":"https:\/\/seconci.com.br\/site\/#\/schema\/logo\/image\/"}},{"@type":"Person","@id":"https:\/\/seconci.com.br\/site\/#\/schema\/person\/1d79afd97ddc8f2c68c1e88e298aa8e2","name":"Sidney Rocha","description":"Comunicador e estagi\u00e1rio do Seconci Brasil.","url":"https:\/\/seconci.com.br\/site\/author\/sidney-rocha\/"}]}},"_links":{"self":[{"href":"https:\/\/seconci.com.br\/site\/wp-json\/wp\/v2\/posts\/10248","targetHints":{"allow":["GET"]}}],"collection":[{"href":"https:\/\/seconci.com.br\/site\/wp-json\/wp\/v2\/posts"}],"about":[{"href":"https:\/\/seconci.com.br\/site\/wp-json\/wp\/v2\/types\/post"}],"author":[{"embeddable":true,"href":"https:\/\/seconci.com.br\/site\/wp-json\/wp\/v2\/users\/3"}],"replies":[{"embeddable":true,"href":"https:\/\/seconci.com.br\/site\/wp-json\/wp\/v2\/comments?post=10248"}],"version-history":[{"count":0,"href":"https:\/\/seconci.com.br\/site\/wp-json\/wp\/v2\/posts\/10248\/revisions"}],"wp:featuredmedia":[{"embeddable":true,"href":"https:\/\/seconci.com.br\/site\/wp-json\/wp\/v2\/media\/10249"}],"wp:attachment":[{"href":"https:\/\/seconci.com.br\/site\/wp-json\/wp\/v2\/media?parent=10248"}],"wp:term":[{"taxonomy":"category","embeddable":true,"href":"https:\/\/seconci.com.br\/site\/wp-json\/wp\/v2\/categories?post=10248"},{"taxonomy":"post_tag","embeddable":true,"href":"https:\/\/seconci.com.br\/site\/wp-json\/wp\/v2\/tags?post=10248"}],"curies":[{"name":"wp","href":"https:\/\/api.w.org\/{rel}","templated":true}]}}