{"id":10508,"date":"2021-02-24T12:50:26","date_gmt":"2021-02-24T12:50:26","guid":{"rendered":"https:\/\/seconci.com.br\/site\/?p=10508"},"modified":"2021-02-24T12:50:26","modified_gmt":"2021-02-24T12:50:26","slug":"area-de-responsabilidade-social-da-cbic-apresenta-resultados-das-acoes-em-2020","status":"publish","type":"post","link":"https:\/\/seconci.com.br\/site\/2021\/02\/24\/area-de-responsabilidade-social-da-cbic-apresenta-resultados-das-acoes-em-2020\/","title":{"rendered":"\u00c1rea de Responsabilidade Social da CBIC apresenta resultados das a\u00e7\u00f5es em 2020"},"content":{"rendered":"<p style=\"text-align: justify;\">Os resultados da\u00a0<strong>\u2018Pesquisa Perfil de Pequenas e M\u00e9dias Empresas do Setor da Constru\u00e7\u00e3o\u2019<\/strong>, um dos projetos desenvolvidos pela Comiss\u00e3o de Responsabilidade Social (CRS) da C\u00e2mara Brasileira da Ind\u00fastria da Constru\u00e7\u00e3o (CBIC), em correaliza\u00e7\u00e3o com o Servi\u00e7o Social da Ind\u00fastria (Sesi Nacional), em 2020, foram apresentados nesta ter\u00e7a-feira (23) pelo s\u00f3cio fundador da Brain Intelig\u00eancia Estrat\u00e9gica, Marcos Kahtalian, durante a primeira reuni\u00e3o do ano da CRS\/CBIC.<\/p>\n<p style=\"text-align: justify;\">\u201cA amostra envolveu cerca de 800 empres\u00e1rios e diretores de organiza\u00e7\u00f5es de todas as regi\u00f5es do pa\u00eds e teve como principal objetivo conhecer as demandas de servi\u00e7os das empresas do setor da constru\u00e7\u00e3o\u201d, frisou Kahtalian, ao avaliar a necessidade de melhorar a comunica\u00e7\u00e3o com a classe e o planejamento de m\u00e9dio e longo prazos de a\u00e7\u00f5es setoriais.<\/p>\n<p style=\"text-align: justify;\">Como parte do balan\u00e7o das a\u00e7\u00f5es do projeto\u00a0<strong>\u2018Desenvolvimento de lideran\u00e7as\u2019<\/strong>\u00a0em 2020, os integrantes do CBIC Jovem \u2013 Felipe Lima, engenheiro civil (Rio Grande do Sul) e Helo\u00edsa Resende, engenheira eletricista (Bras\u00edlia) \u2013 mencionaram como foi a jornada do grupo no ano passado. Os jovens t\u00eam se reunido virtualmente para tratar de a\u00e7\u00f5es pr\u00e1ticas no \u00e2mbito da CRS\/CBIC, mas a maioria tamb\u00e9m est\u00e1 atuando nas comiss\u00f5es t\u00e9cnicas dos sindicatos associados \u00e0 entidade.<\/p>\n<p style=\"text-align: justify;\"><img fetchpriority=\"high\" decoding=\"async\" class=\"aligncenter wp-image-61305 size-large\" src=\"https:\/\/cbic.org.br\/wp-content\/uploads\/2021\/02\/whatsapp-image-2021-02-23-at-193745-1024x320.jpeg\" sizes=\"(max-width: 1024px) 100vw, 1024px\" srcset=\"https:\/\/cbic.org.br\/wp-content\/uploads\/2021\/02\/whatsapp-image-2021-02-23-at-193745-1024x320.jpeg 1024w, https:\/\/cbic.org.br\/wp-content\/uploads\/2021\/02\/whatsapp-image-2021-02-23-at-193745-300x94.jpeg 300w, https:\/\/cbic.org.br\/wp-content\/uploads\/2021\/02\/whatsapp-image-2021-02-23-at-193745-768x240.jpeg 768w, https:\/\/cbic.org.br\/wp-content\/uploads\/2021\/02\/whatsapp-image-2021-02-23-at-193745-475x148.jpeg 475w, https:\/\/cbic.org.br\/wp-content\/uploads\/2021\/02\/whatsapp-image-2021-02-23-at-193745-950x297.jpeg 950w, https:\/\/cbic.org.br\/wp-content\/uploads\/2021\/02\/whatsapp-image-2021-02-23-at-193745.jpeg 1280w\" alt=\"\" width=\"1024\" height=\"320\" \/><\/p>\n<p style=\"text-align: justify;\">Dentre as a\u00e7\u00f5es pr\u00e1ticas e que est\u00e3o em andamento, o projeto da\u00a0<a href=\"https:\/\/cbic.org.br\/pesquisatransformacaodigital\/\">\u2018Pesquisa Transforma\u00e7\u00e3o Digital na Ind\u00fastria da Constru\u00e7\u00e3o\u2019<\/a>, com a consultoria de Luiz Henrique Ceotto, que busca mapear o grau de maturidade digital de construtoras e incorporadoras de todo o\u00a0Brasil e ajud\u00e1-las a dar o pr\u00f3ximo passo em seu n\u00edvel de digitaliza\u00e7\u00e3o. \u201cA pesquisa trabalha duas frentes. Uma focada nas construtoras e incorporadoras e outra nas startups, que podem aumentar o n\u00edvel de digitaliza\u00e7\u00e3o das empresas\u201c, frisou Felipe Lima.<\/p>\n<p style=\"text-align: justify;\">A presidente da CRS\/CBIC, Ana Claudia Gomes, refor\u00e7ou a import\u00e2ncia da participa\u00e7\u00e3o dos empres\u00e1rios do setor da constru\u00e7\u00e3o na\u00a0<a href=\"https:\/\/cbic.org.br\/pesquisatransformacaodigital\/\">pesquisa<\/a>, para saber o est\u00e1gio em que se encontram, bem como pediu apoio dos membros da comiss\u00e3o na divulga\u00e7\u00e3o da mesma junto \u00e0s entidades locais.<\/p>\n<p style=\"text-align: justify;\">Felipe Lima tamb\u00e9m deu ci\u00eancia da \u2018Jornada de capacita\u00e7\u00e3o\u2019, com a empresa Beta House, que reuniu o grupo em 15 encontros com o objetivo de agregar compet\u00eancias para torn\u00e1-los l\u00edderes dentro das entidades setoriais.<\/p>\n<p style=\"text-align: justify;\">J\u00e1 a engenheira Helo\u00edsa Resende destacou a solu\u00e7\u00e3o desenvolvida pelo grupo para gerar o interesse do oper\u00e1rio da constru\u00e7\u00e3o pela capacita\u00e7\u00e3o digital, que vai gerar um \u2018chatbot\u2019 \u2013 assistente virtual para encontrar conte\u00fados t\u00e9cnicos confi\u00e1veis para suas ocupa\u00e7\u00f5es. Com esse objetivo, foi desenvolvido um formul\u00e1rio no YouTube e disponibilizados 131 v\u00eddeos, que seguem as determina\u00e7\u00f5es da Norma de Desempenho e contou com a curadoria do professor Luiz Henrique Ceotto.<\/p>\n<p style=\"text-align: justify;\">Ainda sobre as a\u00e7\u00f5es da CRS em 2020, Ana Claudia Gomes destacou os temas tratados durante o 92\u00ba Encontro Nacional da Ind\u00fastria da Constru\u00e7\u00e3o (ENIC), cujas palestras ainda est\u00e3o dispon\u00edveis e podem ser acessadas at\u00e9 o pr\u00f3ximo dia 28 de fevereiro:<\/p>\n<ul style=\"text-align: justify;\">\n<li>\u201cO papel das novas lideran\u00e7as frente a inova\u00e7\u00e3o e a digitaliza\u00e7\u00e3o da Industria da Constru\u00e7\u00e3o\u201d<\/li>\n<li>\u201c\u00c9tica em tempos de crise \u2013 sociedade e empresas p\u00f3s-pandemia\u201d<\/li>\n<li>\u201cConstru\u00e7\u00e3o &amp; Pandemia: Nasce uma nova ind\u00fastria\u201d<\/li>\n<li>\u201cResponsabilidade Social Corporativa e seu impacto na abertura de Mercado, atra\u00e7\u00e3o de capital e reten\u00e7\u00e3o de talentos\u201d<\/li>\n<\/ul>\n<p style=\"text-align: justify;\">Sobre \u00c9tica e Compliance, a executiva destacou o curso \u2018EAD de \u00c9tica e Compliance na Constru\u00e7\u00e3o: transformando valores em a\u00e7\u00f5es\u2019 e a \u2018Campanha Trabalhadores \u2013 \u00c9tica e Compliance\u2019, que ser\u00e1 brevemente lan\u00e7ada pela entidade.<\/p>\n<p style=\"text-align: justify;\">Ressaltou tamb\u00e9m todo o trabalho desenvolvido sobre \u2018Responsabilidade Social &amp; Valoriza\u00e7\u00e3o do Trabalhador\u2019, que disseminou as boas pr\u00e1ticas em responsabilidade social desenvolvidas pelo setor em meio \u00e0 pandemia da Covid-19.<\/p>\n<h3 style=\"text-align: justify;\">A\u00e7\u00f5es da \u00e1rea de Responsabilidade Social em 2021<\/h3>\n<p style=\"text-align: justify;\">Para este ano, Ana Claudia destacou que os trabalhos da comiss\u00e3o englobar\u00e3o a\u00e7\u00f5es relacionadas aos macros temas:<\/p>\n<ul style=\"text-align: justify;\">\n<li>Digitaliza\u00e7\u00e3o<\/li>\n<li>Inclus\u00e3o e diversidade<\/li>\n<li>Valoriza\u00e7\u00e3o do trabalhador<\/li>\n<\/ul>\n<p style=\"text-align: justify;\">Os temas tratados da reuni\u00e3o t\u00eam interface com os projetos\u00a0<strong>\u2018Pesquisa Perfil de Pequenas e M\u00e9dias Empresas do Setor da Constru\u00e7\u00e3o\u2019<\/strong>,\u00a0<strong>\u2018Desenvolvimento de lideran\u00e7as\u2019<\/strong>,\u00a0<strong>\u2018\u00c9tica e Compliance \u00a0em tempos de crise\u2019<\/strong>\u00a0e\u00a0<strong>\u2018Responsabilidade Social e Valoriza\u00e7\u00e3o do Trabalhador\u2019<\/strong>\u00a0da CRS\/CBIC, em correaliza\u00e7\u00e3o com o Sesi Nacional.<\/p>\n<p style=\"text-align: justify;\">Veja a\u00a0<a href=\"https:\/\/cbic.org.br\/wp-content\/uploads\/2021\/02\/reuniao-crs23022021-edit09h13.pdf\">apresenta\u00e7\u00e3o da CRS\/CBIC<\/a>\u00a0com o balan\u00e7o das a\u00e7\u00f5es em 2020 e o planejamento para 2021.<\/p>\n<p>Fonte: Ag\u00eancia CBIC<\/p>\n","protected":false},"excerpt":{"rendered":"<p>Os resultados da\u00a0\u2018Pesquisa Perfil de Pequenas e M\u00e9dias Empresas do Setor da Constru\u00e7\u00e3o\u2019, um dos projetos desenvolvidos pela Comiss\u00e3o de Responsabilidade Social (CRS) da C\u00e2mara Brasileira da Ind\u00fastria da Constru\u00e7\u00e3o (CBIC), em correaliza\u00e7\u00e3o com o Servi\u00e7o Social da Ind\u00fastria (Sesi Nacional), em 2020, foram apresentados nesta ter\u00e7a-feira (23) pelo s\u00f3cio fundador da Brain Intelig\u00eancia Estrat\u00e9gica, [&hellip;]<\/p>\n","protected":false},"author":3,"featured_media":10509,"comment_status":"closed","ping_status":"closed","sticky":false,"template":"","format":"standard","meta":{"footnotes":""},"categories":[92],"tags":[],"class_list":["post-10508","post","type-post","status-publish","format-standard","has-post-thumbnail","hentry","category-seconci-brasil"],"yoast_head":"<!-- This site is optimized with the Yoast SEO plugin v26.9 - https:\/\/yoast.com\/product\/yoast-seo-wordpress\/ -->\n<title>\u00c1rea de Responsabilidade Social da CBIC apresenta resultados das a\u00e7\u00f5es em 2020 - Seconci Brasil<\/title>\n<meta name=\"robots\" content=\"index, follow, max-snippet:-1, max-image-preview:large, max-video-preview:-1\" \/>\n<link rel=\"canonical\" href=\"https:\/\/seconci.com.br\/site\/2021\/02\/24\/area-de-responsabilidade-social-da-cbic-apresenta-resultados-das-acoes-em-2020\/\" \/>\n<meta property=\"og:locale\" content=\"pt_PT\" \/>\n<meta property=\"og:type\" content=\"article\" \/>\n<meta property=\"og:title\" content=\"\u00c1rea de Responsabilidade Social da CBIC apresenta resultados das a\u00e7\u00f5es em 2020 - Seconci Brasil\" \/>\n<meta property=\"og:description\" content=\"Os resultados da\u00a0\u2018Pesquisa Perfil de Pequenas e M\u00e9dias Empresas do Setor da Constru\u00e7\u00e3o\u2019, um dos projetos desenvolvidos pela Comiss\u00e3o de Responsabilidade Social (CRS) da C\u00e2mara Brasileira da Ind\u00fastria da Constru\u00e7\u00e3o (CBIC), em correaliza\u00e7\u00e3o com o Servi\u00e7o Social da Ind\u00fastria (Sesi Nacional), em 2020, foram apresentados nesta ter\u00e7a-feira (23) pelo s\u00f3cio fundador da Brain Intelig\u00eancia Estrat\u00e9gica, [&hellip;]\" \/>\n<meta property=\"og:url\" content=\"https:\/\/seconci.com.br\/site\/2021\/02\/24\/area-de-responsabilidade-social-da-cbic-apresenta-resultados-das-acoes-em-2020\/\" \/>\n<meta property=\"og:site_name\" content=\"Seconci Brasil\" \/>\n<meta property=\"article:published_time\" content=\"2021-02-24T12:50:26+00:00\" \/>\n<meta property=\"og:image\" content=\"https:\/\/seconci.com.br\/site\/wp-content\/uploads\/2021\/02\/whatsapp-image-2021-02-23-at-193745-1.jpeg\" \/>\n\t<meta property=\"og:image:width\" content=\"1280\" \/>\n\t<meta property=\"og:image:height\" content=\"563\" \/>\n\t<meta property=\"og:image:type\" content=\"image\/jpeg\" \/>\n<meta name=\"author\" content=\"Sidney Rocha\" \/>\n<meta name=\"twitter:card\" content=\"summary_large_image\" \/>\n<meta name=\"twitter:label1\" content=\"Escrito por\" \/>\n\t<meta name=\"twitter:data1\" content=\"Sidney Rocha\" \/>\n\t<meta name=\"twitter:label2\" content=\"Tempo estimado de leitura\" \/>\n\t<meta name=\"twitter:data2\" content=\"4 minutos\" \/>\n<script type=\"application\/ld+json\" class=\"yoast-schema-graph\">{\"@context\":\"https:\/\/schema.org\",\"@graph\":[{\"@type\":\"Article\",\"@id\":\"https:\/\/seconci.com.br\/site\/2021\/02\/24\/area-de-responsabilidade-social-da-cbic-apresenta-resultados-das-acoes-em-2020\/#article\",\"isPartOf\":{\"@id\":\"https:\/\/seconci.com.br\/site\/2021\/02\/24\/area-de-responsabilidade-social-da-cbic-apresenta-resultados-das-acoes-em-2020\/\"},\"author\":{\"name\":\"Sidney Rocha\",\"@id\":\"https:\/\/seconci.com.br\/site\/#\/schema\/person\/1d79afd97ddc8f2c68c1e88e298aa8e2\"},\"headline\":\"\u00c1rea de Responsabilidade Social da CBIC apresenta resultados das a\u00e7\u00f5es em 2020\",\"datePublished\":\"2021-02-24T12:50:26+00:00\",\"mainEntityOfPage\":{\"@id\":\"https:\/\/seconci.com.br\/site\/2021\/02\/24\/area-de-responsabilidade-social-da-cbic-apresenta-resultados-das-acoes-em-2020\/\"},\"wordCount\":785,\"publisher\":{\"@id\":\"https:\/\/seconci.com.br\/site\/#organization\"},\"image\":{\"@id\":\"https:\/\/seconci.com.br\/site\/2021\/02\/24\/area-de-responsabilidade-social-da-cbic-apresenta-resultados-das-acoes-em-2020\/#primaryimage\"},\"thumbnailUrl\":\"https:\/\/seconci.com.br\/site\/wp-content\/uploads\/2021\/02\/whatsapp-image-2021-02-23-at-193745-1.jpeg\",\"articleSection\":[\"Seconci Brasil\"],\"inLanguage\":\"pt-PT\"},{\"@type\":\"WebPage\",\"@id\":\"https:\/\/seconci.com.br\/site\/2021\/02\/24\/area-de-responsabilidade-social-da-cbic-apresenta-resultados-das-acoes-em-2020\/\",\"url\":\"https:\/\/seconci.com.br\/site\/2021\/02\/24\/area-de-responsabilidade-social-da-cbic-apresenta-resultados-das-acoes-em-2020\/\",\"name\":\"\u00c1rea de Responsabilidade Social da CBIC apresenta resultados das a\u00e7\u00f5es em 2020 - Seconci Brasil\",\"isPartOf\":{\"@id\":\"https:\/\/seconci.com.br\/site\/#website\"},\"primaryImageOfPage\":{\"@id\":\"https:\/\/seconci.com.br\/site\/2021\/02\/24\/area-de-responsabilidade-social-da-cbic-apresenta-resultados-das-acoes-em-2020\/#primaryimage\"},\"image\":{\"@id\":\"https:\/\/seconci.com.br\/site\/2021\/02\/24\/area-de-responsabilidade-social-da-cbic-apresenta-resultados-das-acoes-em-2020\/#primaryimage\"},\"thumbnailUrl\":\"https:\/\/seconci.com.br\/site\/wp-content\/uploads\/2021\/02\/whatsapp-image-2021-02-23-at-193745-1.jpeg\",\"datePublished\":\"2021-02-24T12:50:26+00:00\",\"breadcrumb\":{\"@id\":\"https:\/\/seconci.com.br\/site\/2021\/02\/24\/area-de-responsabilidade-social-da-cbic-apresenta-resultados-das-acoes-em-2020\/#breadcrumb\"},\"inLanguage\":\"pt-PT\",\"potentialAction\":[{\"@type\":\"ReadAction\",\"target\":[\"https:\/\/seconci.com.br\/site\/2021\/02\/24\/area-de-responsabilidade-social-da-cbic-apresenta-resultados-das-acoes-em-2020\/\"]}]},{\"@type\":\"ImageObject\",\"inLanguage\":\"pt-PT\",\"@id\":\"https:\/\/seconci.com.br\/site\/2021\/02\/24\/area-de-responsabilidade-social-da-cbic-apresenta-resultados-das-acoes-em-2020\/#primaryimage\",\"url\":\"https:\/\/seconci.com.br\/site\/wp-content\/uploads\/2021\/02\/whatsapp-image-2021-02-23-at-193745-1.jpeg\",\"contentUrl\":\"https:\/\/seconci.com.br\/site\/wp-content\/uploads\/2021\/02\/whatsapp-image-2021-02-23-at-193745-1.jpeg\",\"width\":1280,\"height\":563},{\"@type\":\"BreadcrumbList\",\"@id\":\"https:\/\/seconci.com.br\/site\/2021\/02\/24\/area-de-responsabilidade-social-da-cbic-apresenta-resultados-das-acoes-em-2020\/#breadcrumb\",\"itemListElement\":[{\"@type\":\"ListItem\",\"position\":1,\"name\":\"In\u00edcio\",\"item\":\"https:\/\/seconci.com.br\/site\/\"},{\"@type\":\"ListItem\",\"position\":2,\"name\":\"\u00c1rea de Responsabilidade Social da CBIC apresenta resultados das a\u00e7\u00f5es em 2020\"}]},{\"@type\":\"WebSite\",\"@id\":\"https:\/\/seconci.com.br\/site\/#website\",\"url\":\"https:\/\/seconci.com.br\/site\/\",\"name\":\"Seconci Brasil\",\"description\":\"\",\"publisher\":{\"@id\":\"https:\/\/seconci.com.br\/site\/#organization\"},\"potentialAction\":[{\"@type\":\"SearchAction\",\"target\":{\"@type\":\"EntryPoint\",\"urlTemplate\":\"https:\/\/seconci.com.br\/site\/?s={search_term_string}\"},\"query-input\":{\"@type\":\"PropertyValueSpecification\",\"valueRequired\":true,\"valueName\":\"search_term_string\"}}],\"inLanguage\":\"pt-PT\"},{\"@type\":\"Organization\",\"@id\":\"https:\/\/seconci.com.br\/site\/#organization\",\"name\":\"Seconci Brasil\",\"url\":\"https:\/\/seconci.com.br\/site\/\",\"logo\":{\"@type\":\"ImageObject\",\"inLanguage\":\"pt-PT\",\"@id\":\"https:\/\/seconci.com.br\/site\/#\/schema\/logo\/image\/\",\"url\":\"https:\/\/seconci.com.br\/site\/wp-content\/uploads\/2024\/08\/Logo-Seconci-Brasil-branca-2.png\",\"contentUrl\":\"https:\/\/seconci.com.br\/site\/wp-content\/uploads\/2024\/08\/Logo-Seconci-Brasil-branca-2.png\",\"width\":1315,\"height\":598,\"caption\":\"Seconci Brasil\"},\"image\":{\"@id\":\"https:\/\/seconci.com.br\/site\/#\/schema\/logo\/image\/\"}},{\"@type\":\"Person\",\"@id\":\"https:\/\/seconci.com.br\/site\/#\/schema\/person\/1d79afd97ddc8f2c68c1e88e298aa8e2\",\"name\":\"Sidney Rocha\",\"description\":\"Comunicador e estagi\u00e1rio do Seconci Brasil.\",\"url\":\"https:\/\/seconci.com.br\/site\/author\/sidney-rocha\/\"}]}<\/script>\n<!-- \/ Yoast SEO plugin. -->","yoast_head_json":{"title":"\u00c1rea de Responsabilidade Social da CBIC apresenta resultados das a\u00e7\u00f5es em 2020 - Seconci Brasil","robots":{"index":"index","follow":"follow","max-snippet":"max-snippet:-1","max-image-preview":"max-image-preview:large","max-video-preview":"max-video-preview:-1"},"canonical":"https:\/\/seconci.com.br\/site\/2021\/02\/24\/area-de-responsabilidade-social-da-cbic-apresenta-resultados-das-acoes-em-2020\/","og_locale":"pt_PT","og_type":"article","og_title":"\u00c1rea de Responsabilidade Social da CBIC apresenta resultados das a\u00e7\u00f5es em 2020 - Seconci Brasil","og_description":"Os resultados da\u00a0\u2018Pesquisa Perfil de Pequenas e M\u00e9dias Empresas do Setor da Constru\u00e7\u00e3o\u2019, um dos projetos desenvolvidos pela Comiss\u00e3o de Responsabilidade Social (CRS) da C\u00e2mara Brasileira da Ind\u00fastria da Constru\u00e7\u00e3o (CBIC), em correaliza\u00e7\u00e3o com o Servi\u00e7o Social da Ind\u00fastria (Sesi Nacional), em 2020, foram apresentados nesta ter\u00e7a-feira (23) pelo s\u00f3cio fundador da Brain Intelig\u00eancia Estrat\u00e9gica, [&hellip;]","og_url":"https:\/\/seconci.com.br\/site\/2021\/02\/24\/area-de-responsabilidade-social-da-cbic-apresenta-resultados-das-acoes-em-2020\/","og_site_name":"Seconci Brasil","article_published_time":"2021-02-24T12:50:26+00:00","og_image":[{"width":1280,"height":563,"url":"https:\/\/seconci.com.br\/site\/wp-content\/uploads\/2021\/02\/whatsapp-image-2021-02-23-at-193745-1.jpeg","type":"image\/jpeg"}],"author":"Sidney Rocha","twitter_card":"summary_large_image","twitter_misc":{"Escrito por":"Sidney Rocha","Tempo estimado de leitura":"4 minutos"},"schema":{"@context":"https:\/\/schema.org","@graph":[{"@type":"Article","@id":"https:\/\/seconci.com.br\/site\/2021\/02\/24\/area-de-responsabilidade-social-da-cbic-apresenta-resultados-das-acoes-em-2020\/#article","isPartOf":{"@id":"https:\/\/seconci.com.br\/site\/2021\/02\/24\/area-de-responsabilidade-social-da-cbic-apresenta-resultados-das-acoes-em-2020\/"},"author":{"name":"Sidney Rocha","@id":"https:\/\/seconci.com.br\/site\/#\/schema\/person\/1d79afd97ddc8f2c68c1e88e298aa8e2"},"headline":"\u00c1rea de Responsabilidade Social da CBIC apresenta resultados das a\u00e7\u00f5es em 2020","datePublished":"2021-02-24T12:50:26+00:00","mainEntityOfPage":{"@id":"https:\/\/seconci.com.br\/site\/2021\/02\/24\/area-de-responsabilidade-social-da-cbic-apresenta-resultados-das-acoes-em-2020\/"},"wordCount":785,"publisher":{"@id":"https:\/\/seconci.com.br\/site\/#organization"},"image":{"@id":"https:\/\/seconci.com.br\/site\/2021\/02\/24\/area-de-responsabilidade-social-da-cbic-apresenta-resultados-das-acoes-em-2020\/#primaryimage"},"thumbnailUrl":"https:\/\/seconci.com.br\/site\/wp-content\/uploads\/2021\/02\/whatsapp-image-2021-02-23-at-193745-1.jpeg","articleSection":["Seconci Brasil"],"inLanguage":"pt-PT"},{"@type":"WebPage","@id":"https:\/\/seconci.com.br\/site\/2021\/02\/24\/area-de-responsabilidade-social-da-cbic-apresenta-resultados-das-acoes-em-2020\/","url":"https:\/\/seconci.com.br\/site\/2021\/02\/24\/area-de-responsabilidade-social-da-cbic-apresenta-resultados-das-acoes-em-2020\/","name":"\u00c1rea de Responsabilidade Social da CBIC apresenta resultados das a\u00e7\u00f5es em 2020 - Seconci Brasil","isPartOf":{"@id":"https:\/\/seconci.com.br\/site\/#website"},"primaryImageOfPage":{"@id":"https:\/\/seconci.com.br\/site\/2021\/02\/24\/area-de-responsabilidade-social-da-cbic-apresenta-resultados-das-acoes-em-2020\/#primaryimage"},"image":{"@id":"https:\/\/seconci.com.br\/site\/2021\/02\/24\/area-de-responsabilidade-social-da-cbic-apresenta-resultados-das-acoes-em-2020\/#primaryimage"},"thumbnailUrl":"https:\/\/seconci.com.br\/site\/wp-content\/uploads\/2021\/02\/whatsapp-image-2021-02-23-at-193745-1.jpeg","datePublished":"2021-02-24T12:50:26+00:00","breadcrumb":{"@id":"https:\/\/seconci.com.br\/site\/2021\/02\/24\/area-de-responsabilidade-social-da-cbic-apresenta-resultados-das-acoes-em-2020\/#breadcrumb"},"inLanguage":"pt-PT","potentialAction":[{"@type":"ReadAction","target":["https:\/\/seconci.com.br\/site\/2021\/02\/24\/area-de-responsabilidade-social-da-cbic-apresenta-resultados-das-acoes-em-2020\/"]}]},{"@type":"ImageObject","inLanguage":"pt-PT","@id":"https:\/\/seconci.com.br\/site\/2021\/02\/24\/area-de-responsabilidade-social-da-cbic-apresenta-resultados-das-acoes-em-2020\/#primaryimage","url":"https:\/\/seconci.com.br\/site\/wp-content\/uploads\/2021\/02\/whatsapp-image-2021-02-23-at-193745-1.jpeg","contentUrl":"https:\/\/seconci.com.br\/site\/wp-content\/uploads\/2021\/02\/whatsapp-image-2021-02-23-at-193745-1.jpeg","width":1280,"height":563},{"@type":"BreadcrumbList","@id":"https:\/\/seconci.com.br\/site\/2021\/02\/24\/area-de-responsabilidade-social-da-cbic-apresenta-resultados-das-acoes-em-2020\/#breadcrumb","itemListElement":[{"@type":"ListItem","position":1,"name":"In\u00edcio","item":"https:\/\/seconci.com.br\/site\/"},{"@type":"ListItem","position":2,"name":"\u00c1rea de Responsabilidade Social da CBIC apresenta resultados das a\u00e7\u00f5es em 2020"}]},{"@type":"WebSite","@id":"https:\/\/seconci.com.br\/site\/#website","url":"https:\/\/seconci.com.br\/site\/","name":"Seconci Brasil","description":"","publisher":{"@id":"https:\/\/seconci.com.br\/site\/#organization"},"potentialAction":[{"@type":"SearchAction","target":{"@type":"EntryPoint","urlTemplate":"https:\/\/seconci.com.br\/site\/?s={search_term_string}"},"query-input":{"@type":"PropertyValueSpecification","valueRequired":true,"valueName":"search_term_string"}}],"inLanguage":"pt-PT"},{"@type":"Organization","@id":"https:\/\/seconci.com.br\/site\/#organization","name":"Seconci Brasil","url":"https:\/\/seconci.com.br\/site\/","logo":{"@type":"ImageObject","inLanguage":"pt-PT","@id":"https:\/\/seconci.com.br\/site\/#\/schema\/logo\/image\/","url":"https:\/\/seconci.com.br\/site\/wp-content\/uploads\/2024\/08\/Logo-Seconci-Brasil-branca-2.png","contentUrl":"https:\/\/seconci.com.br\/site\/wp-content\/uploads\/2024\/08\/Logo-Seconci-Brasil-branca-2.png","width":1315,"height":598,"caption":"Seconci Brasil"},"image":{"@id":"https:\/\/seconci.com.br\/site\/#\/schema\/logo\/image\/"}},{"@type":"Person","@id":"https:\/\/seconci.com.br\/site\/#\/schema\/person\/1d79afd97ddc8f2c68c1e88e298aa8e2","name":"Sidney Rocha","description":"Comunicador e estagi\u00e1rio do Seconci Brasil.","url":"https:\/\/seconci.com.br\/site\/author\/sidney-rocha\/"}]}},"_links":{"self":[{"href":"https:\/\/seconci.com.br\/site\/wp-json\/wp\/v2\/posts\/10508","targetHints":{"allow":["GET"]}}],"collection":[{"href":"https:\/\/seconci.com.br\/site\/wp-json\/wp\/v2\/posts"}],"about":[{"href":"https:\/\/seconci.com.br\/site\/wp-json\/wp\/v2\/types\/post"}],"author":[{"embeddable":true,"href":"https:\/\/seconci.com.br\/site\/wp-json\/wp\/v2\/users\/3"}],"replies":[{"embeddable":true,"href":"https:\/\/seconci.com.br\/site\/wp-json\/wp\/v2\/comments?post=10508"}],"version-history":[{"count":0,"href":"https:\/\/seconci.com.br\/site\/wp-json\/wp\/v2\/posts\/10508\/revisions"}],"wp:featuredmedia":[{"embeddable":true,"href":"https:\/\/seconci.com.br\/site\/wp-json\/wp\/v2\/media\/10509"}],"wp:attachment":[{"href":"https:\/\/seconci.com.br\/site\/wp-json\/wp\/v2\/media?parent=10508"}],"wp:term":[{"taxonomy":"category","embeddable":true,"href":"https:\/\/seconci.com.br\/site\/wp-json\/wp\/v2\/categories?post=10508"},{"taxonomy":"post_tag","embeddable":true,"href":"https:\/\/seconci.com.br\/site\/wp-json\/wp\/v2\/tags?post=10508"}],"curies":[{"name":"wp","href":"https:\/\/api.w.org\/{rel}","templated":true}]}}