{"id":10581,"date":"2021-03-25T12:04:35","date_gmt":"2021-03-25T12:04:35","guid":{"rendered":"https:\/\/seconci.com.br\/site\/?p=10581"},"modified":"2021-03-25T12:04:35","modified_gmt":"2021-03-25T12:04:35","slug":"uniao-de-valores-e-propositos-no-setor-tem-garantido-a-contencao-do-virus","status":"publish","type":"post","link":"https:\/\/seconci.com.br\/site\/2021\/03\/25\/uniao-de-valores-e-propositos-no-setor-tem-garantido-a-contencao-do-virus\/","title":{"rendered":"Uni\u00e3o de valores e prop\u00f3sitos no setor tem garantido a conten\u00e7\u00e3o do v\u00edrus"},"content":{"rendered":"<p style=\"text-align: justify;\">O setor da constru\u00e7\u00e3o civil maranhense encampou a campanha \u2018<strong>Constru\u00e7\u00e3o contra o coronav\u00edrus \u2013 N\u00e3o vamos baixar a guarda\u2019<\/strong>\u00a0promovida pela\u00a0C\u00e2mara Brasileira da Ind\u00fastria da Constru\u00e7\u00e3o (CBIC) e esteve na obra Village das \u00c1guas, da Canopus Constru\u00e7\u00f5es, para conversar com os trabalhadores sobre protocolos sanit\u00e1rios e, acima de tudo, se fazer presente neste momento t\u00e3o dif\u00edcil.<\/p>\n<p style=\"text-align: justify;\">Na oportunidade, foram distribu\u00eddos m\u00e1scaras de prote\u00e7\u00e3o facial e adesivos para capacete, refor\u00e7ando a iniciativa da Comiss\u00e3o de Pol\u00edtica de Rela\u00e7\u00f5es Trabalhistas da (CPRT\/CBIC), em correaliza\u00e7\u00e3o com o Servi\u00e7o Social da Ind\u00fastria (Sesi Nacional), al\u00e9m de realiza\u00e7\u00e3o de atividades laborais, distribui\u00e7\u00e3o de kits de higiene e cestas b\u00e1sicas e atendimento psicol\u00f3gico.<\/p>\n<p style=\"text-align: justify;\">Para o presidente do Sindicato da Ind\u00fastria da Constru\u00e7\u00e3o Civil do Maranh\u00e3o (Sinduscon-MA, F\u00e1bio Nahuz, o momento requer cuidados que v\u00e3o al\u00e9m da seguran\u00e7a f\u00edsica, envolvendo tamb\u00e9m a sa\u00fade mental.<\/p>\n<p style=\"text-align: justify;\">\u201cEstamos todos muito abalados, com nosso psicol\u00f3gico fr\u00e1gil com tantas not\u00edcias dif\u00edceis de digerir. O coronav\u00edrus \u00e9 uma realidade \u2013 que n\u00e3o constava em nenhum planejamento \u2013 e precisa ser combatido com medidas respons\u00e1veis, afinal, estamos lidando com milhares de vidas, diariamente. Em nossas obras n\u00e3o cuidamos apenas do trabalhador, mas, invariavelmente, de toda a sua fam\u00edlia. \u00c9 uma cadeia que deve ser respeitada e atendida\u201d, concluiu.<\/p>\n<p style=\"text-align: justify;\">A campanha une valores e prop\u00f3sitos de um setor que tem empreendido esfor\u00e7os para continuar trabalhando com seguran\u00e7a. \u00c9 uma soma de energia onde cada um faz a sua parte com o objetivo de combater a prolifera\u00e7\u00e3o do v\u00edrus.<\/p>\n<p style=\"text-align: justify;\">Para o engenheiro civil da Canopus Constru\u00e7\u00f5es, Reinaldo Souza, \u00e9 essencial a conscientiza\u00e7\u00e3o sobre os protocolos sanit\u00e1rios. \u201cTemos tido pouqu\u00edssimos casos de contamina\u00e7\u00e3o em nossas obras gra\u00e7as a esse trabalho em parceria com o Sinduscon-MA e CBIC\u201d, destacou.<\/p>\n<p style=\"text-align: justify;\">A iniciativa da CBIC integra o projeto\u00a0<strong>\u2018<\/strong><strong>Elabora\u00e7\u00e3o e atualiza\u00e7\u00e3o de materiais orientativos para a ind\u00fastria da constru\u00e7\u00e3o\u2019<\/strong>, da CPRT\/CBIC, em correaliza\u00e7\u00e3o com o Servi\u00e7o Social da Ind\u00fastria (Sesi Nacional).<\/p>\n<p style=\"text-align: justify;\"><em>Fonte: Ag\u00eancia CBIC<\/em><\/p>\n<p style=\"text-align: justify;\"><em>(Com informa\u00e7\u00f5es do Sinduscon-MA)<\/em><\/p>\n","protected":false},"excerpt":{"rendered":"<p>O setor da constru\u00e7\u00e3o civil maranhense encampou a campanha \u2018Constru\u00e7\u00e3o contra o coronav\u00edrus \u2013 N\u00e3o vamos baixar a guarda\u2019\u00a0promovida pela\u00a0C\u00e2mara Brasileira da Ind\u00fastria da Constru\u00e7\u00e3o (CBIC) e esteve na obra Village das \u00c1guas, da Canopus Constru\u00e7\u00f5es, para conversar com os trabalhadores sobre protocolos sanit\u00e1rios e, acima de tudo, se fazer presente neste momento t\u00e3o dif\u00edcil. [&hellip;]<\/p>\n","protected":false},"author":3,"featured_media":10582,"comment_status":"closed","ping_status":"closed","sticky":false,"template":"","format":"standard","meta":{"footnotes":""},"categories":[92],"tags":[],"class_list":["post-10581","post","type-post","status-publish","format-standard","has-post-thumbnail","hentry","category-seconci-brasil"],"yoast_head":"<!-- This site is optimized with the Yoast SEO plugin v26.9 - https:\/\/yoast.com\/product\/yoast-seo-wordpress\/ -->\n<title>Uni\u00e3o de valores e prop\u00f3sitos no setor tem garantido a conten\u00e7\u00e3o do v\u00edrus - Seconci Brasil<\/title>\n<meta name=\"robots\" content=\"index, follow, max-snippet:-1, max-image-preview:large, max-video-preview:-1\" \/>\n<link rel=\"canonical\" href=\"https:\/\/seconci.com.br\/site\/2021\/03\/25\/uniao-de-valores-e-propositos-no-setor-tem-garantido-a-contencao-do-virus\/\" \/>\n<meta property=\"og:locale\" content=\"pt_PT\" \/>\n<meta property=\"og:type\" content=\"article\" \/>\n<meta property=\"og:title\" content=\"Uni\u00e3o de valores e prop\u00f3sitos no setor tem garantido a conten\u00e7\u00e3o do v\u00edrus - Seconci Brasil\" \/>\n<meta property=\"og:description\" content=\"O setor da constru\u00e7\u00e3o civil maranhense encampou a campanha \u2018Constru\u00e7\u00e3o contra o coronav\u00edrus \u2013 N\u00e3o vamos baixar a guarda\u2019\u00a0promovida pela\u00a0C\u00e2mara Brasileira da Ind\u00fastria da Constru\u00e7\u00e3o (CBIC) e esteve na obra Village das \u00c1guas, da Canopus Constru\u00e7\u00f5es, para conversar com os trabalhadores sobre protocolos sanit\u00e1rios e, acima de tudo, se fazer presente neste momento t\u00e3o dif\u00edcil. [&hellip;]\" \/>\n<meta property=\"og:url\" content=\"https:\/\/seconci.com.br\/site\/2021\/03\/25\/uniao-de-valores-e-propositos-no-setor-tem-garantido-a-contencao-do-virus\/\" \/>\n<meta property=\"og:site_name\" content=\"Seconci Brasil\" \/>\n<meta property=\"article:published_time\" content=\"2021-03-25T12:04:35+00:00\" \/>\n<meta property=\"og:image\" content=\"https:\/\/seconci.com.br\/site\/wp-content\/uploads\/2021\/03\/nao-vamos-baixar-a-guarda-ma.jpeg\" \/>\n\t<meta property=\"og:image:width\" content=\"1280\" \/>\n\t<meta property=\"og:image:height\" content=\"400\" \/>\n\t<meta property=\"og:image:type\" content=\"image\/jpeg\" \/>\n<meta name=\"author\" content=\"Sidney Rocha\" \/>\n<meta name=\"twitter:card\" content=\"summary_large_image\" \/>\n<meta name=\"twitter:label1\" content=\"Escrito por\" \/>\n\t<meta name=\"twitter:data1\" content=\"Sidney Rocha\" \/>\n\t<meta name=\"twitter:label2\" content=\"Tempo estimado de leitura\" \/>\n\t<meta name=\"twitter:data2\" content=\"2 minutos\" \/>\n<script type=\"application\/ld+json\" class=\"yoast-schema-graph\">{\"@context\":\"https:\/\/schema.org\",\"@graph\":[{\"@type\":\"Article\",\"@id\":\"https:\/\/seconci.com.br\/site\/2021\/03\/25\/uniao-de-valores-e-propositos-no-setor-tem-garantido-a-contencao-do-virus\/#article\",\"isPartOf\":{\"@id\":\"https:\/\/seconci.com.br\/site\/2021\/03\/25\/uniao-de-valores-e-propositos-no-setor-tem-garantido-a-contencao-do-virus\/\"},\"author\":{\"name\":\"Sidney Rocha\",\"@id\":\"https:\/\/seconci.com.br\/site\/#\/schema\/person\/1d79afd97ddc8f2c68c1e88e298aa8e2\"},\"headline\":\"Uni\u00e3o de valores e prop\u00f3sitos no setor tem garantido a conten\u00e7\u00e3o do v\u00edrus\",\"datePublished\":\"2021-03-25T12:04:35+00:00\",\"mainEntityOfPage\":{\"@id\":\"https:\/\/seconci.com.br\/site\/2021\/03\/25\/uniao-de-valores-e-propositos-no-setor-tem-garantido-a-contencao-do-virus\/\"},\"wordCount\":396,\"publisher\":{\"@id\":\"https:\/\/seconci.com.br\/site\/#organization\"},\"image\":{\"@id\":\"https:\/\/seconci.com.br\/site\/2021\/03\/25\/uniao-de-valores-e-propositos-no-setor-tem-garantido-a-contencao-do-virus\/#primaryimage\"},\"thumbnailUrl\":\"https:\/\/seconci.com.br\/site\/wp-content\/uploads\/2021\/03\/nao-vamos-baixar-a-guarda-ma.jpeg\",\"articleSection\":[\"Seconci Brasil\"],\"inLanguage\":\"pt-PT\"},{\"@type\":\"WebPage\",\"@id\":\"https:\/\/seconci.com.br\/site\/2021\/03\/25\/uniao-de-valores-e-propositos-no-setor-tem-garantido-a-contencao-do-virus\/\",\"url\":\"https:\/\/seconci.com.br\/site\/2021\/03\/25\/uniao-de-valores-e-propositos-no-setor-tem-garantido-a-contencao-do-virus\/\",\"name\":\"Uni\u00e3o de valores e prop\u00f3sitos no setor tem garantido a conten\u00e7\u00e3o do v\u00edrus - Seconci Brasil\",\"isPartOf\":{\"@id\":\"https:\/\/seconci.com.br\/site\/#website\"},\"primaryImageOfPage\":{\"@id\":\"https:\/\/seconci.com.br\/site\/2021\/03\/25\/uniao-de-valores-e-propositos-no-setor-tem-garantido-a-contencao-do-virus\/#primaryimage\"},\"image\":{\"@id\":\"https:\/\/seconci.com.br\/site\/2021\/03\/25\/uniao-de-valores-e-propositos-no-setor-tem-garantido-a-contencao-do-virus\/#primaryimage\"},\"thumbnailUrl\":\"https:\/\/seconci.com.br\/site\/wp-content\/uploads\/2021\/03\/nao-vamos-baixar-a-guarda-ma.jpeg\",\"datePublished\":\"2021-03-25T12:04:35+00:00\",\"breadcrumb\":{\"@id\":\"https:\/\/seconci.com.br\/site\/2021\/03\/25\/uniao-de-valores-e-propositos-no-setor-tem-garantido-a-contencao-do-virus\/#breadcrumb\"},\"inLanguage\":\"pt-PT\",\"potentialAction\":[{\"@type\":\"ReadAction\",\"target\":[\"https:\/\/seconci.com.br\/site\/2021\/03\/25\/uniao-de-valores-e-propositos-no-setor-tem-garantido-a-contencao-do-virus\/\"]}]},{\"@type\":\"ImageObject\",\"inLanguage\":\"pt-PT\",\"@id\":\"https:\/\/seconci.com.br\/site\/2021\/03\/25\/uniao-de-valores-e-propositos-no-setor-tem-garantido-a-contencao-do-virus\/#primaryimage\",\"url\":\"https:\/\/seconci.com.br\/site\/wp-content\/uploads\/2021\/03\/nao-vamos-baixar-a-guarda-ma.jpeg\",\"contentUrl\":\"https:\/\/seconci.com.br\/site\/wp-content\/uploads\/2021\/03\/nao-vamos-baixar-a-guarda-ma.jpeg\",\"width\":1280,\"height\":400},{\"@type\":\"BreadcrumbList\",\"@id\":\"https:\/\/seconci.com.br\/site\/2021\/03\/25\/uniao-de-valores-e-propositos-no-setor-tem-garantido-a-contencao-do-virus\/#breadcrumb\",\"itemListElement\":[{\"@type\":\"ListItem\",\"position\":1,\"name\":\"In\u00edcio\",\"item\":\"https:\/\/seconci.com.br\/site\/\"},{\"@type\":\"ListItem\",\"position\":2,\"name\":\"Uni\u00e3o de valores e prop\u00f3sitos no setor tem garantido a conten\u00e7\u00e3o do v\u00edrus\"}]},{\"@type\":\"WebSite\",\"@id\":\"https:\/\/seconci.com.br\/site\/#website\",\"url\":\"https:\/\/seconci.com.br\/site\/\",\"name\":\"Seconci Brasil\",\"description\":\"\",\"publisher\":{\"@id\":\"https:\/\/seconci.com.br\/site\/#organization\"},\"potentialAction\":[{\"@type\":\"SearchAction\",\"target\":{\"@type\":\"EntryPoint\",\"urlTemplate\":\"https:\/\/seconci.com.br\/site\/?s={search_term_string}\"},\"query-input\":{\"@type\":\"PropertyValueSpecification\",\"valueRequired\":true,\"valueName\":\"search_term_string\"}}],\"inLanguage\":\"pt-PT\"},{\"@type\":\"Organization\",\"@id\":\"https:\/\/seconci.com.br\/site\/#organization\",\"name\":\"Seconci Brasil\",\"url\":\"https:\/\/seconci.com.br\/site\/\",\"logo\":{\"@type\":\"ImageObject\",\"inLanguage\":\"pt-PT\",\"@id\":\"https:\/\/seconci.com.br\/site\/#\/schema\/logo\/image\/\",\"url\":\"https:\/\/seconci.com.br\/site\/wp-content\/uploads\/2024\/08\/Logo-Seconci-Brasil-branca-2.png\",\"contentUrl\":\"https:\/\/seconci.com.br\/site\/wp-content\/uploads\/2024\/08\/Logo-Seconci-Brasil-branca-2.png\",\"width\":1315,\"height\":598,\"caption\":\"Seconci Brasil\"},\"image\":{\"@id\":\"https:\/\/seconci.com.br\/site\/#\/schema\/logo\/image\/\"}},{\"@type\":\"Person\",\"@id\":\"https:\/\/seconci.com.br\/site\/#\/schema\/person\/1d79afd97ddc8f2c68c1e88e298aa8e2\",\"name\":\"Sidney Rocha\",\"description\":\"Comunicador e estagi\u00e1rio do Seconci Brasil.\",\"url\":\"https:\/\/seconci.com.br\/site\/author\/sidney-rocha\/\"}]}<\/script>\n<!-- \/ Yoast SEO plugin. -->","yoast_head_json":{"title":"Uni\u00e3o de valores e prop\u00f3sitos no setor tem garantido a conten\u00e7\u00e3o do v\u00edrus - Seconci Brasil","robots":{"index":"index","follow":"follow","max-snippet":"max-snippet:-1","max-image-preview":"max-image-preview:large","max-video-preview":"max-video-preview:-1"},"canonical":"https:\/\/seconci.com.br\/site\/2021\/03\/25\/uniao-de-valores-e-propositos-no-setor-tem-garantido-a-contencao-do-virus\/","og_locale":"pt_PT","og_type":"article","og_title":"Uni\u00e3o de valores e prop\u00f3sitos no setor tem garantido a conten\u00e7\u00e3o do v\u00edrus - Seconci Brasil","og_description":"O setor da constru\u00e7\u00e3o civil maranhense encampou a campanha \u2018Constru\u00e7\u00e3o contra o coronav\u00edrus \u2013 N\u00e3o vamos baixar a guarda\u2019\u00a0promovida pela\u00a0C\u00e2mara Brasileira da Ind\u00fastria da Constru\u00e7\u00e3o (CBIC) e esteve na obra Village das \u00c1guas, da Canopus Constru\u00e7\u00f5es, para conversar com os trabalhadores sobre protocolos sanit\u00e1rios e, acima de tudo, se fazer presente neste momento t\u00e3o dif\u00edcil. [&hellip;]","og_url":"https:\/\/seconci.com.br\/site\/2021\/03\/25\/uniao-de-valores-e-propositos-no-setor-tem-garantido-a-contencao-do-virus\/","og_site_name":"Seconci Brasil","article_published_time":"2021-03-25T12:04:35+00:00","og_image":[{"width":1280,"height":400,"url":"https:\/\/seconci.com.br\/site\/wp-content\/uploads\/2021\/03\/nao-vamos-baixar-a-guarda-ma.jpeg","type":"image\/jpeg"}],"author":"Sidney Rocha","twitter_card":"summary_large_image","twitter_misc":{"Escrito por":"Sidney Rocha","Tempo estimado de leitura":"2 minutos"},"schema":{"@context":"https:\/\/schema.org","@graph":[{"@type":"Article","@id":"https:\/\/seconci.com.br\/site\/2021\/03\/25\/uniao-de-valores-e-propositos-no-setor-tem-garantido-a-contencao-do-virus\/#article","isPartOf":{"@id":"https:\/\/seconci.com.br\/site\/2021\/03\/25\/uniao-de-valores-e-propositos-no-setor-tem-garantido-a-contencao-do-virus\/"},"author":{"name":"Sidney Rocha","@id":"https:\/\/seconci.com.br\/site\/#\/schema\/person\/1d79afd97ddc8f2c68c1e88e298aa8e2"},"headline":"Uni\u00e3o de valores e prop\u00f3sitos no setor tem garantido a conten\u00e7\u00e3o do v\u00edrus","datePublished":"2021-03-25T12:04:35+00:00","mainEntityOfPage":{"@id":"https:\/\/seconci.com.br\/site\/2021\/03\/25\/uniao-de-valores-e-propositos-no-setor-tem-garantido-a-contencao-do-virus\/"},"wordCount":396,"publisher":{"@id":"https:\/\/seconci.com.br\/site\/#organization"},"image":{"@id":"https:\/\/seconci.com.br\/site\/2021\/03\/25\/uniao-de-valores-e-propositos-no-setor-tem-garantido-a-contencao-do-virus\/#primaryimage"},"thumbnailUrl":"https:\/\/seconci.com.br\/site\/wp-content\/uploads\/2021\/03\/nao-vamos-baixar-a-guarda-ma.jpeg","articleSection":["Seconci Brasil"],"inLanguage":"pt-PT"},{"@type":"WebPage","@id":"https:\/\/seconci.com.br\/site\/2021\/03\/25\/uniao-de-valores-e-propositos-no-setor-tem-garantido-a-contencao-do-virus\/","url":"https:\/\/seconci.com.br\/site\/2021\/03\/25\/uniao-de-valores-e-propositos-no-setor-tem-garantido-a-contencao-do-virus\/","name":"Uni\u00e3o de valores e prop\u00f3sitos no setor tem garantido a conten\u00e7\u00e3o do v\u00edrus - Seconci Brasil","isPartOf":{"@id":"https:\/\/seconci.com.br\/site\/#website"},"primaryImageOfPage":{"@id":"https:\/\/seconci.com.br\/site\/2021\/03\/25\/uniao-de-valores-e-propositos-no-setor-tem-garantido-a-contencao-do-virus\/#primaryimage"},"image":{"@id":"https:\/\/seconci.com.br\/site\/2021\/03\/25\/uniao-de-valores-e-propositos-no-setor-tem-garantido-a-contencao-do-virus\/#primaryimage"},"thumbnailUrl":"https:\/\/seconci.com.br\/site\/wp-content\/uploads\/2021\/03\/nao-vamos-baixar-a-guarda-ma.jpeg","datePublished":"2021-03-25T12:04:35+00:00","breadcrumb":{"@id":"https:\/\/seconci.com.br\/site\/2021\/03\/25\/uniao-de-valores-e-propositos-no-setor-tem-garantido-a-contencao-do-virus\/#breadcrumb"},"inLanguage":"pt-PT","potentialAction":[{"@type":"ReadAction","target":["https:\/\/seconci.com.br\/site\/2021\/03\/25\/uniao-de-valores-e-propositos-no-setor-tem-garantido-a-contencao-do-virus\/"]}]},{"@type":"ImageObject","inLanguage":"pt-PT","@id":"https:\/\/seconci.com.br\/site\/2021\/03\/25\/uniao-de-valores-e-propositos-no-setor-tem-garantido-a-contencao-do-virus\/#primaryimage","url":"https:\/\/seconci.com.br\/site\/wp-content\/uploads\/2021\/03\/nao-vamos-baixar-a-guarda-ma.jpeg","contentUrl":"https:\/\/seconci.com.br\/site\/wp-content\/uploads\/2021\/03\/nao-vamos-baixar-a-guarda-ma.jpeg","width":1280,"height":400},{"@type":"BreadcrumbList","@id":"https:\/\/seconci.com.br\/site\/2021\/03\/25\/uniao-de-valores-e-propositos-no-setor-tem-garantido-a-contencao-do-virus\/#breadcrumb","itemListElement":[{"@type":"ListItem","position":1,"name":"In\u00edcio","item":"https:\/\/seconci.com.br\/site\/"},{"@type":"ListItem","position":2,"name":"Uni\u00e3o de valores e prop\u00f3sitos no setor tem garantido a conten\u00e7\u00e3o do v\u00edrus"}]},{"@type":"WebSite","@id":"https:\/\/seconci.com.br\/site\/#website","url":"https:\/\/seconci.com.br\/site\/","name":"Seconci Brasil","description":"","publisher":{"@id":"https:\/\/seconci.com.br\/site\/#organization"},"potentialAction":[{"@type":"SearchAction","target":{"@type":"EntryPoint","urlTemplate":"https:\/\/seconci.com.br\/site\/?s={search_term_string}"},"query-input":{"@type":"PropertyValueSpecification","valueRequired":true,"valueName":"search_term_string"}}],"inLanguage":"pt-PT"},{"@type":"Organization","@id":"https:\/\/seconci.com.br\/site\/#organization","name":"Seconci Brasil","url":"https:\/\/seconci.com.br\/site\/","logo":{"@type":"ImageObject","inLanguage":"pt-PT","@id":"https:\/\/seconci.com.br\/site\/#\/schema\/logo\/image\/","url":"https:\/\/seconci.com.br\/site\/wp-content\/uploads\/2024\/08\/Logo-Seconci-Brasil-branca-2.png","contentUrl":"https:\/\/seconci.com.br\/site\/wp-content\/uploads\/2024\/08\/Logo-Seconci-Brasil-branca-2.png","width":1315,"height":598,"caption":"Seconci Brasil"},"image":{"@id":"https:\/\/seconci.com.br\/site\/#\/schema\/logo\/image\/"}},{"@type":"Person","@id":"https:\/\/seconci.com.br\/site\/#\/schema\/person\/1d79afd97ddc8f2c68c1e88e298aa8e2","name":"Sidney Rocha","description":"Comunicador e estagi\u00e1rio do Seconci Brasil.","url":"https:\/\/seconci.com.br\/site\/author\/sidney-rocha\/"}]}},"_links":{"self":[{"href":"https:\/\/seconci.com.br\/site\/wp-json\/wp\/v2\/posts\/10581","targetHints":{"allow":["GET"]}}],"collection":[{"href":"https:\/\/seconci.com.br\/site\/wp-json\/wp\/v2\/posts"}],"about":[{"href":"https:\/\/seconci.com.br\/site\/wp-json\/wp\/v2\/types\/post"}],"author":[{"embeddable":true,"href":"https:\/\/seconci.com.br\/site\/wp-json\/wp\/v2\/users\/3"}],"replies":[{"embeddable":true,"href":"https:\/\/seconci.com.br\/site\/wp-json\/wp\/v2\/comments?post=10581"}],"version-history":[{"count":0,"href":"https:\/\/seconci.com.br\/site\/wp-json\/wp\/v2\/posts\/10581\/revisions"}],"wp:featuredmedia":[{"embeddable":true,"href":"https:\/\/seconci.com.br\/site\/wp-json\/wp\/v2\/media\/10582"}],"wp:attachment":[{"href":"https:\/\/seconci.com.br\/site\/wp-json\/wp\/v2\/media?parent=10581"}],"wp:term":[{"taxonomy":"category","embeddable":true,"href":"https:\/\/seconci.com.br\/site\/wp-json\/wp\/v2\/categories?post=10581"},{"taxonomy":"post_tag","embeddable":true,"href":"https:\/\/seconci.com.br\/site\/wp-json\/wp\/v2\/tags?post=10581"}],"curies":[{"name":"wp","href":"https:\/\/api.w.org\/{rel}","templated":true}]}}