{"id":10615,"date":"2021-04-05T12:04:54","date_gmt":"2021-04-05T12:04:54","guid":{"rendered":"https:\/\/seconci.com.br\/site\/?p=10615"},"modified":"2021-04-05T12:04:54","modified_gmt":"2021-04-05T12:04:54","slug":"canpat-2021-campanha-nacional-de-prevencao-de-acidentes-de-trabalho","status":"publish","type":"post","link":"https:\/\/seconci.com.br\/site\/2021\/04\/05\/canpat-2021-campanha-nacional-de-prevencao-de-acidentes-de-trabalho\/","title":{"rendered":"CANPAT 2021: Campanha Nacional de Preven\u00e7\u00e3o de Acidentes de Trabalho"},"content":{"rendered":"<p style=\"text-align: justify;\"><strong>CANPAT 2021<\/strong><\/p>\n<p style=\"text-align: justify;\"><strong>SEGURAN\u00c7A E SA\u00daDE NO TRABALHO: UM VALOR PARA O BRASIL<\/strong><\/p>\n<p style=\"text-align: justify;\">Embora a CANPAT aborde aspectos gerais de preven\u00e7\u00e3o de acidentes e doen\u00e7as do trabalho, a cada ano a Campanha tem o prop\u00f3sito de provocar debates espec\u00edficos. Assim, a CANPAT 2021 pretende ressaltar as vantagens da redu\u00e7\u00e3o de acidentes para toda a sociedade, com materiais gr\u00e1ficos e eventos enfocando que Seguran\u00e7a e Sa\u00fade no Trabalho (SST) gera \u201cvalor para o Brasil\u201d, \u201cMais competitividade para as empresas\u201d e \u201cMais qualidade de vida para os trabalhadores\u201d.<\/p>\n<p style=\"text-align: justify;\">Veja os subtemas da CANPAT 2021:<\/p>\n<p style=\"text-align: justify;\"><b>Seguran\u00e7a e Sa\u00fade no Trabalho \u00c9 MAIS qualidade de vida para os trabalhadores<\/b><\/p>\n<p style=\"text-align: justify;\">Para os trabalhadores, os ambientes seguros e saud\u00e1veis reduzem a possibilidade de acidentes e adoecimentos no trabalho, preservando a vida e a integridade f\u00edsica. Al\u00e9m disso, geram mais satisfa\u00e7\u00e3o no trabalho e podem aumentar a renda, pelo aumento de produtividade que um ambiente seguro, saud\u00e1vel e organizado proporciona. Nada melhor do que trabalhar com a certeza de que n\u00e3o vai adoecer ou acidentar-se.<\/p>\n<p style=\"text-align: justify;\"><b>Seguran\u00e7a e sa\u00fade no trabalho \u00c9 MAIS competitividade para as empresas<\/b><\/p>\n<p style=\"text-align: justify;\">Para empregadores, os ambientes seguros e saud\u00e1veis aumentam a competitividade e lucro em raz\u00e3o de mais organiza\u00e7\u00e3o e aumento da produ\u00e7\u00e3o pelos m\u00e9todos de trabalho racionais e estudados, bem como pela diminui\u00e7\u00e3o de gastos e perdas envolvendo eventuais acidentes, a exemplo de despesas com remo\u00e7\u00e3o ou resgate, atendimento m\u00e9dico e rem\u00e9dios para socorrer acidentados ou doentes, redu\u00e7\u00e3o de despesas judiciais, redu\u00e7\u00e3o das faltas ao trabalho (absente\u00edsmo), recontrata\u00e7\u00e3o e treinamento de novos empregados, diminui\u00e7\u00e3o da rotatividade, \u00a0redu\u00e7\u00e3o do risco de indeniza\u00e7\u00f5es ao empregado e ao INSS, enfim, redu\u00e7\u00e3o do risco do neg\u00f3cio, al\u00e9m de ganhos de imagem.<\/p>\n<p style=\"text-align: justify;\"><b>Seguran\u00e7a e Sa\u00fade no Trabalho \u00c9 MAIS valor para o Brasil<\/b><\/p>\n<p style=\"text-align: justify;\">Ambientes seguros e saud\u00e1veis s\u00e3o bons para a sociedade brasileira. De fato, acidentes e doen\u00e7as do trabalho constituem uma trag\u00e9dia para o pa\u00eds, em decorr\u00eancia da perda de vida ou incapacita\u00e7\u00e3o para o trabalho de cidad\u00e3os brasileiros, de valor inestim\u00e1vel. De outra monta, os gastos decorrentes de um acidente do trabalho (como remo\u00e7\u00e3o, deslocamento, atendimento na rede p\u00fablica ou privada de sa\u00fade, dias parados, indeniza\u00e7\u00f5es, recontrata\u00e7\u00e3o e requalifica\u00e7\u00e3o) s\u00e3o transferidos para toda a sociedade, seja na rela\u00e7\u00e3o de consumo ou atrav\u00e9s dos impostos e seguros utilizados para pagamento de benef\u00edcios. Assim, em n\u00edvel mundial, cuja economia est\u00e1 cada vez mais globalizada, o pa\u00eds perde competitividade internacional, visto que outros podem controlar esse fator e produzir o mesmo produto com menos acidentes e, consequentemente, menos despesas.<\/p>\n<p style=\"text-align: justify;\"><b>CANPAT<\/b><\/p>\n<p style=\"text-align: justify;\">A Campanha Nacional de Preven\u00e7\u00e3o de Acidentes do Trabalho, que existe desde 1971, se traduz em um conjunto de a\u00e7\u00f5es que visam \u00e0 promo\u00e7\u00e3o de uma cultura de seguran\u00e7a e sa\u00fade no trabalho, de cunho essencialmente prevencionista.<\/p>\n<p style=\"text-align: justify;\">\n<p style=\"text-align: justify;\"><strong>Documentos da CANPAT 2021<\/strong><\/p>\n<p style=\"text-align: justify;\">&#8211; Cartaz &#8211;\u00a0<a class=\"internal-link\" title=\"Cartaz CANPAT 2021\" href=\"https:\/\/www.gov.br\/trabalho\/pt-br\/inspecao\/seguranca-e-saude-no-trabalho\/canpat-2\/canpat-2021\/cartaz_canpat2021.jpg\" target=\"_blank\" rel=\"noopener\" data-tippreview-image=\"\" data-tippreview-title=\"\" data-tippreview-enabled=\"false\">Clique aqui<\/a>.<\/p>\n<p style=\"text-align: justify;\"><strong>&#8220;Lives&#8221; da CANPAT 2021<\/strong><\/p>\n<p style=\"text-align: justify;\">Para acessar as &#8220;lives&#8221; da Canpat 2021 e os respectivos materiais acesse os links abaixo:<\/p>\n<p style=\"text-align: justify;\"><strong>Dia 07\/04\/2021: Live de Abertura Canpat 2021<\/strong><\/p>\n<p style=\"text-align: justify;\">\u00a0\u00a0<iframe title=\"YouTube video player\" src=\"https:\/\/www.youtube.com\/embed\/NVXR-gByLqw\" width=\"560\" height=\"315\" frameborder=\"0\" allowfullscreen=\"allowfullscreen\" data-mce-fragment=\"1\"><\/iframe><\/p>\n<p><em>Fonte: Secretaria de Trabalho\/ME<\/em><\/p>\n","protected":false},"excerpt":{"rendered":"<p>CANPAT 2021 SEGURAN\u00c7A E SA\u00daDE NO TRABALHO: UM VALOR PARA O BRASIL Embora a CANPAT aborde aspectos gerais de preven\u00e7\u00e3o de acidentes e doen\u00e7as do trabalho, a cada ano a Campanha tem o prop\u00f3sito de provocar debates espec\u00edficos. Assim, a CANPAT 2021 pretende ressaltar as vantagens da redu\u00e7\u00e3o de acidentes para toda a sociedade, com [&hellip;]<\/p>\n","protected":false},"author":3,"featured_media":10616,"comment_status":"closed","ping_status":"closed","sticky":false,"template":"","format":"standard","meta":{"footnotes":""},"categories":[92],"tags":[],"class_list":["post-10615","post","type-post","status-publish","format-standard","has-post-thumbnail","hentry","category-seconci-brasil"],"yoast_head":"<!-- This site is optimized with the Yoast SEO plugin v26.9 - https:\/\/yoast.com\/product\/yoast-seo-wordpress\/ -->\n<title>CANPAT 2021: Campanha Nacional de Preven\u00e7\u00e3o de Acidentes de Trabalho - Seconci Brasil<\/title>\n<meta name=\"robots\" content=\"index, follow, max-snippet:-1, max-image-preview:large, max-video-preview:-1\" \/>\n<link rel=\"canonical\" href=\"https:\/\/seconci.com.br\/site\/2021\/04\/05\/canpat-2021-campanha-nacional-de-prevencao-de-acidentes-de-trabalho\/\" \/>\n<meta property=\"og:locale\" content=\"pt_PT\" \/>\n<meta property=\"og:type\" content=\"article\" \/>\n<meta property=\"og:title\" content=\"CANPAT 2021: Campanha Nacional de Preven\u00e7\u00e3o de Acidentes de Trabalho - Seconci Brasil\" \/>\n<meta property=\"og:description\" content=\"CANPAT 2021 SEGURAN\u00c7A E SA\u00daDE NO TRABALHO: UM VALOR PARA O BRASIL Embora a CANPAT aborde aspectos gerais de preven\u00e7\u00e3o de acidentes e doen\u00e7as do trabalho, a cada ano a Campanha tem o prop\u00f3sito de provocar debates espec\u00edficos. Assim, a CANPAT 2021 pretende ressaltar as vantagens da redu\u00e7\u00e3o de acidentes para toda a sociedade, com [&hellip;]\" \/>\n<meta property=\"og:url\" content=\"https:\/\/seconci.com.br\/site\/2021\/04\/05\/canpat-2021-campanha-nacional-de-prevencao-de-acidentes-de-trabalho\/\" \/>\n<meta property=\"og:site_name\" content=\"Seconci Brasil\" \/>\n<meta property=\"article:published_time\" content=\"2021-04-05T12:04:54+00:00\" \/>\n<meta property=\"og:image\" content=\"https:\/\/seconci.com.br\/site\/wp-content\/uploads\/2021\/04\/canpat-2021.jpg\" \/>\n\t<meta property=\"og:image:width\" content=\"670\" \/>\n\t<meta property=\"og:image:height\" content=\"376\" \/>\n\t<meta property=\"og:image:type\" content=\"image\/jpeg\" \/>\n<meta name=\"author\" content=\"Sidney Rocha\" \/>\n<meta name=\"twitter:card\" content=\"summary_large_image\" \/>\n<meta name=\"twitter:label1\" content=\"Escrito por\" \/>\n\t<meta name=\"twitter:data1\" content=\"Sidney Rocha\" \/>\n\t<meta name=\"twitter:label2\" content=\"Tempo estimado de leitura\" \/>\n\t<meta name=\"twitter:data2\" content=\"3 minutos\" \/>\n<script type=\"application\/ld+json\" class=\"yoast-schema-graph\">{\"@context\":\"https:\/\/schema.org\",\"@graph\":[{\"@type\":\"Article\",\"@id\":\"https:\/\/seconci.com.br\/site\/2021\/04\/05\/canpat-2021-campanha-nacional-de-prevencao-de-acidentes-de-trabalho\/#article\",\"isPartOf\":{\"@id\":\"https:\/\/seconci.com.br\/site\/2021\/04\/05\/canpat-2021-campanha-nacional-de-prevencao-de-acidentes-de-trabalho\/\"},\"author\":{\"name\":\"Sidney Rocha\",\"@id\":\"https:\/\/seconci.com.br\/site\/#\/schema\/person\/1d79afd97ddc8f2c68c1e88e298aa8e2\"},\"headline\":\"CANPAT 2021: Campanha Nacional de Preven\u00e7\u00e3o de Acidentes de Trabalho\",\"datePublished\":\"2021-04-05T12:04:54+00:00\",\"mainEntityOfPage\":{\"@id\":\"https:\/\/seconci.com.br\/site\/2021\/04\/05\/canpat-2021-campanha-nacional-de-prevencao-de-acidentes-de-trabalho\/\"},\"wordCount\":552,\"publisher\":{\"@id\":\"https:\/\/seconci.com.br\/site\/#organization\"},\"image\":{\"@id\":\"https:\/\/seconci.com.br\/site\/2021\/04\/05\/canpat-2021-campanha-nacional-de-prevencao-de-acidentes-de-trabalho\/#primaryimage\"},\"thumbnailUrl\":\"https:\/\/seconci.com.br\/site\/wp-content\/uploads\/2021\/04\/canpat-2021.jpg\",\"articleSection\":[\"Seconci Brasil\"],\"inLanguage\":\"pt-PT\"},{\"@type\":\"WebPage\",\"@id\":\"https:\/\/seconci.com.br\/site\/2021\/04\/05\/canpat-2021-campanha-nacional-de-prevencao-de-acidentes-de-trabalho\/\",\"url\":\"https:\/\/seconci.com.br\/site\/2021\/04\/05\/canpat-2021-campanha-nacional-de-prevencao-de-acidentes-de-trabalho\/\",\"name\":\"CANPAT 2021: Campanha Nacional de Preven\u00e7\u00e3o de Acidentes de Trabalho - Seconci Brasil\",\"isPartOf\":{\"@id\":\"https:\/\/seconci.com.br\/site\/#website\"},\"primaryImageOfPage\":{\"@id\":\"https:\/\/seconci.com.br\/site\/2021\/04\/05\/canpat-2021-campanha-nacional-de-prevencao-de-acidentes-de-trabalho\/#primaryimage\"},\"image\":{\"@id\":\"https:\/\/seconci.com.br\/site\/2021\/04\/05\/canpat-2021-campanha-nacional-de-prevencao-de-acidentes-de-trabalho\/#primaryimage\"},\"thumbnailUrl\":\"https:\/\/seconci.com.br\/site\/wp-content\/uploads\/2021\/04\/canpat-2021.jpg\",\"datePublished\":\"2021-04-05T12:04:54+00:00\",\"breadcrumb\":{\"@id\":\"https:\/\/seconci.com.br\/site\/2021\/04\/05\/canpat-2021-campanha-nacional-de-prevencao-de-acidentes-de-trabalho\/#breadcrumb\"},\"inLanguage\":\"pt-PT\",\"potentialAction\":[{\"@type\":\"ReadAction\",\"target\":[\"https:\/\/seconci.com.br\/site\/2021\/04\/05\/canpat-2021-campanha-nacional-de-prevencao-de-acidentes-de-trabalho\/\"]}]},{\"@type\":\"ImageObject\",\"inLanguage\":\"pt-PT\",\"@id\":\"https:\/\/seconci.com.br\/site\/2021\/04\/05\/canpat-2021-campanha-nacional-de-prevencao-de-acidentes-de-trabalho\/#primaryimage\",\"url\":\"https:\/\/seconci.com.br\/site\/wp-content\/uploads\/2021\/04\/canpat-2021.jpg\",\"contentUrl\":\"https:\/\/seconci.com.br\/site\/wp-content\/uploads\/2021\/04\/canpat-2021.jpg\",\"width\":670,\"height\":376},{\"@type\":\"BreadcrumbList\",\"@id\":\"https:\/\/seconci.com.br\/site\/2021\/04\/05\/canpat-2021-campanha-nacional-de-prevencao-de-acidentes-de-trabalho\/#breadcrumb\",\"itemListElement\":[{\"@type\":\"ListItem\",\"position\":1,\"name\":\"In\u00edcio\",\"item\":\"https:\/\/seconci.com.br\/site\/\"},{\"@type\":\"ListItem\",\"position\":2,\"name\":\"CANPAT 2021: Campanha Nacional de Preven\u00e7\u00e3o de Acidentes de Trabalho\"}]},{\"@type\":\"WebSite\",\"@id\":\"https:\/\/seconci.com.br\/site\/#website\",\"url\":\"https:\/\/seconci.com.br\/site\/\",\"name\":\"Seconci Brasil\",\"description\":\"\",\"publisher\":{\"@id\":\"https:\/\/seconci.com.br\/site\/#organization\"},\"potentialAction\":[{\"@type\":\"SearchAction\",\"target\":{\"@type\":\"EntryPoint\",\"urlTemplate\":\"https:\/\/seconci.com.br\/site\/?s={search_term_string}\"},\"query-input\":{\"@type\":\"PropertyValueSpecification\",\"valueRequired\":true,\"valueName\":\"search_term_string\"}}],\"inLanguage\":\"pt-PT\"},{\"@type\":\"Organization\",\"@id\":\"https:\/\/seconci.com.br\/site\/#organization\",\"name\":\"Seconci Brasil\",\"url\":\"https:\/\/seconci.com.br\/site\/\",\"logo\":{\"@type\":\"ImageObject\",\"inLanguage\":\"pt-PT\",\"@id\":\"https:\/\/seconci.com.br\/site\/#\/schema\/logo\/image\/\",\"url\":\"https:\/\/seconci.com.br\/site\/wp-content\/uploads\/2024\/08\/Logo-Seconci-Brasil-branca-2.png\",\"contentUrl\":\"https:\/\/seconci.com.br\/site\/wp-content\/uploads\/2024\/08\/Logo-Seconci-Brasil-branca-2.png\",\"width\":1315,\"height\":598,\"caption\":\"Seconci Brasil\"},\"image\":{\"@id\":\"https:\/\/seconci.com.br\/site\/#\/schema\/logo\/image\/\"}},{\"@type\":\"Person\",\"@id\":\"https:\/\/seconci.com.br\/site\/#\/schema\/person\/1d79afd97ddc8f2c68c1e88e298aa8e2\",\"name\":\"Sidney Rocha\",\"description\":\"Comunicador e estagi\u00e1rio do Seconci Brasil.\",\"url\":\"https:\/\/seconci.com.br\/site\/author\/sidney-rocha\/\"}]}<\/script>\n<!-- \/ Yoast SEO plugin. -->","yoast_head_json":{"title":"CANPAT 2021: Campanha Nacional de Preven\u00e7\u00e3o de Acidentes de Trabalho - Seconci Brasil","robots":{"index":"index","follow":"follow","max-snippet":"max-snippet:-1","max-image-preview":"max-image-preview:large","max-video-preview":"max-video-preview:-1"},"canonical":"https:\/\/seconci.com.br\/site\/2021\/04\/05\/canpat-2021-campanha-nacional-de-prevencao-de-acidentes-de-trabalho\/","og_locale":"pt_PT","og_type":"article","og_title":"CANPAT 2021: Campanha Nacional de Preven\u00e7\u00e3o de Acidentes de Trabalho - Seconci Brasil","og_description":"CANPAT 2021 SEGURAN\u00c7A E SA\u00daDE NO TRABALHO: UM VALOR PARA O BRASIL Embora a CANPAT aborde aspectos gerais de preven\u00e7\u00e3o de acidentes e doen\u00e7as do trabalho, a cada ano a Campanha tem o prop\u00f3sito de provocar debates espec\u00edficos. Assim, a CANPAT 2021 pretende ressaltar as vantagens da redu\u00e7\u00e3o de acidentes para toda a sociedade, com [&hellip;]","og_url":"https:\/\/seconci.com.br\/site\/2021\/04\/05\/canpat-2021-campanha-nacional-de-prevencao-de-acidentes-de-trabalho\/","og_site_name":"Seconci Brasil","article_published_time":"2021-04-05T12:04:54+00:00","og_image":[{"width":670,"height":376,"url":"https:\/\/seconci.com.br\/site\/wp-content\/uploads\/2021\/04\/canpat-2021.jpg","type":"image\/jpeg"}],"author":"Sidney Rocha","twitter_card":"summary_large_image","twitter_misc":{"Escrito por":"Sidney Rocha","Tempo estimado de leitura":"3 minutos"},"schema":{"@context":"https:\/\/schema.org","@graph":[{"@type":"Article","@id":"https:\/\/seconci.com.br\/site\/2021\/04\/05\/canpat-2021-campanha-nacional-de-prevencao-de-acidentes-de-trabalho\/#article","isPartOf":{"@id":"https:\/\/seconci.com.br\/site\/2021\/04\/05\/canpat-2021-campanha-nacional-de-prevencao-de-acidentes-de-trabalho\/"},"author":{"name":"Sidney Rocha","@id":"https:\/\/seconci.com.br\/site\/#\/schema\/person\/1d79afd97ddc8f2c68c1e88e298aa8e2"},"headline":"CANPAT 2021: Campanha Nacional de Preven\u00e7\u00e3o de Acidentes de Trabalho","datePublished":"2021-04-05T12:04:54+00:00","mainEntityOfPage":{"@id":"https:\/\/seconci.com.br\/site\/2021\/04\/05\/canpat-2021-campanha-nacional-de-prevencao-de-acidentes-de-trabalho\/"},"wordCount":552,"publisher":{"@id":"https:\/\/seconci.com.br\/site\/#organization"},"image":{"@id":"https:\/\/seconci.com.br\/site\/2021\/04\/05\/canpat-2021-campanha-nacional-de-prevencao-de-acidentes-de-trabalho\/#primaryimage"},"thumbnailUrl":"https:\/\/seconci.com.br\/site\/wp-content\/uploads\/2021\/04\/canpat-2021.jpg","articleSection":["Seconci Brasil"],"inLanguage":"pt-PT"},{"@type":"WebPage","@id":"https:\/\/seconci.com.br\/site\/2021\/04\/05\/canpat-2021-campanha-nacional-de-prevencao-de-acidentes-de-trabalho\/","url":"https:\/\/seconci.com.br\/site\/2021\/04\/05\/canpat-2021-campanha-nacional-de-prevencao-de-acidentes-de-trabalho\/","name":"CANPAT 2021: Campanha Nacional de Preven\u00e7\u00e3o de Acidentes de Trabalho - Seconci Brasil","isPartOf":{"@id":"https:\/\/seconci.com.br\/site\/#website"},"primaryImageOfPage":{"@id":"https:\/\/seconci.com.br\/site\/2021\/04\/05\/canpat-2021-campanha-nacional-de-prevencao-de-acidentes-de-trabalho\/#primaryimage"},"image":{"@id":"https:\/\/seconci.com.br\/site\/2021\/04\/05\/canpat-2021-campanha-nacional-de-prevencao-de-acidentes-de-trabalho\/#primaryimage"},"thumbnailUrl":"https:\/\/seconci.com.br\/site\/wp-content\/uploads\/2021\/04\/canpat-2021.jpg","datePublished":"2021-04-05T12:04:54+00:00","breadcrumb":{"@id":"https:\/\/seconci.com.br\/site\/2021\/04\/05\/canpat-2021-campanha-nacional-de-prevencao-de-acidentes-de-trabalho\/#breadcrumb"},"inLanguage":"pt-PT","potentialAction":[{"@type":"ReadAction","target":["https:\/\/seconci.com.br\/site\/2021\/04\/05\/canpat-2021-campanha-nacional-de-prevencao-de-acidentes-de-trabalho\/"]}]},{"@type":"ImageObject","inLanguage":"pt-PT","@id":"https:\/\/seconci.com.br\/site\/2021\/04\/05\/canpat-2021-campanha-nacional-de-prevencao-de-acidentes-de-trabalho\/#primaryimage","url":"https:\/\/seconci.com.br\/site\/wp-content\/uploads\/2021\/04\/canpat-2021.jpg","contentUrl":"https:\/\/seconci.com.br\/site\/wp-content\/uploads\/2021\/04\/canpat-2021.jpg","width":670,"height":376},{"@type":"BreadcrumbList","@id":"https:\/\/seconci.com.br\/site\/2021\/04\/05\/canpat-2021-campanha-nacional-de-prevencao-de-acidentes-de-trabalho\/#breadcrumb","itemListElement":[{"@type":"ListItem","position":1,"name":"In\u00edcio","item":"https:\/\/seconci.com.br\/site\/"},{"@type":"ListItem","position":2,"name":"CANPAT 2021: Campanha Nacional de Preven\u00e7\u00e3o de Acidentes de Trabalho"}]},{"@type":"WebSite","@id":"https:\/\/seconci.com.br\/site\/#website","url":"https:\/\/seconci.com.br\/site\/","name":"Seconci Brasil","description":"","publisher":{"@id":"https:\/\/seconci.com.br\/site\/#organization"},"potentialAction":[{"@type":"SearchAction","target":{"@type":"EntryPoint","urlTemplate":"https:\/\/seconci.com.br\/site\/?s={search_term_string}"},"query-input":{"@type":"PropertyValueSpecification","valueRequired":true,"valueName":"search_term_string"}}],"inLanguage":"pt-PT"},{"@type":"Organization","@id":"https:\/\/seconci.com.br\/site\/#organization","name":"Seconci Brasil","url":"https:\/\/seconci.com.br\/site\/","logo":{"@type":"ImageObject","inLanguage":"pt-PT","@id":"https:\/\/seconci.com.br\/site\/#\/schema\/logo\/image\/","url":"https:\/\/seconci.com.br\/site\/wp-content\/uploads\/2024\/08\/Logo-Seconci-Brasil-branca-2.png","contentUrl":"https:\/\/seconci.com.br\/site\/wp-content\/uploads\/2024\/08\/Logo-Seconci-Brasil-branca-2.png","width":1315,"height":598,"caption":"Seconci Brasil"},"image":{"@id":"https:\/\/seconci.com.br\/site\/#\/schema\/logo\/image\/"}},{"@type":"Person","@id":"https:\/\/seconci.com.br\/site\/#\/schema\/person\/1d79afd97ddc8f2c68c1e88e298aa8e2","name":"Sidney Rocha","description":"Comunicador e estagi\u00e1rio do Seconci Brasil.","url":"https:\/\/seconci.com.br\/site\/author\/sidney-rocha\/"}]}},"_links":{"self":[{"href":"https:\/\/seconci.com.br\/site\/wp-json\/wp\/v2\/posts\/10615","targetHints":{"allow":["GET"]}}],"collection":[{"href":"https:\/\/seconci.com.br\/site\/wp-json\/wp\/v2\/posts"}],"about":[{"href":"https:\/\/seconci.com.br\/site\/wp-json\/wp\/v2\/types\/post"}],"author":[{"embeddable":true,"href":"https:\/\/seconci.com.br\/site\/wp-json\/wp\/v2\/users\/3"}],"replies":[{"embeddable":true,"href":"https:\/\/seconci.com.br\/site\/wp-json\/wp\/v2\/comments?post=10615"}],"version-history":[{"count":0,"href":"https:\/\/seconci.com.br\/site\/wp-json\/wp\/v2\/posts\/10615\/revisions"}],"wp:featuredmedia":[{"embeddable":true,"href":"https:\/\/seconci.com.br\/site\/wp-json\/wp\/v2\/media\/10616"}],"wp:attachment":[{"href":"https:\/\/seconci.com.br\/site\/wp-json\/wp\/v2\/media?parent=10615"}],"wp:term":[{"taxonomy":"category","embeddable":true,"href":"https:\/\/seconci.com.br\/site\/wp-json\/wp\/v2\/categories?post=10615"},{"taxonomy":"post_tag","embeddable":true,"href":"https:\/\/seconci.com.br\/site\/wp-json\/wp\/v2\/tags?post=10615"}],"curies":[{"name":"wp","href":"https:\/\/api.w.org\/{rel}","templated":true}]}}