{"id":10644,"date":"2021-04-13T11:21:51","date_gmt":"2021-04-13T11:21:51","guid":{"rendered":"https:\/\/seconci.com.br\/site\/?p=10644"},"modified":"2021-04-13T11:21:51","modified_gmt":"2021-04-13T11:21:51","slug":"construcao-de-sp-recomenda-uso-de-duas-mascaras-no-transporte-publico","status":"publish","type":"post","link":"https:\/\/seconci.com.br\/site\/2021\/04\/13\/construcao-de-sp-recomenda-uso-de-duas-mascaras-no-transporte-publico\/","title":{"rendered":"Constru\u00e7\u00e3o de SP recomenda uso de duas m\u00e1scaras no transporte p\u00fablico"},"content":{"rendered":"<p style=\"text-align: justify;\">Os casos confirmados de contamina\u00e7\u00e3o pela Covid-19 nos canteiros de obras do Estado de S\u00e3o Paulo cresceram de 0,41% para 0,50% do n\u00famero de trabalhadores; e os casos suspeitos mantiveram-se est\u00e1veis, oscilando de 0,56% para 0,55%. Isto foi o que apurou a 46\u00aa Pesquisa \u2018Conhecendo as A\u00e7\u00f5es das Construtoras Paulistas no Combate \u00e0 Covid-19\u2019, realizada semanalmente pelo Sindicato da Constru\u00e7\u00e3o Civil do Estado de S\u00e3o Paulo (SindusCon-SP) e Servi\u00e7o Social da Constru\u00e7\u00e3o Civil do Estado de S\u00e3o Paulo (Seconci-SP).<\/p>\n<p style=\"text-align: justify;\">Entre as empresas pesquisadas, os casos de interna\u00e7\u00e3o hospitalar mantiveram-se em tr\u00eas. Pela primeira vez desde junho de 2020, registraram-se \u00f3bitos. Foram dois, na capital paulista. Com isso, sobe a quatro o n\u00famero de mortos entre as empresas, desde o in\u00edcio da pesquisa, em 1 de maio de 2020.<\/p>\n<p style=\"text-align: justify;\">Odair Senra, presidente do SindusCon-SP, e Haruo Ishikawa, presidente do Seconci-SP, reiteram as recomenda\u00e7\u00f5es para que as empresas reforcem continuamente as medidas de preven\u00e7\u00e3o, al\u00e9m de manterem o trabalho presencial reduzido ao m\u00ednimo contingente necess\u00e1rio.<\/p>\n<p style=\"text-align: justify;\">O Seconci-SP, com apoio de SindusCon-SP, Abrainc, Secovi-SP e Sintracon-SP, disponibilizou um novo cartaz \u00e0s empresas, intitulado\u00a0<strong>\u2018Dupla prote\u00e7\u00e3o \u00e0 sua vida\u2019,<\/strong>\u00a0para coloca\u00e7\u00e3o nos canteiros de obras e escrit\u00f3rios. \u2018<strong>No transporte coletivo, use duas m\u00e1scaras e aumente a sua prote\u00e7\u00e3o\u2019,<\/strong>\u00a0diz o material, acrescentando: \u2018<strong>Use sempre m\u00e1scara no trabalho\u2019<\/strong>\u00a0e \u2018<strong>Se poss\u00edvel, use m\u00e1scara em casa e proteja a sua fam\u00edlia\u2019<\/strong>. O material tamb\u00e9m pode ser veiculado pelas redes sociais. Veja\u00a0<a href=\"http:\/\/www.seconci-sp.org.br\/materia\/noticias\/novacampanhacovid19\">material da campanha<\/a>.<\/p>\n<p style=\"text-align: justify;\">Nesta 46\u00aa rodada, foram obtidas respostas de 49 empresas, respons\u00e1veis por 555 obras, envolvendo 35.943 empregos diretos e terceirizados, de 1 a 7 de abril.<\/p>\n<p style=\"text-align: justify;\">Principais resultados da 46\u00aa Pesquisa:<\/p>\n<ul style=\"text-align: justify;\">\n<li>0,55% afastados por suspeita de Covid-19;<\/li>\n<li>0,50% afastados por confirma\u00e7\u00e3o da doen\u00e7a;<\/li>\n<li>551 obras em andamento e 4 paradas;<\/li>\n<li>98% do pessoal est\u00e3o em atividade;<\/li>\n<li>100% das empresas adotam medi\u00e7\u00e3o de temperatura e higieniza\u00e7\u00e3o das m\u00e3os, d\u00e3o orienta\u00e7\u00f5es di\u00e1rias sobre preven\u00e7\u00e3o, e higienizam e realizam demarca\u00e7\u00f5es em \u00e1reas de viv\u00eancia;<\/li>\n<li>98% orientam sobre limpeza dos Equipamentos de Prote\u00e7\u00e3o Individual e afixam informativos impressos sobre a Covid-19 nos locais de circula\u00e7\u00e3o;<\/li>\n<li>96% fornecem m\u00e1scaras para o transporte e para utiliza\u00e7\u00e3o na obra;<\/li>\n<li>94% realizam limpeza de EPIs e ferramentas e instituem hor\u00e1rios escalonados para entrada, sa\u00edda e refei\u00e7\u00f5es;<\/li>\n<li>88% realizam outras pr\u00e1ticas para a preven\u00e7\u00e3o da contamina\u00e7\u00e3o entre os trabalhadores e a comunidade.<\/li>\n<li>86% divulgam aos trabalhadores cartazes e v\u00eddeos de orienta\u00e7\u00e3o do SindusCon-SP e do Seconci-SP;<\/li>\n<li>84% distribuem informativos eletr\u00f4nicos sobre a Covid-19.<\/li>\n<\/ul>\n<p style=\"text-align: justify;\">Os presidentes do SindusCon-SP e do Seconci-SP reafirmam o convite para mais empresas com obras no Estado de S\u00e3o Paulo participarem das pr\u00f3ximas rodadas; basta enviar um e-mail para\u00a0<a href=\"mailto:pesquisacovid-19@seconci-sp.org.br\">pesquisacovid-19@seconci-sp.org.br<\/a>\u00a0e o Seconci-SP entrar\u00e1 em contato para incluir a construtora na enquete. As entidades garantem sigilo absoluto sobre as informa\u00e7\u00f5es prestadas.<\/p>\n<p style=\"text-align: justify;\">Veja os relat\u00f3rios completos das rodadas da pesquisa:<\/p>\n<p style=\"text-align: justify;\"><a href=\"http:\/\/www.seconci-sp.org.br\/midia\/132624509096000644.PDF\">Cinco \u00faltimas<\/a><\/p>\n<p style=\"text-align: justify;\"><a href=\"http:\/\/www.seconci-sp.org.br\/midia\/132624509327563483.pdf\">37\u00aa \u00e0 41\u00aa<\/a>\u00a0<em>\u00a0<\/em><\/p>\n<p style=\"text-align: justify;\"><a href=\"http:\/\/www.seconci-sp.org.br\/midia\/132624509523656909.pdf\">31\u00aa \u00e0 36\u00aa<\/a><\/p>\n<p style=\"text-align: justify;\"><a href=\"http:\/\/www.seconci-sp.org.br\/midia\/132617798050972924.pdf\">25\u00aa \u00e0 30\u00aa<\/a><\/p>\n<p style=\"text-align: justify;\"><a href=\"http:\/\/www.seconci-sp.org.br\/midia\/132612562848059483.pdf\">19\u00aa \u00e0 24\u00aa<\/a><\/p>\n<p style=\"text-align: justify;\"><a href=\"http:\/\/www.seconci-sp.org.br\/midia\/132612563040560434.pdf\">13\u00aa \u00e0 18\u00aa<\/a><\/p>\n<p style=\"text-align: justify;\"><a href=\"http:\/\/www.seconci-sp.org.br\/midia\/132576161977016709.pdf\">7\u00aa \u00e0 12\u00aa<\/a><\/p>\n<p style=\"text-align: justify;\"><a href=\"http:\/\/www.seconci-sp.org.br\/midia\/132576161173890749.pdf\">Seis primeiras<\/a><\/p>\n<p><em>Fonte: Ag\u00eancia CBIC<\/em><\/p>\n","protected":false},"excerpt":{"rendered":"<p>Os casos confirmados de contamina\u00e7\u00e3o pela Covid-19 nos canteiros de obras do Estado de S\u00e3o Paulo cresceram de 0,41% para 0,50% do n\u00famero de trabalhadores; e os casos suspeitos mantiveram-se est\u00e1veis, oscilando de 0,56% para 0,55%. Isto foi o que apurou a 46\u00aa Pesquisa \u2018Conhecendo as A\u00e7\u00f5es das Construtoras Paulistas no Combate \u00e0 Covid-19\u2019, realizada [&hellip;]<\/p>\n","protected":false},"author":3,"featured_media":10645,"comment_status":"closed","ping_status":"closed","sticky":false,"template":"","format":"standard","meta":{"footnotes":""},"categories":[87],"tags":[],"class_list":["post-10644","post","type-post","status-publish","format-standard","has-post-thumbnail","hentry","category-seconci-sao-paulo"],"yoast_head":"<!-- This site is optimized with the Yoast SEO plugin v26.9 - https:\/\/yoast.com\/product\/yoast-seo-wordpress\/ -->\n<title>Constru\u00e7\u00e3o de SP recomenda uso de duas m\u00e1scaras no transporte p\u00fablico - Seconci Brasil<\/title>\n<meta name=\"robots\" content=\"index, follow, max-snippet:-1, max-image-preview:large, max-video-preview:-1\" \/>\n<link rel=\"canonical\" href=\"https:\/\/seconci.com.br\/site\/2021\/04\/13\/construcao-de-sp-recomenda-uso-de-duas-mascaras-no-transporte-publico\/\" \/>\n<meta property=\"og:locale\" content=\"pt_PT\" \/>\n<meta property=\"og:type\" content=\"article\" \/>\n<meta property=\"og:title\" content=\"Constru\u00e7\u00e3o de SP recomenda uso de duas m\u00e1scaras no transporte p\u00fablico - Seconci Brasil\" \/>\n<meta property=\"og:description\" content=\"Os casos confirmados de contamina\u00e7\u00e3o pela Covid-19 nos canteiros de obras do Estado de S\u00e3o Paulo cresceram de 0,41% para 0,50% do n\u00famero de trabalhadores; e os casos suspeitos mantiveram-se est\u00e1veis, oscilando de 0,56% para 0,55%. Isto foi o que apurou a 46\u00aa Pesquisa \u2018Conhecendo as A\u00e7\u00f5es das Construtoras Paulistas no Combate \u00e0 Covid-19\u2019, realizada [&hellip;]\" \/>\n<meta property=\"og:url\" content=\"https:\/\/seconci.com.br\/site\/2021\/04\/13\/construcao-de-sp-recomenda-uso-de-duas-mascaras-no-transporte-publico\/\" \/>\n<meta property=\"og:site_name\" content=\"Seconci Brasil\" \/>\n<meta property=\"article:published_time\" content=\"2021-04-13T11:21:51+00:00\" \/>\n<meta property=\"og:image\" content=\"https:\/\/seconci.com.br\/site\/wp-content\/uploads\/2021\/04\/campanha-covid-sp-2.jpeg\" \/>\n\t<meta property=\"og:image:width\" content=\"1280\" \/>\n\t<meta property=\"og:image:height\" content=\"535\" \/>\n\t<meta property=\"og:image:type\" content=\"image\/jpeg\" \/>\n<meta name=\"author\" content=\"Sidney Rocha\" \/>\n<meta name=\"twitter:card\" content=\"summary_large_image\" \/>\n<meta name=\"twitter:label1\" content=\"Escrito por\" \/>\n\t<meta name=\"twitter:data1\" content=\"Sidney Rocha\" \/>\n\t<meta name=\"twitter:label2\" content=\"Tempo estimado de leitura\" \/>\n\t<meta name=\"twitter:data2\" content=\"3 minutos\" \/>\n<script type=\"application\/ld+json\" class=\"yoast-schema-graph\">{\"@context\":\"https:\/\/schema.org\",\"@graph\":[{\"@type\":\"Article\",\"@id\":\"https:\/\/seconci.com.br\/site\/2021\/04\/13\/construcao-de-sp-recomenda-uso-de-duas-mascaras-no-transporte-publico\/#article\",\"isPartOf\":{\"@id\":\"https:\/\/seconci.com.br\/site\/2021\/04\/13\/construcao-de-sp-recomenda-uso-de-duas-mascaras-no-transporte-publico\/\"},\"author\":{\"name\":\"Sidney Rocha\",\"@id\":\"https:\/\/seconci.com.br\/site\/#\/schema\/person\/1d79afd97ddc8f2c68c1e88e298aa8e2\"},\"headline\":\"Constru\u00e7\u00e3o de SP recomenda uso de duas m\u00e1scaras no transporte p\u00fablico\",\"datePublished\":\"2021-04-13T11:21:51+00:00\",\"mainEntityOfPage\":{\"@id\":\"https:\/\/seconci.com.br\/site\/2021\/04\/13\/construcao-de-sp-recomenda-uso-de-duas-mascaras-no-transporte-publico\/\"},\"wordCount\":515,\"publisher\":{\"@id\":\"https:\/\/seconci.com.br\/site\/#organization\"},\"image\":{\"@id\":\"https:\/\/seconci.com.br\/site\/2021\/04\/13\/construcao-de-sp-recomenda-uso-de-duas-mascaras-no-transporte-publico\/#primaryimage\"},\"thumbnailUrl\":\"https:\/\/seconci.com.br\/site\/wp-content\/uploads\/2021\/04\/campanha-covid-sp-2.jpeg\",\"articleSection\":[\"Seconci S\u00e3o Paulo\"],\"inLanguage\":\"pt-PT\"},{\"@type\":\"WebPage\",\"@id\":\"https:\/\/seconci.com.br\/site\/2021\/04\/13\/construcao-de-sp-recomenda-uso-de-duas-mascaras-no-transporte-publico\/\",\"url\":\"https:\/\/seconci.com.br\/site\/2021\/04\/13\/construcao-de-sp-recomenda-uso-de-duas-mascaras-no-transporte-publico\/\",\"name\":\"Constru\u00e7\u00e3o de SP recomenda uso de duas m\u00e1scaras no transporte p\u00fablico - Seconci Brasil\",\"isPartOf\":{\"@id\":\"https:\/\/seconci.com.br\/site\/#website\"},\"primaryImageOfPage\":{\"@id\":\"https:\/\/seconci.com.br\/site\/2021\/04\/13\/construcao-de-sp-recomenda-uso-de-duas-mascaras-no-transporte-publico\/#primaryimage\"},\"image\":{\"@id\":\"https:\/\/seconci.com.br\/site\/2021\/04\/13\/construcao-de-sp-recomenda-uso-de-duas-mascaras-no-transporte-publico\/#primaryimage\"},\"thumbnailUrl\":\"https:\/\/seconci.com.br\/site\/wp-content\/uploads\/2021\/04\/campanha-covid-sp-2.jpeg\",\"datePublished\":\"2021-04-13T11:21:51+00:00\",\"breadcrumb\":{\"@id\":\"https:\/\/seconci.com.br\/site\/2021\/04\/13\/construcao-de-sp-recomenda-uso-de-duas-mascaras-no-transporte-publico\/#breadcrumb\"},\"inLanguage\":\"pt-PT\",\"potentialAction\":[{\"@type\":\"ReadAction\",\"target\":[\"https:\/\/seconci.com.br\/site\/2021\/04\/13\/construcao-de-sp-recomenda-uso-de-duas-mascaras-no-transporte-publico\/\"]}]},{\"@type\":\"ImageObject\",\"inLanguage\":\"pt-PT\",\"@id\":\"https:\/\/seconci.com.br\/site\/2021\/04\/13\/construcao-de-sp-recomenda-uso-de-duas-mascaras-no-transporte-publico\/#primaryimage\",\"url\":\"https:\/\/seconci.com.br\/site\/wp-content\/uploads\/2021\/04\/campanha-covid-sp-2.jpeg\",\"contentUrl\":\"https:\/\/seconci.com.br\/site\/wp-content\/uploads\/2021\/04\/campanha-covid-sp-2.jpeg\",\"width\":1280,\"height\":535},{\"@type\":\"BreadcrumbList\",\"@id\":\"https:\/\/seconci.com.br\/site\/2021\/04\/13\/construcao-de-sp-recomenda-uso-de-duas-mascaras-no-transporte-publico\/#breadcrumb\",\"itemListElement\":[{\"@type\":\"ListItem\",\"position\":1,\"name\":\"In\u00edcio\",\"item\":\"https:\/\/seconci.com.br\/site\/\"},{\"@type\":\"ListItem\",\"position\":2,\"name\":\"Constru\u00e7\u00e3o de SP recomenda uso de duas m\u00e1scaras no transporte p\u00fablico\"}]},{\"@type\":\"WebSite\",\"@id\":\"https:\/\/seconci.com.br\/site\/#website\",\"url\":\"https:\/\/seconci.com.br\/site\/\",\"name\":\"Seconci Brasil\",\"description\":\"\",\"publisher\":{\"@id\":\"https:\/\/seconci.com.br\/site\/#organization\"},\"potentialAction\":[{\"@type\":\"SearchAction\",\"target\":{\"@type\":\"EntryPoint\",\"urlTemplate\":\"https:\/\/seconci.com.br\/site\/?s={search_term_string}\"},\"query-input\":{\"@type\":\"PropertyValueSpecification\",\"valueRequired\":true,\"valueName\":\"search_term_string\"}}],\"inLanguage\":\"pt-PT\"},{\"@type\":\"Organization\",\"@id\":\"https:\/\/seconci.com.br\/site\/#organization\",\"name\":\"Seconci Brasil\",\"url\":\"https:\/\/seconci.com.br\/site\/\",\"logo\":{\"@type\":\"ImageObject\",\"inLanguage\":\"pt-PT\",\"@id\":\"https:\/\/seconci.com.br\/site\/#\/schema\/logo\/image\/\",\"url\":\"https:\/\/seconci.com.br\/site\/wp-content\/uploads\/2024\/08\/Logo-Seconci-Brasil-branca-2.png\",\"contentUrl\":\"https:\/\/seconci.com.br\/site\/wp-content\/uploads\/2024\/08\/Logo-Seconci-Brasil-branca-2.png\",\"width\":1315,\"height\":598,\"caption\":\"Seconci Brasil\"},\"image\":{\"@id\":\"https:\/\/seconci.com.br\/site\/#\/schema\/logo\/image\/\"}},{\"@type\":\"Person\",\"@id\":\"https:\/\/seconci.com.br\/site\/#\/schema\/person\/1d79afd97ddc8f2c68c1e88e298aa8e2\",\"name\":\"Sidney Rocha\",\"description\":\"Comunicador e estagi\u00e1rio do Seconci Brasil.\",\"url\":\"https:\/\/seconci.com.br\/site\/author\/sidney-rocha\/\"}]}<\/script>\n<!-- \/ Yoast SEO plugin. -->","yoast_head_json":{"title":"Constru\u00e7\u00e3o de SP recomenda uso de duas m\u00e1scaras no transporte p\u00fablico - Seconci Brasil","robots":{"index":"index","follow":"follow","max-snippet":"max-snippet:-1","max-image-preview":"max-image-preview:large","max-video-preview":"max-video-preview:-1"},"canonical":"https:\/\/seconci.com.br\/site\/2021\/04\/13\/construcao-de-sp-recomenda-uso-de-duas-mascaras-no-transporte-publico\/","og_locale":"pt_PT","og_type":"article","og_title":"Constru\u00e7\u00e3o de SP recomenda uso de duas m\u00e1scaras no transporte p\u00fablico - Seconci Brasil","og_description":"Os casos confirmados de contamina\u00e7\u00e3o pela Covid-19 nos canteiros de obras do Estado de S\u00e3o Paulo cresceram de 0,41% para 0,50% do n\u00famero de trabalhadores; e os casos suspeitos mantiveram-se est\u00e1veis, oscilando de 0,56% para 0,55%. Isto foi o que apurou a 46\u00aa Pesquisa \u2018Conhecendo as A\u00e7\u00f5es das Construtoras Paulistas no Combate \u00e0 Covid-19\u2019, realizada [&hellip;]","og_url":"https:\/\/seconci.com.br\/site\/2021\/04\/13\/construcao-de-sp-recomenda-uso-de-duas-mascaras-no-transporte-publico\/","og_site_name":"Seconci Brasil","article_published_time":"2021-04-13T11:21:51+00:00","og_image":[{"width":1280,"height":535,"url":"https:\/\/seconci.com.br\/site\/wp-content\/uploads\/2021\/04\/campanha-covid-sp-2.jpeg","type":"image\/jpeg"}],"author":"Sidney Rocha","twitter_card":"summary_large_image","twitter_misc":{"Escrito por":"Sidney Rocha","Tempo estimado de leitura":"3 minutos"},"schema":{"@context":"https:\/\/schema.org","@graph":[{"@type":"Article","@id":"https:\/\/seconci.com.br\/site\/2021\/04\/13\/construcao-de-sp-recomenda-uso-de-duas-mascaras-no-transporte-publico\/#article","isPartOf":{"@id":"https:\/\/seconci.com.br\/site\/2021\/04\/13\/construcao-de-sp-recomenda-uso-de-duas-mascaras-no-transporte-publico\/"},"author":{"name":"Sidney Rocha","@id":"https:\/\/seconci.com.br\/site\/#\/schema\/person\/1d79afd97ddc8f2c68c1e88e298aa8e2"},"headline":"Constru\u00e7\u00e3o de SP recomenda uso de duas m\u00e1scaras no transporte p\u00fablico","datePublished":"2021-04-13T11:21:51+00:00","mainEntityOfPage":{"@id":"https:\/\/seconci.com.br\/site\/2021\/04\/13\/construcao-de-sp-recomenda-uso-de-duas-mascaras-no-transporte-publico\/"},"wordCount":515,"publisher":{"@id":"https:\/\/seconci.com.br\/site\/#organization"},"image":{"@id":"https:\/\/seconci.com.br\/site\/2021\/04\/13\/construcao-de-sp-recomenda-uso-de-duas-mascaras-no-transporte-publico\/#primaryimage"},"thumbnailUrl":"https:\/\/seconci.com.br\/site\/wp-content\/uploads\/2021\/04\/campanha-covid-sp-2.jpeg","articleSection":["Seconci S\u00e3o Paulo"],"inLanguage":"pt-PT"},{"@type":"WebPage","@id":"https:\/\/seconci.com.br\/site\/2021\/04\/13\/construcao-de-sp-recomenda-uso-de-duas-mascaras-no-transporte-publico\/","url":"https:\/\/seconci.com.br\/site\/2021\/04\/13\/construcao-de-sp-recomenda-uso-de-duas-mascaras-no-transporte-publico\/","name":"Constru\u00e7\u00e3o de SP recomenda uso de duas m\u00e1scaras no transporte p\u00fablico - Seconci Brasil","isPartOf":{"@id":"https:\/\/seconci.com.br\/site\/#website"},"primaryImageOfPage":{"@id":"https:\/\/seconci.com.br\/site\/2021\/04\/13\/construcao-de-sp-recomenda-uso-de-duas-mascaras-no-transporte-publico\/#primaryimage"},"image":{"@id":"https:\/\/seconci.com.br\/site\/2021\/04\/13\/construcao-de-sp-recomenda-uso-de-duas-mascaras-no-transporte-publico\/#primaryimage"},"thumbnailUrl":"https:\/\/seconci.com.br\/site\/wp-content\/uploads\/2021\/04\/campanha-covid-sp-2.jpeg","datePublished":"2021-04-13T11:21:51+00:00","breadcrumb":{"@id":"https:\/\/seconci.com.br\/site\/2021\/04\/13\/construcao-de-sp-recomenda-uso-de-duas-mascaras-no-transporte-publico\/#breadcrumb"},"inLanguage":"pt-PT","potentialAction":[{"@type":"ReadAction","target":["https:\/\/seconci.com.br\/site\/2021\/04\/13\/construcao-de-sp-recomenda-uso-de-duas-mascaras-no-transporte-publico\/"]}]},{"@type":"ImageObject","inLanguage":"pt-PT","@id":"https:\/\/seconci.com.br\/site\/2021\/04\/13\/construcao-de-sp-recomenda-uso-de-duas-mascaras-no-transporte-publico\/#primaryimage","url":"https:\/\/seconci.com.br\/site\/wp-content\/uploads\/2021\/04\/campanha-covid-sp-2.jpeg","contentUrl":"https:\/\/seconci.com.br\/site\/wp-content\/uploads\/2021\/04\/campanha-covid-sp-2.jpeg","width":1280,"height":535},{"@type":"BreadcrumbList","@id":"https:\/\/seconci.com.br\/site\/2021\/04\/13\/construcao-de-sp-recomenda-uso-de-duas-mascaras-no-transporte-publico\/#breadcrumb","itemListElement":[{"@type":"ListItem","position":1,"name":"In\u00edcio","item":"https:\/\/seconci.com.br\/site\/"},{"@type":"ListItem","position":2,"name":"Constru\u00e7\u00e3o de SP recomenda uso de duas m\u00e1scaras no transporte p\u00fablico"}]},{"@type":"WebSite","@id":"https:\/\/seconci.com.br\/site\/#website","url":"https:\/\/seconci.com.br\/site\/","name":"Seconci Brasil","description":"","publisher":{"@id":"https:\/\/seconci.com.br\/site\/#organization"},"potentialAction":[{"@type":"SearchAction","target":{"@type":"EntryPoint","urlTemplate":"https:\/\/seconci.com.br\/site\/?s={search_term_string}"},"query-input":{"@type":"PropertyValueSpecification","valueRequired":true,"valueName":"search_term_string"}}],"inLanguage":"pt-PT"},{"@type":"Organization","@id":"https:\/\/seconci.com.br\/site\/#organization","name":"Seconci Brasil","url":"https:\/\/seconci.com.br\/site\/","logo":{"@type":"ImageObject","inLanguage":"pt-PT","@id":"https:\/\/seconci.com.br\/site\/#\/schema\/logo\/image\/","url":"https:\/\/seconci.com.br\/site\/wp-content\/uploads\/2024\/08\/Logo-Seconci-Brasil-branca-2.png","contentUrl":"https:\/\/seconci.com.br\/site\/wp-content\/uploads\/2024\/08\/Logo-Seconci-Brasil-branca-2.png","width":1315,"height":598,"caption":"Seconci Brasil"},"image":{"@id":"https:\/\/seconci.com.br\/site\/#\/schema\/logo\/image\/"}},{"@type":"Person","@id":"https:\/\/seconci.com.br\/site\/#\/schema\/person\/1d79afd97ddc8f2c68c1e88e298aa8e2","name":"Sidney Rocha","description":"Comunicador e estagi\u00e1rio do Seconci Brasil.","url":"https:\/\/seconci.com.br\/site\/author\/sidney-rocha\/"}]}},"_links":{"self":[{"href":"https:\/\/seconci.com.br\/site\/wp-json\/wp\/v2\/posts\/10644","targetHints":{"allow":["GET"]}}],"collection":[{"href":"https:\/\/seconci.com.br\/site\/wp-json\/wp\/v2\/posts"}],"about":[{"href":"https:\/\/seconci.com.br\/site\/wp-json\/wp\/v2\/types\/post"}],"author":[{"embeddable":true,"href":"https:\/\/seconci.com.br\/site\/wp-json\/wp\/v2\/users\/3"}],"replies":[{"embeddable":true,"href":"https:\/\/seconci.com.br\/site\/wp-json\/wp\/v2\/comments?post=10644"}],"version-history":[{"count":0,"href":"https:\/\/seconci.com.br\/site\/wp-json\/wp\/v2\/posts\/10644\/revisions"}],"wp:featuredmedia":[{"embeddable":true,"href":"https:\/\/seconci.com.br\/site\/wp-json\/wp\/v2\/media\/10645"}],"wp:attachment":[{"href":"https:\/\/seconci.com.br\/site\/wp-json\/wp\/v2\/media?parent=10644"}],"wp:term":[{"taxonomy":"category","embeddable":true,"href":"https:\/\/seconci.com.br\/site\/wp-json\/wp\/v2\/categories?post=10644"},{"taxonomy":"post_tag","embeddable":true,"href":"https:\/\/seconci.com.br\/site\/wp-json\/wp\/v2\/tags?post=10644"}],"curies":[{"name":"wp","href":"https:\/\/api.w.org\/{rel}","templated":true}]}}