{"id":10675,"date":"2021-04-27T15:59:01","date_gmt":"2021-04-27T15:59:01","guid":{"rendered":"https:\/\/seconci.com.br\/site\/?p=10675"},"modified":"2021-04-27T15:59:01","modified_gmt":"2021-04-27T15:59:01","slug":"artigo-abril-verde-uma-reflexao-sobre-conquistas-e-desafios-da-seguranca","status":"publish","type":"post","link":"https:\/\/seconci.com.br\/site\/2021\/04\/27\/artigo-abril-verde-uma-reflexao-sobre-conquistas-e-desafios-da-seguranca\/","title":{"rendered":"Artigo \u2013 Abril Verde: Uma reflex\u00e3o sobre conquistas e desafios da Seguran\u00e7a"},"content":{"rendered":"<p style=\"text-align: justify;\"><em><strong>Juliana Moreira Oliveira \u00e9 engenheira de Seguran\u00e7a do Trabalho e coordenadora do Departamento de Seguran\u00e7a do Seconci-DF<\/strong><\/em><\/p>\n<p style=\"text-align: justify;\"><em><strong>Denise de Carvalho Noleto Silva \u00e9 gerente executiva do Seconci Brasil<\/strong><\/em><\/p>\n<p style=\"text-align: justify;\"><em><strong>Andreia Kaucher Darmstadter \u00e9 engenheira de Seguran\u00e7a do Trabalho e supervisora do Departamento de Seguran\u00e7a do Seconci-MG<\/strong><\/em><\/p>\n<p style=\"text-align: justify;\">O\u00a0<strong>Dia Mundial de Seguran\u00e7a e Sa\u00fade do Trabalho<\/strong>, celebrado em 28 de abril e o\u00a0<strong>Dia Mundial da Sa\u00fade<\/strong>, comemorado no dia 07 do mesmo m\u00eas, foram a inspira\u00e7\u00e3o para a cria\u00e7\u00e3o do Movimento\u00a0<strong>Abril Verde<\/strong>\u00a0\u2013 uma campanha criada pelo Sindicato dos T\u00e9cnicos de Seguran\u00e7a do Estado do Paran\u00e1 e que se tornou refer\u00eancia para todo o pa\u00eds para trazer \u00e0 sociedade uma mobiliza\u00e7\u00e3o quanto \u00e0s quest\u00f5es de seguran\u00e7a e sa\u00fade do trabalhador brasileiro.<\/p>\n<p style=\"text-align: justify;\">As iniciativas nacionais sobre Seguran\u00e7a e Sa\u00fade do Trabalho surgiram na d\u00e9cada de 70, com a altera\u00e7\u00e3o da reda\u00e7\u00e3o dos artigos 154 a 201 da Consolida\u00e7\u00e3o das Leis do Trabalho pela Lei no. 6.514 de 22 de dezembro de 1977 e, posteriormente, a aprova\u00e7\u00e3o, em 1978, da Portaria 3.214 que criou as Normas Regulamentadoras, dentre elas a NR-18 \u2013 Condi\u00e7\u00f5es e Meio Ambiente de Trabalho na Ind\u00fastria da Constru\u00e7\u00e3o Civil.<\/p>\n<p style=\"text-align: justify;\">A publica\u00e7\u00e3o da NR-18 deve ser considerada um marco na seguran\u00e7a nos canteiros de obras. Desde sua cria\u00e7\u00e3o, a NR-18 j\u00e1 passou por 24 altera\u00e7\u00f5es pontuais e 2 grandes reformula\u00e7\u00f5es, em 1995 e 2020, sendo esta \u00faltima prevista para entrar em vigor em agosto deste ano.<\/p>\n<p style=\"text-align: justify;\">Outro ponto relevante a considerar \u00e9 que a NR-18 trouxe para o setor da constru\u00e7\u00e3o a possibilidade de discuss\u00e3o tripartite entre representantes do governo, empregados e empregadores sobre a\u00e7\u00f5es preventivas de seguran\u00e7a. As discuss\u00f5es tripartites, al\u00e9m de serem prerrogativa da Organiza\u00e7\u00e3o Internacional do Trabalho \u2013 OIT, foram e ainda s\u00e3o fundamentais para estimular melhorias efetivas nos canteiros de obras.<\/p>\n<p style=\"text-align: justify;\">Infelizmente, mesmo com todo o trabalho realizado e os avan\u00e7os obtidos nas \u00faltimas d\u00e9cadas, o Brasil ainda ostenta n\u00fameros altos de acidentes do trabalho. Dados do Anu\u00e1rio Estat\u00edstico da Previd\u00eancia Social de 2019, registram a ocorr\u00eancia de 582.507 acidentes do trabalho naquele ano e aumento de 2,44% na quantidade de mortes no trabalho*.<\/p>\n<p style=\"text-align: justify;\">Desta maneira, a exist\u00eancia do\u00a0<strong>Abril Verde<\/strong>\u00a0torna-se extremamente relevante. Por mais que seja importante o reconhecimento e valoriza\u00e7\u00e3o do esfor\u00e7o empreendido em prol da seguran\u00e7a nos anos passados, ainda temos muitos desafios para superar. O ano de 2021 trar\u00e1 n\u00e3o s\u00f3 uma nova NR-18 para a constru\u00e7\u00e3o civil, mas tamb\u00e9m uma s\u00e9rie de normas regulamentadoras remodeladas e com foco na gest\u00e3o efetiva da seguran\u00e7a e sa\u00fade do trabalhador.<\/p>\n<p style=\"text-align: justify;\">Nesse contexto, citamos o trabalho cont\u00ednuo dos Seconcis para auxiliar as empresas de constru\u00e7\u00e3o na implementa\u00e7\u00e3o dos programas ocupacionais e treinamentos em seguran\u00e7a, al\u00e9m do atendimento no \u00e2mbito assistencial. Apesar de todas as dificuldades do cen\u00e1rio atual, hoje podemos contar 7.200 empresas que investem mensalmente nos 14 Seconcis existentes em 28 cidades de 8 estados e no Distrito Federal, beneficiando diretamente quase 250.000 trabalhadores.<\/p>\n<p style=\"text-align: justify;\">Os Seconcis, pela relev\u00e2ncia que possuem em suas localidades, t\u00eam sido fundamentais tamb\u00e9m no apoio \u00e0s empresas frente \u00e0 pandemia do novo coronav\u00edrus, auxiliando a promover baixos \u00edndices de contamina\u00e7\u00e3o nos canteiros e, consequentemente, mais seguran\u00e7a e sa\u00fade para todos.<\/p>\n<p style=\"text-align: justify;\">Que as reflex\u00f5es sobre o\u00a0<strong>Abril Verde<\/strong>\u00a0e a import\u00e2ncia do investimento em Seguran\u00e7a e Sa\u00fade no Trabalho n\u00e3o se encerrem ao t\u00e9rmino do m\u00eas mas continuem progredindo, initerruptamente, ao logo de todo o ano.<\/p>\n<p style=\"text-align: justify;\"><em>Fonte:<\/em><em>\u00a0<a href=\"https:\/\/protecao.com.br\/estatisticas\/previdencia-social-divulga-as-ultimas-estatisticas-de-acidentes-de-trabalho-no-pais\/\">Prote\u00e7\u00e3o \u2013 Estat\u00edsticas de acidentes de trabalho no pais<\/a><\/em><\/p>\n<p style=\"text-align: justify;\"><em>Artigos divulgados neste espa\u00e7o s\u00e3o de responsabilidade do autor e n\u00e3o necessariamente correspondem \u00e0 opini\u00e3o da entidade.<\/em><\/p>\n<p>Fonte: Ag\u00eancia CBIC<\/p>\n","protected":false},"excerpt":{"rendered":"<p>Juliana Moreira Oliveira \u00e9 engenheira de Seguran\u00e7a do Trabalho e coordenadora do Departamento de Seguran\u00e7a do Seconci-DF Denise de Carvalho Noleto Silva \u00e9 gerente executiva do Seconci Brasil Andreia Kaucher Darmstadter \u00e9 engenheira de Seguran\u00e7a do Trabalho e supervisora do Departamento de Seguran\u00e7a do Seconci-MG O\u00a0Dia Mundial de Seguran\u00e7a e Sa\u00fade do Trabalho, celebrado em [&hellip;]<\/p>\n","protected":false},"author":3,"featured_media":10676,"comment_status":"closed","ping_status":"closed","sticky":false,"template":"","format":"standard","meta":{"footnotes":""},"categories":[92],"tags":[],"class_list":["post-10675","post","type-post","status-publish","format-standard","has-post-thumbnail","hentry","category-seconci-brasil"],"yoast_head":"<!-- This site is optimized with the Yoast SEO plugin v26.9 - https:\/\/yoast.com\/product\/yoast-seo-wordpress\/ -->\n<title>Artigo \u2013 Abril Verde: Uma reflex\u00e3o sobre conquistas e desafios da Seguran\u00e7a - Seconci Brasil<\/title>\n<meta name=\"robots\" content=\"index, follow, max-snippet:-1, max-image-preview:large, max-video-preview:-1\" \/>\n<link rel=\"canonical\" href=\"https:\/\/seconci.com.br\/site\/2021\/04\/27\/artigo-abril-verde-uma-reflexao-sobre-conquistas-e-desafios-da-seguranca\/\" \/>\n<meta property=\"og:locale\" content=\"pt_PT\" \/>\n<meta property=\"og:type\" content=\"article\" \/>\n<meta property=\"og:title\" content=\"Artigo \u2013 Abril Verde: Uma reflex\u00e3o sobre conquistas e desafios da Seguran\u00e7a - Seconci Brasil\" \/>\n<meta property=\"og:description\" content=\"Juliana Moreira Oliveira \u00e9 engenheira de Seguran\u00e7a do Trabalho e coordenadora do Departamento de Seguran\u00e7a do Seconci-DF Denise de Carvalho Noleto Silva \u00e9 gerente executiva do Seconci Brasil Andreia Kaucher Darmstadter \u00e9 engenheira de Seguran\u00e7a do Trabalho e supervisora do Departamento de Seguran\u00e7a do Seconci-MG O\u00a0Dia Mundial de Seguran\u00e7a e Sa\u00fade do Trabalho, celebrado em [&hellip;]\" \/>\n<meta property=\"og:url\" content=\"https:\/\/seconci.com.br\/site\/2021\/04\/27\/artigo-abril-verde-uma-reflexao-sobre-conquistas-e-desafios-da-seguranca\/\" \/>\n<meta property=\"og:site_name\" content=\"Seconci Brasil\" \/>\n<meta property=\"article:published_time\" content=\"2021-04-27T15:59:01+00:00\" \/>\n<meta property=\"og:image\" content=\"https:\/\/seconci.com.br\/site\/wp-content\/uploads\/2021\/04\/whatsapp-image-2021-04-26-at-180010.jpeg\" \/>\n\t<meta property=\"og:image:width\" content=\"1280\" \/>\n\t<meta property=\"og:image:height\" content=\"721\" \/>\n\t<meta property=\"og:image:type\" content=\"image\/jpeg\" \/>\n<meta name=\"author\" content=\"Sidney Rocha\" \/>\n<meta name=\"twitter:card\" content=\"summary_large_image\" \/>\n<meta name=\"twitter:label1\" content=\"Escrito por\" \/>\n\t<meta name=\"twitter:data1\" content=\"Sidney Rocha\" \/>\n\t<meta name=\"twitter:label2\" content=\"Tempo estimado de leitura\" \/>\n\t<meta name=\"twitter:data2\" content=\"3 minutos\" \/>\n<script type=\"application\/ld+json\" class=\"yoast-schema-graph\">{\"@context\":\"https:\/\/schema.org\",\"@graph\":[{\"@type\":\"Article\",\"@id\":\"https:\/\/seconci.com.br\/site\/2021\/04\/27\/artigo-abril-verde-uma-reflexao-sobre-conquistas-e-desafios-da-seguranca\/#article\",\"isPartOf\":{\"@id\":\"https:\/\/seconci.com.br\/site\/2021\/04\/27\/artigo-abril-verde-uma-reflexao-sobre-conquistas-e-desafios-da-seguranca\/\"},\"author\":{\"name\":\"Sidney Rocha\",\"@id\":\"https:\/\/seconci.com.br\/site\/#\/schema\/person\/1d79afd97ddc8f2c68c1e88e298aa8e2\"},\"headline\":\"Artigo \u2013 Abril Verde: Uma reflex\u00e3o sobre conquistas e desafios da Seguran\u00e7a\",\"datePublished\":\"2021-04-27T15:59:01+00:00\",\"mainEntityOfPage\":{\"@id\":\"https:\/\/seconci.com.br\/site\/2021\/04\/27\/artigo-abril-verde-uma-reflexao-sobre-conquistas-e-desafios-da-seguranca\/\"},\"wordCount\":652,\"publisher\":{\"@id\":\"https:\/\/seconci.com.br\/site\/#organization\"},\"image\":{\"@id\":\"https:\/\/seconci.com.br\/site\/2021\/04\/27\/artigo-abril-verde-uma-reflexao-sobre-conquistas-e-desafios-da-seguranca\/#primaryimage\"},\"thumbnailUrl\":\"https:\/\/seconci.com.br\/site\/wp-content\/uploads\/2021\/04\/whatsapp-image-2021-04-26-at-180010.jpeg\",\"articleSection\":[\"Seconci Brasil\"],\"inLanguage\":\"pt-PT\"},{\"@type\":\"WebPage\",\"@id\":\"https:\/\/seconci.com.br\/site\/2021\/04\/27\/artigo-abril-verde-uma-reflexao-sobre-conquistas-e-desafios-da-seguranca\/\",\"url\":\"https:\/\/seconci.com.br\/site\/2021\/04\/27\/artigo-abril-verde-uma-reflexao-sobre-conquistas-e-desafios-da-seguranca\/\",\"name\":\"Artigo \u2013 Abril Verde: Uma reflex\u00e3o sobre conquistas e desafios da Seguran\u00e7a - Seconci Brasil\",\"isPartOf\":{\"@id\":\"https:\/\/seconci.com.br\/site\/#website\"},\"primaryImageOfPage\":{\"@id\":\"https:\/\/seconci.com.br\/site\/2021\/04\/27\/artigo-abril-verde-uma-reflexao-sobre-conquistas-e-desafios-da-seguranca\/#primaryimage\"},\"image\":{\"@id\":\"https:\/\/seconci.com.br\/site\/2021\/04\/27\/artigo-abril-verde-uma-reflexao-sobre-conquistas-e-desafios-da-seguranca\/#primaryimage\"},\"thumbnailUrl\":\"https:\/\/seconci.com.br\/site\/wp-content\/uploads\/2021\/04\/whatsapp-image-2021-04-26-at-180010.jpeg\",\"datePublished\":\"2021-04-27T15:59:01+00:00\",\"breadcrumb\":{\"@id\":\"https:\/\/seconci.com.br\/site\/2021\/04\/27\/artigo-abril-verde-uma-reflexao-sobre-conquistas-e-desafios-da-seguranca\/#breadcrumb\"},\"inLanguage\":\"pt-PT\",\"potentialAction\":[{\"@type\":\"ReadAction\",\"target\":[\"https:\/\/seconci.com.br\/site\/2021\/04\/27\/artigo-abril-verde-uma-reflexao-sobre-conquistas-e-desafios-da-seguranca\/\"]}]},{\"@type\":\"ImageObject\",\"inLanguage\":\"pt-PT\",\"@id\":\"https:\/\/seconci.com.br\/site\/2021\/04\/27\/artigo-abril-verde-uma-reflexao-sobre-conquistas-e-desafios-da-seguranca\/#primaryimage\",\"url\":\"https:\/\/seconci.com.br\/site\/wp-content\/uploads\/2021\/04\/whatsapp-image-2021-04-26-at-180010.jpeg\",\"contentUrl\":\"https:\/\/seconci.com.br\/site\/wp-content\/uploads\/2021\/04\/whatsapp-image-2021-04-26-at-180010.jpeg\",\"width\":1280,\"height\":721},{\"@type\":\"BreadcrumbList\",\"@id\":\"https:\/\/seconci.com.br\/site\/2021\/04\/27\/artigo-abril-verde-uma-reflexao-sobre-conquistas-e-desafios-da-seguranca\/#breadcrumb\",\"itemListElement\":[{\"@type\":\"ListItem\",\"position\":1,\"name\":\"In\u00edcio\",\"item\":\"https:\/\/seconci.com.br\/site\/\"},{\"@type\":\"ListItem\",\"position\":2,\"name\":\"Artigo \u2013 Abril Verde: Uma reflex\u00e3o sobre conquistas e desafios da Seguran\u00e7a\"}]},{\"@type\":\"WebSite\",\"@id\":\"https:\/\/seconci.com.br\/site\/#website\",\"url\":\"https:\/\/seconci.com.br\/site\/\",\"name\":\"Seconci Brasil\",\"description\":\"\",\"publisher\":{\"@id\":\"https:\/\/seconci.com.br\/site\/#organization\"},\"potentialAction\":[{\"@type\":\"SearchAction\",\"target\":{\"@type\":\"EntryPoint\",\"urlTemplate\":\"https:\/\/seconci.com.br\/site\/?s={search_term_string}\"},\"query-input\":{\"@type\":\"PropertyValueSpecification\",\"valueRequired\":true,\"valueName\":\"search_term_string\"}}],\"inLanguage\":\"pt-PT\"},{\"@type\":\"Organization\",\"@id\":\"https:\/\/seconci.com.br\/site\/#organization\",\"name\":\"Seconci Brasil\",\"url\":\"https:\/\/seconci.com.br\/site\/\",\"logo\":{\"@type\":\"ImageObject\",\"inLanguage\":\"pt-PT\",\"@id\":\"https:\/\/seconci.com.br\/site\/#\/schema\/logo\/image\/\",\"url\":\"https:\/\/seconci.com.br\/site\/wp-content\/uploads\/2024\/08\/Logo-Seconci-Brasil-branca-2.png\",\"contentUrl\":\"https:\/\/seconci.com.br\/site\/wp-content\/uploads\/2024\/08\/Logo-Seconci-Brasil-branca-2.png\",\"width\":1315,\"height\":598,\"caption\":\"Seconci Brasil\"},\"image\":{\"@id\":\"https:\/\/seconci.com.br\/site\/#\/schema\/logo\/image\/\"}},{\"@type\":\"Person\",\"@id\":\"https:\/\/seconci.com.br\/site\/#\/schema\/person\/1d79afd97ddc8f2c68c1e88e298aa8e2\",\"name\":\"Sidney Rocha\",\"description\":\"Comunicador e estagi\u00e1rio do Seconci Brasil.\",\"url\":\"https:\/\/seconci.com.br\/site\/author\/sidney-rocha\/\"}]}<\/script>\n<!-- \/ Yoast SEO plugin. -->","yoast_head_json":{"title":"Artigo \u2013 Abril Verde: Uma reflex\u00e3o sobre conquistas e desafios da Seguran\u00e7a - Seconci Brasil","robots":{"index":"index","follow":"follow","max-snippet":"max-snippet:-1","max-image-preview":"max-image-preview:large","max-video-preview":"max-video-preview:-1"},"canonical":"https:\/\/seconci.com.br\/site\/2021\/04\/27\/artigo-abril-verde-uma-reflexao-sobre-conquistas-e-desafios-da-seguranca\/","og_locale":"pt_PT","og_type":"article","og_title":"Artigo \u2013 Abril Verde: Uma reflex\u00e3o sobre conquistas e desafios da Seguran\u00e7a - Seconci Brasil","og_description":"Juliana Moreira Oliveira \u00e9 engenheira de Seguran\u00e7a do Trabalho e coordenadora do Departamento de Seguran\u00e7a do Seconci-DF Denise de Carvalho Noleto Silva \u00e9 gerente executiva do Seconci Brasil Andreia Kaucher Darmstadter \u00e9 engenheira de Seguran\u00e7a do Trabalho e supervisora do Departamento de Seguran\u00e7a do Seconci-MG O\u00a0Dia Mundial de Seguran\u00e7a e Sa\u00fade do Trabalho, celebrado em [&hellip;]","og_url":"https:\/\/seconci.com.br\/site\/2021\/04\/27\/artigo-abril-verde-uma-reflexao-sobre-conquistas-e-desafios-da-seguranca\/","og_site_name":"Seconci Brasil","article_published_time":"2021-04-27T15:59:01+00:00","og_image":[{"width":1280,"height":721,"url":"https:\/\/seconci.com.br\/site\/wp-content\/uploads\/2021\/04\/whatsapp-image-2021-04-26-at-180010.jpeg","type":"image\/jpeg"}],"author":"Sidney Rocha","twitter_card":"summary_large_image","twitter_misc":{"Escrito por":"Sidney Rocha","Tempo estimado de leitura":"3 minutos"},"schema":{"@context":"https:\/\/schema.org","@graph":[{"@type":"Article","@id":"https:\/\/seconci.com.br\/site\/2021\/04\/27\/artigo-abril-verde-uma-reflexao-sobre-conquistas-e-desafios-da-seguranca\/#article","isPartOf":{"@id":"https:\/\/seconci.com.br\/site\/2021\/04\/27\/artigo-abril-verde-uma-reflexao-sobre-conquistas-e-desafios-da-seguranca\/"},"author":{"name":"Sidney Rocha","@id":"https:\/\/seconci.com.br\/site\/#\/schema\/person\/1d79afd97ddc8f2c68c1e88e298aa8e2"},"headline":"Artigo \u2013 Abril Verde: Uma reflex\u00e3o sobre conquistas e desafios da Seguran\u00e7a","datePublished":"2021-04-27T15:59:01+00:00","mainEntityOfPage":{"@id":"https:\/\/seconci.com.br\/site\/2021\/04\/27\/artigo-abril-verde-uma-reflexao-sobre-conquistas-e-desafios-da-seguranca\/"},"wordCount":652,"publisher":{"@id":"https:\/\/seconci.com.br\/site\/#organization"},"image":{"@id":"https:\/\/seconci.com.br\/site\/2021\/04\/27\/artigo-abril-verde-uma-reflexao-sobre-conquistas-e-desafios-da-seguranca\/#primaryimage"},"thumbnailUrl":"https:\/\/seconci.com.br\/site\/wp-content\/uploads\/2021\/04\/whatsapp-image-2021-04-26-at-180010.jpeg","articleSection":["Seconci Brasil"],"inLanguage":"pt-PT"},{"@type":"WebPage","@id":"https:\/\/seconci.com.br\/site\/2021\/04\/27\/artigo-abril-verde-uma-reflexao-sobre-conquistas-e-desafios-da-seguranca\/","url":"https:\/\/seconci.com.br\/site\/2021\/04\/27\/artigo-abril-verde-uma-reflexao-sobre-conquistas-e-desafios-da-seguranca\/","name":"Artigo \u2013 Abril Verde: Uma reflex\u00e3o sobre conquistas e desafios da Seguran\u00e7a - Seconci Brasil","isPartOf":{"@id":"https:\/\/seconci.com.br\/site\/#website"},"primaryImageOfPage":{"@id":"https:\/\/seconci.com.br\/site\/2021\/04\/27\/artigo-abril-verde-uma-reflexao-sobre-conquistas-e-desafios-da-seguranca\/#primaryimage"},"image":{"@id":"https:\/\/seconci.com.br\/site\/2021\/04\/27\/artigo-abril-verde-uma-reflexao-sobre-conquistas-e-desafios-da-seguranca\/#primaryimage"},"thumbnailUrl":"https:\/\/seconci.com.br\/site\/wp-content\/uploads\/2021\/04\/whatsapp-image-2021-04-26-at-180010.jpeg","datePublished":"2021-04-27T15:59:01+00:00","breadcrumb":{"@id":"https:\/\/seconci.com.br\/site\/2021\/04\/27\/artigo-abril-verde-uma-reflexao-sobre-conquistas-e-desafios-da-seguranca\/#breadcrumb"},"inLanguage":"pt-PT","potentialAction":[{"@type":"ReadAction","target":["https:\/\/seconci.com.br\/site\/2021\/04\/27\/artigo-abril-verde-uma-reflexao-sobre-conquistas-e-desafios-da-seguranca\/"]}]},{"@type":"ImageObject","inLanguage":"pt-PT","@id":"https:\/\/seconci.com.br\/site\/2021\/04\/27\/artigo-abril-verde-uma-reflexao-sobre-conquistas-e-desafios-da-seguranca\/#primaryimage","url":"https:\/\/seconci.com.br\/site\/wp-content\/uploads\/2021\/04\/whatsapp-image-2021-04-26-at-180010.jpeg","contentUrl":"https:\/\/seconci.com.br\/site\/wp-content\/uploads\/2021\/04\/whatsapp-image-2021-04-26-at-180010.jpeg","width":1280,"height":721},{"@type":"BreadcrumbList","@id":"https:\/\/seconci.com.br\/site\/2021\/04\/27\/artigo-abril-verde-uma-reflexao-sobre-conquistas-e-desafios-da-seguranca\/#breadcrumb","itemListElement":[{"@type":"ListItem","position":1,"name":"In\u00edcio","item":"https:\/\/seconci.com.br\/site\/"},{"@type":"ListItem","position":2,"name":"Artigo \u2013 Abril Verde: Uma reflex\u00e3o sobre conquistas e desafios da Seguran\u00e7a"}]},{"@type":"WebSite","@id":"https:\/\/seconci.com.br\/site\/#website","url":"https:\/\/seconci.com.br\/site\/","name":"Seconci Brasil","description":"","publisher":{"@id":"https:\/\/seconci.com.br\/site\/#organization"},"potentialAction":[{"@type":"SearchAction","target":{"@type":"EntryPoint","urlTemplate":"https:\/\/seconci.com.br\/site\/?s={search_term_string}"},"query-input":{"@type":"PropertyValueSpecification","valueRequired":true,"valueName":"search_term_string"}}],"inLanguage":"pt-PT"},{"@type":"Organization","@id":"https:\/\/seconci.com.br\/site\/#organization","name":"Seconci Brasil","url":"https:\/\/seconci.com.br\/site\/","logo":{"@type":"ImageObject","inLanguage":"pt-PT","@id":"https:\/\/seconci.com.br\/site\/#\/schema\/logo\/image\/","url":"https:\/\/seconci.com.br\/site\/wp-content\/uploads\/2024\/08\/Logo-Seconci-Brasil-branca-2.png","contentUrl":"https:\/\/seconci.com.br\/site\/wp-content\/uploads\/2024\/08\/Logo-Seconci-Brasil-branca-2.png","width":1315,"height":598,"caption":"Seconci Brasil"},"image":{"@id":"https:\/\/seconci.com.br\/site\/#\/schema\/logo\/image\/"}},{"@type":"Person","@id":"https:\/\/seconci.com.br\/site\/#\/schema\/person\/1d79afd97ddc8f2c68c1e88e298aa8e2","name":"Sidney Rocha","description":"Comunicador e estagi\u00e1rio do Seconci Brasil.","url":"https:\/\/seconci.com.br\/site\/author\/sidney-rocha\/"}]}},"_links":{"self":[{"href":"https:\/\/seconci.com.br\/site\/wp-json\/wp\/v2\/posts\/10675","targetHints":{"allow":["GET"]}}],"collection":[{"href":"https:\/\/seconci.com.br\/site\/wp-json\/wp\/v2\/posts"}],"about":[{"href":"https:\/\/seconci.com.br\/site\/wp-json\/wp\/v2\/types\/post"}],"author":[{"embeddable":true,"href":"https:\/\/seconci.com.br\/site\/wp-json\/wp\/v2\/users\/3"}],"replies":[{"embeddable":true,"href":"https:\/\/seconci.com.br\/site\/wp-json\/wp\/v2\/comments?post=10675"}],"version-history":[{"count":0,"href":"https:\/\/seconci.com.br\/site\/wp-json\/wp\/v2\/posts\/10675\/revisions"}],"wp:featuredmedia":[{"embeddable":true,"href":"https:\/\/seconci.com.br\/site\/wp-json\/wp\/v2\/media\/10676"}],"wp:attachment":[{"href":"https:\/\/seconci.com.br\/site\/wp-json\/wp\/v2\/media?parent=10675"}],"wp:term":[{"taxonomy":"category","embeddable":true,"href":"https:\/\/seconci.com.br\/site\/wp-json\/wp\/v2\/categories?post=10675"},{"taxonomy":"post_tag","embeddable":true,"href":"https:\/\/seconci.com.br\/site\/wp-json\/wp\/v2\/tags?post=10675"}],"curies":[{"name":"wp","href":"https:\/\/api.w.org\/{rel}","templated":true}]}}