{"id":10696,"date":"2021-05-04T11:43:52","date_gmt":"2021-05-04T11:43:52","guid":{"rendered":"https:\/\/seconci.com.br\/site\/?p=10696"},"modified":"2021-05-04T11:43:52","modified_gmt":"2021-05-04T11:43:52","slug":"cbic-e-seconci-brasil-produzem-video-sobre-a-importancia-da-vacina-contra-covid-19","status":"publish","type":"post","link":"https:\/\/seconci.com.br\/site\/2021\/05\/04\/cbic-e-seconci-brasil-produzem-video-sobre-a-importancia-da-vacina-contra-covid-19\/","title":{"rendered":"CBIC e Seconci-Brasil produzem v\u00eddeo sobre a import\u00e2ncia da vacina contra Covid-19"},"content":{"rendered":"<div style=\"width: 800px;\" class=\"wp-video\"><video class=\"wp-video-shortcode\" id=\"video-10696-1\" width=\"800\" height=\"450\" preload=\"metadata\" controls=\"controls\"><source type=\"video\/mp4\" src=\"http:\/\/seconci.com.br\/site\/wp-content\/uploads\/2021\/04\/WhatsApp-Video-2021-04-26-at-10.46.16.mp4?_=1\" \/><a href=\"http:\/\/seconci.com.br\/site\/wp-content\/uploads\/2021\/04\/WhatsApp-Video-2021-04-26-at-10.46.16.mp4\">http:\/\/seconci.com.br\/site\/wp-content\/uploads\/2021\/04\/WhatsApp-Video-2021-04-26-at-10.46.16.mp4<\/a><\/video><\/div>\n<p>A C\u00e2mara Brasileira da Ind\u00fastria da Constru\u00e7\u00e3o (CBIC) e a Associa\u00e7\u00e3o Seconci-Brasil, formada pelos Servi\u00e7os Sociais da Ind\u00fastria da Constru\u00e7\u00e3o, refor\u00e7am a import\u00e2ncia da vacina contra a Covid-19, que diminui o risco de infec\u00e7\u00e3o e evita formas graves de interna\u00e7\u00e3o e \u00f3bito pelo novo coronav\u00edrus. As informa\u00e7\u00f5es foram divulgadas no\u00a0<a href=\"https:\/\/youtu.be\/TK06n-LiI4Q\">v\u00eddeo \u201cA import\u00e2ncia da vacina\u00e7\u00e3o\u201d<\/a>\u00a0divulgado no canal do Senconci-Brasil no Youtube.<\/p>\n<p>De acordo com as entidades, chegou o momento em que acreditar na ci\u00eancia e no poder da cura supera qualquer medo ou receio de que algo possa ocorrer ao ser imunizado. \u201cMais perigoso do que esse receio \u00e9 n\u00e3o se cuidar e deixar que o pior aconte\u00e7a\u201d, ressaltam as entidades ao se posicionarem favor\u00e1veis \u00e0 Campanha de Vacina\u00e7\u00e3o contra a Covid-19.<\/p>\n<p>Na avalia\u00e7\u00e3o da m\u00e9dica Norma Ara\u00fajo, mestre em Sa\u00fade P\u00fablica, doutora em Ci\u00eancias e superintendente do Iepac do Seconci-SP, \u201ca vacina\u00e7\u00e3o, al\u00e9m de ser um ato de prote\u00e7\u00e3o individual, \u00e9 um ato de prote\u00e7\u00e3o coletiva. \u00c9 um ato de cidadania\u201d.<\/p>\n<p>Assista ao v\u00eddeo acima para obter mais informa\u00e7\u00f5es.<\/p>\n<p>Fonte: Revista Prote\u00e7\u00e3o<\/p>\n","protected":false},"excerpt":{"rendered":"<p>A C\u00e2mara Brasileira da Ind\u00fastria da Constru\u00e7\u00e3o (CBIC) e a Associa\u00e7\u00e3o Seconci-Brasil, formada pelos Servi\u00e7os Sociais da Ind\u00fastria da Constru\u00e7\u00e3o, refor\u00e7am a import\u00e2ncia da vacina contra a Covid-19, que diminui o risco de infec\u00e7\u00e3o e evita formas graves de interna\u00e7\u00e3o e \u00f3bito pelo novo coronav\u00edrus. As informa\u00e7\u00f5es foram divulgadas no\u00a0v\u00eddeo \u201cA import\u00e2ncia da vacina\u00e7\u00e3o\u201d\u00a0divulgado no [&hellip;]<\/p>\n","protected":false},"author":3,"featured_media":0,"comment_status":"closed","ping_status":"closed","sticky":false,"template":"","format":"standard","meta":{"footnotes":""},"categories":[92],"tags":[],"class_list":["post-10696","post","type-post","status-publish","format-standard","hentry","category-seconci-brasil"],"yoast_head":"<!-- This site is optimized with the Yoast SEO plugin v26.9 - https:\/\/yoast.com\/product\/yoast-seo-wordpress\/ -->\n<title>CBIC e Seconci-Brasil produzem v\u00eddeo sobre a import\u00e2ncia da vacina contra Covid-19 - Seconci Brasil<\/title>\n<meta name=\"robots\" content=\"index, follow, max-snippet:-1, max-image-preview:large, max-video-preview:-1\" \/>\n<link rel=\"canonical\" href=\"https:\/\/seconci.com.br\/site\/2021\/05\/04\/cbic-e-seconci-brasil-produzem-video-sobre-a-importancia-da-vacina-contra-covid-19\/\" \/>\n<meta property=\"og:locale\" content=\"pt_PT\" \/>\n<meta property=\"og:type\" content=\"article\" \/>\n<meta property=\"og:title\" content=\"CBIC e Seconci-Brasil produzem v\u00eddeo sobre a import\u00e2ncia da vacina contra Covid-19 - Seconci Brasil\" \/>\n<meta property=\"og:description\" content=\"A C\u00e2mara Brasileira da Ind\u00fastria da Constru\u00e7\u00e3o (CBIC) e a Associa\u00e7\u00e3o Seconci-Brasil, formada pelos Servi\u00e7os Sociais da Ind\u00fastria da Constru\u00e7\u00e3o, refor\u00e7am a import\u00e2ncia da vacina contra a Covid-19, que diminui o risco de infec\u00e7\u00e3o e evita formas graves de interna\u00e7\u00e3o e \u00f3bito pelo novo coronav\u00edrus. As informa\u00e7\u00f5es foram divulgadas no\u00a0v\u00eddeo \u201cA import\u00e2ncia da vacina\u00e7\u00e3o\u201d\u00a0divulgado no [&hellip;]\" \/>\n<meta property=\"og:url\" content=\"https:\/\/seconci.com.br\/site\/2021\/05\/04\/cbic-e-seconci-brasil-produzem-video-sobre-a-importancia-da-vacina-contra-covid-19\/\" \/>\n<meta property=\"og:site_name\" content=\"Seconci Brasil\" \/>\n<meta property=\"article:published_time\" content=\"2021-05-04T11:43:52+00:00\" \/>\n<meta name=\"author\" content=\"Sidney Rocha\" \/>\n<meta name=\"twitter:card\" content=\"summary_large_image\" \/>\n<meta name=\"twitter:label1\" content=\"Escrito por\" \/>\n\t<meta name=\"twitter:data1\" content=\"Sidney Rocha\" \/>\n\t<meta name=\"twitter:label2\" content=\"Tempo estimado de leitura\" \/>\n\t<meta name=\"twitter:data2\" content=\"1 minuto\" \/>\n<script type=\"application\/ld+json\" class=\"yoast-schema-graph\">{\"@context\":\"https:\/\/schema.org\",\"@graph\":[{\"@type\":\"Article\",\"@id\":\"https:\/\/seconci.com.br\/site\/2021\/05\/04\/cbic-e-seconci-brasil-produzem-video-sobre-a-importancia-da-vacina-contra-covid-19\/#article\",\"isPartOf\":{\"@id\":\"https:\/\/seconci.com.br\/site\/2021\/05\/04\/cbic-e-seconci-brasil-produzem-video-sobre-a-importancia-da-vacina-contra-covid-19\/\"},\"author\":{\"name\":\"Sidney Rocha\",\"@id\":\"https:\/\/seconci.com.br\/site\/#\/schema\/person\/1d79afd97ddc8f2c68c1e88e298aa8e2\"},\"headline\":\"CBIC e Seconci-Brasil produzem v\u00eddeo sobre a import\u00e2ncia da vacina contra Covid-19\",\"datePublished\":\"2021-05-04T11:43:52+00:00\",\"mainEntityOfPage\":{\"@id\":\"https:\/\/seconci.com.br\/site\/2021\/05\/04\/cbic-e-seconci-brasil-produzem-video-sobre-a-importancia-da-vacina-contra-covid-19\/\"},\"wordCount\":235,\"publisher\":{\"@id\":\"https:\/\/seconci.com.br\/site\/#organization\"},\"articleSection\":[\"Seconci Brasil\"],\"inLanguage\":\"pt-PT\"},{\"@type\":\"WebPage\",\"@id\":\"https:\/\/seconci.com.br\/site\/2021\/05\/04\/cbic-e-seconci-brasil-produzem-video-sobre-a-importancia-da-vacina-contra-covid-19\/\",\"url\":\"https:\/\/seconci.com.br\/site\/2021\/05\/04\/cbic-e-seconci-brasil-produzem-video-sobre-a-importancia-da-vacina-contra-covid-19\/\",\"name\":\"CBIC e Seconci-Brasil produzem v\u00eddeo sobre a import\u00e2ncia da vacina contra Covid-19 - Seconci Brasil\",\"isPartOf\":{\"@id\":\"https:\/\/seconci.com.br\/site\/#website\"},\"datePublished\":\"2021-05-04T11:43:52+00:00\",\"breadcrumb\":{\"@id\":\"https:\/\/seconci.com.br\/site\/2021\/05\/04\/cbic-e-seconci-brasil-produzem-video-sobre-a-importancia-da-vacina-contra-covid-19\/#breadcrumb\"},\"inLanguage\":\"pt-PT\",\"potentialAction\":[{\"@type\":\"ReadAction\",\"target\":[\"https:\/\/seconci.com.br\/site\/2021\/05\/04\/cbic-e-seconci-brasil-produzem-video-sobre-a-importancia-da-vacina-contra-covid-19\/\"]}]},{\"@type\":\"BreadcrumbList\",\"@id\":\"https:\/\/seconci.com.br\/site\/2021\/05\/04\/cbic-e-seconci-brasil-produzem-video-sobre-a-importancia-da-vacina-contra-covid-19\/#breadcrumb\",\"itemListElement\":[{\"@type\":\"ListItem\",\"position\":1,\"name\":\"In\u00edcio\",\"item\":\"https:\/\/seconci.com.br\/site\/\"},{\"@type\":\"ListItem\",\"position\":2,\"name\":\"CBIC e Seconci-Brasil produzem v\u00eddeo sobre a import\u00e2ncia da vacina contra Covid-19\"}]},{\"@type\":\"WebSite\",\"@id\":\"https:\/\/seconci.com.br\/site\/#website\",\"url\":\"https:\/\/seconci.com.br\/site\/\",\"name\":\"Seconci Brasil\",\"description\":\"\",\"publisher\":{\"@id\":\"https:\/\/seconci.com.br\/site\/#organization\"},\"potentialAction\":[{\"@type\":\"SearchAction\",\"target\":{\"@type\":\"EntryPoint\",\"urlTemplate\":\"https:\/\/seconci.com.br\/site\/?s={search_term_string}\"},\"query-input\":{\"@type\":\"PropertyValueSpecification\",\"valueRequired\":true,\"valueName\":\"search_term_string\"}}],\"inLanguage\":\"pt-PT\"},{\"@type\":\"Organization\",\"@id\":\"https:\/\/seconci.com.br\/site\/#organization\",\"name\":\"Seconci Brasil\",\"url\":\"https:\/\/seconci.com.br\/site\/\",\"logo\":{\"@type\":\"ImageObject\",\"inLanguage\":\"pt-PT\",\"@id\":\"https:\/\/seconci.com.br\/site\/#\/schema\/logo\/image\/\",\"url\":\"https:\/\/seconci.com.br\/site\/wp-content\/uploads\/2024\/08\/Logo-Seconci-Brasil-branca-2.png\",\"contentUrl\":\"https:\/\/seconci.com.br\/site\/wp-content\/uploads\/2024\/08\/Logo-Seconci-Brasil-branca-2.png\",\"width\":1315,\"height\":598,\"caption\":\"Seconci Brasil\"},\"image\":{\"@id\":\"https:\/\/seconci.com.br\/site\/#\/schema\/logo\/image\/\"}},{\"@type\":\"Person\",\"@id\":\"https:\/\/seconci.com.br\/site\/#\/schema\/person\/1d79afd97ddc8f2c68c1e88e298aa8e2\",\"name\":\"Sidney Rocha\",\"description\":\"Comunicador e estagi\u00e1rio do Seconci Brasil.\",\"url\":\"https:\/\/seconci.com.br\/site\/author\/sidney-rocha\/\"}]}<\/script>\n<!-- \/ Yoast SEO plugin. -->","yoast_head_json":{"title":"CBIC e Seconci-Brasil produzem v\u00eddeo sobre a import\u00e2ncia da vacina contra Covid-19 - Seconci Brasil","robots":{"index":"index","follow":"follow","max-snippet":"max-snippet:-1","max-image-preview":"max-image-preview:large","max-video-preview":"max-video-preview:-1"},"canonical":"https:\/\/seconci.com.br\/site\/2021\/05\/04\/cbic-e-seconci-brasil-produzem-video-sobre-a-importancia-da-vacina-contra-covid-19\/","og_locale":"pt_PT","og_type":"article","og_title":"CBIC e Seconci-Brasil produzem v\u00eddeo sobre a import\u00e2ncia da vacina contra Covid-19 - Seconci Brasil","og_description":"A C\u00e2mara Brasileira da Ind\u00fastria da Constru\u00e7\u00e3o (CBIC) e a Associa\u00e7\u00e3o Seconci-Brasil, formada pelos Servi\u00e7os Sociais da Ind\u00fastria da Constru\u00e7\u00e3o, refor\u00e7am a import\u00e2ncia da vacina contra a Covid-19, que diminui o risco de infec\u00e7\u00e3o e evita formas graves de interna\u00e7\u00e3o e \u00f3bito pelo novo coronav\u00edrus. As informa\u00e7\u00f5es foram divulgadas no\u00a0v\u00eddeo \u201cA import\u00e2ncia da vacina\u00e7\u00e3o\u201d\u00a0divulgado no [&hellip;]","og_url":"https:\/\/seconci.com.br\/site\/2021\/05\/04\/cbic-e-seconci-brasil-produzem-video-sobre-a-importancia-da-vacina-contra-covid-19\/","og_site_name":"Seconci Brasil","article_published_time":"2021-05-04T11:43:52+00:00","author":"Sidney Rocha","twitter_card":"summary_large_image","twitter_misc":{"Escrito por":"Sidney Rocha","Tempo estimado de leitura":"1 minuto"},"schema":{"@context":"https:\/\/schema.org","@graph":[{"@type":"Article","@id":"https:\/\/seconci.com.br\/site\/2021\/05\/04\/cbic-e-seconci-brasil-produzem-video-sobre-a-importancia-da-vacina-contra-covid-19\/#article","isPartOf":{"@id":"https:\/\/seconci.com.br\/site\/2021\/05\/04\/cbic-e-seconci-brasil-produzem-video-sobre-a-importancia-da-vacina-contra-covid-19\/"},"author":{"name":"Sidney Rocha","@id":"https:\/\/seconci.com.br\/site\/#\/schema\/person\/1d79afd97ddc8f2c68c1e88e298aa8e2"},"headline":"CBIC e Seconci-Brasil produzem v\u00eddeo sobre a import\u00e2ncia da vacina contra Covid-19","datePublished":"2021-05-04T11:43:52+00:00","mainEntityOfPage":{"@id":"https:\/\/seconci.com.br\/site\/2021\/05\/04\/cbic-e-seconci-brasil-produzem-video-sobre-a-importancia-da-vacina-contra-covid-19\/"},"wordCount":235,"publisher":{"@id":"https:\/\/seconci.com.br\/site\/#organization"},"articleSection":["Seconci Brasil"],"inLanguage":"pt-PT"},{"@type":"WebPage","@id":"https:\/\/seconci.com.br\/site\/2021\/05\/04\/cbic-e-seconci-brasil-produzem-video-sobre-a-importancia-da-vacina-contra-covid-19\/","url":"https:\/\/seconci.com.br\/site\/2021\/05\/04\/cbic-e-seconci-brasil-produzem-video-sobre-a-importancia-da-vacina-contra-covid-19\/","name":"CBIC e Seconci-Brasil produzem v\u00eddeo sobre a import\u00e2ncia da vacina contra Covid-19 - Seconci Brasil","isPartOf":{"@id":"https:\/\/seconci.com.br\/site\/#website"},"datePublished":"2021-05-04T11:43:52+00:00","breadcrumb":{"@id":"https:\/\/seconci.com.br\/site\/2021\/05\/04\/cbic-e-seconci-brasil-produzem-video-sobre-a-importancia-da-vacina-contra-covid-19\/#breadcrumb"},"inLanguage":"pt-PT","potentialAction":[{"@type":"ReadAction","target":["https:\/\/seconci.com.br\/site\/2021\/05\/04\/cbic-e-seconci-brasil-produzem-video-sobre-a-importancia-da-vacina-contra-covid-19\/"]}]},{"@type":"BreadcrumbList","@id":"https:\/\/seconci.com.br\/site\/2021\/05\/04\/cbic-e-seconci-brasil-produzem-video-sobre-a-importancia-da-vacina-contra-covid-19\/#breadcrumb","itemListElement":[{"@type":"ListItem","position":1,"name":"In\u00edcio","item":"https:\/\/seconci.com.br\/site\/"},{"@type":"ListItem","position":2,"name":"CBIC e Seconci-Brasil produzem v\u00eddeo sobre a import\u00e2ncia da vacina contra Covid-19"}]},{"@type":"WebSite","@id":"https:\/\/seconci.com.br\/site\/#website","url":"https:\/\/seconci.com.br\/site\/","name":"Seconci Brasil","description":"","publisher":{"@id":"https:\/\/seconci.com.br\/site\/#organization"},"potentialAction":[{"@type":"SearchAction","target":{"@type":"EntryPoint","urlTemplate":"https:\/\/seconci.com.br\/site\/?s={search_term_string}"},"query-input":{"@type":"PropertyValueSpecification","valueRequired":true,"valueName":"search_term_string"}}],"inLanguage":"pt-PT"},{"@type":"Organization","@id":"https:\/\/seconci.com.br\/site\/#organization","name":"Seconci Brasil","url":"https:\/\/seconci.com.br\/site\/","logo":{"@type":"ImageObject","inLanguage":"pt-PT","@id":"https:\/\/seconci.com.br\/site\/#\/schema\/logo\/image\/","url":"https:\/\/seconci.com.br\/site\/wp-content\/uploads\/2024\/08\/Logo-Seconci-Brasil-branca-2.png","contentUrl":"https:\/\/seconci.com.br\/site\/wp-content\/uploads\/2024\/08\/Logo-Seconci-Brasil-branca-2.png","width":1315,"height":598,"caption":"Seconci Brasil"},"image":{"@id":"https:\/\/seconci.com.br\/site\/#\/schema\/logo\/image\/"}},{"@type":"Person","@id":"https:\/\/seconci.com.br\/site\/#\/schema\/person\/1d79afd97ddc8f2c68c1e88e298aa8e2","name":"Sidney Rocha","description":"Comunicador e estagi\u00e1rio do Seconci Brasil.","url":"https:\/\/seconci.com.br\/site\/author\/sidney-rocha\/"}]}},"_links":{"self":[{"href":"https:\/\/seconci.com.br\/site\/wp-json\/wp\/v2\/posts\/10696","targetHints":{"allow":["GET"]}}],"collection":[{"href":"https:\/\/seconci.com.br\/site\/wp-json\/wp\/v2\/posts"}],"about":[{"href":"https:\/\/seconci.com.br\/site\/wp-json\/wp\/v2\/types\/post"}],"author":[{"embeddable":true,"href":"https:\/\/seconci.com.br\/site\/wp-json\/wp\/v2\/users\/3"}],"replies":[{"embeddable":true,"href":"https:\/\/seconci.com.br\/site\/wp-json\/wp\/v2\/comments?post=10696"}],"version-history":[{"count":0,"href":"https:\/\/seconci.com.br\/site\/wp-json\/wp\/v2\/posts\/10696\/revisions"}],"wp:attachment":[{"href":"https:\/\/seconci.com.br\/site\/wp-json\/wp\/v2\/media?parent=10696"}],"wp:term":[{"taxonomy":"category","embeddable":true,"href":"https:\/\/seconci.com.br\/site\/wp-json\/wp\/v2\/categories?post=10696"},{"taxonomy":"post_tag","embeddable":true,"href":"https:\/\/seconci.com.br\/site\/wp-json\/wp\/v2\/tags?post=10696"}],"curies":[{"name":"wp","href":"https:\/\/api.w.org\/{rel}","templated":true}]}}