{"id":10737,"date":"2021-05-27T12:05:44","date_gmt":"2021-05-27T12:05:44","guid":{"rendered":"https:\/\/seconci.com.br\/site\/?p=10737"},"modified":"2021-05-27T12:05:44","modified_gmt":"2021-05-27T12:05:44","slug":"covid-19-obras-mantem-percentuais-infimos-de-contaminacao-em-sp","status":"publish","type":"post","link":"https:\/\/seconci.com.br\/site\/2021\/05\/27\/covid-19-obras-mantem-percentuais-infimos-de-contaminacao-em-sp\/","title":{"rendered":"Covid-19: obras mant\u00eam percentuais \u00ednfimos de contamina\u00e7\u00e3o em SP"},"content":{"rendered":"<p style=\"text-align: justify;\">A 52\u00aa Pesquisa \u201cConhecendo as A\u00e7\u00f5es das Construtoras Paulistas no Combate \u00e0 Covid-19\u201d apurou que os casos suspeitos de Covid-19 em obras do Estado de S\u00e3o Paulo ca\u00edram ligeiramente, de 0,39% para 0,37% do contingente de trabalhadores; e os casos confirmados oscilaram de 0,18% para 0,19%.<\/p>\n<p style=\"text-align: justify;\">Realizada semanalmente pelo Sindicato da Constru\u00e7\u00e3o Civil do Estado de S\u00e3o Paulo (SindusCon-SP) e Servi\u00e7o Social da Constru\u00e7\u00e3o Civil do Estado de S\u00e3o Paulo (Seconci-SP), a enquete constatou que, pela quarta semana consecutiva, n\u00e3o se registraram \u00f3bitos entre as empresas pesquisadas. Nenhum trabalhador estava em interna\u00e7\u00e3o hospitalar.<\/p>\n<p style=\"text-align: justify;\">Odair Serra, presidente do SindusCon-SP, e Haruo Ishikawa, presidente do Seconci-SP, consideram positivos os resultados, mas alertam para o risco de relaxamento das medidas de prote\u00e7\u00e3o nos hor\u00e1rios das refei\u00e7\u00f5es.<\/p>\n<p style=\"text-align: justify;\">\u201cA retirada da m\u00e1scara no caf\u00e9 da manh\u00e3 e no lanche da tarde servido nas obras precisa ser realizada somente no momento da refei\u00e7\u00e3o e com o devido distanciamento. O mesmo vale para o almo\u00e7o, dentro ou fora da obra. S\u00e3o momentos de descontra\u00e7\u00e3o que requerem cuidado redobrado. Este \u00e9 um tema importante para se tratar nos Di\u00e1logos Di\u00e1rios de Seguran\u00e7a\u201d, afirmam Senra e Ishikawa.<\/p>\n<p style=\"text-align: justify;\">Nesta 52\u00aa rodada, foram obtidas respostas de 50 empresas, respons\u00e1veis por 577 obras, envolvendo 38.849 empregos diretos e terceirizados, de 13 a 19 de maio.<\/p>\n<p style=\"text-align: justify;\">Principais resultados da 52\u00aa Pesquisa:<\/p>\n<ul style=\"text-align: justify;\">\n<li>0,37% afastados por suspeita de Covid-19;<\/li>\n<li>0,19% afastados por confirma\u00e7\u00e3o da doen\u00e7a;<\/li>\n<li>577 obras em andamento e nenhuma parada;<\/li>\n<li>98% do pessoal est\u00e3o em atividade;<\/li>\n<li>100% das empresas adotam medi\u00e7\u00e3o de temperatura e higieniza\u00e7\u00e3o das m\u00e3os, d\u00e3o orienta\u00e7\u00f5es di\u00e1rias sobre preven\u00e7\u00e3o, e higienizam e realizam demarca\u00e7\u00f5es em \u00e1reas de viv\u00eancia;<\/li>\n<li>98% orientam sobre limpeza dos Equipamentos de Prote\u00e7\u00e3o Individual e afixam informativos impressos sobre a Covid-19 nos locais de circula\u00e7\u00e3o;<\/li>\n<li>94% fornecem m\u00e1scaras para o transporte e para utiliza\u00e7\u00e3o na obra e realizam limpeza de EPIs e ferramentas e instituem hor\u00e1rios escalonados para entrada, sa\u00edda e refei\u00e7\u00f5es;<\/li>\n<li>88% realizam outras pr\u00e1ticas para a preven\u00e7\u00e3o da contamina\u00e7\u00e3o entre os trabalhadores e a comunidade.<\/li>\n<li>87% divulgam aos trabalhadores cartazes e v\u00eddeos de orienta\u00e7\u00e3o do SindusCon-SP e do Seconci-SP;<\/li>\n<li>83% distribuem informativos eletr\u00f4nicos sobre a Covid-19.<\/li>\n<\/ul>\n<p style=\"text-align: justify;\">Os presidentes do SindusCon-SP e do Seconci-SP reafirmam o convite para mais empresas com obras no Estado de S\u00e3o Paulo participarem das pr\u00f3ximas rodadas; basta enviar um e-mail para pesquisacovid-19@seconci-sp.org.br e o Seconci-SP entrar\u00e1 em contato para incluir a construtora na enquete. As entidades garantem sigilo absoluto sobre as informa\u00e7\u00f5es prestadas.<\/p>\n<p style=\"text-align: justify;\">Veja os relat\u00f3rios completos das rodadas da pesquisa:<\/p>\n<p style=\"text-align: justify;\"><a href=\"http:\/\/www.seconci-sp.org.br\/midia\/132660835027461257.PDF\">Cinco \u00faltimas<\/a><\/p>\n<p style=\"text-align: justify;\"><a href=\"http:\/\/www.seconci-sp.org.br\/midia\/132660835239804871.pdf\">43\u00aa \u00e0 47\u00aa<\/a><\/p>\n<p style=\"text-align: justify;\"><a href=\"http:\/\/www.seconci-sp.org.br\/midia\/132660835480429853.pdf\">38\u00aa \u00e0 42\u00aa<\/a><\/p>\n<p style=\"text-align: justify;\"><a href=\"http:\/\/www.seconci-sp.org.br\/midia\/132660835700116864.pdf\">33\u00aa \u00e0 37\u00aa<\/a><\/p>\n<p style=\"text-align: justify;\"><a href=\"http:\/\/www.seconci-sp.org.br\/midia\/132660835969803243.pdf\">28\u00aa \u00e0 32\u00aa<\/a><\/p>\n<p style=\"text-align: justify;\"><a href=\"http:\/\/www.seconci-sp.org.br\/midia\/132660836160272785.pdf\">23\u00aa \u00e0 27\u00aa<\/a><\/p>\n<p style=\"text-align: justify;\"><a href=\"http:\/\/www.seconci-sp.org.br\/midia\/132660836311052209.pdf\">18\u00aa \u00e0 22\u00aa<\/a><\/p>\n<p style=\"text-align: justify;\"><a href=\"http:\/\/www.seconci-sp.org.br\/midia\/132660836473550042.pdf\">13\u00aa \u00e0 17\u00aa<\/a><\/p>\n<p style=\"text-align: justify;\"><a href=\"http:\/\/www.seconci-sp.org.br\/midia\/132576161977016709.pdf\">7\u00aa \u00e0 12\u00aa<\/a><\/p>\n<p style=\"text-align: justify;\"><a href=\"http:\/\/www.seconci-sp.org.br\/midia\/132576161173890749.pdf\">Seis primeiras\u00a0<\/a><\/p>\n<p style=\"text-align: justify;\">Essa mat\u00e9ria integra o\u00a0<strong>Mapeamento de Boas Pr\u00e1ticas em Responsabilidade Social<\/strong>\u00a0no setor da constru\u00e7\u00e3o durante a pandemia do coronav\u00edrus dentro do\u00a0<strong>\u2018Projeto Responsabilidade Social e a Valoriza\u00e7\u00e3o do Trabalhador\u2019<\/strong>, realizado pela C\u00e2mara Brasileira da Ind\u00fastria da Constru\u00e7\u00e3o (CBIC), em correaliza\u00e7\u00e3o com Servi\u00e7o Social a Ind\u00fastria (Sesi Nacional).<\/p>\n<p><em>Fonte: Ag\u00eancia CBIC<\/em><\/p>\n","protected":false},"excerpt":{"rendered":"<p>A 52\u00aa Pesquisa \u201cConhecendo as A\u00e7\u00f5es das Construtoras Paulistas no Combate \u00e0 Covid-19\u201d apurou que os casos suspeitos de Covid-19 em obras do Estado de S\u00e3o Paulo ca\u00edram ligeiramente, de 0,39% para 0,37% do contingente de trabalhadores; e os casos confirmados oscilaram de 0,18% para 0,19%. Realizada semanalmente pelo Sindicato da Constru\u00e7\u00e3o Civil do Estado [&hellip;]<\/p>\n","protected":false},"author":3,"featured_media":10622,"comment_status":"closed","ping_status":"closed","sticky":false,"template":"","format":"standard","meta":{"footnotes":""},"categories":[87],"tags":[],"class_list":["post-10737","post","type-post","status-publish","format-standard","has-post-thumbnail","hentry","category-seconci-sao-paulo"],"yoast_head":"<!-- This site is optimized with the Yoast SEO plugin v26.9 - https:\/\/yoast.com\/product\/yoast-seo-wordpress\/ -->\n<title>Covid-19: obras mant\u00eam percentuais \u00ednfimos de contamina\u00e7\u00e3o em SP - Seconci Brasil<\/title>\n<meta name=\"robots\" content=\"index, follow, max-snippet:-1, max-image-preview:large, max-video-preview:-1\" \/>\n<link rel=\"canonical\" href=\"https:\/\/seconci.com.br\/site\/2021\/05\/27\/covid-19-obras-mantem-percentuais-infimos-de-contaminacao-em-sp\/\" \/>\n<meta property=\"og:locale\" content=\"pt_PT\" \/>\n<meta property=\"og:type\" content=\"article\" \/>\n<meta property=\"og:title\" content=\"Covid-19: obras mant\u00eam percentuais \u00ednfimos de contamina\u00e7\u00e3o em SP - Seconci Brasil\" \/>\n<meta property=\"og:description\" content=\"A 52\u00aa Pesquisa \u201cConhecendo as A\u00e7\u00f5es das Construtoras Paulistas no Combate \u00e0 Covid-19\u201d apurou que os casos suspeitos de Covid-19 em obras do Estado de S\u00e3o Paulo ca\u00edram ligeiramente, de 0,39% para 0,37% do contingente de trabalhadores; e os casos confirmados oscilaram de 0,18% para 0,19%. Realizada semanalmente pelo Sindicato da Constru\u00e7\u00e3o Civil do Estado [&hellip;]\" \/>\n<meta property=\"og:url\" content=\"https:\/\/seconci.com.br\/site\/2021\/05\/27\/covid-19-obras-mantem-percentuais-infimos-de-contaminacao-em-sp\/\" \/>\n<meta property=\"og:site_name\" content=\"Seconci Brasil\" \/>\n<meta property=\"article:published_time\" content=\"2021-05-27T12:05:44+00:00\" \/>\n<meta property=\"og:image\" content=\"https:\/\/seconci.com.br\/site\/wp-content\/uploads\/2021\/04\/whatsapp-image-2021-03-08-at-191106.jpeg\" \/>\n\t<meta property=\"og:image:width\" content=\"748\" \/>\n\t<meta property=\"og:image:height\" content=\"331\" \/>\n\t<meta property=\"og:image:type\" content=\"image\/jpeg\" \/>\n<meta name=\"author\" content=\"Sidney Rocha\" \/>\n<meta name=\"twitter:card\" content=\"summary_large_image\" \/>\n<meta name=\"twitter:label1\" content=\"Escrito por\" \/>\n\t<meta name=\"twitter:data1\" content=\"Sidney Rocha\" \/>\n\t<meta name=\"twitter:label2\" content=\"Tempo estimado de leitura\" \/>\n\t<meta name=\"twitter:data2\" content=\"3 minutos\" \/>\n<script type=\"application\/ld+json\" class=\"yoast-schema-graph\">{\"@context\":\"https:\/\/schema.org\",\"@graph\":[{\"@type\":\"Article\",\"@id\":\"https:\/\/seconci.com.br\/site\/2021\/05\/27\/covid-19-obras-mantem-percentuais-infimos-de-contaminacao-em-sp\/#article\",\"isPartOf\":{\"@id\":\"https:\/\/seconci.com.br\/site\/2021\/05\/27\/covid-19-obras-mantem-percentuais-infimos-de-contaminacao-em-sp\/\"},\"author\":{\"name\":\"Sidney Rocha\",\"@id\":\"https:\/\/seconci.com.br\/site\/#\/schema\/person\/1d79afd97ddc8f2c68c1e88e298aa8e2\"},\"headline\":\"Covid-19: obras mant\u00eam percentuais \u00ednfimos de contamina\u00e7\u00e3o em SP\",\"datePublished\":\"2021-05-27T12:05:44+00:00\",\"mainEntityOfPage\":{\"@id\":\"https:\/\/seconci.com.br\/site\/2021\/05\/27\/covid-19-obras-mantem-percentuais-infimos-de-contaminacao-em-sp\/\"},\"wordCount\":518,\"publisher\":{\"@id\":\"https:\/\/seconci.com.br\/site\/#organization\"},\"image\":{\"@id\":\"https:\/\/seconci.com.br\/site\/2021\/05\/27\/covid-19-obras-mantem-percentuais-infimos-de-contaminacao-em-sp\/#primaryimage\"},\"thumbnailUrl\":\"https:\/\/seconci.com.br\/site\/wp-content\/uploads\/2021\/04\/whatsapp-image-2021-03-08-at-191106.jpeg\",\"articleSection\":[\"Seconci S\u00e3o Paulo\"],\"inLanguage\":\"pt-PT\"},{\"@type\":\"WebPage\",\"@id\":\"https:\/\/seconci.com.br\/site\/2021\/05\/27\/covid-19-obras-mantem-percentuais-infimos-de-contaminacao-em-sp\/\",\"url\":\"https:\/\/seconci.com.br\/site\/2021\/05\/27\/covid-19-obras-mantem-percentuais-infimos-de-contaminacao-em-sp\/\",\"name\":\"Covid-19: obras mant\u00eam percentuais \u00ednfimos de contamina\u00e7\u00e3o em SP - Seconci Brasil\",\"isPartOf\":{\"@id\":\"https:\/\/seconci.com.br\/site\/#website\"},\"primaryImageOfPage\":{\"@id\":\"https:\/\/seconci.com.br\/site\/2021\/05\/27\/covid-19-obras-mantem-percentuais-infimos-de-contaminacao-em-sp\/#primaryimage\"},\"image\":{\"@id\":\"https:\/\/seconci.com.br\/site\/2021\/05\/27\/covid-19-obras-mantem-percentuais-infimos-de-contaminacao-em-sp\/#primaryimage\"},\"thumbnailUrl\":\"https:\/\/seconci.com.br\/site\/wp-content\/uploads\/2021\/04\/whatsapp-image-2021-03-08-at-191106.jpeg\",\"datePublished\":\"2021-05-27T12:05:44+00:00\",\"breadcrumb\":{\"@id\":\"https:\/\/seconci.com.br\/site\/2021\/05\/27\/covid-19-obras-mantem-percentuais-infimos-de-contaminacao-em-sp\/#breadcrumb\"},\"inLanguage\":\"pt-PT\",\"potentialAction\":[{\"@type\":\"ReadAction\",\"target\":[\"https:\/\/seconci.com.br\/site\/2021\/05\/27\/covid-19-obras-mantem-percentuais-infimos-de-contaminacao-em-sp\/\"]}]},{\"@type\":\"ImageObject\",\"inLanguage\":\"pt-PT\",\"@id\":\"https:\/\/seconci.com.br\/site\/2021\/05\/27\/covid-19-obras-mantem-percentuais-infimos-de-contaminacao-em-sp\/#primaryimage\",\"url\":\"https:\/\/seconci.com.br\/site\/wp-content\/uploads\/2021\/04\/whatsapp-image-2021-03-08-at-191106.jpeg\",\"contentUrl\":\"https:\/\/seconci.com.br\/site\/wp-content\/uploads\/2021\/04\/whatsapp-image-2021-03-08-at-191106.jpeg\",\"width\":748,\"height\":331},{\"@type\":\"BreadcrumbList\",\"@id\":\"https:\/\/seconci.com.br\/site\/2021\/05\/27\/covid-19-obras-mantem-percentuais-infimos-de-contaminacao-em-sp\/#breadcrumb\",\"itemListElement\":[{\"@type\":\"ListItem\",\"position\":1,\"name\":\"In\u00edcio\",\"item\":\"https:\/\/seconci.com.br\/site\/\"},{\"@type\":\"ListItem\",\"position\":2,\"name\":\"Covid-19: obras mant\u00eam percentuais \u00ednfimos de contamina\u00e7\u00e3o em SP\"}]},{\"@type\":\"WebSite\",\"@id\":\"https:\/\/seconci.com.br\/site\/#website\",\"url\":\"https:\/\/seconci.com.br\/site\/\",\"name\":\"Seconci Brasil\",\"description\":\"\",\"publisher\":{\"@id\":\"https:\/\/seconci.com.br\/site\/#organization\"},\"potentialAction\":[{\"@type\":\"SearchAction\",\"target\":{\"@type\":\"EntryPoint\",\"urlTemplate\":\"https:\/\/seconci.com.br\/site\/?s={search_term_string}\"},\"query-input\":{\"@type\":\"PropertyValueSpecification\",\"valueRequired\":true,\"valueName\":\"search_term_string\"}}],\"inLanguage\":\"pt-PT\"},{\"@type\":\"Organization\",\"@id\":\"https:\/\/seconci.com.br\/site\/#organization\",\"name\":\"Seconci Brasil\",\"url\":\"https:\/\/seconci.com.br\/site\/\",\"logo\":{\"@type\":\"ImageObject\",\"inLanguage\":\"pt-PT\",\"@id\":\"https:\/\/seconci.com.br\/site\/#\/schema\/logo\/image\/\",\"url\":\"https:\/\/seconci.com.br\/site\/wp-content\/uploads\/2024\/08\/Logo-Seconci-Brasil-branca-2.png\",\"contentUrl\":\"https:\/\/seconci.com.br\/site\/wp-content\/uploads\/2024\/08\/Logo-Seconci-Brasil-branca-2.png\",\"width\":1315,\"height\":598,\"caption\":\"Seconci Brasil\"},\"image\":{\"@id\":\"https:\/\/seconci.com.br\/site\/#\/schema\/logo\/image\/\"}},{\"@type\":\"Person\",\"@id\":\"https:\/\/seconci.com.br\/site\/#\/schema\/person\/1d79afd97ddc8f2c68c1e88e298aa8e2\",\"name\":\"Sidney Rocha\",\"description\":\"Comunicador e estagi\u00e1rio do Seconci Brasil.\",\"url\":\"https:\/\/seconci.com.br\/site\/author\/sidney-rocha\/\"}]}<\/script>\n<!-- \/ Yoast SEO plugin. -->","yoast_head_json":{"title":"Covid-19: obras mant\u00eam percentuais \u00ednfimos de contamina\u00e7\u00e3o em SP - Seconci Brasil","robots":{"index":"index","follow":"follow","max-snippet":"max-snippet:-1","max-image-preview":"max-image-preview:large","max-video-preview":"max-video-preview:-1"},"canonical":"https:\/\/seconci.com.br\/site\/2021\/05\/27\/covid-19-obras-mantem-percentuais-infimos-de-contaminacao-em-sp\/","og_locale":"pt_PT","og_type":"article","og_title":"Covid-19: obras mant\u00eam percentuais \u00ednfimos de contamina\u00e7\u00e3o em SP - Seconci Brasil","og_description":"A 52\u00aa Pesquisa \u201cConhecendo as A\u00e7\u00f5es das Construtoras Paulistas no Combate \u00e0 Covid-19\u201d apurou que os casos suspeitos de Covid-19 em obras do Estado de S\u00e3o Paulo ca\u00edram ligeiramente, de 0,39% para 0,37% do contingente de trabalhadores; e os casos confirmados oscilaram de 0,18% para 0,19%. Realizada semanalmente pelo Sindicato da Constru\u00e7\u00e3o Civil do Estado [&hellip;]","og_url":"https:\/\/seconci.com.br\/site\/2021\/05\/27\/covid-19-obras-mantem-percentuais-infimos-de-contaminacao-em-sp\/","og_site_name":"Seconci Brasil","article_published_time":"2021-05-27T12:05:44+00:00","og_image":[{"width":748,"height":331,"url":"https:\/\/seconci.com.br\/site\/wp-content\/uploads\/2021\/04\/whatsapp-image-2021-03-08-at-191106.jpeg","type":"image\/jpeg"}],"author":"Sidney Rocha","twitter_card":"summary_large_image","twitter_misc":{"Escrito por":"Sidney Rocha","Tempo estimado de leitura":"3 minutos"},"schema":{"@context":"https:\/\/schema.org","@graph":[{"@type":"Article","@id":"https:\/\/seconci.com.br\/site\/2021\/05\/27\/covid-19-obras-mantem-percentuais-infimos-de-contaminacao-em-sp\/#article","isPartOf":{"@id":"https:\/\/seconci.com.br\/site\/2021\/05\/27\/covid-19-obras-mantem-percentuais-infimos-de-contaminacao-em-sp\/"},"author":{"name":"Sidney Rocha","@id":"https:\/\/seconci.com.br\/site\/#\/schema\/person\/1d79afd97ddc8f2c68c1e88e298aa8e2"},"headline":"Covid-19: obras mant\u00eam percentuais \u00ednfimos de contamina\u00e7\u00e3o em SP","datePublished":"2021-05-27T12:05:44+00:00","mainEntityOfPage":{"@id":"https:\/\/seconci.com.br\/site\/2021\/05\/27\/covid-19-obras-mantem-percentuais-infimos-de-contaminacao-em-sp\/"},"wordCount":518,"publisher":{"@id":"https:\/\/seconci.com.br\/site\/#organization"},"image":{"@id":"https:\/\/seconci.com.br\/site\/2021\/05\/27\/covid-19-obras-mantem-percentuais-infimos-de-contaminacao-em-sp\/#primaryimage"},"thumbnailUrl":"https:\/\/seconci.com.br\/site\/wp-content\/uploads\/2021\/04\/whatsapp-image-2021-03-08-at-191106.jpeg","articleSection":["Seconci S\u00e3o Paulo"],"inLanguage":"pt-PT"},{"@type":"WebPage","@id":"https:\/\/seconci.com.br\/site\/2021\/05\/27\/covid-19-obras-mantem-percentuais-infimos-de-contaminacao-em-sp\/","url":"https:\/\/seconci.com.br\/site\/2021\/05\/27\/covid-19-obras-mantem-percentuais-infimos-de-contaminacao-em-sp\/","name":"Covid-19: obras mant\u00eam percentuais \u00ednfimos de contamina\u00e7\u00e3o em SP - Seconci Brasil","isPartOf":{"@id":"https:\/\/seconci.com.br\/site\/#website"},"primaryImageOfPage":{"@id":"https:\/\/seconci.com.br\/site\/2021\/05\/27\/covid-19-obras-mantem-percentuais-infimos-de-contaminacao-em-sp\/#primaryimage"},"image":{"@id":"https:\/\/seconci.com.br\/site\/2021\/05\/27\/covid-19-obras-mantem-percentuais-infimos-de-contaminacao-em-sp\/#primaryimage"},"thumbnailUrl":"https:\/\/seconci.com.br\/site\/wp-content\/uploads\/2021\/04\/whatsapp-image-2021-03-08-at-191106.jpeg","datePublished":"2021-05-27T12:05:44+00:00","breadcrumb":{"@id":"https:\/\/seconci.com.br\/site\/2021\/05\/27\/covid-19-obras-mantem-percentuais-infimos-de-contaminacao-em-sp\/#breadcrumb"},"inLanguage":"pt-PT","potentialAction":[{"@type":"ReadAction","target":["https:\/\/seconci.com.br\/site\/2021\/05\/27\/covid-19-obras-mantem-percentuais-infimos-de-contaminacao-em-sp\/"]}]},{"@type":"ImageObject","inLanguage":"pt-PT","@id":"https:\/\/seconci.com.br\/site\/2021\/05\/27\/covid-19-obras-mantem-percentuais-infimos-de-contaminacao-em-sp\/#primaryimage","url":"https:\/\/seconci.com.br\/site\/wp-content\/uploads\/2021\/04\/whatsapp-image-2021-03-08-at-191106.jpeg","contentUrl":"https:\/\/seconci.com.br\/site\/wp-content\/uploads\/2021\/04\/whatsapp-image-2021-03-08-at-191106.jpeg","width":748,"height":331},{"@type":"BreadcrumbList","@id":"https:\/\/seconci.com.br\/site\/2021\/05\/27\/covid-19-obras-mantem-percentuais-infimos-de-contaminacao-em-sp\/#breadcrumb","itemListElement":[{"@type":"ListItem","position":1,"name":"In\u00edcio","item":"https:\/\/seconci.com.br\/site\/"},{"@type":"ListItem","position":2,"name":"Covid-19: obras mant\u00eam percentuais \u00ednfimos de contamina\u00e7\u00e3o em SP"}]},{"@type":"WebSite","@id":"https:\/\/seconci.com.br\/site\/#website","url":"https:\/\/seconci.com.br\/site\/","name":"Seconci Brasil","description":"","publisher":{"@id":"https:\/\/seconci.com.br\/site\/#organization"},"potentialAction":[{"@type":"SearchAction","target":{"@type":"EntryPoint","urlTemplate":"https:\/\/seconci.com.br\/site\/?s={search_term_string}"},"query-input":{"@type":"PropertyValueSpecification","valueRequired":true,"valueName":"search_term_string"}}],"inLanguage":"pt-PT"},{"@type":"Organization","@id":"https:\/\/seconci.com.br\/site\/#organization","name":"Seconci Brasil","url":"https:\/\/seconci.com.br\/site\/","logo":{"@type":"ImageObject","inLanguage":"pt-PT","@id":"https:\/\/seconci.com.br\/site\/#\/schema\/logo\/image\/","url":"https:\/\/seconci.com.br\/site\/wp-content\/uploads\/2024\/08\/Logo-Seconci-Brasil-branca-2.png","contentUrl":"https:\/\/seconci.com.br\/site\/wp-content\/uploads\/2024\/08\/Logo-Seconci-Brasil-branca-2.png","width":1315,"height":598,"caption":"Seconci Brasil"},"image":{"@id":"https:\/\/seconci.com.br\/site\/#\/schema\/logo\/image\/"}},{"@type":"Person","@id":"https:\/\/seconci.com.br\/site\/#\/schema\/person\/1d79afd97ddc8f2c68c1e88e298aa8e2","name":"Sidney Rocha","description":"Comunicador e estagi\u00e1rio do Seconci Brasil.","url":"https:\/\/seconci.com.br\/site\/author\/sidney-rocha\/"}]}},"_links":{"self":[{"href":"https:\/\/seconci.com.br\/site\/wp-json\/wp\/v2\/posts\/10737","targetHints":{"allow":["GET"]}}],"collection":[{"href":"https:\/\/seconci.com.br\/site\/wp-json\/wp\/v2\/posts"}],"about":[{"href":"https:\/\/seconci.com.br\/site\/wp-json\/wp\/v2\/types\/post"}],"author":[{"embeddable":true,"href":"https:\/\/seconci.com.br\/site\/wp-json\/wp\/v2\/users\/3"}],"replies":[{"embeddable":true,"href":"https:\/\/seconci.com.br\/site\/wp-json\/wp\/v2\/comments?post=10737"}],"version-history":[{"count":0,"href":"https:\/\/seconci.com.br\/site\/wp-json\/wp\/v2\/posts\/10737\/revisions"}],"wp:featuredmedia":[{"embeddable":true,"href":"https:\/\/seconci.com.br\/site\/wp-json\/wp\/v2\/media\/10622"}],"wp:attachment":[{"href":"https:\/\/seconci.com.br\/site\/wp-json\/wp\/v2\/media?parent=10737"}],"wp:term":[{"taxonomy":"category","embeddable":true,"href":"https:\/\/seconci.com.br\/site\/wp-json\/wp\/v2\/categories?post=10737"},{"taxonomy":"post_tag","embeddable":true,"href":"https:\/\/seconci.com.br\/site\/wp-json\/wp\/v2\/tags?post=10737"}],"curies":[{"name":"wp","href":"https:\/\/api.w.org\/{rel}","templated":true}]}}