{"id":10753,"date":"2021-05-31T11:29:27","date_gmt":"2021-05-31T11:29:27","guid":{"rendered":"https:\/\/seconci.com.br\/site\/?p=10753"},"modified":"2021-05-31T11:29:27","modified_gmt":"2021-05-31T11:29:27","slug":"esocial-adia-prazo-para-envio-de-informacoes-de-sst-para-as-empresas","status":"publish","type":"post","link":"https:\/\/seconci.com.br\/site\/2021\/05\/31\/esocial-adia-prazo-para-envio-de-informacoes-de-sst-para-as-empresas\/","title":{"rendered":"eSocial adia prazo para envio de informa\u00e7\u00f5es de SST para as empresas"},"content":{"rendered":"<p>A obrigatoriedade de envio das informa\u00e7\u00f5es referentes \u00e0 Seguran\u00e7a e Sa\u00fade do Trabalho para as empresas integrantes do Grupo 1 (empresas com faturamento anual superior a R$ 78 milh\u00f5es), prevista para iniciar no pr\u00f3ximo dia 8 de junho, foi adiada.<\/p>\n<p>De acordo com o coordenador do GT-Confederativo do eSocial, o auditor fiscal do Trabalho Jos\u00e9 Alberto Maia, a prorroga\u00e7\u00e3o se deve ao fato de que a Dataprev n\u00e3o conseguiu concluir o m\u00f3dulo que far\u00e1 a integra\u00e7\u00e3o dos dados que vir\u00e3o na nova vers\u00e3o simplificada (S-1.0) com o Cadastro Nacional de Informa\u00e7\u00f5es Sociais (CNIS) dentro do prazo esperado.<\/p>\n<p>\u201cA previs\u00e3o \u00e9 que a Dataprev s\u00f3 esteja apta a receber os dados enviados ao eSocial por meio desta nova vers\u00e3o a partir do final do m\u00eas de junho, o que j\u00e1 comprometeria o cronograma de in\u00edcio da presta\u00e7\u00e3o das informa\u00e7\u00f5es de SST por parte das empresas do grupo 1, que est\u00e1 previsto para o come\u00e7o do m\u00eas de junho, uma vez que os eventos de SST s\u00f3 poder\u00e3o ser enviados nesta nova vers\u00e3o do sistema\u201d, explica.<\/p>\n<p>O GT-Confederativo prop\u00f4s um adiamento do in\u00edcio da obrigatoriedade do envio dos eventos de SST pelas empresas do Grupo 1 para a partir do m\u00eas de outubro. J\u00e1 o Grupo 2, cuja data prevista para iniciar esses envios era setembro de 2021, ficaria para janeiro de 2022, junto com o Grupo 3.<\/p>\n<p>\u201cA proposta foi bem recebida pelos representantes do governo no GT, que se comprometeram a lev\u00e1-la como sendo uma proposta do Grupo de Trabalho para os gestores do eSocial, os quais analisar\u00e3o a proposta e devem publicar alguma coisa at\u00e9 semana que vem\u201d, conta Maia.<\/p>\n<p><em>Ag\u00eancia CBIC<\/em><\/p>\n<p><em>(Com informa\u00e7\u00f5es da Revista Prote\u00e7\u00e3o)<\/em><\/p>\n","protected":false},"excerpt":{"rendered":"<p>A obrigatoriedade de envio das informa\u00e7\u00f5es referentes \u00e0 Seguran\u00e7a e Sa\u00fade do Trabalho para as empresas integrantes do Grupo 1 (empresas com faturamento anual superior a R$ 78 milh\u00f5es), prevista para iniciar no pr\u00f3ximo dia 8 de junho, foi adiada. De acordo com o coordenador do GT-Confederativo do eSocial, o auditor fiscal do Trabalho Jos\u00e9 [&hellip;]<\/p>\n","protected":false},"author":3,"featured_media":10754,"comment_status":"closed","ping_status":"closed","sticky":false,"template":"","format":"standard","meta":{"footnotes":""},"categories":[92],"tags":[],"class_list":["post-10753","post","type-post","status-publish","format-standard","has-post-thumbnail","hentry","category-seconci-brasil"],"yoast_head":"<!-- This site is optimized with the Yoast SEO plugin v26.9 - https:\/\/yoast.com\/product\/yoast-seo-wordpress\/ -->\n<title>eSocial adia prazo para envio de informa\u00e7\u00f5es de SST para as empresas - Seconci Brasil<\/title>\n<meta name=\"robots\" content=\"index, follow, max-snippet:-1, max-image-preview:large, max-video-preview:-1\" \/>\n<link rel=\"canonical\" href=\"https:\/\/seconci.com.br\/site\/2021\/05\/31\/esocial-adia-prazo-para-envio-de-informacoes-de-sst-para-as-empresas\/\" \/>\n<meta property=\"og:locale\" content=\"pt_PT\" \/>\n<meta property=\"og:type\" content=\"article\" \/>\n<meta property=\"og:title\" content=\"eSocial adia prazo para envio de informa\u00e7\u00f5es de SST para as empresas - Seconci Brasil\" \/>\n<meta property=\"og:description\" content=\"A obrigatoriedade de envio das informa\u00e7\u00f5es referentes \u00e0 Seguran\u00e7a e Sa\u00fade do Trabalho para as empresas integrantes do Grupo 1 (empresas com faturamento anual superior a R$ 78 milh\u00f5es), prevista para iniciar no pr\u00f3ximo dia 8 de junho, foi adiada. De acordo com o coordenador do GT-Confederativo do eSocial, o auditor fiscal do Trabalho Jos\u00e9 [&hellip;]\" \/>\n<meta property=\"og:url\" content=\"https:\/\/seconci.com.br\/site\/2021\/05\/31\/esocial-adia-prazo-para-envio-de-informacoes-de-sst-para-as-empresas\/\" \/>\n<meta property=\"og:site_name\" content=\"Seconci Brasil\" \/>\n<meta property=\"article:published_time\" content=\"2021-05-31T11:29:27+00:00\" \/>\n<meta property=\"og:image\" content=\"https:\/\/seconci.com.br\/site\/wp-content\/uploads\/2021\/05\/eSocial-1.jpg\" \/>\n\t<meta property=\"og:image:width\" content=\"600\" \/>\n\t<meta property=\"og:image:height\" content=\"310\" \/>\n\t<meta property=\"og:image:type\" content=\"image\/jpeg\" \/>\n<meta name=\"author\" content=\"Sidney Rocha\" \/>\n<meta name=\"twitter:card\" content=\"summary_large_image\" \/>\n<meta name=\"twitter:label1\" content=\"Escrito por\" \/>\n\t<meta name=\"twitter:data1\" content=\"Sidney Rocha\" \/>\n\t<meta name=\"twitter:label2\" content=\"Tempo estimado de leitura\" \/>\n\t<meta name=\"twitter:data2\" content=\"1 minuto\" \/>\n<script type=\"application\/ld+json\" class=\"yoast-schema-graph\">{\"@context\":\"https:\/\/schema.org\",\"@graph\":[{\"@type\":\"Article\",\"@id\":\"https:\/\/seconci.com.br\/site\/2021\/05\/31\/esocial-adia-prazo-para-envio-de-informacoes-de-sst-para-as-empresas\/#article\",\"isPartOf\":{\"@id\":\"https:\/\/seconci.com.br\/site\/2021\/05\/31\/esocial-adia-prazo-para-envio-de-informacoes-de-sst-para-as-empresas\/\"},\"author\":{\"name\":\"Sidney Rocha\",\"@id\":\"https:\/\/seconci.com.br\/site\/#\/schema\/person\/1d79afd97ddc8f2c68c1e88e298aa8e2\"},\"headline\":\"eSocial adia prazo para envio de informa\u00e7\u00f5es de SST para as empresas\",\"datePublished\":\"2021-05-31T11:29:27+00:00\",\"mainEntityOfPage\":{\"@id\":\"https:\/\/seconci.com.br\/site\/2021\/05\/31\/esocial-adia-prazo-para-envio-de-informacoes-de-sst-para-as-empresas\/\"},\"wordCount\":310,\"publisher\":{\"@id\":\"https:\/\/seconci.com.br\/site\/#organization\"},\"image\":{\"@id\":\"https:\/\/seconci.com.br\/site\/2021\/05\/31\/esocial-adia-prazo-para-envio-de-informacoes-de-sst-para-as-empresas\/#primaryimage\"},\"thumbnailUrl\":\"https:\/\/seconci.com.br\/site\/wp-content\/uploads\/2021\/05\/eSocial-1.jpg\",\"articleSection\":[\"Seconci Brasil\"],\"inLanguage\":\"pt-PT\"},{\"@type\":\"WebPage\",\"@id\":\"https:\/\/seconci.com.br\/site\/2021\/05\/31\/esocial-adia-prazo-para-envio-de-informacoes-de-sst-para-as-empresas\/\",\"url\":\"https:\/\/seconci.com.br\/site\/2021\/05\/31\/esocial-adia-prazo-para-envio-de-informacoes-de-sst-para-as-empresas\/\",\"name\":\"eSocial adia prazo para envio de informa\u00e7\u00f5es de SST para as empresas - Seconci Brasil\",\"isPartOf\":{\"@id\":\"https:\/\/seconci.com.br\/site\/#website\"},\"primaryImageOfPage\":{\"@id\":\"https:\/\/seconci.com.br\/site\/2021\/05\/31\/esocial-adia-prazo-para-envio-de-informacoes-de-sst-para-as-empresas\/#primaryimage\"},\"image\":{\"@id\":\"https:\/\/seconci.com.br\/site\/2021\/05\/31\/esocial-adia-prazo-para-envio-de-informacoes-de-sst-para-as-empresas\/#primaryimage\"},\"thumbnailUrl\":\"https:\/\/seconci.com.br\/site\/wp-content\/uploads\/2021\/05\/eSocial-1.jpg\",\"datePublished\":\"2021-05-31T11:29:27+00:00\",\"breadcrumb\":{\"@id\":\"https:\/\/seconci.com.br\/site\/2021\/05\/31\/esocial-adia-prazo-para-envio-de-informacoes-de-sst-para-as-empresas\/#breadcrumb\"},\"inLanguage\":\"pt-PT\",\"potentialAction\":[{\"@type\":\"ReadAction\",\"target\":[\"https:\/\/seconci.com.br\/site\/2021\/05\/31\/esocial-adia-prazo-para-envio-de-informacoes-de-sst-para-as-empresas\/\"]}]},{\"@type\":\"ImageObject\",\"inLanguage\":\"pt-PT\",\"@id\":\"https:\/\/seconci.com.br\/site\/2021\/05\/31\/esocial-adia-prazo-para-envio-de-informacoes-de-sst-para-as-empresas\/#primaryimage\",\"url\":\"https:\/\/seconci.com.br\/site\/wp-content\/uploads\/2021\/05\/eSocial-1.jpg\",\"contentUrl\":\"https:\/\/seconci.com.br\/site\/wp-content\/uploads\/2021\/05\/eSocial-1.jpg\",\"width\":600,\"height\":310},{\"@type\":\"BreadcrumbList\",\"@id\":\"https:\/\/seconci.com.br\/site\/2021\/05\/31\/esocial-adia-prazo-para-envio-de-informacoes-de-sst-para-as-empresas\/#breadcrumb\",\"itemListElement\":[{\"@type\":\"ListItem\",\"position\":1,\"name\":\"In\u00edcio\",\"item\":\"https:\/\/seconci.com.br\/site\/\"},{\"@type\":\"ListItem\",\"position\":2,\"name\":\"eSocial adia prazo para envio de informa\u00e7\u00f5es de SST para as empresas\"}]},{\"@type\":\"WebSite\",\"@id\":\"https:\/\/seconci.com.br\/site\/#website\",\"url\":\"https:\/\/seconci.com.br\/site\/\",\"name\":\"Seconci Brasil\",\"description\":\"\",\"publisher\":{\"@id\":\"https:\/\/seconci.com.br\/site\/#organization\"},\"potentialAction\":[{\"@type\":\"SearchAction\",\"target\":{\"@type\":\"EntryPoint\",\"urlTemplate\":\"https:\/\/seconci.com.br\/site\/?s={search_term_string}\"},\"query-input\":{\"@type\":\"PropertyValueSpecification\",\"valueRequired\":true,\"valueName\":\"search_term_string\"}}],\"inLanguage\":\"pt-PT\"},{\"@type\":\"Organization\",\"@id\":\"https:\/\/seconci.com.br\/site\/#organization\",\"name\":\"Seconci Brasil\",\"url\":\"https:\/\/seconci.com.br\/site\/\",\"logo\":{\"@type\":\"ImageObject\",\"inLanguage\":\"pt-PT\",\"@id\":\"https:\/\/seconci.com.br\/site\/#\/schema\/logo\/image\/\",\"url\":\"https:\/\/seconci.com.br\/site\/wp-content\/uploads\/2024\/08\/Logo-Seconci-Brasil-branca-2.png\",\"contentUrl\":\"https:\/\/seconci.com.br\/site\/wp-content\/uploads\/2024\/08\/Logo-Seconci-Brasil-branca-2.png\",\"width\":1315,\"height\":598,\"caption\":\"Seconci Brasil\"},\"image\":{\"@id\":\"https:\/\/seconci.com.br\/site\/#\/schema\/logo\/image\/\"}},{\"@type\":\"Person\",\"@id\":\"https:\/\/seconci.com.br\/site\/#\/schema\/person\/1d79afd97ddc8f2c68c1e88e298aa8e2\",\"name\":\"Sidney Rocha\",\"description\":\"Comunicador e estagi\u00e1rio do Seconci Brasil.\",\"url\":\"https:\/\/seconci.com.br\/site\/author\/sidney-rocha\/\"}]}<\/script>\n<!-- \/ Yoast SEO plugin. -->","yoast_head_json":{"title":"eSocial adia prazo para envio de informa\u00e7\u00f5es de SST para as empresas - Seconci Brasil","robots":{"index":"index","follow":"follow","max-snippet":"max-snippet:-1","max-image-preview":"max-image-preview:large","max-video-preview":"max-video-preview:-1"},"canonical":"https:\/\/seconci.com.br\/site\/2021\/05\/31\/esocial-adia-prazo-para-envio-de-informacoes-de-sst-para-as-empresas\/","og_locale":"pt_PT","og_type":"article","og_title":"eSocial adia prazo para envio de informa\u00e7\u00f5es de SST para as empresas - Seconci Brasil","og_description":"A obrigatoriedade de envio das informa\u00e7\u00f5es referentes \u00e0 Seguran\u00e7a e Sa\u00fade do Trabalho para as empresas integrantes do Grupo 1 (empresas com faturamento anual superior a R$ 78 milh\u00f5es), prevista para iniciar no pr\u00f3ximo dia 8 de junho, foi adiada. De acordo com o coordenador do GT-Confederativo do eSocial, o auditor fiscal do Trabalho Jos\u00e9 [&hellip;]","og_url":"https:\/\/seconci.com.br\/site\/2021\/05\/31\/esocial-adia-prazo-para-envio-de-informacoes-de-sst-para-as-empresas\/","og_site_name":"Seconci Brasil","article_published_time":"2021-05-31T11:29:27+00:00","og_image":[{"width":600,"height":310,"url":"https:\/\/seconci.com.br\/site\/wp-content\/uploads\/2021\/05\/eSocial-1.jpg","type":"image\/jpeg"}],"author":"Sidney Rocha","twitter_card":"summary_large_image","twitter_misc":{"Escrito por":"Sidney Rocha","Tempo estimado de leitura":"1 minuto"},"schema":{"@context":"https:\/\/schema.org","@graph":[{"@type":"Article","@id":"https:\/\/seconci.com.br\/site\/2021\/05\/31\/esocial-adia-prazo-para-envio-de-informacoes-de-sst-para-as-empresas\/#article","isPartOf":{"@id":"https:\/\/seconci.com.br\/site\/2021\/05\/31\/esocial-adia-prazo-para-envio-de-informacoes-de-sst-para-as-empresas\/"},"author":{"name":"Sidney Rocha","@id":"https:\/\/seconci.com.br\/site\/#\/schema\/person\/1d79afd97ddc8f2c68c1e88e298aa8e2"},"headline":"eSocial adia prazo para envio de informa\u00e7\u00f5es de SST para as empresas","datePublished":"2021-05-31T11:29:27+00:00","mainEntityOfPage":{"@id":"https:\/\/seconci.com.br\/site\/2021\/05\/31\/esocial-adia-prazo-para-envio-de-informacoes-de-sst-para-as-empresas\/"},"wordCount":310,"publisher":{"@id":"https:\/\/seconci.com.br\/site\/#organization"},"image":{"@id":"https:\/\/seconci.com.br\/site\/2021\/05\/31\/esocial-adia-prazo-para-envio-de-informacoes-de-sst-para-as-empresas\/#primaryimage"},"thumbnailUrl":"https:\/\/seconci.com.br\/site\/wp-content\/uploads\/2021\/05\/eSocial-1.jpg","articleSection":["Seconci Brasil"],"inLanguage":"pt-PT"},{"@type":"WebPage","@id":"https:\/\/seconci.com.br\/site\/2021\/05\/31\/esocial-adia-prazo-para-envio-de-informacoes-de-sst-para-as-empresas\/","url":"https:\/\/seconci.com.br\/site\/2021\/05\/31\/esocial-adia-prazo-para-envio-de-informacoes-de-sst-para-as-empresas\/","name":"eSocial adia prazo para envio de informa\u00e7\u00f5es de SST para as empresas - Seconci Brasil","isPartOf":{"@id":"https:\/\/seconci.com.br\/site\/#website"},"primaryImageOfPage":{"@id":"https:\/\/seconci.com.br\/site\/2021\/05\/31\/esocial-adia-prazo-para-envio-de-informacoes-de-sst-para-as-empresas\/#primaryimage"},"image":{"@id":"https:\/\/seconci.com.br\/site\/2021\/05\/31\/esocial-adia-prazo-para-envio-de-informacoes-de-sst-para-as-empresas\/#primaryimage"},"thumbnailUrl":"https:\/\/seconci.com.br\/site\/wp-content\/uploads\/2021\/05\/eSocial-1.jpg","datePublished":"2021-05-31T11:29:27+00:00","breadcrumb":{"@id":"https:\/\/seconci.com.br\/site\/2021\/05\/31\/esocial-adia-prazo-para-envio-de-informacoes-de-sst-para-as-empresas\/#breadcrumb"},"inLanguage":"pt-PT","potentialAction":[{"@type":"ReadAction","target":["https:\/\/seconci.com.br\/site\/2021\/05\/31\/esocial-adia-prazo-para-envio-de-informacoes-de-sst-para-as-empresas\/"]}]},{"@type":"ImageObject","inLanguage":"pt-PT","@id":"https:\/\/seconci.com.br\/site\/2021\/05\/31\/esocial-adia-prazo-para-envio-de-informacoes-de-sst-para-as-empresas\/#primaryimage","url":"https:\/\/seconci.com.br\/site\/wp-content\/uploads\/2021\/05\/eSocial-1.jpg","contentUrl":"https:\/\/seconci.com.br\/site\/wp-content\/uploads\/2021\/05\/eSocial-1.jpg","width":600,"height":310},{"@type":"BreadcrumbList","@id":"https:\/\/seconci.com.br\/site\/2021\/05\/31\/esocial-adia-prazo-para-envio-de-informacoes-de-sst-para-as-empresas\/#breadcrumb","itemListElement":[{"@type":"ListItem","position":1,"name":"In\u00edcio","item":"https:\/\/seconci.com.br\/site\/"},{"@type":"ListItem","position":2,"name":"eSocial adia prazo para envio de informa\u00e7\u00f5es de SST para as empresas"}]},{"@type":"WebSite","@id":"https:\/\/seconci.com.br\/site\/#website","url":"https:\/\/seconci.com.br\/site\/","name":"Seconci Brasil","description":"","publisher":{"@id":"https:\/\/seconci.com.br\/site\/#organization"},"potentialAction":[{"@type":"SearchAction","target":{"@type":"EntryPoint","urlTemplate":"https:\/\/seconci.com.br\/site\/?s={search_term_string}"},"query-input":{"@type":"PropertyValueSpecification","valueRequired":true,"valueName":"search_term_string"}}],"inLanguage":"pt-PT"},{"@type":"Organization","@id":"https:\/\/seconci.com.br\/site\/#organization","name":"Seconci Brasil","url":"https:\/\/seconci.com.br\/site\/","logo":{"@type":"ImageObject","inLanguage":"pt-PT","@id":"https:\/\/seconci.com.br\/site\/#\/schema\/logo\/image\/","url":"https:\/\/seconci.com.br\/site\/wp-content\/uploads\/2024\/08\/Logo-Seconci-Brasil-branca-2.png","contentUrl":"https:\/\/seconci.com.br\/site\/wp-content\/uploads\/2024\/08\/Logo-Seconci-Brasil-branca-2.png","width":1315,"height":598,"caption":"Seconci Brasil"},"image":{"@id":"https:\/\/seconci.com.br\/site\/#\/schema\/logo\/image\/"}},{"@type":"Person","@id":"https:\/\/seconci.com.br\/site\/#\/schema\/person\/1d79afd97ddc8f2c68c1e88e298aa8e2","name":"Sidney Rocha","description":"Comunicador e estagi\u00e1rio do Seconci Brasil.","url":"https:\/\/seconci.com.br\/site\/author\/sidney-rocha\/"}]}},"_links":{"self":[{"href":"https:\/\/seconci.com.br\/site\/wp-json\/wp\/v2\/posts\/10753","targetHints":{"allow":["GET"]}}],"collection":[{"href":"https:\/\/seconci.com.br\/site\/wp-json\/wp\/v2\/posts"}],"about":[{"href":"https:\/\/seconci.com.br\/site\/wp-json\/wp\/v2\/types\/post"}],"author":[{"embeddable":true,"href":"https:\/\/seconci.com.br\/site\/wp-json\/wp\/v2\/users\/3"}],"replies":[{"embeddable":true,"href":"https:\/\/seconci.com.br\/site\/wp-json\/wp\/v2\/comments?post=10753"}],"version-history":[{"count":0,"href":"https:\/\/seconci.com.br\/site\/wp-json\/wp\/v2\/posts\/10753\/revisions"}],"wp:featuredmedia":[{"embeddable":true,"href":"https:\/\/seconci.com.br\/site\/wp-json\/wp\/v2\/media\/10754"}],"wp:attachment":[{"href":"https:\/\/seconci.com.br\/site\/wp-json\/wp\/v2\/media?parent=10753"}],"wp:term":[{"taxonomy":"category","embeddable":true,"href":"https:\/\/seconci.com.br\/site\/wp-json\/wp\/v2\/categories?post=10753"},{"taxonomy":"post_tag","embeddable":true,"href":"https:\/\/seconci.com.br\/site\/wp-json\/wp\/v2\/tags?post=10753"}],"curies":[{"name":"wp","href":"https:\/\/api.w.org\/{rel}","templated":true}]}}