{"id":10838,"date":"2021-06-30T12:59:59","date_gmt":"2021-06-30T12:59:59","guid":{"rendered":"https:\/\/seconci.com.br\/site\/?p=10838"},"modified":"2021-06-30T13:05:13","modified_gmt":"2021-06-30T13:05:13","slug":"seconci-sp-alerta-milhares-de-pessoas-contrairam-hepatite-e-nao-sabem","status":"publish","type":"post","link":"https:\/\/seconci.com.br\/site\/2021\/06\/30\/seconci-sp-alerta-milhares-de-pessoas-contrairam-hepatite-e-nao-sabem\/","title":{"rendered":"Seconci-SP alerta: milhares de pessoas contra\u00edram hepatite e n\u00e3o sabem"},"content":{"rendered":"<p><em>Nove em cada dez pessoas que t\u00eam a doen\u00e7a ignoram este fato, segundo a OMS<\/em><\/p>\n<p>O Dia Mundial de Luta contra as Hepatites Virais (28 de julho) \u00e9 o ponto central da campanha do Julho Amarelo, que visa alertar a popula\u00e7\u00e3o sobre essa doen\u00e7a frequentemente assintom\u00e1tica. De acordo com a Organiza\u00e7\u00e3o Mundial de Sa\u00fade (OMS), as hepatites B e C afetam 325 milh\u00f5es de pessoas no mundo e, dessas, 290 milh\u00f5es desconhecem que t\u00eam a doen\u00e7a, ou seja 9 em cada 10. \u201cEsses n\u00fameros s\u00e3o alarmantes, considerando que a hepatite \u00e9 evit\u00e1vel, trat\u00e1vel e tem cura\u201d, afirma o dr. Moacir Augusto Dias, gastroenterologista do Seconci-SP (Servi\u00e7o Social da Constru\u00e7\u00e3o).<\/p>\n<p>Antes da pandemia da Covid-19, a hepatite era a segunda causa de morte entre as doen\u00e7as infecciosas, com a tuberculose em primeiro lugar. \u201cO termo hepatite refere-se a uma inflama\u00e7\u00e3o do f\u00edgado, que pode ser provocada por v\u00edrus, consumo abusivo de \u00e1lcool, drogas e medicamentos; al\u00e9m de causas gen\u00e9ticas, metab\u00f3licas e por doen\u00e7as autoimunes\u201d, explica o m\u00e9dico.<\/p>\n<p>A transmiss\u00e3o da hepatite A e E est\u00e1 muito relacionada a condi\u00e7\u00f5es inadequadas de saneamento b\u00e1sico, pois \u00e9 decorrente da ingest\u00e3o de alimentos e \u00e1gua contaminada por fezes de pessoa com hepatite. \u201cOs tipos B, C e D ocorrem pela troca de fluidos corporais, como no contato sexual e de sangue, pelo compartilhamento de alicates de unha, l\u00e2minas de barbear e agulhas, caso das tatuagens, piercings e drogas injet\u00e1veis. Al\u00e9m da transmiss\u00e3o materno-fetal. As hepatites A e B s\u00e3o as \u00fanicas para as quais existem vacinas. Como a hepatite D necessita do v\u00edrus da B para se desenvolver, a vacina contra a hepatite B acaba por tamb\u00e9m proteger contra o tipo D\u201d.<\/p>\n<p><strong>Principais sintomas<\/strong><\/p>\n<p>Os sintomas das hepatites s\u00e3o cansa\u00e7o, febre, mal-estar, tonturas, enjoo, v\u00f4mito, dor na parte superior do abd\u00f4men, na regi\u00e3o do f\u00edgado; urina escura e fezes claras, como massa de vidro. O sinal mais caracter\u00edstico \u00e9 a icter\u00edcia, que corresponde \u00e0 colora\u00e7\u00e3o amarelada dos olhos e da pele. \u201cA quest\u00e3o \u00e9 que algumas pessoas n\u00e3o apresentam esse quadro e s\u00e3o designadas como anict\u00e9ricas, ou seja, n\u00e3o desenvolvem esse \u2018amarel\u00e3o\u2019. Da\u00ed convivem com a hepatite sem saber\u201d, destaca o dr. Dias. Segundo o Minist\u00e9rio da Sa\u00fade, este \u00e9 o caso de mais de 500 mil pessoas no Brasil contaminadas pela hepatite C e que desconhecem essa condi\u00e7\u00e3o.<\/p>\n<p>Em alguns casos, como nas hepatites A e E, a cura pode ser espont\u00e2nea, sem necessidade de medica\u00e7\u00e3o. O Seconci-SP realiza os testes para detectar a doen\u00e7a. Uma vez confirmada, a notifica\u00e7\u00e3o \u00e9 compuls\u00f3ria e o paciente encaminhado para um dos Centros Estaduais de Refer\u00eancia para Tratamento de Hepatite, onde ser\u00e3o feitos outros exames, como o da carga viral e distribu\u00eddos os medicamentos gratuitamente.<\/p>\n<p>\u201cA complica\u00e7\u00e3o mais temida da hepatite \u00e9 se tornar cr\u00f4nica ou se apresentar na forma fulminante. Os tipos B e C podem ainda evoluir para cirrose e c\u00e2ncer no f\u00edgado. Nos exames de rotina, como os peri\u00f3dicos, por exemplo, pode-se incluir o exame de sangue para detectar se a pessoa teve ou tem hepatite. Diante do resultado, o m\u00e9dico pode tomar a conduta adequada para tentar evitar que a doen\u00e7a traga consequ\u00eancias indesejadas\u201d, destaca o dr. Dias.\u200b<\/p>\n<p><em>Por Sinduscon-SP<\/em><\/p>\n","protected":false},"excerpt":{"rendered":"<p>Nove em cada dez pessoas que t\u00eam a doen\u00e7a ignoram este fato, segundo a OMS O Dia Mundial de Luta contra as Hepatites Virais (28 de julho) \u00e9 o ponto central da campanha do Julho Amarelo, que visa alertar a popula\u00e7\u00e3o sobre essa doen\u00e7a frequentemente assintom\u00e1tica. De acordo com a Organiza\u00e7\u00e3o Mundial de Sa\u00fade (OMS), [&hellip;]<\/p>\n","protected":false},"author":3,"featured_media":10840,"comment_status":"closed","ping_status":"closed","sticky":false,"template":"","format":"standard","meta":{"footnotes":""},"categories":[87],"tags":[],"class_list":["post-10838","post","type-post","status-publish","format-standard","has-post-thumbnail","hentry","category-seconci-sao-paulo"],"yoast_head":"<!-- This site is optimized with the Yoast SEO plugin v26.9 - https:\/\/yoast.com\/product\/yoast-seo-wordpress\/ -->\n<title>Seconci-SP alerta: milhares de pessoas contra\u00edram hepatite e n\u00e3o sabem - Seconci Brasil<\/title>\n<meta name=\"robots\" content=\"index, follow, max-snippet:-1, max-image-preview:large, max-video-preview:-1\" \/>\n<link rel=\"canonical\" href=\"https:\/\/seconci.com.br\/site\/2021\/06\/30\/seconci-sp-alerta-milhares-de-pessoas-contrairam-hepatite-e-nao-sabem\/\" \/>\n<meta property=\"og:locale\" content=\"pt_PT\" \/>\n<meta property=\"og:type\" content=\"article\" \/>\n<meta property=\"og:title\" content=\"Seconci-SP alerta: milhares de pessoas contra\u00edram hepatite e n\u00e3o sabem - Seconci Brasil\" \/>\n<meta property=\"og:description\" content=\"Nove em cada dez pessoas que t\u00eam a doen\u00e7a ignoram este fato, segundo a OMS O Dia Mundial de Luta contra as Hepatites Virais (28 de julho) \u00e9 o ponto central da campanha do Julho Amarelo, que visa alertar a popula\u00e7\u00e3o sobre essa doen\u00e7a frequentemente assintom\u00e1tica. De acordo com a Organiza\u00e7\u00e3o Mundial de Sa\u00fade (OMS), [&hellip;]\" \/>\n<meta property=\"og:url\" content=\"https:\/\/seconci.com.br\/site\/2021\/06\/30\/seconci-sp-alerta-milhares-de-pessoas-contrairam-hepatite-e-nao-sabem\/\" \/>\n<meta property=\"og:site_name\" content=\"Seconci Brasil\" \/>\n<meta property=\"article:published_time\" content=\"2021-06-30T12:59:59+00:00\" \/>\n<meta property=\"article:modified_time\" content=\"2021-06-30T13:05:13+00:00\" \/>\n<meta property=\"og:image\" content=\"https:\/\/seconci.com.br\/site\/wp-content\/uploads\/2021\/06\/5454980.jpg\" \/>\n\t<meta property=\"og:image:width\" content=\"2000\" \/>\n\t<meta property=\"og:image:height\" content=\"2000\" \/>\n\t<meta property=\"og:image:type\" content=\"image\/jpeg\" \/>\n<meta name=\"author\" content=\"Sidney Rocha\" \/>\n<meta name=\"twitter:card\" content=\"summary_large_image\" \/>\n<meta name=\"twitter:label1\" content=\"Escrito por\" \/>\n\t<meta name=\"twitter:data1\" content=\"Sidney Rocha\" \/>\n\t<meta name=\"twitter:label2\" content=\"Tempo estimado de leitura\" \/>\n\t<meta name=\"twitter:data2\" content=\"3 minutos\" \/>\n<script type=\"application\/ld+json\" class=\"yoast-schema-graph\">{\"@context\":\"https:\/\/schema.org\",\"@graph\":[{\"@type\":\"Article\",\"@id\":\"https:\/\/seconci.com.br\/site\/2021\/06\/30\/seconci-sp-alerta-milhares-de-pessoas-contrairam-hepatite-e-nao-sabem\/#article\",\"isPartOf\":{\"@id\":\"https:\/\/seconci.com.br\/site\/2021\/06\/30\/seconci-sp-alerta-milhares-de-pessoas-contrairam-hepatite-e-nao-sabem\/\"},\"author\":{\"name\":\"Sidney Rocha\",\"@id\":\"https:\/\/seconci.com.br\/site\/#\/schema\/person\/1d79afd97ddc8f2c68c1e88e298aa8e2\"},\"headline\":\"Seconci-SP alerta: milhares de pessoas contra\u00edram hepatite e n\u00e3o sabem\",\"datePublished\":\"2021-06-30T12:59:59+00:00\",\"dateModified\":\"2021-06-30T13:05:13+00:00\",\"mainEntityOfPage\":{\"@id\":\"https:\/\/seconci.com.br\/site\/2021\/06\/30\/seconci-sp-alerta-milhares-de-pessoas-contrairam-hepatite-e-nao-sabem\/\"},\"wordCount\":596,\"publisher\":{\"@id\":\"https:\/\/seconci.com.br\/site\/#organization\"},\"image\":{\"@id\":\"https:\/\/seconci.com.br\/site\/2021\/06\/30\/seconci-sp-alerta-milhares-de-pessoas-contrairam-hepatite-e-nao-sabem\/#primaryimage\"},\"thumbnailUrl\":\"https:\/\/seconci.com.br\/site\/wp-content\/uploads\/2021\/06\/5454980.jpg\",\"articleSection\":[\"Seconci S\u00e3o Paulo\"],\"inLanguage\":\"pt-PT\"},{\"@type\":\"WebPage\",\"@id\":\"https:\/\/seconci.com.br\/site\/2021\/06\/30\/seconci-sp-alerta-milhares-de-pessoas-contrairam-hepatite-e-nao-sabem\/\",\"url\":\"https:\/\/seconci.com.br\/site\/2021\/06\/30\/seconci-sp-alerta-milhares-de-pessoas-contrairam-hepatite-e-nao-sabem\/\",\"name\":\"Seconci-SP alerta: milhares de pessoas contra\u00edram hepatite e n\u00e3o sabem - Seconci Brasil\",\"isPartOf\":{\"@id\":\"https:\/\/seconci.com.br\/site\/#website\"},\"primaryImageOfPage\":{\"@id\":\"https:\/\/seconci.com.br\/site\/2021\/06\/30\/seconci-sp-alerta-milhares-de-pessoas-contrairam-hepatite-e-nao-sabem\/#primaryimage\"},\"image\":{\"@id\":\"https:\/\/seconci.com.br\/site\/2021\/06\/30\/seconci-sp-alerta-milhares-de-pessoas-contrairam-hepatite-e-nao-sabem\/#primaryimage\"},\"thumbnailUrl\":\"https:\/\/seconci.com.br\/site\/wp-content\/uploads\/2021\/06\/5454980.jpg\",\"datePublished\":\"2021-06-30T12:59:59+00:00\",\"dateModified\":\"2021-06-30T13:05:13+00:00\",\"breadcrumb\":{\"@id\":\"https:\/\/seconci.com.br\/site\/2021\/06\/30\/seconci-sp-alerta-milhares-de-pessoas-contrairam-hepatite-e-nao-sabem\/#breadcrumb\"},\"inLanguage\":\"pt-PT\",\"potentialAction\":[{\"@type\":\"ReadAction\",\"target\":[\"https:\/\/seconci.com.br\/site\/2021\/06\/30\/seconci-sp-alerta-milhares-de-pessoas-contrairam-hepatite-e-nao-sabem\/\"]}]},{\"@type\":\"ImageObject\",\"inLanguage\":\"pt-PT\",\"@id\":\"https:\/\/seconci.com.br\/site\/2021\/06\/30\/seconci-sp-alerta-milhares-de-pessoas-contrairam-hepatite-e-nao-sabem\/#primaryimage\",\"url\":\"https:\/\/seconci.com.br\/site\/wp-content\/uploads\/2021\/06\/5454980.jpg\",\"contentUrl\":\"https:\/\/seconci.com.br\/site\/wp-content\/uploads\/2021\/06\/5454980.jpg\",\"width\":2000,\"height\":2000},{\"@type\":\"BreadcrumbList\",\"@id\":\"https:\/\/seconci.com.br\/site\/2021\/06\/30\/seconci-sp-alerta-milhares-de-pessoas-contrairam-hepatite-e-nao-sabem\/#breadcrumb\",\"itemListElement\":[{\"@type\":\"ListItem\",\"position\":1,\"name\":\"In\u00edcio\",\"item\":\"https:\/\/seconci.com.br\/site\/\"},{\"@type\":\"ListItem\",\"position\":2,\"name\":\"Seconci-SP alerta: milhares de pessoas contra\u00edram hepatite e n\u00e3o sabem\"}]},{\"@type\":\"WebSite\",\"@id\":\"https:\/\/seconci.com.br\/site\/#website\",\"url\":\"https:\/\/seconci.com.br\/site\/\",\"name\":\"Seconci Brasil\",\"description\":\"\",\"publisher\":{\"@id\":\"https:\/\/seconci.com.br\/site\/#organization\"},\"potentialAction\":[{\"@type\":\"SearchAction\",\"target\":{\"@type\":\"EntryPoint\",\"urlTemplate\":\"https:\/\/seconci.com.br\/site\/?s={search_term_string}\"},\"query-input\":{\"@type\":\"PropertyValueSpecification\",\"valueRequired\":true,\"valueName\":\"search_term_string\"}}],\"inLanguage\":\"pt-PT\"},{\"@type\":\"Organization\",\"@id\":\"https:\/\/seconci.com.br\/site\/#organization\",\"name\":\"Seconci Brasil\",\"url\":\"https:\/\/seconci.com.br\/site\/\",\"logo\":{\"@type\":\"ImageObject\",\"inLanguage\":\"pt-PT\",\"@id\":\"https:\/\/seconci.com.br\/site\/#\/schema\/logo\/image\/\",\"url\":\"https:\/\/seconci.com.br\/site\/wp-content\/uploads\/2024\/08\/Logo-Seconci-Brasil-branca-2.png\",\"contentUrl\":\"https:\/\/seconci.com.br\/site\/wp-content\/uploads\/2024\/08\/Logo-Seconci-Brasil-branca-2.png\",\"width\":1315,\"height\":598,\"caption\":\"Seconci Brasil\"},\"image\":{\"@id\":\"https:\/\/seconci.com.br\/site\/#\/schema\/logo\/image\/\"}},{\"@type\":\"Person\",\"@id\":\"https:\/\/seconci.com.br\/site\/#\/schema\/person\/1d79afd97ddc8f2c68c1e88e298aa8e2\",\"name\":\"Sidney Rocha\",\"description\":\"Comunicador e estagi\u00e1rio do Seconci Brasil.\",\"url\":\"https:\/\/seconci.com.br\/site\/author\/sidney-rocha\/\"}]}<\/script>\n<!-- \/ Yoast SEO plugin. -->","yoast_head_json":{"title":"Seconci-SP alerta: milhares de pessoas contra\u00edram hepatite e n\u00e3o sabem - Seconci Brasil","robots":{"index":"index","follow":"follow","max-snippet":"max-snippet:-1","max-image-preview":"max-image-preview:large","max-video-preview":"max-video-preview:-1"},"canonical":"https:\/\/seconci.com.br\/site\/2021\/06\/30\/seconci-sp-alerta-milhares-de-pessoas-contrairam-hepatite-e-nao-sabem\/","og_locale":"pt_PT","og_type":"article","og_title":"Seconci-SP alerta: milhares de pessoas contra\u00edram hepatite e n\u00e3o sabem - Seconci Brasil","og_description":"Nove em cada dez pessoas que t\u00eam a doen\u00e7a ignoram este fato, segundo a OMS O Dia Mundial de Luta contra as Hepatites Virais (28 de julho) \u00e9 o ponto central da campanha do Julho Amarelo, que visa alertar a popula\u00e7\u00e3o sobre essa doen\u00e7a frequentemente assintom\u00e1tica. De acordo com a Organiza\u00e7\u00e3o Mundial de Sa\u00fade (OMS), [&hellip;]","og_url":"https:\/\/seconci.com.br\/site\/2021\/06\/30\/seconci-sp-alerta-milhares-de-pessoas-contrairam-hepatite-e-nao-sabem\/","og_site_name":"Seconci Brasil","article_published_time":"2021-06-30T12:59:59+00:00","article_modified_time":"2021-06-30T13:05:13+00:00","og_image":[{"width":2000,"height":2000,"url":"https:\/\/seconci.com.br\/site\/wp-content\/uploads\/2021\/06\/5454980.jpg","type":"image\/jpeg"}],"author":"Sidney Rocha","twitter_card":"summary_large_image","twitter_misc":{"Escrito por":"Sidney Rocha","Tempo estimado de leitura":"3 minutos"},"schema":{"@context":"https:\/\/schema.org","@graph":[{"@type":"Article","@id":"https:\/\/seconci.com.br\/site\/2021\/06\/30\/seconci-sp-alerta-milhares-de-pessoas-contrairam-hepatite-e-nao-sabem\/#article","isPartOf":{"@id":"https:\/\/seconci.com.br\/site\/2021\/06\/30\/seconci-sp-alerta-milhares-de-pessoas-contrairam-hepatite-e-nao-sabem\/"},"author":{"name":"Sidney Rocha","@id":"https:\/\/seconci.com.br\/site\/#\/schema\/person\/1d79afd97ddc8f2c68c1e88e298aa8e2"},"headline":"Seconci-SP alerta: milhares de pessoas contra\u00edram hepatite e n\u00e3o sabem","datePublished":"2021-06-30T12:59:59+00:00","dateModified":"2021-06-30T13:05:13+00:00","mainEntityOfPage":{"@id":"https:\/\/seconci.com.br\/site\/2021\/06\/30\/seconci-sp-alerta-milhares-de-pessoas-contrairam-hepatite-e-nao-sabem\/"},"wordCount":596,"publisher":{"@id":"https:\/\/seconci.com.br\/site\/#organization"},"image":{"@id":"https:\/\/seconci.com.br\/site\/2021\/06\/30\/seconci-sp-alerta-milhares-de-pessoas-contrairam-hepatite-e-nao-sabem\/#primaryimage"},"thumbnailUrl":"https:\/\/seconci.com.br\/site\/wp-content\/uploads\/2021\/06\/5454980.jpg","articleSection":["Seconci S\u00e3o Paulo"],"inLanguage":"pt-PT"},{"@type":"WebPage","@id":"https:\/\/seconci.com.br\/site\/2021\/06\/30\/seconci-sp-alerta-milhares-de-pessoas-contrairam-hepatite-e-nao-sabem\/","url":"https:\/\/seconci.com.br\/site\/2021\/06\/30\/seconci-sp-alerta-milhares-de-pessoas-contrairam-hepatite-e-nao-sabem\/","name":"Seconci-SP alerta: milhares de pessoas contra\u00edram hepatite e n\u00e3o sabem - Seconci Brasil","isPartOf":{"@id":"https:\/\/seconci.com.br\/site\/#website"},"primaryImageOfPage":{"@id":"https:\/\/seconci.com.br\/site\/2021\/06\/30\/seconci-sp-alerta-milhares-de-pessoas-contrairam-hepatite-e-nao-sabem\/#primaryimage"},"image":{"@id":"https:\/\/seconci.com.br\/site\/2021\/06\/30\/seconci-sp-alerta-milhares-de-pessoas-contrairam-hepatite-e-nao-sabem\/#primaryimage"},"thumbnailUrl":"https:\/\/seconci.com.br\/site\/wp-content\/uploads\/2021\/06\/5454980.jpg","datePublished":"2021-06-30T12:59:59+00:00","dateModified":"2021-06-30T13:05:13+00:00","breadcrumb":{"@id":"https:\/\/seconci.com.br\/site\/2021\/06\/30\/seconci-sp-alerta-milhares-de-pessoas-contrairam-hepatite-e-nao-sabem\/#breadcrumb"},"inLanguage":"pt-PT","potentialAction":[{"@type":"ReadAction","target":["https:\/\/seconci.com.br\/site\/2021\/06\/30\/seconci-sp-alerta-milhares-de-pessoas-contrairam-hepatite-e-nao-sabem\/"]}]},{"@type":"ImageObject","inLanguage":"pt-PT","@id":"https:\/\/seconci.com.br\/site\/2021\/06\/30\/seconci-sp-alerta-milhares-de-pessoas-contrairam-hepatite-e-nao-sabem\/#primaryimage","url":"https:\/\/seconci.com.br\/site\/wp-content\/uploads\/2021\/06\/5454980.jpg","contentUrl":"https:\/\/seconci.com.br\/site\/wp-content\/uploads\/2021\/06\/5454980.jpg","width":2000,"height":2000},{"@type":"BreadcrumbList","@id":"https:\/\/seconci.com.br\/site\/2021\/06\/30\/seconci-sp-alerta-milhares-de-pessoas-contrairam-hepatite-e-nao-sabem\/#breadcrumb","itemListElement":[{"@type":"ListItem","position":1,"name":"In\u00edcio","item":"https:\/\/seconci.com.br\/site\/"},{"@type":"ListItem","position":2,"name":"Seconci-SP alerta: milhares de pessoas contra\u00edram hepatite e n\u00e3o sabem"}]},{"@type":"WebSite","@id":"https:\/\/seconci.com.br\/site\/#website","url":"https:\/\/seconci.com.br\/site\/","name":"Seconci Brasil","description":"","publisher":{"@id":"https:\/\/seconci.com.br\/site\/#organization"},"potentialAction":[{"@type":"SearchAction","target":{"@type":"EntryPoint","urlTemplate":"https:\/\/seconci.com.br\/site\/?s={search_term_string}"},"query-input":{"@type":"PropertyValueSpecification","valueRequired":true,"valueName":"search_term_string"}}],"inLanguage":"pt-PT"},{"@type":"Organization","@id":"https:\/\/seconci.com.br\/site\/#organization","name":"Seconci Brasil","url":"https:\/\/seconci.com.br\/site\/","logo":{"@type":"ImageObject","inLanguage":"pt-PT","@id":"https:\/\/seconci.com.br\/site\/#\/schema\/logo\/image\/","url":"https:\/\/seconci.com.br\/site\/wp-content\/uploads\/2024\/08\/Logo-Seconci-Brasil-branca-2.png","contentUrl":"https:\/\/seconci.com.br\/site\/wp-content\/uploads\/2024\/08\/Logo-Seconci-Brasil-branca-2.png","width":1315,"height":598,"caption":"Seconci Brasil"},"image":{"@id":"https:\/\/seconci.com.br\/site\/#\/schema\/logo\/image\/"}},{"@type":"Person","@id":"https:\/\/seconci.com.br\/site\/#\/schema\/person\/1d79afd97ddc8f2c68c1e88e298aa8e2","name":"Sidney Rocha","description":"Comunicador e estagi\u00e1rio do Seconci Brasil.","url":"https:\/\/seconci.com.br\/site\/author\/sidney-rocha\/"}]}},"_links":{"self":[{"href":"https:\/\/seconci.com.br\/site\/wp-json\/wp\/v2\/posts\/10838","targetHints":{"allow":["GET"]}}],"collection":[{"href":"https:\/\/seconci.com.br\/site\/wp-json\/wp\/v2\/posts"}],"about":[{"href":"https:\/\/seconci.com.br\/site\/wp-json\/wp\/v2\/types\/post"}],"author":[{"embeddable":true,"href":"https:\/\/seconci.com.br\/site\/wp-json\/wp\/v2\/users\/3"}],"replies":[{"embeddable":true,"href":"https:\/\/seconci.com.br\/site\/wp-json\/wp\/v2\/comments?post=10838"}],"version-history":[{"count":0,"href":"https:\/\/seconci.com.br\/site\/wp-json\/wp\/v2\/posts\/10838\/revisions"}],"wp:featuredmedia":[{"embeddable":true,"href":"https:\/\/seconci.com.br\/site\/wp-json\/wp\/v2\/media\/10840"}],"wp:attachment":[{"href":"https:\/\/seconci.com.br\/site\/wp-json\/wp\/v2\/media?parent=10838"}],"wp:term":[{"taxonomy":"category","embeddable":true,"href":"https:\/\/seconci.com.br\/site\/wp-json\/wp\/v2\/categories?post=10838"},{"taxonomy":"post_tag","embeddable":true,"href":"https:\/\/seconci.com.br\/site\/wp-json\/wp\/v2\/tags?post=10838"}],"curies":[{"name":"wp","href":"https:\/\/api.w.org\/{rel}","templated":true}]}}