{"id":10851,"date":"2021-07-05T12:41:13","date_gmt":"2021-07-05T12:41:13","guid":{"rendered":"https:\/\/seconci.com.br\/site\/?p=10851"},"modified":"2021-07-05T12:41:13","modified_gmt":"2021-07-05T12:41:13","slug":"construcao-contra-o-coronavirus-comemora-avanco-na-imunizacao","status":"publish","type":"post","link":"https:\/\/seconci.com.br\/site\/2021\/07\/05\/construcao-contra-o-coronavirus-comemora-avanco-na-imunizacao\/","title":{"rendered":"Constru\u00e7\u00e3o contra o coronav\u00edrus comemora avan\u00e7o na imuniza\u00e7\u00e3o"},"content":{"rendered":"<p>Com quase quatro d\u00e9cadas de atua\u00e7\u00e3o em Goi\u00e2nia, a Consciente Construtora \u00e9 uma das principais empresas do setor da constru\u00e7\u00e3o civil do estado de Goi\u00e1s e, desde 2020, tem adotado importantes medidas para evitar a prolifera\u00e7\u00e3o do novo coronav\u00edrus junto aos seus mais de 400 trabalhadores, na linha da campanha \u201c<strong>Constru\u00e7\u00e3o Contra o Coronav\u00edrus \u2013 N\u00e3o vamos baixar a guarda\u2019<\/strong>, iniciativa da C\u00e2mara Brasileira da Ind\u00fastria da Constru\u00e7\u00e3o (CBIC).<\/p>\n<p>Para Erly Marques C\u00e2ndido, engenheiro de Seguran\u00e7a no Trabalho e respons\u00e1vel pela fiscaliza\u00e7\u00e3o do cumprimento das medidas de enfrentamento de emerg\u00eancia \u00e0 Covid 19 na construtora, o avan\u00e7o da vacina\u00e7\u00e3o no estado de Goi\u00e1s e a vigil\u00e2ncia constante nos canteiros traz a esperan\u00e7a de dias melhores.<\/p>\n<p>Nesse per\u00edodo foram aplicadas a\u00e7\u00f5es baseadas na preven\u00e7\u00e3o da Covid-19, tanto nas obras dos empreendimentos World Trade Center Goi\u00e2nia, no Setor Marista, quanto no do Gaia Consciente Home, no Setor Bueno. Foram distribu\u00eddas seis m\u00e1scaras para cada um dos seus funcion\u00e1rios.<\/p>\n<p>\u201cDos 45 casos registrados desde o in\u00edcio da pandemia, felizmente todos tiveram boa recupera\u00e7\u00e3o e nenhum precisou ser hospitalizado\u201d, destaca Erly C\u00e2ndido.<\/p>\n<p>\u201cJ\u00e1 temos 86 trabalhadores vacinados at\u00e9 o momento, o que d\u00e1 uma seguran\u00e7a e uma tranquilidade ainda maior, al\u00e9m dos j\u00e1 agendados\u201d, comemora.<\/p>\n<p><img decoding=\"async\" class=\"aligncenter wp-image-66055 size-large\" src=\"https:\/\/cbic.org.br\/wp-content\/uploads\/2021\/07\/covid-construtora-consciente-2-1-1024x572.jpeg\" alt=\"\" \/>Dentre as a\u00e7\u00f5es praticadas no canteiro do WTC, destaque para:<\/p>\n<ul>\n<li>Controle de distanciamento na entrada \/ Uso de m\u00e1scara de pano fornecido pela empresa<\/li>\n<li>Aferi\u00e7\u00e3o da temperatura na entrada com registro em formul\u00e1rio<\/li>\n<li>Higieniza\u00e7\u00e3o das m\u00e3os na entrada da obra<\/li>\n<li>Controle de distanciamento no hor\u00e1rio do almo\u00e7o, com demarca\u00e7\u00e3o no piso<\/li>\n<li>Controle de distanciamento na entrada do vesti\u00e1rio<\/li>\n<li><em>Dispenser<\/em>\u00a0\u00e1lcool em gel no sanit\u00e1rio<\/li>\n<li><em>Dispenser<\/em>\u00a0\u00e1lcool em gel serra circular subsolo 3<\/li>\n<li>Ponto de lavat\u00f3rio \/ Almoxarifado<\/li>\n<li><em>Dispenser<\/em>\u00a0\u00e1lcool em gel no almoxarifado<\/li>\n<li><em>Dispenser<\/em>\u00a0\u00e1lcool em gel no refeit\u00f3rio<\/li>\n<li>Ventilador no Vesti\u00e1rio\/Placa informa\u00e7\u00e3o<\/li>\n<li>Ventilador no Sanit\u00e1rios<\/li>\n<li>Ventilador no Chuveiros<\/li>\n<li>Ponto de higieniza\u00e7\u00e3o na entrada\/sanit\u00e1rio<\/li>\n<li>Ventilador no refeit\u00f3rio\/5 unidades<\/li>\n<li>Divis\u00f3ria nas mesas do refeit\u00f3rio<\/li>\n<li>Ponto de higieniza\u00e7\u00e3o no T\u00e9rreo\/Escolinha<\/li>\n<li>Ponto de higieniza\u00e7\u00e3o no 3\u00ba pavimento<\/li>\n<li><em>Dispenser<\/em>\u00a0de \u00e1lcool em gel \/ Serra do 1\u00ba pavimento<\/li>\n<li><em>Dispenser<\/em>\u00a0de \u00e1lcool no \u00faltimo pavimento (7\u00ba)<\/li>\n<li><em>Dispenser<\/em>\u00a0de \u00e1lcool nas cremalheiras<\/li>\n<\/ul>\n<p>\u201cTodo o trabalho \u00e9 realizado para dar a seguran\u00e7a necess\u00e1ria para evitar que trabalhadores sejam contaminados com o novo coronav\u00edrus e possam executar suas atividades com tranquilidade nos canteiros de obra\u201d, frisa o engenheiro de SST.<\/p>\n<p>Essa mat\u00e9ria integra o\u00a0<strong>Mapeamento de Boas Pr\u00e1ticas em Responsabilidade Social<\/strong>\u00a0no setor da constru\u00e7\u00e3o durante a pandemia do coronav\u00edrus dentro do\u00a0<strong>\u201cProjeto Responsabilidade Social e a Valoriza\u00e7\u00e3o do Trabalhador\u201d<\/strong>, realizado pela Comiss\u00e3o de Responsabilidade Social (CRS) da CBIC, em correaliza\u00e7\u00e3o com Servi\u00e7o Social a Ind\u00fastria (Sesi Nacional).<\/p>\n<p>A campanha \u201c<strong>Constru\u00e7\u00e3o Contra o Coronav\u00edrus \u2013 N\u00e3o vamos baixar a guarda\u2019<\/strong>\u00a0faz parte do projeto\u00a0<strong>\u2018Elabora\u00e7\u00e3o e atualiza\u00e7\u00e3o de materiais orientativos para a ind\u00fastria da constru\u00e7\u00e3o\u2019<\/strong>, da CPRT\/CBIC, em correaliza\u00e7\u00e3o com o Sesi Nacional.<\/p>\n<p>Fonte: Ag\u00eancia CBIC<\/p>\n","protected":false},"excerpt":{"rendered":"<p>Com quase quatro d\u00e9cadas de atua\u00e7\u00e3o em Goi\u00e2nia, a Consciente Construtora \u00e9 uma das principais empresas do setor da constru\u00e7\u00e3o civil do estado de Goi\u00e1s e, desde 2020, tem adotado importantes medidas para evitar a prolifera\u00e7\u00e3o do novo coronav\u00edrus junto aos seus mais de 400 trabalhadores, na linha da campanha \u201cConstru\u00e7\u00e3o Contra o Coronav\u00edrus \u2013 [&hellip;]<\/p>\n","protected":false},"author":3,"featured_media":10852,"comment_status":"closed","ping_status":"closed","sticky":false,"template":"","format":"standard","meta":{"footnotes":""},"categories":[92],"tags":[],"class_list":["post-10851","post","type-post","status-publish","format-standard","has-post-thumbnail","hentry","category-seconci-brasil"],"yoast_head":"<!-- This site is optimized with the Yoast SEO plugin v26.9 - https:\/\/yoast.com\/product\/yoast-seo-wordpress\/ -->\n<title>Constru\u00e7\u00e3o contra o coronav\u00edrus comemora avan\u00e7o na imuniza\u00e7\u00e3o - Seconci Brasil<\/title>\n<meta name=\"robots\" content=\"index, follow, max-snippet:-1, max-image-preview:large, max-video-preview:-1\" \/>\n<link rel=\"canonical\" href=\"https:\/\/seconci.com.br\/site\/2021\/07\/05\/construcao-contra-o-coronavirus-comemora-avanco-na-imunizacao\/\" \/>\n<meta property=\"og:locale\" content=\"pt_PT\" \/>\n<meta property=\"og:type\" content=\"article\" \/>\n<meta property=\"og:title\" content=\"Constru\u00e7\u00e3o contra o coronav\u00edrus comemora avan\u00e7o na imuniza\u00e7\u00e3o - Seconci Brasil\" \/>\n<meta property=\"og:description\" content=\"Com quase quatro d\u00e9cadas de atua\u00e7\u00e3o em Goi\u00e2nia, a Consciente Construtora \u00e9 uma das principais empresas do setor da constru\u00e7\u00e3o civil do estado de Goi\u00e1s e, desde 2020, tem adotado importantes medidas para evitar a prolifera\u00e7\u00e3o do novo coronav\u00edrus junto aos seus mais de 400 trabalhadores, na linha da campanha \u201cConstru\u00e7\u00e3o Contra o Coronav\u00edrus \u2013 [&hellip;]\" \/>\n<meta property=\"og:url\" content=\"https:\/\/seconci.com.br\/site\/2021\/07\/05\/construcao-contra-o-coronavirus-comemora-avanco-na-imunizacao\/\" \/>\n<meta property=\"og:site_name\" content=\"Seconci Brasil\" \/>\n<meta property=\"article:published_time\" content=\"2021-07-05T12:41:13+00:00\" \/>\n<meta property=\"og:image\" content=\"https:\/\/seconci.com.br\/site\/wp-content\/uploads\/2021\/07\/covid-construtora-consciente-1.jpeg\" \/>\n\t<meta property=\"og:image:width\" content=\"1280\" \/>\n\t<meta property=\"og:image:height\" content=\"749\" \/>\n\t<meta property=\"og:image:type\" content=\"image\/jpeg\" \/>\n<meta name=\"author\" content=\"Sidney Rocha\" \/>\n<meta name=\"twitter:card\" content=\"summary_large_image\" \/>\n<meta name=\"twitter:label1\" content=\"Escrito por\" \/>\n\t<meta name=\"twitter:data1\" content=\"Sidney Rocha\" \/>\n\t<meta name=\"twitter:label2\" content=\"Tempo estimado de leitura\" \/>\n\t<meta name=\"twitter:data2\" content=\"3 minutos\" \/>\n<script type=\"application\/ld+json\" class=\"yoast-schema-graph\">{\"@context\":\"https:\/\/schema.org\",\"@graph\":[{\"@type\":\"Article\",\"@id\":\"https:\/\/seconci.com.br\/site\/2021\/07\/05\/construcao-contra-o-coronavirus-comemora-avanco-na-imunizacao\/#article\",\"isPartOf\":{\"@id\":\"https:\/\/seconci.com.br\/site\/2021\/07\/05\/construcao-contra-o-coronavirus-comemora-avanco-na-imunizacao\/\"},\"author\":{\"name\":\"Sidney Rocha\",\"@id\":\"https:\/\/seconci.com.br\/site\/#\/schema\/person\/1d79afd97ddc8f2c68c1e88e298aa8e2\"},\"headline\":\"Constru\u00e7\u00e3o contra o coronav\u00edrus comemora avan\u00e7o na imuniza\u00e7\u00e3o\",\"datePublished\":\"2021-07-05T12:41:13+00:00\",\"mainEntityOfPage\":{\"@id\":\"https:\/\/seconci.com.br\/site\/2021\/07\/05\/construcao-contra-o-coronavirus-comemora-avanco-na-imunizacao\/\"},\"wordCount\":548,\"publisher\":{\"@id\":\"https:\/\/seconci.com.br\/site\/#organization\"},\"image\":{\"@id\":\"https:\/\/seconci.com.br\/site\/2021\/07\/05\/construcao-contra-o-coronavirus-comemora-avanco-na-imunizacao\/#primaryimage\"},\"thumbnailUrl\":\"https:\/\/seconci.com.br\/site\/wp-content\/uploads\/2021\/07\/covid-construtora-consciente-1.jpeg\",\"articleSection\":[\"Seconci Brasil\"],\"inLanguage\":\"pt-PT\"},{\"@type\":\"WebPage\",\"@id\":\"https:\/\/seconci.com.br\/site\/2021\/07\/05\/construcao-contra-o-coronavirus-comemora-avanco-na-imunizacao\/\",\"url\":\"https:\/\/seconci.com.br\/site\/2021\/07\/05\/construcao-contra-o-coronavirus-comemora-avanco-na-imunizacao\/\",\"name\":\"Constru\u00e7\u00e3o contra o coronav\u00edrus comemora avan\u00e7o na imuniza\u00e7\u00e3o - Seconci Brasil\",\"isPartOf\":{\"@id\":\"https:\/\/seconci.com.br\/site\/#website\"},\"primaryImageOfPage\":{\"@id\":\"https:\/\/seconci.com.br\/site\/2021\/07\/05\/construcao-contra-o-coronavirus-comemora-avanco-na-imunizacao\/#primaryimage\"},\"image\":{\"@id\":\"https:\/\/seconci.com.br\/site\/2021\/07\/05\/construcao-contra-o-coronavirus-comemora-avanco-na-imunizacao\/#primaryimage\"},\"thumbnailUrl\":\"https:\/\/seconci.com.br\/site\/wp-content\/uploads\/2021\/07\/covid-construtora-consciente-1.jpeg\",\"datePublished\":\"2021-07-05T12:41:13+00:00\",\"breadcrumb\":{\"@id\":\"https:\/\/seconci.com.br\/site\/2021\/07\/05\/construcao-contra-o-coronavirus-comemora-avanco-na-imunizacao\/#breadcrumb\"},\"inLanguage\":\"pt-PT\",\"potentialAction\":[{\"@type\":\"ReadAction\",\"target\":[\"https:\/\/seconci.com.br\/site\/2021\/07\/05\/construcao-contra-o-coronavirus-comemora-avanco-na-imunizacao\/\"]}]},{\"@type\":\"ImageObject\",\"inLanguage\":\"pt-PT\",\"@id\":\"https:\/\/seconci.com.br\/site\/2021\/07\/05\/construcao-contra-o-coronavirus-comemora-avanco-na-imunizacao\/#primaryimage\",\"url\":\"https:\/\/seconci.com.br\/site\/wp-content\/uploads\/2021\/07\/covid-construtora-consciente-1.jpeg\",\"contentUrl\":\"https:\/\/seconci.com.br\/site\/wp-content\/uploads\/2021\/07\/covid-construtora-consciente-1.jpeg\",\"width\":1280,\"height\":749},{\"@type\":\"BreadcrumbList\",\"@id\":\"https:\/\/seconci.com.br\/site\/2021\/07\/05\/construcao-contra-o-coronavirus-comemora-avanco-na-imunizacao\/#breadcrumb\",\"itemListElement\":[{\"@type\":\"ListItem\",\"position\":1,\"name\":\"In\u00edcio\",\"item\":\"https:\/\/seconci.com.br\/site\/\"},{\"@type\":\"ListItem\",\"position\":2,\"name\":\"Constru\u00e7\u00e3o contra o coronav\u00edrus comemora avan\u00e7o na imuniza\u00e7\u00e3o\"}]},{\"@type\":\"WebSite\",\"@id\":\"https:\/\/seconci.com.br\/site\/#website\",\"url\":\"https:\/\/seconci.com.br\/site\/\",\"name\":\"Seconci Brasil\",\"description\":\"\",\"publisher\":{\"@id\":\"https:\/\/seconci.com.br\/site\/#organization\"},\"potentialAction\":[{\"@type\":\"SearchAction\",\"target\":{\"@type\":\"EntryPoint\",\"urlTemplate\":\"https:\/\/seconci.com.br\/site\/?s={search_term_string}\"},\"query-input\":{\"@type\":\"PropertyValueSpecification\",\"valueRequired\":true,\"valueName\":\"search_term_string\"}}],\"inLanguage\":\"pt-PT\"},{\"@type\":\"Organization\",\"@id\":\"https:\/\/seconci.com.br\/site\/#organization\",\"name\":\"Seconci Brasil\",\"url\":\"https:\/\/seconci.com.br\/site\/\",\"logo\":{\"@type\":\"ImageObject\",\"inLanguage\":\"pt-PT\",\"@id\":\"https:\/\/seconci.com.br\/site\/#\/schema\/logo\/image\/\",\"url\":\"https:\/\/seconci.com.br\/site\/wp-content\/uploads\/2024\/08\/Logo-Seconci-Brasil-branca-2.png\",\"contentUrl\":\"https:\/\/seconci.com.br\/site\/wp-content\/uploads\/2024\/08\/Logo-Seconci-Brasil-branca-2.png\",\"width\":1315,\"height\":598,\"caption\":\"Seconci Brasil\"},\"image\":{\"@id\":\"https:\/\/seconci.com.br\/site\/#\/schema\/logo\/image\/\"}},{\"@type\":\"Person\",\"@id\":\"https:\/\/seconci.com.br\/site\/#\/schema\/person\/1d79afd97ddc8f2c68c1e88e298aa8e2\",\"name\":\"Sidney Rocha\",\"description\":\"Comunicador e estagi\u00e1rio do Seconci Brasil.\",\"url\":\"https:\/\/seconci.com.br\/site\/author\/sidney-rocha\/\"}]}<\/script>\n<!-- \/ Yoast SEO plugin. -->","yoast_head_json":{"title":"Constru\u00e7\u00e3o contra o coronav\u00edrus comemora avan\u00e7o na imuniza\u00e7\u00e3o - Seconci Brasil","robots":{"index":"index","follow":"follow","max-snippet":"max-snippet:-1","max-image-preview":"max-image-preview:large","max-video-preview":"max-video-preview:-1"},"canonical":"https:\/\/seconci.com.br\/site\/2021\/07\/05\/construcao-contra-o-coronavirus-comemora-avanco-na-imunizacao\/","og_locale":"pt_PT","og_type":"article","og_title":"Constru\u00e7\u00e3o contra o coronav\u00edrus comemora avan\u00e7o na imuniza\u00e7\u00e3o - Seconci Brasil","og_description":"Com quase quatro d\u00e9cadas de atua\u00e7\u00e3o em Goi\u00e2nia, a Consciente Construtora \u00e9 uma das principais empresas do setor da constru\u00e7\u00e3o civil do estado de Goi\u00e1s e, desde 2020, tem adotado importantes medidas para evitar a prolifera\u00e7\u00e3o do novo coronav\u00edrus junto aos seus mais de 400 trabalhadores, na linha da campanha \u201cConstru\u00e7\u00e3o Contra o Coronav\u00edrus \u2013 [&hellip;]","og_url":"https:\/\/seconci.com.br\/site\/2021\/07\/05\/construcao-contra-o-coronavirus-comemora-avanco-na-imunizacao\/","og_site_name":"Seconci Brasil","article_published_time":"2021-07-05T12:41:13+00:00","og_image":[{"width":1280,"height":749,"url":"https:\/\/seconci.com.br\/site\/wp-content\/uploads\/2021\/07\/covid-construtora-consciente-1.jpeg","type":"image\/jpeg"}],"author":"Sidney Rocha","twitter_card":"summary_large_image","twitter_misc":{"Escrito por":"Sidney Rocha","Tempo estimado de leitura":"3 minutos"},"schema":{"@context":"https:\/\/schema.org","@graph":[{"@type":"Article","@id":"https:\/\/seconci.com.br\/site\/2021\/07\/05\/construcao-contra-o-coronavirus-comemora-avanco-na-imunizacao\/#article","isPartOf":{"@id":"https:\/\/seconci.com.br\/site\/2021\/07\/05\/construcao-contra-o-coronavirus-comemora-avanco-na-imunizacao\/"},"author":{"name":"Sidney Rocha","@id":"https:\/\/seconci.com.br\/site\/#\/schema\/person\/1d79afd97ddc8f2c68c1e88e298aa8e2"},"headline":"Constru\u00e7\u00e3o contra o coronav\u00edrus comemora avan\u00e7o na imuniza\u00e7\u00e3o","datePublished":"2021-07-05T12:41:13+00:00","mainEntityOfPage":{"@id":"https:\/\/seconci.com.br\/site\/2021\/07\/05\/construcao-contra-o-coronavirus-comemora-avanco-na-imunizacao\/"},"wordCount":548,"publisher":{"@id":"https:\/\/seconci.com.br\/site\/#organization"},"image":{"@id":"https:\/\/seconci.com.br\/site\/2021\/07\/05\/construcao-contra-o-coronavirus-comemora-avanco-na-imunizacao\/#primaryimage"},"thumbnailUrl":"https:\/\/seconci.com.br\/site\/wp-content\/uploads\/2021\/07\/covid-construtora-consciente-1.jpeg","articleSection":["Seconci Brasil"],"inLanguage":"pt-PT"},{"@type":"WebPage","@id":"https:\/\/seconci.com.br\/site\/2021\/07\/05\/construcao-contra-o-coronavirus-comemora-avanco-na-imunizacao\/","url":"https:\/\/seconci.com.br\/site\/2021\/07\/05\/construcao-contra-o-coronavirus-comemora-avanco-na-imunizacao\/","name":"Constru\u00e7\u00e3o contra o coronav\u00edrus comemora avan\u00e7o na imuniza\u00e7\u00e3o - Seconci Brasil","isPartOf":{"@id":"https:\/\/seconci.com.br\/site\/#website"},"primaryImageOfPage":{"@id":"https:\/\/seconci.com.br\/site\/2021\/07\/05\/construcao-contra-o-coronavirus-comemora-avanco-na-imunizacao\/#primaryimage"},"image":{"@id":"https:\/\/seconci.com.br\/site\/2021\/07\/05\/construcao-contra-o-coronavirus-comemora-avanco-na-imunizacao\/#primaryimage"},"thumbnailUrl":"https:\/\/seconci.com.br\/site\/wp-content\/uploads\/2021\/07\/covid-construtora-consciente-1.jpeg","datePublished":"2021-07-05T12:41:13+00:00","breadcrumb":{"@id":"https:\/\/seconci.com.br\/site\/2021\/07\/05\/construcao-contra-o-coronavirus-comemora-avanco-na-imunizacao\/#breadcrumb"},"inLanguage":"pt-PT","potentialAction":[{"@type":"ReadAction","target":["https:\/\/seconci.com.br\/site\/2021\/07\/05\/construcao-contra-o-coronavirus-comemora-avanco-na-imunizacao\/"]}]},{"@type":"ImageObject","inLanguage":"pt-PT","@id":"https:\/\/seconci.com.br\/site\/2021\/07\/05\/construcao-contra-o-coronavirus-comemora-avanco-na-imunizacao\/#primaryimage","url":"https:\/\/seconci.com.br\/site\/wp-content\/uploads\/2021\/07\/covid-construtora-consciente-1.jpeg","contentUrl":"https:\/\/seconci.com.br\/site\/wp-content\/uploads\/2021\/07\/covid-construtora-consciente-1.jpeg","width":1280,"height":749},{"@type":"BreadcrumbList","@id":"https:\/\/seconci.com.br\/site\/2021\/07\/05\/construcao-contra-o-coronavirus-comemora-avanco-na-imunizacao\/#breadcrumb","itemListElement":[{"@type":"ListItem","position":1,"name":"In\u00edcio","item":"https:\/\/seconci.com.br\/site\/"},{"@type":"ListItem","position":2,"name":"Constru\u00e7\u00e3o contra o coronav\u00edrus comemora avan\u00e7o na imuniza\u00e7\u00e3o"}]},{"@type":"WebSite","@id":"https:\/\/seconci.com.br\/site\/#website","url":"https:\/\/seconci.com.br\/site\/","name":"Seconci Brasil","description":"","publisher":{"@id":"https:\/\/seconci.com.br\/site\/#organization"},"potentialAction":[{"@type":"SearchAction","target":{"@type":"EntryPoint","urlTemplate":"https:\/\/seconci.com.br\/site\/?s={search_term_string}"},"query-input":{"@type":"PropertyValueSpecification","valueRequired":true,"valueName":"search_term_string"}}],"inLanguage":"pt-PT"},{"@type":"Organization","@id":"https:\/\/seconci.com.br\/site\/#organization","name":"Seconci Brasil","url":"https:\/\/seconci.com.br\/site\/","logo":{"@type":"ImageObject","inLanguage":"pt-PT","@id":"https:\/\/seconci.com.br\/site\/#\/schema\/logo\/image\/","url":"https:\/\/seconci.com.br\/site\/wp-content\/uploads\/2024\/08\/Logo-Seconci-Brasil-branca-2.png","contentUrl":"https:\/\/seconci.com.br\/site\/wp-content\/uploads\/2024\/08\/Logo-Seconci-Brasil-branca-2.png","width":1315,"height":598,"caption":"Seconci Brasil"},"image":{"@id":"https:\/\/seconci.com.br\/site\/#\/schema\/logo\/image\/"}},{"@type":"Person","@id":"https:\/\/seconci.com.br\/site\/#\/schema\/person\/1d79afd97ddc8f2c68c1e88e298aa8e2","name":"Sidney Rocha","description":"Comunicador e estagi\u00e1rio do Seconci Brasil.","url":"https:\/\/seconci.com.br\/site\/author\/sidney-rocha\/"}]}},"_links":{"self":[{"href":"https:\/\/seconci.com.br\/site\/wp-json\/wp\/v2\/posts\/10851","targetHints":{"allow":["GET"]}}],"collection":[{"href":"https:\/\/seconci.com.br\/site\/wp-json\/wp\/v2\/posts"}],"about":[{"href":"https:\/\/seconci.com.br\/site\/wp-json\/wp\/v2\/types\/post"}],"author":[{"embeddable":true,"href":"https:\/\/seconci.com.br\/site\/wp-json\/wp\/v2\/users\/3"}],"replies":[{"embeddable":true,"href":"https:\/\/seconci.com.br\/site\/wp-json\/wp\/v2\/comments?post=10851"}],"version-history":[{"count":0,"href":"https:\/\/seconci.com.br\/site\/wp-json\/wp\/v2\/posts\/10851\/revisions"}],"wp:featuredmedia":[{"embeddable":true,"href":"https:\/\/seconci.com.br\/site\/wp-json\/wp\/v2\/media\/10852"}],"wp:attachment":[{"href":"https:\/\/seconci.com.br\/site\/wp-json\/wp\/v2\/media?parent=10851"}],"wp:term":[{"taxonomy":"category","embeddable":true,"href":"https:\/\/seconci.com.br\/site\/wp-json\/wp\/v2\/categories?post=10851"},{"taxonomy":"post_tag","embeddable":true,"href":"https:\/\/seconci.com.br\/site\/wp-json\/wp\/v2\/tags?post=10851"}],"curies":[{"name":"wp","href":"https:\/\/api.w.org\/{rel}","templated":true}]}}