{"id":10871,"date":"2021-07-07T12:34:24","date_gmt":"2021-07-07T12:34:24","guid":{"rendered":"https:\/\/seconci.com.br\/site\/?p=10871"},"modified":"2021-07-07T12:34:24","modified_gmt":"2021-07-07T12:34:24","slug":"seconci-sp-destaca-a-importancia-das-consultas-anuais-ao-oftalmologista","status":"publish","type":"post","link":"https:\/\/seconci.com.br\/site\/2021\/07\/07\/seconci-sp-destaca-a-importancia-das-consultas-anuais-ao-oftalmologista\/","title":{"rendered":"Seconci-SP destaca a import\u00e2ncia das consultas anuais ao oftalmologista"},"content":{"rendered":"<p><em>Com essa rotina, doen\u00e7as como glaucoma e catarata podem ser tratadas precocemente<\/em><\/p>\n<p><strong>Por Seconci-SP<\/strong><\/p>\n<p class=\"x_MsoNormal\">O Dia Mundial da Sa\u00fade Ocular (10 de julho) foi criado com o objetivo de prevenir a cegueira. Segundo a Organiza\u00e7\u00e3o Mundial da Sa\u00fade (OMS), mais de 285 milh\u00f5es de pessoas no mundo t\u00eam incapacidade visual e desses, 39 milh\u00f5es s\u00e3o cegas. Estima-se que 80% destes casos poderiam ter sido evitados ou curados, se tratados precocemente. Por isso a import\u00e2ncia das consultas anuais ao oftalmologista, orienta o dr. Edgard Macedo, oftalmologista do Seconci-SP (Servi\u00e7o Social da Constru\u00e7\u00e3o).<\/p>\n<p class=\"x_MsoNormal\">Uma pesquisa feita pelo Ibope com apoio do Conselho Brasileiro de Oftalmologia apontou que 34% da popula\u00e7\u00e3o brasileira adulta nunca foram ao oftalmologista. \u201c\u00c9 um n\u00famero alarmante. E quando as pessoas se consultam nessa especialidade, o que mais vemos \u00e9 irem s\u00f3 quando t\u00eam alguma queixa. \u00c9 muito raro que elas passem em consulta como parte da rotina. O problema \u00e9 que temos doen\u00e7as silenciosas, que n\u00e3o apresentam sintomas, como o glaucoma, a degenera\u00e7\u00e3o macular, a catarata e a retinopatia diab\u00e9tica, esta inclusive \u00e9 uma das maiores causas de cegueira no mundo. Quando o paciente percebe os impactos na vis\u00e3o, a doen\u00e7a muitas vezes est\u00e1 em est\u00e1gios avan\u00e7ados e podem ter havido perdas irrecuper\u00e1veis\u201d, afirma o m\u00e9dico.<\/p>\n<p class=\"x_MsoNormal\">Ele alerta para outro fator que tem trazido consequ\u00eancias negativas para a boa preserva\u00e7\u00e3o da sa\u00fade ocular: a op\u00e7\u00e3o por fazer exames apenas nas \u00f3ticas. \u201cApesar da praticidade, essa atitude pode ser um risco, porque esses exames n\u00e3o s\u00e3o feitos por um oftalmologista, o profissional que de fato pode dar um diagn\u00f3stico preciso e passar as orienta\u00e7\u00f5es corretas para cada caso\u201d.<\/p>\n<p class=\"x_MsoNormal\"><b>Cuidados\u00a0<\/b><\/p>\n<p class=\"x_MsoNormal\">Entre as recomenda\u00e7\u00f5es para manter a sa\u00fade ocular, o dr. Macedo orienta: evitar co\u00e7ar os olhos, ter cuidado com itens de maquiagem que podem irritar os olhos, comprar \u00f3culos de sol que protejam contra os raios ultravioletas (UVA e UVB) e n\u00e3o aplicar col\u00edrios sem receita m\u00e9dica. \u201cPara os trabalhadores da constru\u00e7\u00e3o, \u00e9 vital fazer o uso correto dos Equipamentos de Prote\u00e7\u00e3o Individual e, diante de qualquer acidente envolvendo os olhos, procurar um servi\u00e7o de oftalmologia com urg\u00eancia, para que sejam feitos os procedimentos adequados\u201d.<\/p>\n<p class=\"x_MsoNormal\">O uso frequente de computadores, tablets e celulares tamb\u00e9m pode prejudicar a vis\u00e3o, pois acaba levando \u00e0 diminui\u00e7\u00e3o do piscar, resultando no olho seco. A indica\u00e7\u00e3o \u00e9 fazer intervalos de descanso de 10 a 15 minutos, a cada uma hora de uso cont\u00ednuo.<\/p>\n<p class=\"x_MsoNormal\">O dr. Macedo lembra que o Seconci-SP disp\u00f5e de equipe de oftalmologistas e um conjunto de equipamentos, permitindo oferecer um atendimento de qualidade para os trabalhadores da constru\u00e7\u00e3o das empresas contribuintes \u00e0 entidade e seus familiares. \u201cAgende a consulta anual ao oftalmologista e garanta a sua sa\u00fade ocular.\u201d<\/p>\n","protected":false},"excerpt":{"rendered":"<p>Com essa rotina, doen\u00e7as como glaucoma e catarata podem ser tratadas precocemente Por Seconci-SP O Dia Mundial da Sa\u00fade Ocular (10 de julho) foi criado com o objetivo de prevenir a cegueira. Segundo a Organiza\u00e7\u00e3o Mundial da Sa\u00fade (OMS), mais de 285 milh\u00f5es de pessoas no mundo t\u00eam incapacidade visual e desses, 39 milh\u00f5es s\u00e3o [&hellip;]<\/p>\n","protected":false},"author":3,"featured_media":10872,"comment_status":"closed","ping_status":"closed","sticky":false,"template":"","format":"standard","meta":{"footnotes":""},"categories":[87],"tags":[],"class_list":["post-10871","post","type-post","status-publish","format-standard","has-post-thumbnail","hentry","category-seconci-sao-paulo"],"yoast_head":"<!-- This site is optimized with the Yoast SEO plugin v26.9 - https:\/\/yoast.com\/product\/yoast-seo-wordpress\/ -->\n<title>Seconci-SP destaca a import\u00e2ncia das consultas anuais ao oftalmologista - Seconci Brasil<\/title>\n<meta name=\"robots\" content=\"index, follow, max-snippet:-1, max-image-preview:large, max-video-preview:-1\" \/>\n<link rel=\"canonical\" href=\"https:\/\/seconci.com.br\/site\/2021\/07\/07\/seconci-sp-destaca-a-importancia-das-consultas-anuais-ao-oftalmologista\/\" \/>\n<meta property=\"og:locale\" content=\"pt_PT\" \/>\n<meta property=\"og:type\" content=\"article\" \/>\n<meta property=\"og:title\" content=\"Seconci-SP destaca a import\u00e2ncia das consultas anuais ao oftalmologista - Seconci Brasil\" \/>\n<meta property=\"og:description\" content=\"Com essa rotina, doen\u00e7as como glaucoma e catarata podem ser tratadas precocemente Por Seconci-SP O Dia Mundial da Sa\u00fade Ocular (10 de julho) foi criado com o objetivo de prevenir a cegueira. Segundo a Organiza\u00e7\u00e3o Mundial da Sa\u00fade (OMS), mais de 285 milh\u00f5es de pessoas no mundo t\u00eam incapacidade visual e desses, 39 milh\u00f5es s\u00e3o [&hellip;]\" \/>\n<meta property=\"og:url\" content=\"https:\/\/seconci.com.br\/site\/2021\/07\/07\/seconci-sp-destaca-a-importancia-das-consultas-anuais-ao-oftalmologista\/\" \/>\n<meta property=\"og:site_name\" content=\"Seconci Brasil\" \/>\n<meta property=\"article:published_time\" content=\"2021-07-07T12:34:24+00:00\" \/>\n<meta property=\"og:image\" content=\"https:\/\/seconci.com.br\/site\/wp-content\/uploads\/2021\/07\/victor-freitas-B0zAPSrEcFw-unsplash-300x200.jpg\" \/>\n\t<meta property=\"og:image:width\" content=\"300\" \/>\n\t<meta property=\"og:image:height\" content=\"200\" \/>\n\t<meta property=\"og:image:type\" content=\"image\/jpeg\" \/>\n<meta name=\"author\" content=\"Sidney Rocha\" \/>\n<meta name=\"twitter:card\" content=\"summary_large_image\" \/>\n<meta name=\"twitter:label1\" content=\"Escrito por\" \/>\n\t<meta name=\"twitter:data1\" content=\"Sidney Rocha\" \/>\n\t<meta name=\"twitter:label2\" content=\"Tempo estimado de leitura\" \/>\n\t<meta name=\"twitter:data2\" content=\"2 minutos\" \/>\n<script type=\"application\/ld+json\" class=\"yoast-schema-graph\">{\"@context\":\"https:\/\/schema.org\",\"@graph\":[{\"@type\":\"Article\",\"@id\":\"https:\/\/seconci.com.br\/site\/2021\/07\/07\/seconci-sp-destaca-a-importancia-das-consultas-anuais-ao-oftalmologista\/#article\",\"isPartOf\":{\"@id\":\"https:\/\/seconci.com.br\/site\/2021\/07\/07\/seconci-sp-destaca-a-importancia-das-consultas-anuais-ao-oftalmologista\/\"},\"author\":{\"name\":\"Sidney Rocha\",\"@id\":\"https:\/\/seconci.com.br\/site\/#\/schema\/person\/1d79afd97ddc8f2c68c1e88e298aa8e2\"},\"headline\":\"Seconci-SP destaca a import\u00e2ncia das consultas anuais ao oftalmologista\",\"datePublished\":\"2021-07-07T12:34:24+00:00\",\"mainEntityOfPage\":{\"@id\":\"https:\/\/seconci.com.br\/site\/2021\/07\/07\/seconci-sp-destaca-a-importancia-das-consultas-anuais-ao-oftalmologista\/\"},\"wordCount\":490,\"publisher\":{\"@id\":\"https:\/\/seconci.com.br\/site\/#organization\"},\"image\":{\"@id\":\"https:\/\/seconci.com.br\/site\/2021\/07\/07\/seconci-sp-destaca-a-importancia-das-consultas-anuais-ao-oftalmologista\/#primaryimage\"},\"thumbnailUrl\":\"https:\/\/seconci.com.br\/site\/wp-content\/uploads\/2021\/07\/victor-freitas-B0zAPSrEcFw-unsplash-300x200.jpg\",\"articleSection\":[\"Seconci S\u00e3o Paulo\"],\"inLanguage\":\"pt-PT\"},{\"@type\":\"WebPage\",\"@id\":\"https:\/\/seconci.com.br\/site\/2021\/07\/07\/seconci-sp-destaca-a-importancia-das-consultas-anuais-ao-oftalmologista\/\",\"url\":\"https:\/\/seconci.com.br\/site\/2021\/07\/07\/seconci-sp-destaca-a-importancia-das-consultas-anuais-ao-oftalmologista\/\",\"name\":\"Seconci-SP destaca a import\u00e2ncia das consultas anuais ao oftalmologista - Seconci Brasil\",\"isPartOf\":{\"@id\":\"https:\/\/seconci.com.br\/site\/#website\"},\"primaryImageOfPage\":{\"@id\":\"https:\/\/seconci.com.br\/site\/2021\/07\/07\/seconci-sp-destaca-a-importancia-das-consultas-anuais-ao-oftalmologista\/#primaryimage\"},\"image\":{\"@id\":\"https:\/\/seconci.com.br\/site\/2021\/07\/07\/seconci-sp-destaca-a-importancia-das-consultas-anuais-ao-oftalmologista\/#primaryimage\"},\"thumbnailUrl\":\"https:\/\/seconci.com.br\/site\/wp-content\/uploads\/2021\/07\/victor-freitas-B0zAPSrEcFw-unsplash-300x200.jpg\",\"datePublished\":\"2021-07-07T12:34:24+00:00\",\"breadcrumb\":{\"@id\":\"https:\/\/seconci.com.br\/site\/2021\/07\/07\/seconci-sp-destaca-a-importancia-das-consultas-anuais-ao-oftalmologista\/#breadcrumb\"},\"inLanguage\":\"pt-PT\",\"potentialAction\":[{\"@type\":\"ReadAction\",\"target\":[\"https:\/\/seconci.com.br\/site\/2021\/07\/07\/seconci-sp-destaca-a-importancia-das-consultas-anuais-ao-oftalmologista\/\"]}]},{\"@type\":\"ImageObject\",\"inLanguage\":\"pt-PT\",\"@id\":\"https:\/\/seconci.com.br\/site\/2021\/07\/07\/seconci-sp-destaca-a-importancia-das-consultas-anuais-ao-oftalmologista\/#primaryimage\",\"url\":\"https:\/\/seconci.com.br\/site\/wp-content\/uploads\/2021\/07\/victor-freitas-B0zAPSrEcFw-unsplash-300x200.jpg\",\"contentUrl\":\"https:\/\/seconci.com.br\/site\/wp-content\/uploads\/2021\/07\/victor-freitas-B0zAPSrEcFw-unsplash-300x200.jpg\",\"width\":300,\"height\":200},{\"@type\":\"BreadcrumbList\",\"@id\":\"https:\/\/seconci.com.br\/site\/2021\/07\/07\/seconci-sp-destaca-a-importancia-das-consultas-anuais-ao-oftalmologista\/#breadcrumb\",\"itemListElement\":[{\"@type\":\"ListItem\",\"position\":1,\"name\":\"In\u00edcio\",\"item\":\"https:\/\/seconci.com.br\/site\/\"},{\"@type\":\"ListItem\",\"position\":2,\"name\":\"Seconci-SP destaca a import\u00e2ncia das consultas anuais ao oftalmologista\"}]},{\"@type\":\"WebSite\",\"@id\":\"https:\/\/seconci.com.br\/site\/#website\",\"url\":\"https:\/\/seconci.com.br\/site\/\",\"name\":\"Seconci Brasil\",\"description\":\"\",\"publisher\":{\"@id\":\"https:\/\/seconci.com.br\/site\/#organization\"},\"potentialAction\":[{\"@type\":\"SearchAction\",\"target\":{\"@type\":\"EntryPoint\",\"urlTemplate\":\"https:\/\/seconci.com.br\/site\/?s={search_term_string}\"},\"query-input\":{\"@type\":\"PropertyValueSpecification\",\"valueRequired\":true,\"valueName\":\"search_term_string\"}}],\"inLanguage\":\"pt-PT\"},{\"@type\":\"Organization\",\"@id\":\"https:\/\/seconci.com.br\/site\/#organization\",\"name\":\"Seconci Brasil\",\"url\":\"https:\/\/seconci.com.br\/site\/\",\"logo\":{\"@type\":\"ImageObject\",\"inLanguage\":\"pt-PT\",\"@id\":\"https:\/\/seconci.com.br\/site\/#\/schema\/logo\/image\/\",\"url\":\"https:\/\/seconci.com.br\/site\/wp-content\/uploads\/2024\/08\/Logo-Seconci-Brasil-branca-2.png\",\"contentUrl\":\"https:\/\/seconci.com.br\/site\/wp-content\/uploads\/2024\/08\/Logo-Seconci-Brasil-branca-2.png\",\"width\":1315,\"height\":598,\"caption\":\"Seconci Brasil\"},\"image\":{\"@id\":\"https:\/\/seconci.com.br\/site\/#\/schema\/logo\/image\/\"}},{\"@type\":\"Person\",\"@id\":\"https:\/\/seconci.com.br\/site\/#\/schema\/person\/1d79afd97ddc8f2c68c1e88e298aa8e2\",\"name\":\"Sidney Rocha\",\"description\":\"Comunicador e estagi\u00e1rio do Seconci Brasil.\",\"url\":\"https:\/\/seconci.com.br\/site\/author\/sidney-rocha\/\"}]}<\/script>\n<!-- \/ Yoast SEO plugin. -->","yoast_head_json":{"title":"Seconci-SP destaca a import\u00e2ncia das consultas anuais ao oftalmologista - Seconci Brasil","robots":{"index":"index","follow":"follow","max-snippet":"max-snippet:-1","max-image-preview":"max-image-preview:large","max-video-preview":"max-video-preview:-1"},"canonical":"https:\/\/seconci.com.br\/site\/2021\/07\/07\/seconci-sp-destaca-a-importancia-das-consultas-anuais-ao-oftalmologista\/","og_locale":"pt_PT","og_type":"article","og_title":"Seconci-SP destaca a import\u00e2ncia das consultas anuais ao oftalmologista - Seconci Brasil","og_description":"Com essa rotina, doen\u00e7as como glaucoma e catarata podem ser tratadas precocemente Por Seconci-SP O Dia Mundial da Sa\u00fade Ocular (10 de julho) foi criado com o objetivo de prevenir a cegueira. Segundo a Organiza\u00e7\u00e3o Mundial da Sa\u00fade (OMS), mais de 285 milh\u00f5es de pessoas no mundo t\u00eam incapacidade visual e desses, 39 milh\u00f5es s\u00e3o [&hellip;]","og_url":"https:\/\/seconci.com.br\/site\/2021\/07\/07\/seconci-sp-destaca-a-importancia-das-consultas-anuais-ao-oftalmologista\/","og_site_name":"Seconci Brasil","article_published_time":"2021-07-07T12:34:24+00:00","og_image":[{"width":300,"height":200,"url":"https:\/\/seconci.com.br\/site\/wp-content\/uploads\/2021\/07\/victor-freitas-B0zAPSrEcFw-unsplash-300x200.jpg","type":"image\/jpeg"}],"author":"Sidney Rocha","twitter_card":"summary_large_image","twitter_misc":{"Escrito por":"Sidney Rocha","Tempo estimado de leitura":"2 minutos"},"schema":{"@context":"https:\/\/schema.org","@graph":[{"@type":"Article","@id":"https:\/\/seconci.com.br\/site\/2021\/07\/07\/seconci-sp-destaca-a-importancia-das-consultas-anuais-ao-oftalmologista\/#article","isPartOf":{"@id":"https:\/\/seconci.com.br\/site\/2021\/07\/07\/seconci-sp-destaca-a-importancia-das-consultas-anuais-ao-oftalmologista\/"},"author":{"name":"Sidney Rocha","@id":"https:\/\/seconci.com.br\/site\/#\/schema\/person\/1d79afd97ddc8f2c68c1e88e298aa8e2"},"headline":"Seconci-SP destaca a import\u00e2ncia das consultas anuais ao oftalmologista","datePublished":"2021-07-07T12:34:24+00:00","mainEntityOfPage":{"@id":"https:\/\/seconci.com.br\/site\/2021\/07\/07\/seconci-sp-destaca-a-importancia-das-consultas-anuais-ao-oftalmologista\/"},"wordCount":490,"publisher":{"@id":"https:\/\/seconci.com.br\/site\/#organization"},"image":{"@id":"https:\/\/seconci.com.br\/site\/2021\/07\/07\/seconci-sp-destaca-a-importancia-das-consultas-anuais-ao-oftalmologista\/#primaryimage"},"thumbnailUrl":"https:\/\/seconci.com.br\/site\/wp-content\/uploads\/2021\/07\/victor-freitas-B0zAPSrEcFw-unsplash-300x200.jpg","articleSection":["Seconci S\u00e3o Paulo"],"inLanguage":"pt-PT"},{"@type":"WebPage","@id":"https:\/\/seconci.com.br\/site\/2021\/07\/07\/seconci-sp-destaca-a-importancia-das-consultas-anuais-ao-oftalmologista\/","url":"https:\/\/seconci.com.br\/site\/2021\/07\/07\/seconci-sp-destaca-a-importancia-das-consultas-anuais-ao-oftalmologista\/","name":"Seconci-SP destaca a import\u00e2ncia das consultas anuais ao oftalmologista - Seconci Brasil","isPartOf":{"@id":"https:\/\/seconci.com.br\/site\/#website"},"primaryImageOfPage":{"@id":"https:\/\/seconci.com.br\/site\/2021\/07\/07\/seconci-sp-destaca-a-importancia-das-consultas-anuais-ao-oftalmologista\/#primaryimage"},"image":{"@id":"https:\/\/seconci.com.br\/site\/2021\/07\/07\/seconci-sp-destaca-a-importancia-das-consultas-anuais-ao-oftalmologista\/#primaryimage"},"thumbnailUrl":"https:\/\/seconci.com.br\/site\/wp-content\/uploads\/2021\/07\/victor-freitas-B0zAPSrEcFw-unsplash-300x200.jpg","datePublished":"2021-07-07T12:34:24+00:00","breadcrumb":{"@id":"https:\/\/seconci.com.br\/site\/2021\/07\/07\/seconci-sp-destaca-a-importancia-das-consultas-anuais-ao-oftalmologista\/#breadcrumb"},"inLanguage":"pt-PT","potentialAction":[{"@type":"ReadAction","target":["https:\/\/seconci.com.br\/site\/2021\/07\/07\/seconci-sp-destaca-a-importancia-das-consultas-anuais-ao-oftalmologista\/"]}]},{"@type":"ImageObject","inLanguage":"pt-PT","@id":"https:\/\/seconci.com.br\/site\/2021\/07\/07\/seconci-sp-destaca-a-importancia-das-consultas-anuais-ao-oftalmologista\/#primaryimage","url":"https:\/\/seconci.com.br\/site\/wp-content\/uploads\/2021\/07\/victor-freitas-B0zAPSrEcFw-unsplash-300x200.jpg","contentUrl":"https:\/\/seconci.com.br\/site\/wp-content\/uploads\/2021\/07\/victor-freitas-B0zAPSrEcFw-unsplash-300x200.jpg","width":300,"height":200},{"@type":"BreadcrumbList","@id":"https:\/\/seconci.com.br\/site\/2021\/07\/07\/seconci-sp-destaca-a-importancia-das-consultas-anuais-ao-oftalmologista\/#breadcrumb","itemListElement":[{"@type":"ListItem","position":1,"name":"In\u00edcio","item":"https:\/\/seconci.com.br\/site\/"},{"@type":"ListItem","position":2,"name":"Seconci-SP destaca a import\u00e2ncia das consultas anuais ao oftalmologista"}]},{"@type":"WebSite","@id":"https:\/\/seconci.com.br\/site\/#website","url":"https:\/\/seconci.com.br\/site\/","name":"Seconci Brasil","description":"","publisher":{"@id":"https:\/\/seconci.com.br\/site\/#organization"},"potentialAction":[{"@type":"SearchAction","target":{"@type":"EntryPoint","urlTemplate":"https:\/\/seconci.com.br\/site\/?s={search_term_string}"},"query-input":{"@type":"PropertyValueSpecification","valueRequired":true,"valueName":"search_term_string"}}],"inLanguage":"pt-PT"},{"@type":"Organization","@id":"https:\/\/seconci.com.br\/site\/#organization","name":"Seconci Brasil","url":"https:\/\/seconci.com.br\/site\/","logo":{"@type":"ImageObject","inLanguage":"pt-PT","@id":"https:\/\/seconci.com.br\/site\/#\/schema\/logo\/image\/","url":"https:\/\/seconci.com.br\/site\/wp-content\/uploads\/2024\/08\/Logo-Seconci-Brasil-branca-2.png","contentUrl":"https:\/\/seconci.com.br\/site\/wp-content\/uploads\/2024\/08\/Logo-Seconci-Brasil-branca-2.png","width":1315,"height":598,"caption":"Seconci Brasil"},"image":{"@id":"https:\/\/seconci.com.br\/site\/#\/schema\/logo\/image\/"}},{"@type":"Person","@id":"https:\/\/seconci.com.br\/site\/#\/schema\/person\/1d79afd97ddc8f2c68c1e88e298aa8e2","name":"Sidney Rocha","description":"Comunicador e estagi\u00e1rio do Seconci Brasil.","url":"https:\/\/seconci.com.br\/site\/author\/sidney-rocha\/"}]}},"_links":{"self":[{"href":"https:\/\/seconci.com.br\/site\/wp-json\/wp\/v2\/posts\/10871","targetHints":{"allow":["GET"]}}],"collection":[{"href":"https:\/\/seconci.com.br\/site\/wp-json\/wp\/v2\/posts"}],"about":[{"href":"https:\/\/seconci.com.br\/site\/wp-json\/wp\/v2\/types\/post"}],"author":[{"embeddable":true,"href":"https:\/\/seconci.com.br\/site\/wp-json\/wp\/v2\/users\/3"}],"replies":[{"embeddable":true,"href":"https:\/\/seconci.com.br\/site\/wp-json\/wp\/v2\/comments?post=10871"}],"version-history":[{"count":0,"href":"https:\/\/seconci.com.br\/site\/wp-json\/wp\/v2\/posts\/10871\/revisions"}],"wp:featuredmedia":[{"embeddable":true,"href":"https:\/\/seconci.com.br\/site\/wp-json\/wp\/v2\/media\/10872"}],"wp:attachment":[{"href":"https:\/\/seconci.com.br\/site\/wp-json\/wp\/v2\/media?parent=10871"}],"wp:term":[{"taxonomy":"category","embeddable":true,"href":"https:\/\/seconci.com.br\/site\/wp-json\/wp\/v2\/categories?post=10871"},{"taxonomy":"post_tag","embeddable":true,"href":"https:\/\/seconci.com.br\/site\/wp-json\/wp\/v2\/tags?post=10871"}],"curies":[{"name":"wp","href":"https:\/\/api.w.org\/{rel}","templated":true}]}}