{"id":10936,"date":"2021-07-26T11:31:07","date_gmt":"2021-07-26T11:31:07","guid":{"rendered":"https:\/\/seconci.com.br\/site\/?p=10936"},"modified":"2021-07-26T11:31:07","modified_gmt":"2021-07-26T11:31:07","slug":"especialistas-defendem-mudanca-da-cultura-de-seguranca-no-trabalho-em-altura","status":"publish","type":"post","link":"https:\/\/seconci.com.br\/site\/2021\/07\/26\/especialistas-defendem-mudanca-da-cultura-de-seguranca-no-trabalho-em-altura\/","title":{"rendered":"Especialistas defendem mudan\u00e7a da cultura de seguran\u00e7a no trabalho em altura"},"content":{"rendered":"<p>Atualizar os cerca de 1,7 mil empres\u00e1rios e profissionais do setor da constru\u00e7\u00e3o ligados \u00e0 \u00e1rea de seguran\u00e7a e sa\u00fade, alcan\u00e7ados na segunda parte do\u00a0<strong>Semin\u00e1rio T\u00e9cnico Nacional da Nova NR-18<\/strong>\u00a0sobre trabalho em altura e m\u00e1quinas e equipamentos relacionados \u00e0 nova NR 18, foi o principal objetivo de especialistas sobre o tema. O evento foi realizado virtualmente na quinta-feira (22\/7) pelo Seconci-Brasil e Servi\u00e7o Social da Constru\u00e7\u00e3o Civil do Estado de S\u00e3o Paulo (Seconci-SP).<\/p>\n<p>No painel\u00a0<strong>Trabalho em Altura e Sistema de Prote\u00e7\u00e3o Individual de Queda (SPIQ)<\/strong>, terceiro do dia e moderado pela gerente de Seguran\u00e7a do Servi\u00e7o Social da Ind\u00fastria da Constru\u00e7\u00e3o Civil no Estado de Minas Gerais (Seconci-MG),\u00a0<strong>Andreia Kaucher Darmstadter<\/strong>, os especialistas apontaram a necessidade de mudan\u00e7a na cultura de seguran\u00e7a no trabalho em altura no pa\u00eds.<\/p>\n<p>O diretor t\u00e9cnico da AMZ Equipamentos para Trabalho em Altura,\u00a0<strong>Marcos Amazonas<\/strong>, ressaltou a import\u00e2ncia do uso do SPIQ \u2013 constitu\u00eddo de um sistema de ancoragem, elemento de liga\u00e7\u00e3o e Equipamento de Prote\u00e7\u00e3o Individual (EPI), em conson\u00e2ncia com a NR-35 (Trabalho em altura) \u2013 pelo trabalhador da constru\u00e7\u00e3o nas obras.<\/p>\n<p>Salientou tamb\u00e9m a relev\u00e2ncia de os empres\u00e1rios da constru\u00e7\u00e3o investirem em consultoria\/amparo que garanta robustez ao Programa de Gerenciamento de Riscos (PGR) e ao Gerenciamento de Riscos Ocupacionais (GRO) para evitar riscos de acidentes aos trabalhadores no desenvolvimento de suas atividades.<\/p>\n<p>Amazonas frisou ainda a import\u00e2ncia da observ\u00e2ncia \u00e0 NBR 16.489, norma complementar \u00e0 NR-35, quanto \u00e0s recomenda\u00e7\u00f5es referentes \u00e0 sele\u00e7\u00e3o e uso de SPIQ e seus componentes. Al\u00e9m disso, refor\u00e7ou que o resgate deve estar previsto no SPIQ e no PGR da atividade em altura. Para ele, o SPIQ tem que estar sob a responsabilidade de um Profissional Legalmente Habilitado (PLH).<\/p>\n<p>J\u00e1 o vice-presidente da Federa\u00e7\u00e3o dos Trabalhadores nas Ind\u00fastrias da Constru\u00e7\u00e3o e do Mobili\u00e1rio do Estado de S\u00e3o Paulo (Feticom-SP) e membro da Comiss\u00e3o Tripartite Parit\u00e1ria Permanente (CTPP),\u00a0<strong>Robinson Leme<\/strong>, mencionou que a implanta\u00e7\u00e3o dos Sistemas de Prote\u00e7\u00e3o Coletiva Contra Quedas (SPCQs) poder\u00e1 ser definida pelo tipo de obra.<\/p>\n<p>No entanto, ressaltou que os riscos de quedas devem ser identificados j\u00e1 na fase de projeto, com detalhamento do SPCQ, elaborado por PLH, no PGR.<\/p>\n<p>Para quem for iniciar obras a partir de 2022, Leme pediu aten\u00e7\u00e3o para as novas medidas de prote\u00e7\u00e3o coletiva e especifica\u00e7\u00f5es do guarda-corpo.<\/p>\n<p>Sobre a capacita\u00e7\u00e3o para o trabalho em altura, informou que o Anexo I da NR-18 traz todos os treinamentos que devem ser feitos na constru\u00e7\u00e3o civil, j\u00e1 com defini\u00e7\u00e3o de carga hor\u00e1ria, periodicidade e conte\u00fado program\u00e1tico. Leme tamb\u00e9m abordou a quest\u00e3o da profici\u00eancia dos instrutores para trabalho em altura e a necessidade da comprova\u00e7\u00e3o de capacita\u00e7\u00e3o.<\/p>\n<h2>M\u00e1quinas e Equipamentos na Nova NR-18<\/h2>\n<p><img decoding=\"async\" class=\"aligncenter wp-image-67070 size-large\" src=\"https:\/\/cbic.org.br\/wp-content\/uploads\/2021\/07\/screenshot776-1024x572.jpg\" alt=\"\" \/>No painel sobre\u00a0<strong>M\u00e1quinas e Equipamentos na Nova NR-18<\/strong>, quarto e \u00faltimo do semin\u00e1rio, moderado pela gerente de Seguran\u00e7a do Seconci-DF,\u00a0<strong>Juliana Oliveira<\/strong>, o engenheiro de Seguran\u00e7a do Trabalho do Sesi-SC,\u00a0<strong>Lucas Bergmann<\/strong>, tratou dos principais aspectos da nova NR-18 referentes a m\u00e1quinas e equipamentos, com foco em serra circular, m\u00e1quinas autopropelidas, equipamentos de guindar\/gruas e ferramentas que precisam ser levados em considera\u00e7\u00e3o e ter acompanhamento de PLH.<\/p>\n<p>Dentre as mudan\u00e7as, a de que as m\u00e1quinas para uso dos trabalhadores do setor devem estar em local coberto e bem iluminado nos canteiros de obra.<\/p>\n<p>Al\u00e9m disso, informou sobre a necessidade da observ\u00e2ncia da hierarquia entre as normas (NR setorial, NR espec\u00edfica e NR geral) para garantir a seguran\u00e7a dos trabalhadores na operacionaliza\u00e7\u00e3o dos equipamentos, assim como sobre a harmoniza\u00e7\u00e3o da NR-18 com as NRs 10 (Eletricidade) e 12 (M\u00e1quinas e Equipamentos).<\/p>\n<p>O auditor fiscal do Trabalho\u00a0<strong>Ant\u00f4nio Pereira<\/strong>, por sua vez, abordou a quest\u00e3o dos elevadores e do sistema de guindar. \u201c\u00c9 fundamental que o PGR contemple o plano de carga\u201d, disse, refor\u00e7ando tamb\u00e9m como essencial o planejamento na defini\u00e7\u00e3o da utiliza\u00e7\u00e3o de equipamentos na obra.<\/p>\n<h2>CANPAT Constru\u00e7\u00e3o<\/h2>\n<p>O semin\u00e1rio foi a primeira a\u00e7\u00e3o da\u00a0<strong>Campanha Nacional de Preven\u00e7\u00e3o de Acidentes na Ind\u00fastria da Constru\u00e7\u00e3o (CANPAT Constru\u00e7\u00e3o 2021)<\/strong>, lan\u00e7ada no dia 21\/7 pela C\u00e2mara Brasileira da Industria da Constru\u00e7\u00e3o (CBIC), em correaliza\u00e7\u00e3o com o Servi\u00e7o Social da Ind\u00fastria (Sesi Nacional), durante o\u00a0<strong>VI Encontro Nacional de Seguran\u00e7a e Sa\u00fade no Trabalho na Ind\u00fastria da Constru\u00e7\u00e3o<\/strong>.<\/p>\n<p>Em outubro, conforme anunciado na quarta-feira (21\/7) pelo subsecret\u00e1rio de Inspe\u00e7\u00e3o do Trabalho da Subsecretaria de Inspe\u00e7\u00e3o do Trabalho (SIT) do Minist\u00e9rio da Economia, Romulo Machado e Silva, ser\u00e1 realizada a\u00a0<strong>Semana CANPAT Constru\u00e7\u00e3o 2021<\/strong>, dentro da CANPAT 2021. A a\u00e7\u00e3o nacional voltada para a conscientiza\u00e7\u00e3o da preven\u00e7\u00e3o de acidentes de trabalho na constru\u00e7\u00e3o civil ocorrer\u00e1 de 4 a 8\/10.<\/p>\n<p>O Semin\u00e1rio T\u00e9cnico Nacional da Nova NR-18 tem interface com o projeto\u00a0<strong>\u201cRealiza\u00e7\u00e3o\/Participa\u00e7\u00e3o de\/em Eventos Tem\u00e1ticos de RT\/SST\u201d<\/strong>\u00a0da Comiss\u00e3o de Pol\u00edticas e Rela\u00e7\u00f5es Trabalhistas (CPRT) da CBIC, em correaliza\u00e7\u00e3o com o Sesi Nacional.<\/p>\n<p>Acesse as\u00a0<a href=\"https:\/\/cbic.org.br\/apresentacoes\/\">apresenta\u00e7\u00f5es dos pain\u00e9is no site da CBIC<\/a><\/p>\n<p>Assista a<a href=\"https:\/\/www.youtube.com\/watch?v=nkMbTnPABAs\"><br \/>\nintegra dos pain\u00e9is no canal da CBIC, no YouTube<\/a>.<\/p>\n<p><strong>LEIA MAIS<\/strong><\/p>\n<p><a href=\"https:\/\/cbic.org.br\/vi-encontro-nacional-de-sst-2o-dia-discute-nr-18-e-pgr\/\">VI Encontro Nacional de SST: 2\u00ba dia discute NR-18 e PGR<\/a><\/p>\n<p><a href=\"https:\/\/cbic.org.br\/inspecao-do-trabalho-anuncia-semana-canpat-construcao-2021-de-4-a-8-10\/\">Inspe\u00e7\u00e3o do Trabalho anuncia Semana CANPAT Constru\u00e7\u00e3o 2021 de 4 a 8\/10<\/a><\/p>\n<p><a href=\"https:\/\/cbic.org.br\/sit-construcao-e-a-locomotiva-para-o-crescimento-economico-sustentavel\/\">SIT: Constru\u00e7\u00e3o \u00e9 a locomotiva para o crescimento econ\u00f4mico sustent\u00e1vel<\/a><\/p>\n<p><em>Fonte: Ag\u00eancia CBIC<\/em><\/p>\n","protected":false},"excerpt":{"rendered":"<p>Atualizar os cerca de 1,7 mil empres\u00e1rios e profissionais do setor da constru\u00e7\u00e3o ligados \u00e0 \u00e1rea de seguran\u00e7a e sa\u00fade, alcan\u00e7ados na segunda parte do\u00a0Semin\u00e1rio T\u00e9cnico Nacional da Nova NR-18\u00a0sobre trabalho em altura e m\u00e1quinas e equipamentos relacionados \u00e0 nova NR 18, foi o principal objetivo de especialistas sobre o tema. O evento foi realizado [&hellip;]<\/p>\n","protected":false},"author":3,"featured_media":10937,"comment_status":"closed","ping_status":"closed","sticky":false,"template":"","format":"standard","meta":{"footnotes":""},"categories":[92],"tags":[],"class_list":["post-10936","post","type-post","status-publish","format-standard","has-post-thumbnail","hentry","category-seconci-brasil"],"yoast_head":"<!-- This site is optimized with the Yoast SEO plugin v26.9 - https:\/\/yoast.com\/product\/yoast-seo-wordpress\/ -->\n<title>Especialistas defendem mudan\u00e7a da cultura de seguran\u00e7a no trabalho em altura - Seconci Brasil<\/title>\n<meta name=\"robots\" content=\"index, follow, max-snippet:-1, max-image-preview:large, max-video-preview:-1\" \/>\n<link rel=\"canonical\" href=\"https:\/\/seconci.com.br\/site\/2021\/07\/26\/especialistas-defendem-mudanca-da-cultura-de-seguranca-no-trabalho-em-altura\/\" \/>\n<meta property=\"og:locale\" content=\"pt_PT\" \/>\n<meta property=\"og:type\" content=\"article\" \/>\n<meta property=\"og:title\" content=\"Especialistas defendem mudan\u00e7a da cultura de seguran\u00e7a no trabalho em altura - Seconci Brasil\" \/>\n<meta property=\"og:description\" content=\"Atualizar os cerca de 1,7 mil empres\u00e1rios e profissionais do setor da constru\u00e7\u00e3o ligados \u00e0 \u00e1rea de seguran\u00e7a e sa\u00fade, alcan\u00e7ados na segunda parte do\u00a0Semin\u00e1rio T\u00e9cnico Nacional da Nova NR-18\u00a0sobre trabalho em altura e m\u00e1quinas e equipamentos relacionados \u00e0 nova NR 18, foi o principal objetivo de especialistas sobre o tema. O evento foi realizado [&hellip;]\" \/>\n<meta property=\"og:url\" content=\"https:\/\/seconci.com.br\/site\/2021\/07\/26\/especialistas-defendem-mudanca-da-cultura-de-seguranca-no-trabalho-em-altura\/\" \/>\n<meta property=\"og:site_name\" content=\"Seconci Brasil\" \/>\n<meta property=\"article:published_time\" content=\"2021-07-26T11:31:07+00:00\" \/>\n<meta property=\"og:image\" content=\"https:\/\/seconci.com.br\/site\/wp-content\/uploads\/2021\/07\/screenshot737.jpg\" \/>\n\t<meta property=\"og:image:width\" content=\"1272\" \/>\n\t<meta property=\"og:image:height\" content=\"714\" \/>\n\t<meta property=\"og:image:type\" content=\"image\/jpeg\" \/>\n<meta name=\"author\" content=\"Sidney Rocha\" \/>\n<meta name=\"twitter:card\" content=\"summary_large_image\" \/>\n<meta name=\"twitter:label1\" content=\"Escrito por\" \/>\n\t<meta name=\"twitter:data1\" content=\"Sidney Rocha\" \/>\n\t<meta name=\"twitter:label2\" content=\"Tempo estimado de leitura\" \/>\n\t<meta name=\"twitter:data2\" content=\"5 minutos\" \/>\n<script type=\"application\/ld+json\" class=\"yoast-schema-graph\">{\"@context\":\"https:\/\/schema.org\",\"@graph\":[{\"@type\":\"Article\",\"@id\":\"https:\/\/seconci.com.br\/site\/2021\/07\/26\/especialistas-defendem-mudanca-da-cultura-de-seguranca-no-trabalho-em-altura\/#article\",\"isPartOf\":{\"@id\":\"https:\/\/seconci.com.br\/site\/2021\/07\/26\/especialistas-defendem-mudanca-da-cultura-de-seguranca-no-trabalho-em-altura\/\"},\"author\":{\"name\":\"Sidney Rocha\",\"@id\":\"https:\/\/seconci.com.br\/site\/#\/schema\/person\/1d79afd97ddc8f2c68c1e88e298aa8e2\"},\"headline\":\"Especialistas defendem mudan\u00e7a da cultura de seguran\u00e7a no trabalho em altura\",\"datePublished\":\"2021-07-26T11:31:07+00:00\",\"mainEntityOfPage\":{\"@id\":\"https:\/\/seconci.com.br\/site\/2021\/07\/26\/especialistas-defendem-mudanca-da-cultura-de-seguranca-no-trabalho-em-altura\/\"},\"wordCount\":956,\"publisher\":{\"@id\":\"https:\/\/seconci.com.br\/site\/#organization\"},\"image\":{\"@id\":\"https:\/\/seconci.com.br\/site\/2021\/07\/26\/especialistas-defendem-mudanca-da-cultura-de-seguranca-no-trabalho-em-altura\/#primaryimage\"},\"thumbnailUrl\":\"https:\/\/seconci.com.br\/site\/wp-content\/uploads\/2021\/07\/screenshot737.jpg\",\"articleSection\":[\"Seconci Brasil\"],\"inLanguage\":\"pt-PT\"},{\"@type\":\"WebPage\",\"@id\":\"https:\/\/seconci.com.br\/site\/2021\/07\/26\/especialistas-defendem-mudanca-da-cultura-de-seguranca-no-trabalho-em-altura\/\",\"url\":\"https:\/\/seconci.com.br\/site\/2021\/07\/26\/especialistas-defendem-mudanca-da-cultura-de-seguranca-no-trabalho-em-altura\/\",\"name\":\"Especialistas defendem mudan\u00e7a da cultura de seguran\u00e7a no trabalho em altura - Seconci Brasil\",\"isPartOf\":{\"@id\":\"https:\/\/seconci.com.br\/site\/#website\"},\"primaryImageOfPage\":{\"@id\":\"https:\/\/seconci.com.br\/site\/2021\/07\/26\/especialistas-defendem-mudanca-da-cultura-de-seguranca-no-trabalho-em-altura\/#primaryimage\"},\"image\":{\"@id\":\"https:\/\/seconci.com.br\/site\/2021\/07\/26\/especialistas-defendem-mudanca-da-cultura-de-seguranca-no-trabalho-em-altura\/#primaryimage\"},\"thumbnailUrl\":\"https:\/\/seconci.com.br\/site\/wp-content\/uploads\/2021\/07\/screenshot737.jpg\",\"datePublished\":\"2021-07-26T11:31:07+00:00\",\"breadcrumb\":{\"@id\":\"https:\/\/seconci.com.br\/site\/2021\/07\/26\/especialistas-defendem-mudanca-da-cultura-de-seguranca-no-trabalho-em-altura\/#breadcrumb\"},\"inLanguage\":\"pt-PT\",\"potentialAction\":[{\"@type\":\"ReadAction\",\"target\":[\"https:\/\/seconci.com.br\/site\/2021\/07\/26\/especialistas-defendem-mudanca-da-cultura-de-seguranca-no-trabalho-em-altura\/\"]}]},{\"@type\":\"ImageObject\",\"inLanguage\":\"pt-PT\",\"@id\":\"https:\/\/seconci.com.br\/site\/2021\/07\/26\/especialistas-defendem-mudanca-da-cultura-de-seguranca-no-trabalho-em-altura\/#primaryimage\",\"url\":\"https:\/\/seconci.com.br\/site\/wp-content\/uploads\/2021\/07\/screenshot737.jpg\",\"contentUrl\":\"https:\/\/seconci.com.br\/site\/wp-content\/uploads\/2021\/07\/screenshot737.jpg\",\"width\":1272,\"height\":714},{\"@type\":\"BreadcrumbList\",\"@id\":\"https:\/\/seconci.com.br\/site\/2021\/07\/26\/especialistas-defendem-mudanca-da-cultura-de-seguranca-no-trabalho-em-altura\/#breadcrumb\",\"itemListElement\":[{\"@type\":\"ListItem\",\"position\":1,\"name\":\"In\u00edcio\",\"item\":\"https:\/\/seconci.com.br\/site\/\"},{\"@type\":\"ListItem\",\"position\":2,\"name\":\"Especialistas defendem mudan\u00e7a da cultura de seguran\u00e7a no trabalho em altura\"}]},{\"@type\":\"WebSite\",\"@id\":\"https:\/\/seconci.com.br\/site\/#website\",\"url\":\"https:\/\/seconci.com.br\/site\/\",\"name\":\"Seconci Brasil\",\"description\":\"\",\"publisher\":{\"@id\":\"https:\/\/seconci.com.br\/site\/#organization\"},\"potentialAction\":[{\"@type\":\"SearchAction\",\"target\":{\"@type\":\"EntryPoint\",\"urlTemplate\":\"https:\/\/seconci.com.br\/site\/?s={search_term_string}\"},\"query-input\":{\"@type\":\"PropertyValueSpecification\",\"valueRequired\":true,\"valueName\":\"search_term_string\"}}],\"inLanguage\":\"pt-PT\"},{\"@type\":\"Organization\",\"@id\":\"https:\/\/seconci.com.br\/site\/#organization\",\"name\":\"Seconci Brasil\",\"url\":\"https:\/\/seconci.com.br\/site\/\",\"logo\":{\"@type\":\"ImageObject\",\"inLanguage\":\"pt-PT\",\"@id\":\"https:\/\/seconci.com.br\/site\/#\/schema\/logo\/image\/\",\"url\":\"https:\/\/seconci.com.br\/site\/wp-content\/uploads\/2024\/08\/Logo-Seconci-Brasil-branca-2.png\",\"contentUrl\":\"https:\/\/seconci.com.br\/site\/wp-content\/uploads\/2024\/08\/Logo-Seconci-Brasil-branca-2.png\",\"width\":1315,\"height\":598,\"caption\":\"Seconci Brasil\"},\"image\":{\"@id\":\"https:\/\/seconci.com.br\/site\/#\/schema\/logo\/image\/\"}},{\"@type\":\"Person\",\"@id\":\"https:\/\/seconci.com.br\/site\/#\/schema\/person\/1d79afd97ddc8f2c68c1e88e298aa8e2\",\"name\":\"Sidney Rocha\",\"description\":\"Comunicador e estagi\u00e1rio do Seconci Brasil.\",\"url\":\"https:\/\/seconci.com.br\/site\/author\/sidney-rocha\/\"}]}<\/script>\n<!-- \/ Yoast SEO plugin. -->","yoast_head_json":{"title":"Especialistas defendem mudan\u00e7a da cultura de seguran\u00e7a no trabalho em altura - Seconci Brasil","robots":{"index":"index","follow":"follow","max-snippet":"max-snippet:-1","max-image-preview":"max-image-preview:large","max-video-preview":"max-video-preview:-1"},"canonical":"https:\/\/seconci.com.br\/site\/2021\/07\/26\/especialistas-defendem-mudanca-da-cultura-de-seguranca-no-trabalho-em-altura\/","og_locale":"pt_PT","og_type":"article","og_title":"Especialistas defendem mudan\u00e7a da cultura de seguran\u00e7a no trabalho em altura - Seconci Brasil","og_description":"Atualizar os cerca de 1,7 mil empres\u00e1rios e profissionais do setor da constru\u00e7\u00e3o ligados \u00e0 \u00e1rea de seguran\u00e7a e sa\u00fade, alcan\u00e7ados na segunda parte do\u00a0Semin\u00e1rio T\u00e9cnico Nacional da Nova NR-18\u00a0sobre trabalho em altura e m\u00e1quinas e equipamentos relacionados \u00e0 nova NR 18, foi o principal objetivo de especialistas sobre o tema. O evento foi realizado [&hellip;]","og_url":"https:\/\/seconci.com.br\/site\/2021\/07\/26\/especialistas-defendem-mudanca-da-cultura-de-seguranca-no-trabalho-em-altura\/","og_site_name":"Seconci Brasil","article_published_time":"2021-07-26T11:31:07+00:00","og_image":[{"width":1272,"height":714,"url":"https:\/\/seconci.com.br\/site\/wp-content\/uploads\/2021\/07\/screenshot737.jpg","type":"image\/jpeg"}],"author":"Sidney Rocha","twitter_card":"summary_large_image","twitter_misc":{"Escrito por":"Sidney Rocha","Tempo estimado de leitura":"5 minutos"},"schema":{"@context":"https:\/\/schema.org","@graph":[{"@type":"Article","@id":"https:\/\/seconci.com.br\/site\/2021\/07\/26\/especialistas-defendem-mudanca-da-cultura-de-seguranca-no-trabalho-em-altura\/#article","isPartOf":{"@id":"https:\/\/seconci.com.br\/site\/2021\/07\/26\/especialistas-defendem-mudanca-da-cultura-de-seguranca-no-trabalho-em-altura\/"},"author":{"name":"Sidney Rocha","@id":"https:\/\/seconci.com.br\/site\/#\/schema\/person\/1d79afd97ddc8f2c68c1e88e298aa8e2"},"headline":"Especialistas defendem mudan\u00e7a da cultura de seguran\u00e7a no trabalho em altura","datePublished":"2021-07-26T11:31:07+00:00","mainEntityOfPage":{"@id":"https:\/\/seconci.com.br\/site\/2021\/07\/26\/especialistas-defendem-mudanca-da-cultura-de-seguranca-no-trabalho-em-altura\/"},"wordCount":956,"publisher":{"@id":"https:\/\/seconci.com.br\/site\/#organization"},"image":{"@id":"https:\/\/seconci.com.br\/site\/2021\/07\/26\/especialistas-defendem-mudanca-da-cultura-de-seguranca-no-trabalho-em-altura\/#primaryimage"},"thumbnailUrl":"https:\/\/seconci.com.br\/site\/wp-content\/uploads\/2021\/07\/screenshot737.jpg","articleSection":["Seconci Brasil"],"inLanguage":"pt-PT"},{"@type":"WebPage","@id":"https:\/\/seconci.com.br\/site\/2021\/07\/26\/especialistas-defendem-mudanca-da-cultura-de-seguranca-no-trabalho-em-altura\/","url":"https:\/\/seconci.com.br\/site\/2021\/07\/26\/especialistas-defendem-mudanca-da-cultura-de-seguranca-no-trabalho-em-altura\/","name":"Especialistas defendem mudan\u00e7a da cultura de seguran\u00e7a no trabalho em altura - Seconci Brasil","isPartOf":{"@id":"https:\/\/seconci.com.br\/site\/#website"},"primaryImageOfPage":{"@id":"https:\/\/seconci.com.br\/site\/2021\/07\/26\/especialistas-defendem-mudanca-da-cultura-de-seguranca-no-trabalho-em-altura\/#primaryimage"},"image":{"@id":"https:\/\/seconci.com.br\/site\/2021\/07\/26\/especialistas-defendem-mudanca-da-cultura-de-seguranca-no-trabalho-em-altura\/#primaryimage"},"thumbnailUrl":"https:\/\/seconci.com.br\/site\/wp-content\/uploads\/2021\/07\/screenshot737.jpg","datePublished":"2021-07-26T11:31:07+00:00","breadcrumb":{"@id":"https:\/\/seconci.com.br\/site\/2021\/07\/26\/especialistas-defendem-mudanca-da-cultura-de-seguranca-no-trabalho-em-altura\/#breadcrumb"},"inLanguage":"pt-PT","potentialAction":[{"@type":"ReadAction","target":["https:\/\/seconci.com.br\/site\/2021\/07\/26\/especialistas-defendem-mudanca-da-cultura-de-seguranca-no-trabalho-em-altura\/"]}]},{"@type":"ImageObject","inLanguage":"pt-PT","@id":"https:\/\/seconci.com.br\/site\/2021\/07\/26\/especialistas-defendem-mudanca-da-cultura-de-seguranca-no-trabalho-em-altura\/#primaryimage","url":"https:\/\/seconci.com.br\/site\/wp-content\/uploads\/2021\/07\/screenshot737.jpg","contentUrl":"https:\/\/seconci.com.br\/site\/wp-content\/uploads\/2021\/07\/screenshot737.jpg","width":1272,"height":714},{"@type":"BreadcrumbList","@id":"https:\/\/seconci.com.br\/site\/2021\/07\/26\/especialistas-defendem-mudanca-da-cultura-de-seguranca-no-trabalho-em-altura\/#breadcrumb","itemListElement":[{"@type":"ListItem","position":1,"name":"In\u00edcio","item":"https:\/\/seconci.com.br\/site\/"},{"@type":"ListItem","position":2,"name":"Especialistas defendem mudan\u00e7a da cultura de seguran\u00e7a no trabalho em altura"}]},{"@type":"WebSite","@id":"https:\/\/seconci.com.br\/site\/#website","url":"https:\/\/seconci.com.br\/site\/","name":"Seconci Brasil","description":"","publisher":{"@id":"https:\/\/seconci.com.br\/site\/#organization"},"potentialAction":[{"@type":"SearchAction","target":{"@type":"EntryPoint","urlTemplate":"https:\/\/seconci.com.br\/site\/?s={search_term_string}"},"query-input":{"@type":"PropertyValueSpecification","valueRequired":true,"valueName":"search_term_string"}}],"inLanguage":"pt-PT"},{"@type":"Organization","@id":"https:\/\/seconci.com.br\/site\/#organization","name":"Seconci Brasil","url":"https:\/\/seconci.com.br\/site\/","logo":{"@type":"ImageObject","inLanguage":"pt-PT","@id":"https:\/\/seconci.com.br\/site\/#\/schema\/logo\/image\/","url":"https:\/\/seconci.com.br\/site\/wp-content\/uploads\/2024\/08\/Logo-Seconci-Brasil-branca-2.png","contentUrl":"https:\/\/seconci.com.br\/site\/wp-content\/uploads\/2024\/08\/Logo-Seconci-Brasil-branca-2.png","width":1315,"height":598,"caption":"Seconci Brasil"},"image":{"@id":"https:\/\/seconci.com.br\/site\/#\/schema\/logo\/image\/"}},{"@type":"Person","@id":"https:\/\/seconci.com.br\/site\/#\/schema\/person\/1d79afd97ddc8f2c68c1e88e298aa8e2","name":"Sidney Rocha","description":"Comunicador e estagi\u00e1rio do Seconci Brasil.","url":"https:\/\/seconci.com.br\/site\/author\/sidney-rocha\/"}]}},"_links":{"self":[{"href":"https:\/\/seconci.com.br\/site\/wp-json\/wp\/v2\/posts\/10936","targetHints":{"allow":["GET"]}}],"collection":[{"href":"https:\/\/seconci.com.br\/site\/wp-json\/wp\/v2\/posts"}],"about":[{"href":"https:\/\/seconci.com.br\/site\/wp-json\/wp\/v2\/types\/post"}],"author":[{"embeddable":true,"href":"https:\/\/seconci.com.br\/site\/wp-json\/wp\/v2\/users\/3"}],"replies":[{"embeddable":true,"href":"https:\/\/seconci.com.br\/site\/wp-json\/wp\/v2\/comments?post=10936"}],"version-history":[{"count":0,"href":"https:\/\/seconci.com.br\/site\/wp-json\/wp\/v2\/posts\/10936\/revisions"}],"wp:featuredmedia":[{"embeddable":true,"href":"https:\/\/seconci.com.br\/site\/wp-json\/wp\/v2\/media\/10937"}],"wp:attachment":[{"href":"https:\/\/seconci.com.br\/site\/wp-json\/wp\/v2\/media?parent=10936"}],"wp:term":[{"taxonomy":"category","embeddable":true,"href":"https:\/\/seconci.com.br\/site\/wp-json\/wp\/v2\/categories?post=10936"},{"taxonomy":"post_tag","embeddable":true,"href":"https:\/\/seconci.com.br\/site\/wp-json\/wp\/v2\/tags?post=10936"}],"curies":[{"name":"wp","href":"https:\/\/api.w.org\/{rel}","templated":true}]}}