{"id":10945,"date":"2021-07-28T11:24:19","date_gmt":"2021-07-28T11:24:19","guid":{"rendered":"https:\/\/seconci.com.br\/site\/?p=10945"},"modified":"2021-07-28T11:24:19","modified_gmt":"2021-07-28T11:24:19","slug":"covid-19-mais-de-85-dos-trabalhadores-do-setor-do-am-ja-foram-vacinados","status":"publish","type":"post","link":"https:\/\/seconci.com.br\/site\/2021\/07\/28\/covid-19-mais-de-85-dos-trabalhadores-do-setor-do-am-ja-foram-vacinados\/","title":{"rendered":"Covid-19: Mais de 85% dos trabalhadores do setor do AM j\u00e1 foram vacinados"},"content":{"rendered":"<p>O Sindicato da Ind\u00fastria da Constru\u00e7\u00e3o Civil do Amazonas (Sinduscon-AM) lan\u00e7ou nesta ter\u00e7a-feira (27\/7) a quarta edi\u00e7\u00e3o da pesquisa\u00a0<a href=\"https:\/\/cbic.org.br\/wp-content\/uploads\/2021\/07\/4-pesquisa-canteiros-de-obras-durante-a-pandemia-no-am.pdf\"><strong>\u201cCanteiros de obras ativos durante a pandemia no Amazonas\u201d<\/strong><\/a>. Al\u00e9m dos n\u00fameros de casos confirmados, interna\u00e7\u00f5es e mortes por Covid-19 de trabalhadores da constru\u00e7\u00e3o, o Sinduscon-AM tamb\u00e9m reuniu dados da cobertura vacinal entre os colaboradores do setor.<\/p>\n<p>De acordo com o levantamento realizado com 13 empresas associadas ao sindicato, dos 1.159 trabalhadores ativos, 992 j\u00e1 receberam a primeira dose da vacina contra covid-19, o que representa 85,6% do total de trabalhadores registrados.<\/p>\n<p>O Sinduscon-AM ressalta que das 13 empresas ouvidas, seis informaram que 100% dos colaboradores j\u00e1 receberam a primeira dose da vacina. A pesquisa registrou tamb\u00e9m que 345 j\u00e1 tomaram a segunda dose, representando 29,8% do total de colaboradores.<\/p>\n<h3><strong>Queda de interna\u00e7\u00f5es<\/strong><\/h3>\n<p>Nesta quarta edi\u00e7\u00e3o, o Sinduscon-AM notou que houve uma redu\u00e7\u00e3o de 47,8% de interna\u00e7\u00f5es por Covid-19 entre os trabalhadores. Na \u00faltima pesquisa, divulgada em janeiro de 2021, o n\u00famero de interna\u00e7\u00f5es era de 23, agora este n\u00famero caiu para 12 internados.<\/p>\n<h3><strong>Trabalhadores ativos<\/strong><\/h3>\n<p>A pesquisa registrou tamb\u00e9m que apenas 33 trabalhadores foram afastados durante o primeiro semestre de 2021. Ou seja, apenas 2,84% do total de trabalhadores (1.159) ativos.<\/p>\n<p>Esse n\u00famero tamb\u00e9m \u00e9 positivo se comparado ao n\u00famero divulgado na pesquisa do in\u00edcio do ano, que registrou o afastamento de 111 trabalhadores durante o ano de 2020.<\/p>\n<p>O principal motivo de afastamento alegado pelas empresas foi que os colaboradores apresentaram sintomas de Covid-19. Mas tamb\u00e9m foram registrados outros motivos: acidente dom\u00e9stico, outras quest\u00f5es de sa\u00fade, ou por morarem com parentes que testaram positivo para Covid-19.<\/p>\n<h3><strong>\u00d3bitos est\u00e1veis<\/strong><\/h3>\n<p>Desde a primeira edi\u00e7\u00e3o da pesquisa realizada entre maio de 2020 e julho de 2021, o Sinduscon-AM registrou apenas dois \u00f3bitos por Covid-19 nos canteiros de obras do Amazonas.<\/p>\n","protected":false},"excerpt":{"rendered":"<p>O Sindicato da Ind\u00fastria da Constru\u00e7\u00e3o Civil do Amazonas (Sinduscon-AM) lan\u00e7ou nesta ter\u00e7a-feira (27\/7) a quarta edi\u00e7\u00e3o da pesquisa\u00a0\u201cCanteiros de obras ativos durante a pandemia no Amazonas\u201d. Al\u00e9m dos n\u00fameros de casos confirmados, interna\u00e7\u00f5es e mortes por Covid-19 de trabalhadores da constru\u00e7\u00e3o, o Sinduscon-AM tamb\u00e9m reuniu dados da cobertura vacinal entre os colaboradores do setor. [&hellip;]<\/p>\n","protected":false},"author":3,"featured_media":10946,"comment_status":"closed","ping_status":"closed","sticky":false,"template":"","format":"standard","meta":{"footnotes":""},"categories":[92],"tags":[],"class_list":["post-10945","post","type-post","status-publish","format-standard","has-post-thumbnail","hentry","category-seconci-brasil"],"yoast_head":"<!-- This site is optimized with the Yoast SEO plugin v26.9 - https:\/\/yoast.com\/product\/yoast-seo-wordpress\/ -->\n<title>Covid-19: Mais de 85% dos trabalhadores do setor do AM j\u00e1 foram vacinados - Seconci Brasil<\/title>\n<meta name=\"robots\" content=\"index, follow, max-snippet:-1, max-image-preview:large, max-video-preview:-1\" \/>\n<link rel=\"canonical\" href=\"https:\/\/seconci.com.br\/site\/2021\/07\/28\/covid-19-mais-de-85-dos-trabalhadores-do-setor-do-am-ja-foram-vacinados\/\" \/>\n<meta property=\"og:locale\" content=\"pt_PT\" \/>\n<meta property=\"og:type\" content=\"article\" \/>\n<meta property=\"og:title\" content=\"Covid-19: Mais de 85% dos trabalhadores do setor do AM j\u00e1 foram vacinados - Seconci Brasil\" \/>\n<meta property=\"og:description\" content=\"O Sindicato da Ind\u00fastria da Constru\u00e7\u00e3o Civil do Amazonas (Sinduscon-AM) lan\u00e7ou nesta ter\u00e7a-feira (27\/7) a quarta edi\u00e7\u00e3o da pesquisa\u00a0\u201cCanteiros de obras ativos durante a pandemia no Amazonas\u201d. Al\u00e9m dos n\u00fameros de casos confirmados, interna\u00e7\u00f5es e mortes por Covid-19 de trabalhadores da constru\u00e7\u00e3o, o Sinduscon-AM tamb\u00e9m reuniu dados da cobertura vacinal entre os colaboradores do setor. [&hellip;]\" \/>\n<meta property=\"og:url\" content=\"https:\/\/seconci.com.br\/site\/2021\/07\/28\/covid-19-mais-de-85-dos-trabalhadores-do-setor-do-am-ja-foram-vacinados\/\" \/>\n<meta property=\"og:site_name\" content=\"Seconci Brasil\" \/>\n<meta property=\"article:published_time\" content=\"2021-07-28T11:24:19+00:00\" \/>\n<meta property=\"og:image\" content=\"https:\/\/seconci.com.br\/site\/wp-content\/uploads\/2021\/07\/foto-reproducao.jpg\" \/>\n\t<meta property=\"og:image:width\" content=\"864\" \/>\n\t<meta property=\"og:image:height\" content=\"486\" \/>\n\t<meta property=\"og:image:type\" content=\"image\/jpeg\" \/>\n<meta name=\"author\" content=\"Sidney Rocha\" \/>\n<meta name=\"twitter:card\" content=\"summary_large_image\" \/>\n<meta name=\"twitter:label1\" content=\"Escrito por\" \/>\n\t<meta name=\"twitter:data1\" content=\"Sidney Rocha\" \/>\n\t<meta name=\"twitter:label2\" content=\"Tempo estimado de leitura\" \/>\n\t<meta name=\"twitter:data2\" content=\"2 minutos\" \/>\n<script type=\"application\/ld+json\" class=\"yoast-schema-graph\">{\"@context\":\"https:\/\/schema.org\",\"@graph\":[{\"@type\":\"Article\",\"@id\":\"https:\/\/seconci.com.br\/site\/2021\/07\/28\/covid-19-mais-de-85-dos-trabalhadores-do-setor-do-am-ja-foram-vacinados\/#article\",\"isPartOf\":{\"@id\":\"https:\/\/seconci.com.br\/site\/2021\/07\/28\/covid-19-mais-de-85-dos-trabalhadores-do-setor-do-am-ja-foram-vacinados\/\"},\"author\":{\"name\":\"Sidney Rocha\",\"@id\":\"https:\/\/seconci.com.br\/site\/#\/schema\/person\/1d79afd97ddc8f2c68c1e88e298aa8e2\"},\"headline\":\"Covid-19: Mais de 85% dos trabalhadores do setor do AM j\u00e1 foram vacinados\",\"datePublished\":\"2021-07-28T11:24:19+00:00\",\"mainEntityOfPage\":{\"@id\":\"https:\/\/seconci.com.br\/site\/2021\/07\/28\/covid-19-mais-de-85-dos-trabalhadores-do-setor-do-am-ja-foram-vacinados\/\"},\"wordCount\":317,\"publisher\":{\"@id\":\"https:\/\/seconci.com.br\/site\/#organization\"},\"image\":{\"@id\":\"https:\/\/seconci.com.br\/site\/2021\/07\/28\/covid-19-mais-de-85-dos-trabalhadores-do-setor-do-am-ja-foram-vacinados\/#primaryimage\"},\"thumbnailUrl\":\"https:\/\/seconci.com.br\/site\/wp-content\/uploads\/2021\/07\/foto-reproducao.jpg\",\"articleSection\":[\"Seconci Brasil\"],\"inLanguage\":\"pt-PT\"},{\"@type\":\"WebPage\",\"@id\":\"https:\/\/seconci.com.br\/site\/2021\/07\/28\/covid-19-mais-de-85-dos-trabalhadores-do-setor-do-am-ja-foram-vacinados\/\",\"url\":\"https:\/\/seconci.com.br\/site\/2021\/07\/28\/covid-19-mais-de-85-dos-trabalhadores-do-setor-do-am-ja-foram-vacinados\/\",\"name\":\"Covid-19: Mais de 85% dos trabalhadores do setor do AM j\u00e1 foram vacinados - Seconci Brasil\",\"isPartOf\":{\"@id\":\"https:\/\/seconci.com.br\/site\/#website\"},\"primaryImageOfPage\":{\"@id\":\"https:\/\/seconci.com.br\/site\/2021\/07\/28\/covid-19-mais-de-85-dos-trabalhadores-do-setor-do-am-ja-foram-vacinados\/#primaryimage\"},\"image\":{\"@id\":\"https:\/\/seconci.com.br\/site\/2021\/07\/28\/covid-19-mais-de-85-dos-trabalhadores-do-setor-do-am-ja-foram-vacinados\/#primaryimage\"},\"thumbnailUrl\":\"https:\/\/seconci.com.br\/site\/wp-content\/uploads\/2021\/07\/foto-reproducao.jpg\",\"datePublished\":\"2021-07-28T11:24:19+00:00\",\"breadcrumb\":{\"@id\":\"https:\/\/seconci.com.br\/site\/2021\/07\/28\/covid-19-mais-de-85-dos-trabalhadores-do-setor-do-am-ja-foram-vacinados\/#breadcrumb\"},\"inLanguage\":\"pt-PT\",\"potentialAction\":[{\"@type\":\"ReadAction\",\"target\":[\"https:\/\/seconci.com.br\/site\/2021\/07\/28\/covid-19-mais-de-85-dos-trabalhadores-do-setor-do-am-ja-foram-vacinados\/\"]}]},{\"@type\":\"ImageObject\",\"inLanguage\":\"pt-PT\",\"@id\":\"https:\/\/seconci.com.br\/site\/2021\/07\/28\/covid-19-mais-de-85-dos-trabalhadores-do-setor-do-am-ja-foram-vacinados\/#primaryimage\",\"url\":\"https:\/\/seconci.com.br\/site\/wp-content\/uploads\/2021\/07\/foto-reproducao.jpg\",\"contentUrl\":\"https:\/\/seconci.com.br\/site\/wp-content\/uploads\/2021\/07\/foto-reproducao.jpg\",\"width\":864,\"height\":486},{\"@type\":\"BreadcrumbList\",\"@id\":\"https:\/\/seconci.com.br\/site\/2021\/07\/28\/covid-19-mais-de-85-dos-trabalhadores-do-setor-do-am-ja-foram-vacinados\/#breadcrumb\",\"itemListElement\":[{\"@type\":\"ListItem\",\"position\":1,\"name\":\"In\u00edcio\",\"item\":\"https:\/\/seconci.com.br\/site\/\"},{\"@type\":\"ListItem\",\"position\":2,\"name\":\"Covid-19: Mais de 85% dos trabalhadores do setor do AM j\u00e1 foram vacinados\"}]},{\"@type\":\"WebSite\",\"@id\":\"https:\/\/seconci.com.br\/site\/#website\",\"url\":\"https:\/\/seconci.com.br\/site\/\",\"name\":\"Seconci Brasil\",\"description\":\"\",\"publisher\":{\"@id\":\"https:\/\/seconci.com.br\/site\/#organization\"},\"potentialAction\":[{\"@type\":\"SearchAction\",\"target\":{\"@type\":\"EntryPoint\",\"urlTemplate\":\"https:\/\/seconci.com.br\/site\/?s={search_term_string}\"},\"query-input\":{\"@type\":\"PropertyValueSpecification\",\"valueRequired\":true,\"valueName\":\"search_term_string\"}}],\"inLanguage\":\"pt-PT\"},{\"@type\":\"Organization\",\"@id\":\"https:\/\/seconci.com.br\/site\/#organization\",\"name\":\"Seconci Brasil\",\"url\":\"https:\/\/seconci.com.br\/site\/\",\"logo\":{\"@type\":\"ImageObject\",\"inLanguage\":\"pt-PT\",\"@id\":\"https:\/\/seconci.com.br\/site\/#\/schema\/logo\/image\/\",\"url\":\"https:\/\/seconci.com.br\/site\/wp-content\/uploads\/2024\/08\/Logo-Seconci-Brasil-branca-2.png\",\"contentUrl\":\"https:\/\/seconci.com.br\/site\/wp-content\/uploads\/2024\/08\/Logo-Seconci-Brasil-branca-2.png\",\"width\":1315,\"height\":598,\"caption\":\"Seconci Brasil\"},\"image\":{\"@id\":\"https:\/\/seconci.com.br\/site\/#\/schema\/logo\/image\/\"}},{\"@type\":\"Person\",\"@id\":\"https:\/\/seconci.com.br\/site\/#\/schema\/person\/1d79afd97ddc8f2c68c1e88e298aa8e2\",\"name\":\"Sidney Rocha\",\"description\":\"Comunicador e estagi\u00e1rio do Seconci Brasil.\",\"url\":\"https:\/\/seconci.com.br\/site\/author\/sidney-rocha\/\"}]}<\/script>\n<!-- \/ Yoast SEO plugin. -->","yoast_head_json":{"title":"Covid-19: Mais de 85% dos trabalhadores do setor do AM j\u00e1 foram vacinados - Seconci Brasil","robots":{"index":"index","follow":"follow","max-snippet":"max-snippet:-1","max-image-preview":"max-image-preview:large","max-video-preview":"max-video-preview:-1"},"canonical":"https:\/\/seconci.com.br\/site\/2021\/07\/28\/covid-19-mais-de-85-dos-trabalhadores-do-setor-do-am-ja-foram-vacinados\/","og_locale":"pt_PT","og_type":"article","og_title":"Covid-19: Mais de 85% dos trabalhadores do setor do AM j\u00e1 foram vacinados - Seconci Brasil","og_description":"O Sindicato da Ind\u00fastria da Constru\u00e7\u00e3o Civil do Amazonas (Sinduscon-AM) lan\u00e7ou nesta ter\u00e7a-feira (27\/7) a quarta edi\u00e7\u00e3o da pesquisa\u00a0\u201cCanteiros de obras ativos durante a pandemia no Amazonas\u201d. Al\u00e9m dos n\u00fameros de casos confirmados, interna\u00e7\u00f5es e mortes por Covid-19 de trabalhadores da constru\u00e7\u00e3o, o Sinduscon-AM tamb\u00e9m reuniu dados da cobertura vacinal entre os colaboradores do setor. [&hellip;]","og_url":"https:\/\/seconci.com.br\/site\/2021\/07\/28\/covid-19-mais-de-85-dos-trabalhadores-do-setor-do-am-ja-foram-vacinados\/","og_site_name":"Seconci Brasil","article_published_time":"2021-07-28T11:24:19+00:00","og_image":[{"width":864,"height":486,"url":"https:\/\/seconci.com.br\/site\/wp-content\/uploads\/2021\/07\/foto-reproducao.jpg","type":"image\/jpeg"}],"author":"Sidney Rocha","twitter_card":"summary_large_image","twitter_misc":{"Escrito por":"Sidney Rocha","Tempo estimado de leitura":"2 minutos"},"schema":{"@context":"https:\/\/schema.org","@graph":[{"@type":"Article","@id":"https:\/\/seconci.com.br\/site\/2021\/07\/28\/covid-19-mais-de-85-dos-trabalhadores-do-setor-do-am-ja-foram-vacinados\/#article","isPartOf":{"@id":"https:\/\/seconci.com.br\/site\/2021\/07\/28\/covid-19-mais-de-85-dos-trabalhadores-do-setor-do-am-ja-foram-vacinados\/"},"author":{"name":"Sidney Rocha","@id":"https:\/\/seconci.com.br\/site\/#\/schema\/person\/1d79afd97ddc8f2c68c1e88e298aa8e2"},"headline":"Covid-19: Mais de 85% dos trabalhadores do setor do AM j\u00e1 foram vacinados","datePublished":"2021-07-28T11:24:19+00:00","mainEntityOfPage":{"@id":"https:\/\/seconci.com.br\/site\/2021\/07\/28\/covid-19-mais-de-85-dos-trabalhadores-do-setor-do-am-ja-foram-vacinados\/"},"wordCount":317,"publisher":{"@id":"https:\/\/seconci.com.br\/site\/#organization"},"image":{"@id":"https:\/\/seconci.com.br\/site\/2021\/07\/28\/covid-19-mais-de-85-dos-trabalhadores-do-setor-do-am-ja-foram-vacinados\/#primaryimage"},"thumbnailUrl":"https:\/\/seconci.com.br\/site\/wp-content\/uploads\/2021\/07\/foto-reproducao.jpg","articleSection":["Seconci Brasil"],"inLanguage":"pt-PT"},{"@type":"WebPage","@id":"https:\/\/seconci.com.br\/site\/2021\/07\/28\/covid-19-mais-de-85-dos-trabalhadores-do-setor-do-am-ja-foram-vacinados\/","url":"https:\/\/seconci.com.br\/site\/2021\/07\/28\/covid-19-mais-de-85-dos-trabalhadores-do-setor-do-am-ja-foram-vacinados\/","name":"Covid-19: Mais de 85% dos trabalhadores do setor do AM j\u00e1 foram vacinados - Seconci Brasil","isPartOf":{"@id":"https:\/\/seconci.com.br\/site\/#website"},"primaryImageOfPage":{"@id":"https:\/\/seconci.com.br\/site\/2021\/07\/28\/covid-19-mais-de-85-dos-trabalhadores-do-setor-do-am-ja-foram-vacinados\/#primaryimage"},"image":{"@id":"https:\/\/seconci.com.br\/site\/2021\/07\/28\/covid-19-mais-de-85-dos-trabalhadores-do-setor-do-am-ja-foram-vacinados\/#primaryimage"},"thumbnailUrl":"https:\/\/seconci.com.br\/site\/wp-content\/uploads\/2021\/07\/foto-reproducao.jpg","datePublished":"2021-07-28T11:24:19+00:00","breadcrumb":{"@id":"https:\/\/seconci.com.br\/site\/2021\/07\/28\/covid-19-mais-de-85-dos-trabalhadores-do-setor-do-am-ja-foram-vacinados\/#breadcrumb"},"inLanguage":"pt-PT","potentialAction":[{"@type":"ReadAction","target":["https:\/\/seconci.com.br\/site\/2021\/07\/28\/covid-19-mais-de-85-dos-trabalhadores-do-setor-do-am-ja-foram-vacinados\/"]}]},{"@type":"ImageObject","inLanguage":"pt-PT","@id":"https:\/\/seconci.com.br\/site\/2021\/07\/28\/covid-19-mais-de-85-dos-trabalhadores-do-setor-do-am-ja-foram-vacinados\/#primaryimage","url":"https:\/\/seconci.com.br\/site\/wp-content\/uploads\/2021\/07\/foto-reproducao.jpg","contentUrl":"https:\/\/seconci.com.br\/site\/wp-content\/uploads\/2021\/07\/foto-reproducao.jpg","width":864,"height":486},{"@type":"BreadcrumbList","@id":"https:\/\/seconci.com.br\/site\/2021\/07\/28\/covid-19-mais-de-85-dos-trabalhadores-do-setor-do-am-ja-foram-vacinados\/#breadcrumb","itemListElement":[{"@type":"ListItem","position":1,"name":"In\u00edcio","item":"https:\/\/seconci.com.br\/site\/"},{"@type":"ListItem","position":2,"name":"Covid-19: Mais de 85% dos trabalhadores do setor do AM j\u00e1 foram vacinados"}]},{"@type":"WebSite","@id":"https:\/\/seconci.com.br\/site\/#website","url":"https:\/\/seconci.com.br\/site\/","name":"Seconci Brasil","description":"","publisher":{"@id":"https:\/\/seconci.com.br\/site\/#organization"},"potentialAction":[{"@type":"SearchAction","target":{"@type":"EntryPoint","urlTemplate":"https:\/\/seconci.com.br\/site\/?s={search_term_string}"},"query-input":{"@type":"PropertyValueSpecification","valueRequired":true,"valueName":"search_term_string"}}],"inLanguage":"pt-PT"},{"@type":"Organization","@id":"https:\/\/seconci.com.br\/site\/#organization","name":"Seconci Brasil","url":"https:\/\/seconci.com.br\/site\/","logo":{"@type":"ImageObject","inLanguage":"pt-PT","@id":"https:\/\/seconci.com.br\/site\/#\/schema\/logo\/image\/","url":"https:\/\/seconci.com.br\/site\/wp-content\/uploads\/2024\/08\/Logo-Seconci-Brasil-branca-2.png","contentUrl":"https:\/\/seconci.com.br\/site\/wp-content\/uploads\/2024\/08\/Logo-Seconci-Brasil-branca-2.png","width":1315,"height":598,"caption":"Seconci Brasil"},"image":{"@id":"https:\/\/seconci.com.br\/site\/#\/schema\/logo\/image\/"}},{"@type":"Person","@id":"https:\/\/seconci.com.br\/site\/#\/schema\/person\/1d79afd97ddc8f2c68c1e88e298aa8e2","name":"Sidney Rocha","description":"Comunicador e estagi\u00e1rio do Seconci Brasil.","url":"https:\/\/seconci.com.br\/site\/author\/sidney-rocha\/"}]}},"_links":{"self":[{"href":"https:\/\/seconci.com.br\/site\/wp-json\/wp\/v2\/posts\/10945","targetHints":{"allow":["GET"]}}],"collection":[{"href":"https:\/\/seconci.com.br\/site\/wp-json\/wp\/v2\/posts"}],"about":[{"href":"https:\/\/seconci.com.br\/site\/wp-json\/wp\/v2\/types\/post"}],"author":[{"embeddable":true,"href":"https:\/\/seconci.com.br\/site\/wp-json\/wp\/v2\/users\/3"}],"replies":[{"embeddable":true,"href":"https:\/\/seconci.com.br\/site\/wp-json\/wp\/v2\/comments?post=10945"}],"version-history":[{"count":0,"href":"https:\/\/seconci.com.br\/site\/wp-json\/wp\/v2\/posts\/10945\/revisions"}],"wp:featuredmedia":[{"embeddable":true,"href":"https:\/\/seconci.com.br\/site\/wp-json\/wp\/v2\/media\/10946"}],"wp:attachment":[{"href":"https:\/\/seconci.com.br\/site\/wp-json\/wp\/v2\/media?parent=10945"}],"wp:term":[{"taxonomy":"category","embeddable":true,"href":"https:\/\/seconci.com.br\/site\/wp-json\/wp\/v2\/categories?post=10945"},{"taxonomy":"post_tag","embeddable":true,"href":"https:\/\/seconci.com.br\/site\/wp-json\/wp\/v2\/tags?post=10945"}],"curies":[{"name":"wp","href":"https:\/\/api.w.org\/{rel}","templated":true}]}}