{"id":10951,"date":"2021-07-28T12:21:22","date_gmt":"2021-07-28T12:21:22","guid":{"rendered":"https:\/\/seconci.com.br\/site\/?p=10951"},"modified":"2021-07-28T12:21:22","modified_gmt":"2021-07-28T12:21:22","slug":"em-sp-entidades-lancam-campanha-para-prevencao-contra-covid-19-em-canteiros","status":"publish","type":"post","link":"https:\/\/seconci.com.br\/site\/2021\/07\/28\/em-sp-entidades-lancam-campanha-para-prevencao-contra-covid-19-em-canteiros\/","title":{"rendered":"Em SP, entidades lan\u00e7am campanha para preven\u00e7\u00e3o contra Covid-19 em canteiros"},"content":{"rendered":"<p><em>Campanha disponibiliza um cartaz que atribui a queda no \u00edndice de contamina\u00e7\u00f5es nos canteiros \u00e0 conscientiza\u00e7\u00e3o dos trabalhadores e \u00e0 implementa\u00e7\u00e3o das medidas sanit\u00e1rias<\/em><\/p>\n<article class=\"col-12 col-lg-7\">\n<div class=\"ng-tns-c13-3 ng-star-inserted\">\n<div class=\"bx-materia\">\n<p>A 60\u00aa edi\u00e7\u00e3o da pesquisa\u00a0<strong>\u201cConhecendo as A\u00e7\u00f5es das Construtoras Paulistas no Combate \u00e0 Covid-19\u201d<\/strong>, divulgada pelo\u00a0<strong>SindusCon-SP<\/strong>\u00a0e\u00a0<strong>Seconci-SP<\/strong>, registrou que o n\u00famero de casos confirmados da doen\u00e7a nos canteiros de obras do Estado de S\u00e3o Paulo passou de 0,15% para 0,11% do total de trabalhadores. Os casos suspeitos oscilaram de 0,29% para 0,30%.<\/p>\n<p>Esta rodada do levantamento teve a participa\u00e7\u00e3o de 50 empresas, respons\u00e1veis por 577 obras, que totalizam 37.149 empregos diretos e terceirizados. A apura\u00e7\u00e3o ocorreu entre 8 e 14 de julho.<\/p>\n<p>Ap\u00f3s 11 semanas sem contabilizar \u00f3bitos, uma morte foi registrada em S\u00e3o Jos\u00e9 dos Campos. Dois trabalhadores estavam em interna\u00e7\u00e3o hospitalar.<\/p>\n<p>No per\u00edodo, foi constatada a exist\u00eancia de 577 obras em andamento e nenhuma parada, com 98% do pessoal operando de maneira ativa. Todas as empresas adotam medidas como aferi\u00e7\u00e3o de temperatura corporal, higieniza\u00e7\u00e3o das m\u00e3os, orienta\u00e7\u00f5es di\u00e1rias sobre preven\u00e7\u00e3o e demarca\u00e7\u00e3o de \u00e1reas de viv\u00eancia.<\/p>\n<p>Al\u00e9m disso, 94% fornecem m\u00e1scaras para o transporte e para utiliza\u00e7\u00e3o na obra, realizam limpeza de EPIs e ferramentas e instituem hor\u00e1rios escalonados para entrada, sa\u00edda e refei\u00e7\u00f5es; e 88% delas realizam outras pr\u00e1ticas para a preven\u00e7\u00e3o da contamina\u00e7\u00e3o entre os trabalhadores e a comunidade. A distribui\u00e7\u00e3o de informativos eletr\u00f4nicos de orienta\u00e7\u00e3o \u00e9 pr\u00e1tica realizada por 83% das empresas.<\/p>\n<p>Yorki Estefan, presidente interino do SindusCon-SP, e Haruo Ishikawa, presidente do Seconci-SP (Servi\u00e7o Social da Constru\u00e7\u00e3o), reiteram a necessidade de refor\u00e7o das medidas de prote\u00e7\u00e3o, ante a confirma\u00e7\u00e3o da circula\u00e7\u00e3o da variante delta da Covid-19, mais transmiss\u00edvel.<\/p>\n<p>Para isso, o SindusCon-SP, o Seconci-SP (Servi\u00e7o Social da Constru\u00e7\u00e3o) e as demais entidades de empresas e de trabalhadores da constru\u00e7\u00e3o paulista lan\u00e7aram uma nova campanha de refor\u00e7o \u00e0s medidas de preven\u00e7\u00e3o contra a Covid-19 nos canteiros de obras.<\/p>\n<p>Sob o t\u00edtulo \u201cO bom exemplo da Constru\u00e7\u00e3o\u201d, a campanha disponibiliza um cartaz que atribui a queda no \u00edndice de contamina\u00e7\u00f5es nos canteiros \u00e0 \u201cgrande conscientiza\u00e7\u00e3o dos trabalhadores e \u00e0 implementa\u00e7\u00e3o das medidas sanit\u00e1rias feitas pelas construtoras\u201d. Acesse o cartaz, clicando\u00a0<a href=\"http:\/\/www.seconci-sp.org.br\/\" target=\"_blank\" rel=\"noopener noreferrer\">aqui<\/a>.<\/p>\n<p>Para participar da pesquisa \u201cConhecendo as A\u00e7\u00f5es das Construtoras Paulistas no Combate \u00e0 Covid-19\u201d, os interessados devem enviar um e-mail para pesquisacovid-19@seconci-sp.org.br. A entidade entrar\u00e1 em contato para a inclus\u00e3o da empresa na enquete, garantindo total sigilo sobre as informa\u00e7\u00f5es.<\/p>\n<p>Veja o relat\u00f3rio completo das\u00a0<a href=\"http:\/\/www.seconci-sp.org.br\/midia\/132709194139812799.PDF\" target=\"_blank\" rel=\"noopener noreferrer\">cinco<\/a>\u00a0\u00faltimas rodadas da pesquisa<\/p>\n<p>Veja o relat\u00f3rio completo da\u00a0<a href=\"http:\/\/www.seconci-sp.org.br\/midia\/132709194397003671.pdf\" target=\"_blank\" rel=\"noopener noreferrer\">51\u00aa \u00e0 55\u00aa<\/a>\u00a0rodada da pesquisa<\/p>\n<p>Veja o relat\u00f3rio completo da\u00a0<a href=\"http:\/\/www.seconci-sp.org.br\/midia\/132709194618256407.pdf\" target=\"_blank\" rel=\"noopener noreferrer\">46\u00aa \u00e0 50\u00aa\u00a0<\/a>rodada da pesquisa<\/p>\n<p>Veja o relat\u00f3rio completo da\u00a0<a href=\"http:\/\/www.seconci-sp.org.br\/midia\/132709194772477148.pdf\" target=\"_blank\" rel=\"noopener noreferrer\">41\u00aa \u00e0 45\u00aa\u00a0<\/a>rodada da pesquisa<\/p>\n<p>Veja o relat\u00f3rio completo da\u00a0<a href=\"http:\/\/www.seconci-sp.org.br\/midia\/132709195942958026.pdf\" target=\"_blank\" rel=\"noopener noreferrer\">36\u00aa \u00e0 40\u00aa<\/a>\u00a0rodada da pesquisa<\/p>\n<p>Veja o relat\u00f3rio completo da\u00a0<a href=\"http:\/\/www.seconci-sp.org.br\/midia\/132709196161709559.pdf\" target=\"_blank\" rel=\"noopener noreferrer\">31\u00aa \u00e0 35\u00aa<\/a>\u00a0rodada da pesquisa<\/p>\n<p>Veja o relat\u00f3rio completo da\u00a0<a href=\"http:\/\/www.seconci-sp.org.br\/midia\/132709197151874060.pdf\" target=\"_blank\" rel=\"noopener noreferrer\">25\u00aa \u00e0 30\u00aa\u00a0<\/a>rodada da pesquisa<\/p>\n<p>Veja o relat\u00f3rio completo da\u00a0<a href=\"http:\/\/www.seconci-sp.org.br\/midia\/132612562848059483.pdf\" target=\"_blank\" rel=\"noopener noreferrer\">19\u00aa \u00e0 24\u00aa<\/a>\u00a0rodada da pesquisa<\/p>\n<p>Veja o relat\u00f3rio completo da\u00a0<a href=\"http:\/\/www.seconci-sp.org.br\/midia\/132612563040560434.pdf\" target=\"_blank\" rel=\"noopener noreferrer\">13\u00aa \u00e0 18\u00aa<\/a>\u00a0rodada da pesquisa<\/p>\n<p>Veja o relat\u00f3rio completo da\u00a0<a href=\"http:\/\/www.seconci-sp.org.br\/midia\/132576161977016709.pdf\" target=\"_blank\" rel=\"noopener noreferrer\">7\u00aa \u00e0 12\u00aa<\/a>\u00a0rodada da pesquisa<\/p>\n<p>Veja o relat\u00f3rio completo das\u00a0<a href=\"http:\/\/www.seconci-sp.org.br\/midia\/132576161173890749.pdf\" target=\"_blank\" rel=\"noopener noreferrer\">seis<\/a>\u00a0primeiras rodadas da pesquisa.<\/p>\n<p>&nbsp;<\/p>\n<\/div>\n<\/div>\n<\/article>\n<div class=\"col-12 col-lg-5\">\n<div class=\"row\">\n<aside class=\"col-12 col-lg-7 p-0\">\n<section class=\"sec-compDestaques\">\n<div class=\"bx-compDestaques row no-gutters\"><em>Fonte: Portal AEC Web<\/em><\/div>\n<\/section>\n<\/aside>\n<\/div>\n<\/div>\n","protected":false},"excerpt":{"rendered":"<p>Campanha disponibiliza um cartaz que atribui a queda no \u00edndice de contamina\u00e7\u00f5es nos canteiros \u00e0 conscientiza\u00e7\u00e3o dos trabalhadores e \u00e0 implementa\u00e7\u00e3o das medidas sanit\u00e1rias A 60\u00aa edi\u00e7\u00e3o da pesquisa\u00a0\u201cConhecendo as A\u00e7\u00f5es das Construtoras Paulistas no Combate \u00e0 Covid-19\u201d, divulgada pelo\u00a0SindusCon-SP\u00a0e\u00a0Seconci-SP, registrou que o n\u00famero de casos confirmados da doen\u00e7a nos canteiros de obras do Estado [&hellip;]<\/p>\n","protected":false},"author":3,"featured_media":10632,"comment_status":"closed","ping_status":"closed","sticky":false,"template":"","format":"standard","meta":{"footnotes":""},"categories":[87],"tags":[],"class_list":["post-10951","post","type-post","status-publish","format-standard","has-post-thumbnail","hentry","category-seconci-sao-paulo"],"yoast_head":"<!-- This site is optimized with the Yoast SEO plugin v26.9 - https:\/\/yoast.com\/product\/yoast-seo-wordpress\/ -->\n<title>Em SP, entidades lan\u00e7am campanha para preven\u00e7\u00e3o contra Covid-19 em canteiros - Seconci Brasil<\/title>\n<meta name=\"robots\" content=\"index, follow, max-snippet:-1, max-image-preview:large, max-video-preview:-1\" \/>\n<link rel=\"canonical\" href=\"https:\/\/seconci.com.br\/site\/2021\/07\/28\/em-sp-entidades-lancam-campanha-para-prevencao-contra-covid-19-em-canteiros\/\" \/>\n<meta property=\"og:locale\" content=\"pt_PT\" \/>\n<meta property=\"og:type\" content=\"article\" \/>\n<meta property=\"og:title\" content=\"Em SP, entidades lan\u00e7am campanha para preven\u00e7\u00e3o contra Covid-19 em canteiros - Seconci Brasil\" \/>\n<meta property=\"og:description\" content=\"Campanha disponibiliza um cartaz que atribui a queda no \u00edndice de contamina\u00e7\u00f5es nos canteiros \u00e0 conscientiza\u00e7\u00e3o dos trabalhadores e \u00e0 implementa\u00e7\u00e3o das medidas sanit\u00e1rias A 60\u00aa edi\u00e7\u00e3o da pesquisa\u00a0\u201cConhecendo as A\u00e7\u00f5es das Construtoras Paulistas no Combate \u00e0 Covid-19\u201d, divulgada pelo\u00a0SindusCon-SP\u00a0e\u00a0Seconci-SP, registrou que o n\u00famero de casos confirmados da doen\u00e7a nos canteiros de obras do Estado [&hellip;]\" \/>\n<meta property=\"og:url\" content=\"https:\/\/seconci.com.br\/site\/2021\/07\/28\/em-sp-entidades-lancam-campanha-para-prevencao-contra-covid-19-em-canteiros\/\" \/>\n<meta property=\"og:site_name\" content=\"Seconci Brasil\" \/>\n<meta property=\"article:published_time\" content=\"2021-07-28T12:21:22+00:00\" \/>\n<meta property=\"og:image\" content=\"https:\/\/seconci.com.br\/site\/wp-content\/uploads\/2021\/04\/whatsapp-image-2021-03-08-at-191106-1.jpeg\" \/>\n\t<meta property=\"og:image:width\" content=\"748\" \/>\n\t<meta property=\"og:image:height\" content=\"331\" \/>\n\t<meta property=\"og:image:type\" content=\"image\/jpeg\" \/>\n<meta name=\"author\" content=\"Sidney Rocha\" \/>\n<meta name=\"twitter:card\" content=\"summary_large_image\" \/>\n<meta name=\"twitter:label1\" content=\"Escrito por\" \/>\n\t<meta name=\"twitter:data1\" content=\"Sidney Rocha\" \/>\n\t<meta name=\"twitter:label2\" content=\"Tempo estimado de leitura\" \/>\n\t<meta name=\"twitter:data2\" content=\"3 minutos\" \/>\n<script type=\"application\/ld+json\" class=\"yoast-schema-graph\">{\"@context\":\"https:\/\/schema.org\",\"@graph\":[{\"@type\":\"Article\",\"@id\":\"https:\/\/seconci.com.br\/site\/2021\/07\/28\/em-sp-entidades-lancam-campanha-para-prevencao-contra-covid-19-em-canteiros\/#article\",\"isPartOf\":{\"@id\":\"https:\/\/seconci.com.br\/site\/2021\/07\/28\/em-sp-entidades-lancam-campanha-para-prevencao-contra-covid-19-em-canteiros\/\"},\"author\":{\"name\":\"Sidney Rocha\",\"@id\":\"https:\/\/seconci.com.br\/site\/#\/schema\/person\/1d79afd97ddc8f2c68c1e88e298aa8e2\"},\"headline\":\"Em SP, entidades lan\u00e7am campanha para preven\u00e7\u00e3o contra Covid-19 em canteiros\",\"datePublished\":\"2021-07-28T12:21:22+00:00\",\"mainEntityOfPage\":{\"@id\":\"https:\/\/seconci.com.br\/site\/2021\/07\/28\/em-sp-entidades-lancam-campanha-para-prevencao-contra-covid-19-em-canteiros\/\"},\"wordCount\":553,\"publisher\":{\"@id\":\"https:\/\/seconci.com.br\/site\/#organization\"},\"image\":{\"@id\":\"https:\/\/seconci.com.br\/site\/2021\/07\/28\/em-sp-entidades-lancam-campanha-para-prevencao-contra-covid-19-em-canteiros\/#primaryimage\"},\"thumbnailUrl\":\"https:\/\/seconci.com.br\/site\/wp-content\/uploads\/2021\/04\/whatsapp-image-2021-03-08-at-191106-1.jpeg\",\"articleSection\":[\"Seconci S\u00e3o Paulo\"],\"inLanguage\":\"pt-PT\"},{\"@type\":\"WebPage\",\"@id\":\"https:\/\/seconci.com.br\/site\/2021\/07\/28\/em-sp-entidades-lancam-campanha-para-prevencao-contra-covid-19-em-canteiros\/\",\"url\":\"https:\/\/seconci.com.br\/site\/2021\/07\/28\/em-sp-entidades-lancam-campanha-para-prevencao-contra-covid-19-em-canteiros\/\",\"name\":\"Em SP, entidades lan\u00e7am campanha para preven\u00e7\u00e3o contra Covid-19 em canteiros - Seconci Brasil\",\"isPartOf\":{\"@id\":\"https:\/\/seconci.com.br\/site\/#website\"},\"primaryImageOfPage\":{\"@id\":\"https:\/\/seconci.com.br\/site\/2021\/07\/28\/em-sp-entidades-lancam-campanha-para-prevencao-contra-covid-19-em-canteiros\/#primaryimage\"},\"image\":{\"@id\":\"https:\/\/seconci.com.br\/site\/2021\/07\/28\/em-sp-entidades-lancam-campanha-para-prevencao-contra-covid-19-em-canteiros\/#primaryimage\"},\"thumbnailUrl\":\"https:\/\/seconci.com.br\/site\/wp-content\/uploads\/2021\/04\/whatsapp-image-2021-03-08-at-191106-1.jpeg\",\"datePublished\":\"2021-07-28T12:21:22+00:00\",\"breadcrumb\":{\"@id\":\"https:\/\/seconci.com.br\/site\/2021\/07\/28\/em-sp-entidades-lancam-campanha-para-prevencao-contra-covid-19-em-canteiros\/#breadcrumb\"},\"inLanguage\":\"pt-PT\",\"potentialAction\":[{\"@type\":\"ReadAction\",\"target\":[\"https:\/\/seconci.com.br\/site\/2021\/07\/28\/em-sp-entidades-lancam-campanha-para-prevencao-contra-covid-19-em-canteiros\/\"]}]},{\"@type\":\"ImageObject\",\"inLanguage\":\"pt-PT\",\"@id\":\"https:\/\/seconci.com.br\/site\/2021\/07\/28\/em-sp-entidades-lancam-campanha-para-prevencao-contra-covid-19-em-canteiros\/#primaryimage\",\"url\":\"https:\/\/seconci.com.br\/site\/wp-content\/uploads\/2021\/04\/whatsapp-image-2021-03-08-at-191106-1.jpeg\",\"contentUrl\":\"https:\/\/seconci.com.br\/site\/wp-content\/uploads\/2021\/04\/whatsapp-image-2021-03-08-at-191106-1.jpeg\",\"width\":748,\"height\":331},{\"@type\":\"BreadcrumbList\",\"@id\":\"https:\/\/seconci.com.br\/site\/2021\/07\/28\/em-sp-entidades-lancam-campanha-para-prevencao-contra-covid-19-em-canteiros\/#breadcrumb\",\"itemListElement\":[{\"@type\":\"ListItem\",\"position\":1,\"name\":\"In\u00edcio\",\"item\":\"https:\/\/seconci.com.br\/site\/\"},{\"@type\":\"ListItem\",\"position\":2,\"name\":\"Em SP, entidades lan\u00e7am campanha para preven\u00e7\u00e3o contra Covid-19 em canteiros\"}]},{\"@type\":\"WebSite\",\"@id\":\"https:\/\/seconci.com.br\/site\/#website\",\"url\":\"https:\/\/seconci.com.br\/site\/\",\"name\":\"Seconci Brasil\",\"description\":\"\",\"publisher\":{\"@id\":\"https:\/\/seconci.com.br\/site\/#organization\"},\"potentialAction\":[{\"@type\":\"SearchAction\",\"target\":{\"@type\":\"EntryPoint\",\"urlTemplate\":\"https:\/\/seconci.com.br\/site\/?s={search_term_string}\"},\"query-input\":{\"@type\":\"PropertyValueSpecification\",\"valueRequired\":true,\"valueName\":\"search_term_string\"}}],\"inLanguage\":\"pt-PT\"},{\"@type\":\"Organization\",\"@id\":\"https:\/\/seconci.com.br\/site\/#organization\",\"name\":\"Seconci Brasil\",\"url\":\"https:\/\/seconci.com.br\/site\/\",\"logo\":{\"@type\":\"ImageObject\",\"inLanguage\":\"pt-PT\",\"@id\":\"https:\/\/seconci.com.br\/site\/#\/schema\/logo\/image\/\",\"url\":\"https:\/\/seconci.com.br\/site\/wp-content\/uploads\/2024\/08\/Logo-Seconci-Brasil-branca-2.png\",\"contentUrl\":\"https:\/\/seconci.com.br\/site\/wp-content\/uploads\/2024\/08\/Logo-Seconci-Brasil-branca-2.png\",\"width\":1315,\"height\":598,\"caption\":\"Seconci Brasil\"},\"image\":{\"@id\":\"https:\/\/seconci.com.br\/site\/#\/schema\/logo\/image\/\"}},{\"@type\":\"Person\",\"@id\":\"https:\/\/seconci.com.br\/site\/#\/schema\/person\/1d79afd97ddc8f2c68c1e88e298aa8e2\",\"name\":\"Sidney Rocha\",\"description\":\"Comunicador e estagi\u00e1rio do Seconci Brasil.\",\"url\":\"https:\/\/seconci.com.br\/site\/author\/sidney-rocha\/\"}]}<\/script>\n<!-- \/ Yoast SEO plugin. -->","yoast_head_json":{"title":"Em SP, entidades lan\u00e7am campanha para preven\u00e7\u00e3o contra Covid-19 em canteiros - Seconci Brasil","robots":{"index":"index","follow":"follow","max-snippet":"max-snippet:-1","max-image-preview":"max-image-preview:large","max-video-preview":"max-video-preview:-1"},"canonical":"https:\/\/seconci.com.br\/site\/2021\/07\/28\/em-sp-entidades-lancam-campanha-para-prevencao-contra-covid-19-em-canteiros\/","og_locale":"pt_PT","og_type":"article","og_title":"Em SP, entidades lan\u00e7am campanha para preven\u00e7\u00e3o contra Covid-19 em canteiros - Seconci Brasil","og_description":"Campanha disponibiliza um cartaz que atribui a queda no \u00edndice de contamina\u00e7\u00f5es nos canteiros \u00e0 conscientiza\u00e7\u00e3o dos trabalhadores e \u00e0 implementa\u00e7\u00e3o das medidas sanit\u00e1rias A 60\u00aa edi\u00e7\u00e3o da pesquisa\u00a0\u201cConhecendo as A\u00e7\u00f5es das Construtoras Paulistas no Combate \u00e0 Covid-19\u201d, divulgada pelo\u00a0SindusCon-SP\u00a0e\u00a0Seconci-SP, registrou que o n\u00famero de casos confirmados da doen\u00e7a nos canteiros de obras do Estado [&hellip;]","og_url":"https:\/\/seconci.com.br\/site\/2021\/07\/28\/em-sp-entidades-lancam-campanha-para-prevencao-contra-covid-19-em-canteiros\/","og_site_name":"Seconci Brasil","article_published_time":"2021-07-28T12:21:22+00:00","og_image":[{"width":748,"height":331,"url":"https:\/\/seconci.com.br\/site\/wp-content\/uploads\/2021\/04\/whatsapp-image-2021-03-08-at-191106-1.jpeg","type":"image\/jpeg"}],"author":"Sidney Rocha","twitter_card":"summary_large_image","twitter_misc":{"Escrito por":"Sidney Rocha","Tempo estimado de leitura":"3 minutos"},"schema":{"@context":"https:\/\/schema.org","@graph":[{"@type":"Article","@id":"https:\/\/seconci.com.br\/site\/2021\/07\/28\/em-sp-entidades-lancam-campanha-para-prevencao-contra-covid-19-em-canteiros\/#article","isPartOf":{"@id":"https:\/\/seconci.com.br\/site\/2021\/07\/28\/em-sp-entidades-lancam-campanha-para-prevencao-contra-covid-19-em-canteiros\/"},"author":{"name":"Sidney Rocha","@id":"https:\/\/seconci.com.br\/site\/#\/schema\/person\/1d79afd97ddc8f2c68c1e88e298aa8e2"},"headline":"Em SP, entidades lan\u00e7am campanha para preven\u00e7\u00e3o contra Covid-19 em canteiros","datePublished":"2021-07-28T12:21:22+00:00","mainEntityOfPage":{"@id":"https:\/\/seconci.com.br\/site\/2021\/07\/28\/em-sp-entidades-lancam-campanha-para-prevencao-contra-covid-19-em-canteiros\/"},"wordCount":553,"publisher":{"@id":"https:\/\/seconci.com.br\/site\/#organization"},"image":{"@id":"https:\/\/seconci.com.br\/site\/2021\/07\/28\/em-sp-entidades-lancam-campanha-para-prevencao-contra-covid-19-em-canteiros\/#primaryimage"},"thumbnailUrl":"https:\/\/seconci.com.br\/site\/wp-content\/uploads\/2021\/04\/whatsapp-image-2021-03-08-at-191106-1.jpeg","articleSection":["Seconci S\u00e3o Paulo"],"inLanguage":"pt-PT"},{"@type":"WebPage","@id":"https:\/\/seconci.com.br\/site\/2021\/07\/28\/em-sp-entidades-lancam-campanha-para-prevencao-contra-covid-19-em-canteiros\/","url":"https:\/\/seconci.com.br\/site\/2021\/07\/28\/em-sp-entidades-lancam-campanha-para-prevencao-contra-covid-19-em-canteiros\/","name":"Em SP, entidades lan\u00e7am campanha para preven\u00e7\u00e3o contra Covid-19 em canteiros - Seconci Brasil","isPartOf":{"@id":"https:\/\/seconci.com.br\/site\/#website"},"primaryImageOfPage":{"@id":"https:\/\/seconci.com.br\/site\/2021\/07\/28\/em-sp-entidades-lancam-campanha-para-prevencao-contra-covid-19-em-canteiros\/#primaryimage"},"image":{"@id":"https:\/\/seconci.com.br\/site\/2021\/07\/28\/em-sp-entidades-lancam-campanha-para-prevencao-contra-covid-19-em-canteiros\/#primaryimage"},"thumbnailUrl":"https:\/\/seconci.com.br\/site\/wp-content\/uploads\/2021\/04\/whatsapp-image-2021-03-08-at-191106-1.jpeg","datePublished":"2021-07-28T12:21:22+00:00","breadcrumb":{"@id":"https:\/\/seconci.com.br\/site\/2021\/07\/28\/em-sp-entidades-lancam-campanha-para-prevencao-contra-covid-19-em-canteiros\/#breadcrumb"},"inLanguage":"pt-PT","potentialAction":[{"@type":"ReadAction","target":["https:\/\/seconci.com.br\/site\/2021\/07\/28\/em-sp-entidades-lancam-campanha-para-prevencao-contra-covid-19-em-canteiros\/"]}]},{"@type":"ImageObject","inLanguage":"pt-PT","@id":"https:\/\/seconci.com.br\/site\/2021\/07\/28\/em-sp-entidades-lancam-campanha-para-prevencao-contra-covid-19-em-canteiros\/#primaryimage","url":"https:\/\/seconci.com.br\/site\/wp-content\/uploads\/2021\/04\/whatsapp-image-2021-03-08-at-191106-1.jpeg","contentUrl":"https:\/\/seconci.com.br\/site\/wp-content\/uploads\/2021\/04\/whatsapp-image-2021-03-08-at-191106-1.jpeg","width":748,"height":331},{"@type":"BreadcrumbList","@id":"https:\/\/seconci.com.br\/site\/2021\/07\/28\/em-sp-entidades-lancam-campanha-para-prevencao-contra-covid-19-em-canteiros\/#breadcrumb","itemListElement":[{"@type":"ListItem","position":1,"name":"In\u00edcio","item":"https:\/\/seconci.com.br\/site\/"},{"@type":"ListItem","position":2,"name":"Em SP, entidades lan\u00e7am campanha para preven\u00e7\u00e3o contra Covid-19 em canteiros"}]},{"@type":"WebSite","@id":"https:\/\/seconci.com.br\/site\/#website","url":"https:\/\/seconci.com.br\/site\/","name":"Seconci Brasil","description":"","publisher":{"@id":"https:\/\/seconci.com.br\/site\/#organization"},"potentialAction":[{"@type":"SearchAction","target":{"@type":"EntryPoint","urlTemplate":"https:\/\/seconci.com.br\/site\/?s={search_term_string}"},"query-input":{"@type":"PropertyValueSpecification","valueRequired":true,"valueName":"search_term_string"}}],"inLanguage":"pt-PT"},{"@type":"Organization","@id":"https:\/\/seconci.com.br\/site\/#organization","name":"Seconci Brasil","url":"https:\/\/seconci.com.br\/site\/","logo":{"@type":"ImageObject","inLanguage":"pt-PT","@id":"https:\/\/seconci.com.br\/site\/#\/schema\/logo\/image\/","url":"https:\/\/seconci.com.br\/site\/wp-content\/uploads\/2024\/08\/Logo-Seconci-Brasil-branca-2.png","contentUrl":"https:\/\/seconci.com.br\/site\/wp-content\/uploads\/2024\/08\/Logo-Seconci-Brasil-branca-2.png","width":1315,"height":598,"caption":"Seconci Brasil"},"image":{"@id":"https:\/\/seconci.com.br\/site\/#\/schema\/logo\/image\/"}},{"@type":"Person","@id":"https:\/\/seconci.com.br\/site\/#\/schema\/person\/1d79afd97ddc8f2c68c1e88e298aa8e2","name":"Sidney Rocha","description":"Comunicador e estagi\u00e1rio do Seconci Brasil.","url":"https:\/\/seconci.com.br\/site\/author\/sidney-rocha\/"}]}},"_links":{"self":[{"href":"https:\/\/seconci.com.br\/site\/wp-json\/wp\/v2\/posts\/10951","targetHints":{"allow":["GET"]}}],"collection":[{"href":"https:\/\/seconci.com.br\/site\/wp-json\/wp\/v2\/posts"}],"about":[{"href":"https:\/\/seconci.com.br\/site\/wp-json\/wp\/v2\/types\/post"}],"author":[{"embeddable":true,"href":"https:\/\/seconci.com.br\/site\/wp-json\/wp\/v2\/users\/3"}],"replies":[{"embeddable":true,"href":"https:\/\/seconci.com.br\/site\/wp-json\/wp\/v2\/comments?post=10951"}],"version-history":[{"count":0,"href":"https:\/\/seconci.com.br\/site\/wp-json\/wp\/v2\/posts\/10951\/revisions"}],"wp:featuredmedia":[{"embeddable":true,"href":"https:\/\/seconci.com.br\/site\/wp-json\/wp\/v2\/media\/10632"}],"wp:attachment":[{"href":"https:\/\/seconci.com.br\/site\/wp-json\/wp\/v2\/media?parent=10951"}],"wp:term":[{"taxonomy":"category","embeddable":true,"href":"https:\/\/seconci.com.br\/site\/wp-json\/wp\/v2\/categories?post=10951"},{"taxonomy":"post_tag","embeddable":true,"href":"https:\/\/seconci.com.br\/site\/wp-json\/wp\/v2\/tags?post=10951"}],"curies":[{"name":"wp","href":"https:\/\/api.w.org\/{rel}","templated":true}]}}