{"id":10967,"date":"2021-08-04T11:42:18","date_gmt":"2021-08-04T11:42:18","guid":{"rendered":"https:\/\/seconci.com.br\/site\/?p=10967"},"modified":"2021-08-04T11:42:18","modified_gmt":"2021-08-04T11:42:18","slug":"inscricoes-ja-liberadas-aos-trabalhadores-para-show-do-michel-telo-no-dncs","status":"publish","type":"post","link":"https:\/\/seconci.com.br\/site\/2021\/08\/04\/inscricoes-ja-liberadas-aos-trabalhadores-para-show-do-michel-telo-no-dncs\/","title":{"rendered":"Inscri\u00e7\u00f5es j\u00e1 liberadas aos trabalhadores para show do Michel Tel\u00f3 no DNCS"},"content":{"rendered":"<p>Apesar de virtual, em raz\u00e3o da pandemia do novo coronav\u00edrus, a edi\u00e7\u00e3o 2021 do\u00a0<strong>Dia Nacional da Constru\u00e7\u00e3o Social (DNCS)<\/strong>\u00a0dedicada aos trabalhadores da constru\u00e7\u00e3o civil e seus familiares promete ser um grande sucesso com o show do cantor Michel Tel\u00f3, apresenta\u00e7\u00e3o da Maria Paula Fidalgo (Casseta e Planeta) e sorteio de brindes. A a\u00e7\u00e3o social do setor ser\u00e1 no pr\u00f3ximo\u00a0<strong>dia 21\/8, das 16h \u00e0s 18h<\/strong>, e os trabalhadores j\u00e1 podem garantir seus lugares.<\/p>\n<p>O show tamb\u00e9m ser\u00e1 aberto ao p\u00fablico-geral de forma gratuita.\u00a0<a href=\"http:\/\/cbiconline.sistemaboss.com.br\/\">Basta se inscrever<\/a>\u00a0para conferir.<\/p>\n<h2><strong>CRS esclarece d\u00favidas<\/strong><\/h2>\n<p>Em reuni\u00e3o extraordin\u00e1ria sobre o Dia Nacional nesta segunda-feira (2\/8), a Comiss\u00e3o de Responsabilidade Social (CRS) da C\u00e2mara Brasileira da Ind\u00fastria da Constru\u00e7\u00e3o (CBIC) esclareceu que, como nos anos anteriores, os sindicatos e associa\u00e7\u00f5es afiliadas \u00e0 entidade devem aderir \u00e0 a\u00e7\u00e3o, via plataforma, para ter acesso \u00e0 campanha DNCS 2021.<\/p>\n<p>L\u00e1 est\u00e1 dispon\u00edvel o passo a passo para que as associadas possam incluir suas marcas e trabalhar com todo o enxoval de divulga\u00e7\u00e3o, bem como repass\u00e1-lo aos parceiros (Seconcis\/Sesis locais).<\/p>\n<p>Para aderir, basta acessar o link exclusivo de ades\u00e3o\u00a0<a href=\"https:\/\/cbiconline.sistemaboss.com.br\/parceiros\">https:\/\/cbiconline.sistemaboss.com.br\/parceiros<\/a>\u00a0e inserir CNPJ da entidade para confirmar participa\u00e7\u00e3o. O<strong>\u00a0prazo final para ades\u00e3o \u00e9 o dia 13\/8<\/strong>.<\/p>\n<p>A \u00fanica contrapartida das entidades \u00e9 a divulga\u00e7\u00e3o local do evento junto ao maior n\u00famero poss\u00edvel de empresas, trabalhadores do setor e demais interessados.<\/p>\n<p>As primeiras 150 pessoas que entrarem na plataforma ficar\u00e3o vis\u00edveis na plateia virtual (janelinha) do DNCS, oportunidade de as entidades associadas tamb\u00e9m divulgarem suas marcas e mandarem mensagens aos seus colaboradores.<\/p>\n<p>Os trabalhadores do setor que tiverem dificuldade em assistir ao show pela plataforma, podem assisti-lo pelo YouTube. Lembrando, no entanto, que\u00a0<strong>s\u00f3 concorrem aos brindes e podem interagir os trabalhadores que estiverem na plataforma<\/strong>.<\/p>\n<h2><strong>Orgulho de ser a for\u00e7a que constr\u00f3i o Brasil<\/strong><\/h2>\n<p>No dia, a CBIC homenagear\u00e1 trabalhadores e familiares das cinco regi\u00f5es do pais.<\/p>\n<p>Em raz\u00e3o disso, a CRS solicita \u00e0s entidades parceiras que incluam o quanto antes, na plataforma, v\u00eddeos (10 segundos), imagens e fotos regionais que demonstrem o orgulho dos trabalhadores de serem a for\u00e7a que constr\u00f3i o Brasil. O passo a passo de como enviar esse material est\u00e1 dispon\u00edvel no mesmo local, no Manual para compartilhar fotos e v\u00eddeos.<\/p>\n<p>Como sugest\u00e3o para a homenagem do dia aos Pais Trabalhadores, a CRS solicita a digitaliza\u00e7\u00e3o e inclus\u00e3o, na ferramenta, de desenhos feitos pelos filhos sobre seus pais.<\/p>\n<h2><strong>Sorteio apenas para trabalhadores da constru\u00e7\u00e3o<\/strong><strong>\u00a0\u00a0<\/strong><\/h2>\n<p>Os trabalhadores da constru\u00e7\u00e3o civil que quiserem participar da\u00a0<em>live\u00a0<\/em>e concorrer aos sorteios devem, necessariamente, se inscrever na plataforma e estarem com conex\u00e3o ativa no dia do evento. Os pr\u00eamios ser\u00e3o entregues exclusivamente aos colaboradores, mediante comprova\u00e7\u00e3o de suas efetivas atividades no setor.<\/p>\n<p>Os interessados em doar recursos para os brindes e\/ou patroc\u00ednio podem tirar d\u00favidas e esclarecimentos com a \u00e1rea social da CBIC, enviando e-mail para\u00a0<a href=\"https:\/\/cbic.org.br\/show-do-michel-telo-sera-atracao-do-dia-nacional-da-construcao-entidades-devem-aderir-ate-13-8\/social@cbic.org.br\"><strong>social@cbic.org.br<\/strong><\/a><\/p>\n<p>Nova reuni\u00e3o espec\u00edfica sobre o DNCS ser\u00e1 realizada na pr\u00f3xima segunda-feira (9\/8), \u00e0s 9h30.<\/p>\n<p>A reuni\u00e3o tem interface com o projeto\u00a0<strong>Dia Nacional da Constru\u00e7\u00e3o Social<\/strong>\u00a0<strong>da Comiss\u00e3o de Responsabilidade Social (CRS) da CBIC, em\u00a0<\/strong>correaliza\u00e7\u00e3o com o Servi\u00e7o Social da Ind\u00fastria (Sesi Nacional).<\/p>\n<p><em>Fonte: Ag\u00eancia CBIC<\/em><\/p>\n","protected":false},"excerpt":{"rendered":"<p>Apesar de virtual, em raz\u00e3o da pandemia do novo coronav\u00edrus, a edi\u00e7\u00e3o 2021 do\u00a0Dia Nacional da Constru\u00e7\u00e3o Social (DNCS)\u00a0dedicada aos trabalhadores da constru\u00e7\u00e3o civil e seus familiares promete ser um grande sucesso com o show do cantor Michel Tel\u00f3, apresenta\u00e7\u00e3o da Maria Paula Fidalgo (Casseta e Planeta) e sorteio de brindes. A a\u00e7\u00e3o social do [&hellip;]<\/p>\n","protected":false},"author":3,"featured_media":10968,"comment_status":"closed","ping_status":"closed","sticky":false,"template":"","format":"standard","meta":{"footnotes":""},"categories":[92],"tags":[],"class_list":["post-10967","post","type-post","status-publish","format-standard","has-post-thumbnail","hentry","category-seconci-brasil"],"yoast_head":"<!-- This site is optimized with the Yoast SEO plugin v26.9 - https:\/\/yoast.com\/product\/yoast-seo-wordpress\/ -->\n<title>Inscri\u00e7\u00f5es j\u00e1 liberadas aos trabalhadores para show do Michel Tel\u00f3 no DNCS - Seconci Brasil<\/title>\n<meta name=\"robots\" content=\"index, follow, max-snippet:-1, max-image-preview:large, max-video-preview:-1\" \/>\n<link rel=\"canonical\" href=\"https:\/\/seconci.com.br\/site\/2021\/08\/04\/inscricoes-ja-liberadas-aos-trabalhadores-para-show-do-michel-telo-no-dncs\/\" \/>\n<meta property=\"og:locale\" content=\"pt_PT\" \/>\n<meta property=\"og:type\" content=\"article\" \/>\n<meta property=\"og:title\" content=\"Inscri\u00e7\u00f5es j\u00e1 liberadas aos trabalhadores para show do Michel Tel\u00f3 no DNCS - Seconci Brasil\" \/>\n<meta property=\"og:description\" content=\"Apesar de virtual, em raz\u00e3o da pandemia do novo coronav\u00edrus, a edi\u00e7\u00e3o 2021 do\u00a0Dia Nacional da Constru\u00e7\u00e3o Social (DNCS)\u00a0dedicada aos trabalhadores da constru\u00e7\u00e3o civil e seus familiares promete ser um grande sucesso com o show do cantor Michel Tel\u00f3, apresenta\u00e7\u00e3o da Maria Paula Fidalgo (Casseta e Planeta) e sorteio de brindes. A a\u00e7\u00e3o social do [&hellip;]\" \/>\n<meta property=\"og:url\" content=\"https:\/\/seconci.com.br\/site\/2021\/08\/04\/inscricoes-ja-liberadas-aos-trabalhadores-para-show-do-michel-telo-no-dncs\/\" \/>\n<meta property=\"og:site_name\" content=\"Seconci Brasil\" \/>\n<meta property=\"article:published_time\" content=\"2021-08-04T11:42:18+00:00\" \/>\n<meta property=\"og:image\" content=\"https:\/\/seconci.com.br\/site\/wp-content\/uploads\/2021\/08\/whatsapp-image-2021-08-02-at-173910.jpeg\" \/>\n\t<meta property=\"og:image:width\" content=\"1280\" \/>\n\t<meta property=\"og:image:height\" content=\"545\" \/>\n\t<meta property=\"og:image:type\" content=\"image\/jpeg\" \/>\n<meta name=\"author\" content=\"Sidney Rocha\" \/>\n<meta name=\"twitter:card\" content=\"summary_large_image\" \/>\n<meta name=\"twitter:label1\" content=\"Escrito por\" \/>\n\t<meta name=\"twitter:data1\" content=\"Sidney Rocha\" \/>\n\t<meta name=\"twitter:label2\" content=\"Tempo estimado de leitura\" \/>\n\t<meta name=\"twitter:data2\" content=\"3 minutos\" \/>\n<script type=\"application\/ld+json\" class=\"yoast-schema-graph\">{\"@context\":\"https:\/\/schema.org\",\"@graph\":[{\"@type\":\"Article\",\"@id\":\"https:\/\/seconci.com.br\/site\/2021\/08\/04\/inscricoes-ja-liberadas-aos-trabalhadores-para-show-do-michel-telo-no-dncs\/#article\",\"isPartOf\":{\"@id\":\"https:\/\/seconci.com.br\/site\/2021\/08\/04\/inscricoes-ja-liberadas-aos-trabalhadores-para-show-do-michel-telo-no-dncs\/\"},\"author\":{\"name\":\"Sidney Rocha\",\"@id\":\"https:\/\/seconci.com.br\/site\/#\/schema\/person\/1d79afd97ddc8f2c68c1e88e298aa8e2\"},\"headline\":\"Inscri\u00e7\u00f5es j\u00e1 liberadas aos trabalhadores para show do Michel Tel\u00f3 no DNCS\",\"datePublished\":\"2021-08-04T11:42:18+00:00\",\"mainEntityOfPage\":{\"@id\":\"https:\/\/seconci.com.br\/site\/2021\/08\/04\/inscricoes-ja-liberadas-aos-trabalhadores-para-show-do-michel-telo-no-dncs\/\"},\"wordCount\":589,\"publisher\":{\"@id\":\"https:\/\/seconci.com.br\/site\/#organization\"},\"image\":{\"@id\":\"https:\/\/seconci.com.br\/site\/2021\/08\/04\/inscricoes-ja-liberadas-aos-trabalhadores-para-show-do-michel-telo-no-dncs\/#primaryimage\"},\"thumbnailUrl\":\"https:\/\/seconci.com.br\/site\/wp-content\/uploads\/2021\/08\/whatsapp-image-2021-08-02-at-173910.jpeg\",\"articleSection\":[\"Seconci Brasil\"],\"inLanguage\":\"pt-PT\"},{\"@type\":\"WebPage\",\"@id\":\"https:\/\/seconci.com.br\/site\/2021\/08\/04\/inscricoes-ja-liberadas-aos-trabalhadores-para-show-do-michel-telo-no-dncs\/\",\"url\":\"https:\/\/seconci.com.br\/site\/2021\/08\/04\/inscricoes-ja-liberadas-aos-trabalhadores-para-show-do-michel-telo-no-dncs\/\",\"name\":\"Inscri\u00e7\u00f5es j\u00e1 liberadas aos trabalhadores para show do Michel Tel\u00f3 no DNCS - Seconci Brasil\",\"isPartOf\":{\"@id\":\"https:\/\/seconci.com.br\/site\/#website\"},\"primaryImageOfPage\":{\"@id\":\"https:\/\/seconci.com.br\/site\/2021\/08\/04\/inscricoes-ja-liberadas-aos-trabalhadores-para-show-do-michel-telo-no-dncs\/#primaryimage\"},\"image\":{\"@id\":\"https:\/\/seconci.com.br\/site\/2021\/08\/04\/inscricoes-ja-liberadas-aos-trabalhadores-para-show-do-michel-telo-no-dncs\/#primaryimage\"},\"thumbnailUrl\":\"https:\/\/seconci.com.br\/site\/wp-content\/uploads\/2021\/08\/whatsapp-image-2021-08-02-at-173910.jpeg\",\"datePublished\":\"2021-08-04T11:42:18+00:00\",\"breadcrumb\":{\"@id\":\"https:\/\/seconci.com.br\/site\/2021\/08\/04\/inscricoes-ja-liberadas-aos-trabalhadores-para-show-do-michel-telo-no-dncs\/#breadcrumb\"},\"inLanguage\":\"pt-PT\",\"potentialAction\":[{\"@type\":\"ReadAction\",\"target\":[\"https:\/\/seconci.com.br\/site\/2021\/08\/04\/inscricoes-ja-liberadas-aos-trabalhadores-para-show-do-michel-telo-no-dncs\/\"]}]},{\"@type\":\"ImageObject\",\"inLanguage\":\"pt-PT\",\"@id\":\"https:\/\/seconci.com.br\/site\/2021\/08\/04\/inscricoes-ja-liberadas-aos-trabalhadores-para-show-do-michel-telo-no-dncs\/#primaryimage\",\"url\":\"https:\/\/seconci.com.br\/site\/wp-content\/uploads\/2021\/08\/whatsapp-image-2021-08-02-at-173910.jpeg\",\"contentUrl\":\"https:\/\/seconci.com.br\/site\/wp-content\/uploads\/2021\/08\/whatsapp-image-2021-08-02-at-173910.jpeg\",\"width\":1280,\"height\":545},{\"@type\":\"BreadcrumbList\",\"@id\":\"https:\/\/seconci.com.br\/site\/2021\/08\/04\/inscricoes-ja-liberadas-aos-trabalhadores-para-show-do-michel-telo-no-dncs\/#breadcrumb\",\"itemListElement\":[{\"@type\":\"ListItem\",\"position\":1,\"name\":\"In\u00edcio\",\"item\":\"https:\/\/seconci.com.br\/site\/\"},{\"@type\":\"ListItem\",\"position\":2,\"name\":\"Inscri\u00e7\u00f5es j\u00e1 liberadas aos trabalhadores para show do Michel Tel\u00f3 no DNCS\"}]},{\"@type\":\"WebSite\",\"@id\":\"https:\/\/seconci.com.br\/site\/#website\",\"url\":\"https:\/\/seconci.com.br\/site\/\",\"name\":\"Seconci Brasil\",\"description\":\"\",\"publisher\":{\"@id\":\"https:\/\/seconci.com.br\/site\/#organization\"},\"potentialAction\":[{\"@type\":\"SearchAction\",\"target\":{\"@type\":\"EntryPoint\",\"urlTemplate\":\"https:\/\/seconci.com.br\/site\/?s={search_term_string}\"},\"query-input\":{\"@type\":\"PropertyValueSpecification\",\"valueRequired\":true,\"valueName\":\"search_term_string\"}}],\"inLanguage\":\"pt-PT\"},{\"@type\":\"Organization\",\"@id\":\"https:\/\/seconci.com.br\/site\/#organization\",\"name\":\"Seconci Brasil\",\"url\":\"https:\/\/seconci.com.br\/site\/\",\"logo\":{\"@type\":\"ImageObject\",\"inLanguage\":\"pt-PT\",\"@id\":\"https:\/\/seconci.com.br\/site\/#\/schema\/logo\/image\/\",\"url\":\"https:\/\/seconci.com.br\/site\/wp-content\/uploads\/2024\/08\/Logo-Seconci-Brasil-branca-2.png\",\"contentUrl\":\"https:\/\/seconci.com.br\/site\/wp-content\/uploads\/2024\/08\/Logo-Seconci-Brasil-branca-2.png\",\"width\":1315,\"height\":598,\"caption\":\"Seconci Brasil\"},\"image\":{\"@id\":\"https:\/\/seconci.com.br\/site\/#\/schema\/logo\/image\/\"}},{\"@type\":\"Person\",\"@id\":\"https:\/\/seconci.com.br\/site\/#\/schema\/person\/1d79afd97ddc8f2c68c1e88e298aa8e2\",\"name\":\"Sidney Rocha\",\"description\":\"Comunicador e estagi\u00e1rio do Seconci Brasil.\",\"url\":\"https:\/\/seconci.com.br\/site\/author\/sidney-rocha\/\"}]}<\/script>\n<!-- \/ Yoast SEO plugin. -->","yoast_head_json":{"title":"Inscri\u00e7\u00f5es j\u00e1 liberadas aos trabalhadores para show do Michel Tel\u00f3 no DNCS - Seconci Brasil","robots":{"index":"index","follow":"follow","max-snippet":"max-snippet:-1","max-image-preview":"max-image-preview:large","max-video-preview":"max-video-preview:-1"},"canonical":"https:\/\/seconci.com.br\/site\/2021\/08\/04\/inscricoes-ja-liberadas-aos-trabalhadores-para-show-do-michel-telo-no-dncs\/","og_locale":"pt_PT","og_type":"article","og_title":"Inscri\u00e7\u00f5es j\u00e1 liberadas aos trabalhadores para show do Michel Tel\u00f3 no DNCS - Seconci Brasil","og_description":"Apesar de virtual, em raz\u00e3o da pandemia do novo coronav\u00edrus, a edi\u00e7\u00e3o 2021 do\u00a0Dia Nacional da Constru\u00e7\u00e3o Social (DNCS)\u00a0dedicada aos trabalhadores da constru\u00e7\u00e3o civil e seus familiares promete ser um grande sucesso com o show do cantor Michel Tel\u00f3, apresenta\u00e7\u00e3o da Maria Paula Fidalgo (Casseta e Planeta) e sorteio de brindes. A a\u00e7\u00e3o social do [&hellip;]","og_url":"https:\/\/seconci.com.br\/site\/2021\/08\/04\/inscricoes-ja-liberadas-aos-trabalhadores-para-show-do-michel-telo-no-dncs\/","og_site_name":"Seconci Brasil","article_published_time":"2021-08-04T11:42:18+00:00","og_image":[{"width":1280,"height":545,"url":"https:\/\/seconci.com.br\/site\/wp-content\/uploads\/2021\/08\/whatsapp-image-2021-08-02-at-173910.jpeg","type":"image\/jpeg"}],"author":"Sidney Rocha","twitter_card":"summary_large_image","twitter_misc":{"Escrito por":"Sidney Rocha","Tempo estimado de leitura":"3 minutos"},"schema":{"@context":"https:\/\/schema.org","@graph":[{"@type":"Article","@id":"https:\/\/seconci.com.br\/site\/2021\/08\/04\/inscricoes-ja-liberadas-aos-trabalhadores-para-show-do-michel-telo-no-dncs\/#article","isPartOf":{"@id":"https:\/\/seconci.com.br\/site\/2021\/08\/04\/inscricoes-ja-liberadas-aos-trabalhadores-para-show-do-michel-telo-no-dncs\/"},"author":{"name":"Sidney Rocha","@id":"https:\/\/seconci.com.br\/site\/#\/schema\/person\/1d79afd97ddc8f2c68c1e88e298aa8e2"},"headline":"Inscri\u00e7\u00f5es j\u00e1 liberadas aos trabalhadores para show do Michel Tel\u00f3 no DNCS","datePublished":"2021-08-04T11:42:18+00:00","mainEntityOfPage":{"@id":"https:\/\/seconci.com.br\/site\/2021\/08\/04\/inscricoes-ja-liberadas-aos-trabalhadores-para-show-do-michel-telo-no-dncs\/"},"wordCount":589,"publisher":{"@id":"https:\/\/seconci.com.br\/site\/#organization"},"image":{"@id":"https:\/\/seconci.com.br\/site\/2021\/08\/04\/inscricoes-ja-liberadas-aos-trabalhadores-para-show-do-michel-telo-no-dncs\/#primaryimage"},"thumbnailUrl":"https:\/\/seconci.com.br\/site\/wp-content\/uploads\/2021\/08\/whatsapp-image-2021-08-02-at-173910.jpeg","articleSection":["Seconci Brasil"],"inLanguage":"pt-PT"},{"@type":"WebPage","@id":"https:\/\/seconci.com.br\/site\/2021\/08\/04\/inscricoes-ja-liberadas-aos-trabalhadores-para-show-do-michel-telo-no-dncs\/","url":"https:\/\/seconci.com.br\/site\/2021\/08\/04\/inscricoes-ja-liberadas-aos-trabalhadores-para-show-do-michel-telo-no-dncs\/","name":"Inscri\u00e7\u00f5es j\u00e1 liberadas aos trabalhadores para show do Michel Tel\u00f3 no DNCS - Seconci Brasil","isPartOf":{"@id":"https:\/\/seconci.com.br\/site\/#website"},"primaryImageOfPage":{"@id":"https:\/\/seconci.com.br\/site\/2021\/08\/04\/inscricoes-ja-liberadas-aos-trabalhadores-para-show-do-michel-telo-no-dncs\/#primaryimage"},"image":{"@id":"https:\/\/seconci.com.br\/site\/2021\/08\/04\/inscricoes-ja-liberadas-aos-trabalhadores-para-show-do-michel-telo-no-dncs\/#primaryimage"},"thumbnailUrl":"https:\/\/seconci.com.br\/site\/wp-content\/uploads\/2021\/08\/whatsapp-image-2021-08-02-at-173910.jpeg","datePublished":"2021-08-04T11:42:18+00:00","breadcrumb":{"@id":"https:\/\/seconci.com.br\/site\/2021\/08\/04\/inscricoes-ja-liberadas-aos-trabalhadores-para-show-do-michel-telo-no-dncs\/#breadcrumb"},"inLanguage":"pt-PT","potentialAction":[{"@type":"ReadAction","target":["https:\/\/seconci.com.br\/site\/2021\/08\/04\/inscricoes-ja-liberadas-aos-trabalhadores-para-show-do-michel-telo-no-dncs\/"]}]},{"@type":"ImageObject","inLanguage":"pt-PT","@id":"https:\/\/seconci.com.br\/site\/2021\/08\/04\/inscricoes-ja-liberadas-aos-trabalhadores-para-show-do-michel-telo-no-dncs\/#primaryimage","url":"https:\/\/seconci.com.br\/site\/wp-content\/uploads\/2021\/08\/whatsapp-image-2021-08-02-at-173910.jpeg","contentUrl":"https:\/\/seconci.com.br\/site\/wp-content\/uploads\/2021\/08\/whatsapp-image-2021-08-02-at-173910.jpeg","width":1280,"height":545},{"@type":"BreadcrumbList","@id":"https:\/\/seconci.com.br\/site\/2021\/08\/04\/inscricoes-ja-liberadas-aos-trabalhadores-para-show-do-michel-telo-no-dncs\/#breadcrumb","itemListElement":[{"@type":"ListItem","position":1,"name":"In\u00edcio","item":"https:\/\/seconci.com.br\/site\/"},{"@type":"ListItem","position":2,"name":"Inscri\u00e7\u00f5es j\u00e1 liberadas aos trabalhadores para show do Michel Tel\u00f3 no DNCS"}]},{"@type":"WebSite","@id":"https:\/\/seconci.com.br\/site\/#website","url":"https:\/\/seconci.com.br\/site\/","name":"Seconci Brasil","description":"","publisher":{"@id":"https:\/\/seconci.com.br\/site\/#organization"},"potentialAction":[{"@type":"SearchAction","target":{"@type":"EntryPoint","urlTemplate":"https:\/\/seconci.com.br\/site\/?s={search_term_string}"},"query-input":{"@type":"PropertyValueSpecification","valueRequired":true,"valueName":"search_term_string"}}],"inLanguage":"pt-PT"},{"@type":"Organization","@id":"https:\/\/seconci.com.br\/site\/#organization","name":"Seconci Brasil","url":"https:\/\/seconci.com.br\/site\/","logo":{"@type":"ImageObject","inLanguage":"pt-PT","@id":"https:\/\/seconci.com.br\/site\/#\/schema\/logo\/image\/","url":"https:\/\/seconci.com.br\/site\/wp-content\/uploads\/2024\/08\/Logo-Seconci-Brasil-branca-2.png","contentUrl":"https:\/\/seconci.com.br\/site\/wp-content\/uploads\/2024\/08\/Logo-Seconci-Brasil-branca-2.png","width":1315,"height":598,"caption":"Seconci Brasil"},"image":{"@id":"https:\/\/seconci.com.br\/site\/#\/schema\/logo\/image\/"}},{"@type":"Person","@id":"https:\/\/seconci.com.br\/site\/#\/schema\/person\/1d79afd97ddc8f2c68c1e88e298aa8e2","name":"Sidney Rocha","description":"Comunicador e estagi\u00e1rio do Seconci Brasil.","url":"https:\/\/seconci.com.br\/site\/author\/sidney-rocha\/"}]}},"_links":{"self":[{"href":"https:\/\/seconci.com.br\/site\/wp-json\/wp\/v2\/posts\/10967","targetHints":{"allow":["GET"]}}],"collection":[{"href":"https:\/\/seconci.com.br\/site\/wp-json\/wp\/v2\/posts"}],"about":[{"href":"https:\/\/seconci.com.br\/site\/wp-json\/wp\/v2\/types\/post"}],"author":[{"embeddable":true,"href":"https:\/\/seconci.com.br\/site\/wp-json\/wp\/v2\/users\/3"}],"replies":[{"embeddable":true,"href":"https:\/\/seconci.com.br\/site\/wp-json\/wp\/v2\/comments?post=10967"}],"version-history":[{"count":0,"href":"https:\/\/seconci.com.br\/site\/wp-json\/wp\/v2\/posts\/10967\/revisions"}],"wp:featuredmedia":[{"embeddable":true,"href":"https:\/\/seconci.com.br\/site\/wp-json\/wp\/v2\/media\/10968"}],"wp:attachment":[{"href":"https:\/\/seconci.com.br\/site\/wp-json\/wp\/v2\/media?parent=10967"}],"wp:term":[{"taxonomy":"category","embeddable":true,"href":"https:\/\/seconci.com.br\/site\/wp-json\/wp\/v2\/categories?post=10967"},{"taxonomy":"post_tag","embeddable":true,"href":"https:\/\/seconci.com.br\/site\/wp-json\/wp\/v2\/tags?post=10967"}],"curies":[{"name":"wp","href":"https:\/\/api.w.org\/{rel}","templated":true}]}}