{"id":11049,"date":"2021-08-20T11:05:47","date_gmt":"2021-08-20T11:05:47","guid":{"rendered":"https:\/\/seconci.com.br\/site\/?p=11049"},"modified":"2021-08-20T11:05:47","modified_gmt":"2021-08-20T11:05:47","slug":"afastamento-do-trabalho-na-construcao-civil-reflete-a-pandemia","status":"publish","type":"post","link":"https:\/\/seconci.com.br\/site\/2021\/08\/20\/afastamento-do-trabalho-na-construcao-civil-reflete-a-pandemia\/","title":{"rendered":"Afastamento do trabalho na constru\u00e7\u00e3o civil reflete a pandemia"},"content":{"rendered":"<p>O ano de 2020 foi impactado diretamente pela pandemia da Covid-19: diminuiu o n\u00famero de consultas, mas aumentaram o percentual de atestados e a quantidade de dias de afastamento. \u00c9 o que indica a pesquisa anual do Servi\u00e7o Social da Constru\u00e7\u00e3o Civil do Estado de S\u00e3o Paulo (Seconci-SP) sobre os motivos de afastamento dos trabalhadores de empresas da constru\u00e7\u00e3o civil.<\/p>\n<p>O n\u00famero de consultas ficou na ordem de 47.300, sinalizando uma redu\u00e7\u00e3o de 40% em rela\u00e7\u00e3o a 2019. O percentual de atestados em rela\u00e7\u00e3o \u00e0s consultas, em 2019, foi de 12,5%. No ano passado, houve um aumento, atingindo 16%. E, pela primeira vez, as doen\u00e7as do aparelho respirat\u00f3rio (27,1%) superaram as causas ligadas \u00e0 ortopedia (19%).<\/p>\n<p>Em 2019, foram feitas 80.154 consultas m\u00e9dicas n\u00e3o ocupacionais na Unidade Central da entidade, localizada na capital paulista, que resultaram em 6.410 atestados. Assim como nos anteriores, a especialidade recordista foi a cl\u00ednica m\u00e9dica (70,8%), seguida da ortopedia (8,9%), refletindo o perfil de utiliza\u00e7\u00e3o.<\/p>\n<p>Para a superintendente do Instituto de Ensino e Pesquisa Arm\u00eanio Crestana (Iepac) do Seconci-SP, dra. Norma Araujo, respons\u00e1vel pela coordena\u00e7\u00e3o do estudo, a queda do n\u00famero de consultas foi em grande parte decorrente do comportamento da popula\u00e7\u00e3o que, preocupada com o cont\u00e1gio da Covid-19, evitou ao m\u00e1ximo procurar os servi\u00e7os de sa\u00fade.<\/p>\n<p>\u201cIsso ocorreu mesmo que o Seconci-SP tenha mantido o atendimento com a observ\u00e2ncia rigorosa de todos os protocolos sanit\u00e1rios preconizados pelos \u00f3rg\u00e3os de sa\u00fade, o que, ali\u00e1s, foi reconhecido pelas empresas do setor\u201d.<\/p>\n<p>O Seconci-SP, desde o in\u00edcio da pandemia, se estruturou para atender os trabalhadores com sintomas suspeitos da doen\u00e7a, oferecendo tamb\u00e9m orienta\u00e7\u00f5es de como proceder.<\/p>\n<p>\u201cEssa iniciativa se refletiu no n\u00famero de casos atendidos e que geraram afastamento, assim como nos meses de maior volume de emiss\u00e3o de atestados (maio, junho e julho), coincidindo com o \u00e1pice da pandemia em 2020 e tamb\u00e9m na m\u00e9dia de dias de afastamento (3,4), superior aos 1,8 registrados em 2019\u201d.<\/p>\n<p>Apenas dois itens n\u00e3o foram afetados, a concentra\u00e7\u00e3o da emiss\u00e3o de atestados na segunda-feira e a preval\u00eancia na faixa et\u00e1ria de 30 a 59 anos, representando cerca de 60%.<\/p>\n<p>Realizada pelo Seconci-SP desde 2012, \u201cem 2020, completamos oitos anos dessa s\u00e9rie hist\u00f3rica. Embora tenha sido um ano at\u00edpico, esse estudo reflete a utiliza\u00e7\u00e3o dos servi\u00e7os m\u00e9dicos da entidade pelos trabalhadores da constru\u00e7\u00e3o civil e tamb\u00e9m como foi a atua\u00e7\u00e3o do Seconci-SP, reafirmando seu papel como parceiro e apoiador do setor, quando o assunto \u00e9 sa\u00fade e preven\u00e7\u00e3o\u201d, avalia a m\u00e9dica.<\/p>\n<p><em>(Ag\u00eancia CBIC | Com informa\u00e7\u00f5es do Seconci-SP)<\/em><\/p>\n","protected":false},"excerpt":{"rendered":"<p>O ano de 2020 foi impactado diretamente pela pandemia da Covid-19: diminuiu o n\u00famero de consultas, mas aumentaram o percentual de atestados e a quantidade de dias de afastamento. \u00c9 o que indica a pesquisa anual do Servi\u00e7o Social da Constru\u00e7\u00e3o Civil do Estado de S\u00e3o Paulo (Seconci-SP) sobre os motivos de afastamento dos trabalhadores [&hellip;]<\/p>\n","protected":false},"author":3,"featured_media":11050,"comment_status":"closed","ping_status":"closed","sticky":false,"template":"","format":"standard","meta":{"footnotes":""},"categories":[87],"tags":[],"class_list":["post-11049","post","type-post","status-publish","format-standard","has-post-thumbnail","hentry","category-seconci-sao-paulo"],"yoast_head":"<!-- This site is optimized with the Yoast SEO plugin v26.9 - https:\/\/yoast.com\/product\/yoast-seo-wordpress\/ -->\n<title>Afastamento do trabalho na constru\u00e7\u00e3o civil reflete a pandemia - Seconci Brasil<\/title>\n<meta name=\"robots\" content=\"index, follow, max-snippet:-1, max-image-preview:large, max-video-preview:-1\" \/>\n<link rel=\"canonical\" href=\"https:\/\/seconci.com.br\/site\/2021\/08\/20\/afastamento-do-trabalho-na-construcao-civil-reflete-a-pandemia\/\" \/>\n<meta property=\"og:locale\" content=\"pt_PT\" \/>\n<meta property=\"og:type\" content=\"article\" \/>\n<meta property=\"og:title\" content=\"Afastamento do trabalho na constru\u00e7\u00e3o civil reflete a pandemia - Seconci Brasil\" \/>\n<meta property=\"og:description\" content=\"O ano de 2020 foi impactado diretamente pela pandemia da Covid-19: diminuiu o n\u00famero de consultas, mas aumentaram o percentual de atestados e a quantidade de dias de afastamento. \u00c9 o que indica a pesquisa anual do Servi\u00e7o Social da Constru\u00e7\u00e3o Civil do Estado de S\u00e3o Paulo (Seconci-SP) sobre os motivos de afastamento dos trabalhadores [&hellip;]\" \/>\n<meta property=\"og:url\" content=\"https:\/\/seconci.com.br\/site\/2021\/08\/20\/afastamento-do-trabalho-na-construcao-civil-reflete-a-pandemia\/\" \/>\n<meta property=\"og:site_name\" content=\"Seconci Brasil\" \/>\n<meta property=\"article:published_time\" content=\"2021-08-20T11:05:47+00:00\" \/>\n<meta property=\"og:image\" content=\"https:\/\/seconci.com.br\/site\/wp-content\/uploads\/2021\/08\/trabalhador-capacete.jpeg\" \/>\n\t<meta property=\"og:image:width\" content=\"1280\" \/>\n\t<meta property=\"og:image:height\" content=\"738\" \/>\n\t<meta property=\"og:image:type\" content=\"image\/jpeg\" \/>\n<meta name=\"author\" content=\"Sidney Rocha\" \/>\n<meta name=\"twitter:card\" content=\"summary_large_image\" \/>\n<meta name=\"twitter:label1\" content=\"Escrito por\" \/>\n\t<meta name=\"twitter:data1\" content=\"Sidney Rocha\" \/>\n\t<meta name=\"twitter:label2\" content=\"Tempo estimado de leitura\" \/>\n\t<meta name=\"twitter:data2\" content=\"2 minutos\" \/>\n<script type=\"application\/ld+json\" class=\"yoast-schema-graph\">{\"@context\":\"https:\/\/schema.org\",\"@graph\":[{\"@type\":\"Article\",\"@id\":\"https:\/\/seconci.com.br\/site\/2021\/08\/20\/afastamento-do-trabalho-na-construcao-civil-reflete-a-pandemia\/#article\",\"isPartOf\":{\"@id\":\"https:\/\/seconci.com.br\/site\/2021\/08\/20\/afastamento-do-trabalho-na-construcao-civil-reflete-a-pandemia\/\"},\"author\":{\"name\":\"Sidney Rocha\",\"@id\":\"https:\/\/seconci.com.br\/site\/#\/schema\/person\/1d79afd97ddc8f2c68c1e88e298aa8e2\"},\"headline\":\"Afastamento do trabalho na constru\u00e7\u00e3o civil reflete a pandemia\",\"datePublished\":\"2021-08-20T11:05:47+00:00\",\"mainEntityOfPage\":{\"@id\":\"https:\/\/seconci.com.br\/site\/2021\/08\/20\/afastamento-do-trabalho-na-construcao-civil-reflete-a-pandemia\/\"},\"wordCount\":457,\"publisher\":{\"@id\":\"https:\/\/seconci.com.br\/site\/#organization\"},\"image\":{\"@id\":\"https:\/\/seconci.com.br\/site\/2021\/08\/20\/afastamento-do-trabalho-na-construcao-civil-reflete-a-pandemia\/#primaryimage\"},\"thumbnailUrl\":\"https:\/\/seconci.com.br\/site\/wp-content\/uploads\/2021\/08\/trabalhador-capacete.jpeg\",\"articleSection\":[\"Seconci S\u00e3o Paulo\"],\"inLanguage\":\"pt-PT\"},{\"@type\":\"WebPage\",\"@id\":\"https:\/\/seconci.com.br\/site\/2021\/08\/20\/afastamento-do-trabalho-na-construcao-civil-reflete-a-pandemia\/\",\"url\":\"https:\/\/seconci.com.br\/site\/2021\/08\/20\/afastamento-do-trabalho-na-construcao-civil-reflete-a-pandemia\/\",\"name\":\"Afastamento do trabalho na constru\u00e7\u00e3o civil reflete a pandemia - Seconci Brasil\",\"isPartOf\":{\"@id\":\"https:\/\/seconci.com.br\/site\/#website\"},\"primaryImageOfPage\":{\"@id\":\"https:\/\/seconci.com.br\/site\/2021\/08\/20\/afastamento-do-trabalho-na-construcao-civil-reflete-a-pandemia\/#primaryimage\"},\"image\":{\"@id\":\"https:\/\/seconci.com.br\/site\/2021\/08\/20\/afastamento-do-trabalho-na-construcao-civil-reflete-a-pandemia\/#primaryimage\"},\"thumbnailUrl\":\"https:\/\/seconci.com.br\/site\/wp-content\/uploads\/2021\/08\/trabalhador-capacete.jpeg\",\"datePublished\":\"2021-08-20T11:05:47+00:00\",\"breadcrumb\":{\"@id\":\"https:\/\/seconci.com.br\/site\/2021\/08\/20\/afastamento-do-trabalho-na-construcao-civil-reflete-a-pandemia\/#breadcrumb\"},\"inLanguage\":\"pt-PT\",\"potentialAction\":[{\"@type\":\"ReadAction\",\"target\":[\"https:\/\/seconci.com.br\/site\/2021\/08\/20\/afastamento-do-trabalho-na-construcao-civil-reflete-a-pandemia\/\"]}]},{\"@type\":\"ImageObject\",\"inLanguage\":\"pt-PT\",\"@id\":\"https:\/\/seconci.com.br\/site\/2021\/08\/20\/afastamento-do-trabalho-na-construcao-civil-reflete-a-pandemia\/#primaryimage\",\"url\":\"https:\/\/seconci.com.br\/site\/wp-content\/uploads\/2021\/08\/trabalhador-capacete.jpeg\",\"contentUrl\":\"https:\/\/seconci.com.br\/site\/wp-content\/uploads\/2021\/08\/trabalhador-capacete.jpeg\",\"width\":1280,\"height\":738},{\"@type\":\"BreadcrumbList\",\"@id\":\"https:\/\/seconci.com.br\/site\/2021\/08\/20\/afastamento-do-trabalho-na-construcao-civil-reflete-a-pandemia\/#breadcrumb\",\"itemListElement\":[{\"@type\":\"ListItem\",\"position\":1,\"name\":\"In\u00edcio\",\"item\":\"https:\/\/seconci.com.br\/site\/\"},{\"@type\":\"ListItem\",\"position\":2,\"name\":\"Afastamento do trabalho na constru\u00e7\u00e3o civil reflete a pandemia\"}]},{\"@type\":\"WebSite\",\"@id\":\"https:\/\/seconci.com.br\/site\/#website\",\"url\":\"https:\/\/seconci.com.br\/site\/\",\"name\":\"Seconci Brasil\",\"description\":\"\",\"publisher\":{\"@id\":\"https:\/\/seconci.com.br\/site\/#organization\"},\"potentialAction\":[{\"@type\":\"SearchAction\",\"target\":{\"@type\":\"EntryPoint\",\"urlTemplate\":\"https:\/\/seconci.com.br\/site\/?s={search_term_string}\"},\"query-input\":{\"@type\":\"PropertyValueSpecification\",\"valueRequired\":true,\"valueName\":\"search_term_string\"}}],\"inLanguage\":\"pt-PT\"},{\"@type\":\"Organization\",\"@id\":\"https:\/\/seconci.com.br\/site\/#organization\",\"name\":\"Seconci Brasil\",\"url\":\"https:\/\/seconci.com.br\/site\/\",\"logo\":{\"@type\":\"ImageObject\",\"inLanguage\":\"pt-PT\",\"@id\":\"https:\/\/seconci.com.br\/site\/#\/schema\/logo\/image\/\",\"url\":\"https:\/\/seconci.com.br\/site\/wp-content\/uploads\/2024\/08\/Logo-Seconci-Brasil-branca-2.png\",\"contentUrl\":\"https:\/\/seconci.com.br\/site\/wp-content\/uploads\/2024\/08\/Logo-Seconci-Brasil-branca-2.png\",\"width\":1315,\"height\":598,\"caption\":\"Seconci Brasil\"},\"image\":{\"@id\":\"https:\/\/seconci.com.br\/site\/#\/schema\/logo\/image\/\"}},{\"@type\":\"Person\",\"@id\":\"https:\/\/seconci.com.br\/site\/#\/schema\/person\/1d79afd97ddc8f2c68c1e88e298aa8e2\",\"name\":\"Sidney Rocha\",\"description\":\"Comunicador e estagi\u00e1rio do Seconci Brasil.\",\"url\":\"https:\/\/seconci.com.br\/site\/author\/sidney-rocha\/\"}]}<\/script>\n<!-- \/ Yoast SEO plugin. -->","yoast_head_json":{"title":"Afastamento do trabalho na constru\u00e7\u00e3o civil reflete a pandemia - Seconci Brasil","robots":{"index":"index","follow":"follow","max-snippet":"max-snippet:-1","max-image-preview":"max-image-preview:large","max-video-preview":"max-video-preview:-1"},"canonical":"https:\/\/seconci.com.br\/site\/2021\/08\/20\/afastamento-do-trabalho-na-construcao-civil-reflete-a-pandemia\/","og_locale":"pt_PT","og_type":"article","og_title":"Afastamento do trabalho na constru\u00e7\u00e3o civil reflete a pandemia - Seconci Brasil","og_description":"O ano de 2020 foi impactado diretamente pela pandemia da Covid-19: diminuiu o n\u00famero de consultas, mas aumentaram o percentual de atestados e a quantidade de dias de afastamento. \u00c9 o que indica a pesquisa anual do Servi\u00e7o Social da Constru\u00e7\u00e3o Civil do Estado de S\u00e3o Paulo (Seconci-SP) sobre os motivos de afastamento dos trabalhadores [&hellip;]","og_url":"https:\/\/seconci.com.br\/site\/2021\/08\/20\/afastamento-do-trabalho-na-construcao-civil-reflete-a-pandemia\/","og_site_name":"Seconci Brasil","article_published_time":"2021-08-20T11:05:47+00:00","og_image":[{"width":1280,"height":738,"url":"https:\/\/seconci.com.br\/site\/wp-content\/uploads\/2021\/08\/trabalhador-capacete.jpeg","type":"image\/jpeg"}],"author":"Sidney Rocha","twitter_card":"summary_large_image","twitter_misc":{"Escrito por":"Sidney Rocha","Tempo estimado de leitura":"2 minutos"},"schema":{"@context":"https:\/\/schema.org","@graph":[{"@type":"Article","@id":"https:\/\/seconci.com.br\/site\/2021\/08\/20\/afastamento-do-trabalho-na-construcao-civil-reflete-a-pandemia\/#article","isPartOf":{"@id":"https:\/\/seconci.com.br\/site\/2021\/08\/20\/afastamento-do-trabalho-na-construcao-civil-reflete-a-pandemia\/"},"author":{"name":"Sidney Rocha","@id":"https:\/\/seconci.com.br\/site\/#\/schema\/person\/1d79afd97ddc8f2c68c1e88e298aa8e2"},"headline":"Afastamento do trabalho na constru\u00e7\u00e3o civil reflete a pandemia","datePublished":"2021-08-20T11:05:47+00:00","mainEntityOfPage":{"@id":"https:\/\/seconci.com.br\/site\/2021\/08\/20\/afastamento-do-trabalho-na-construcao-civil-reflete-a-pandemia\/"},"wordCount":457,"publisher":{"@id":"https:\/\/seconci.com.br\/site\/#organization"},"image":{"@id":"https:\/\/seconci.com.br\/site\/2021\/08\/20\/afastamento-do-trabalho-na-construcao-civil-reflete-a-pandemia\/#primaryimage"},"thumbnailUrl":"https:\/\/seconci.com.br\/site\/wp-content\/uploads\/2021\/08\/trabalhador-capacete.jpeg","articleSection":["Seconci S\u00e3o Paulo"],"inLanguage":"pt-PT"},{"@type":"WebPage","@id":"https:\/\/seconci.com.br\/site\/2021\/08\/20\/afastamento-do-trabalho-na-construcao-civil-reflete-a-pandemia\/","url":"https:\/\/seconci.com.br\/site\/2021\/08\/20\/afastamento-do-trabalho-na-construcao-civil-reflete-a-pandemia\/","name":"Afastamento do trabalho na constru\u00e7\u00e3o civil reflete a pandemia - Seconci Brasil","isPartOf":{"@id":"https:\/\/seconci.com.br\/site\/#website"},"primaryImageOfPage":{"@id":"https:\/\/seconci.com.br\/site\/2021\/08\/20\/afastamento-do-trabalho-na-construcao-civil-reflete-a-pandemia\/#primaryimage"},"image":{"@id":"https:\/\/seconci.com.br\/site\/2021\/08\/20\/afastamento-do-trabalho-na-construcao-civil-reflete-a-pandemia\/#primaryimage"},"thumbnailUrl":"https:\/\/seconci.com.br\/site\/wp-content\/uploads\/2021\/08\/trabalhador-capacete.jpeg","datePublished":"2021-08-20T11:05:47+00:00","breadcrumb":{"@id":"https:\/\/seconci.com.br\/site\/2021\/08\/20\/afastamento-do-trabalho-na-construcao-civil-reflete-a-pandemia\/#breadcrumb"},"inLanguage":"pt-PT","potentialAction":[{"@type":"ReadAction","target":["https:\/\/seconci.com.br\/site\/2021\/08\/20\/afastamento-do-trabalho-na-construcao-civil-reflete-a-pandemia\/"]}]},{"@type":"ImageObject","inLanguage":"pt-PT","@id":"https:\/\/seconci.com.br\/site\/2021\/08\/20\/afastamento-do-trabalho-na-construcao-civil-reflete-a-pandemia\/#primaryimage","url":"https:\/\/seconci.com.br\/site\/wp-content\/uploads\/2021\/08\/trabalhador-capacete.jpeg","contentUrl":"https:\/\/seconci.com.br\/site\/wp-content\/uploads\/2021\/08\/trabalhador-capacete.jpeg","width":1280,"height":738},{"@type":"BreadcrumbList","@id":"https:\/\/seconci.com.br\/site\/2021\/08\/20\/afastamento-do-trabalho-na-construcao-civil-reflete-a-pandemia\/#breadcrumb","itemListElement":[{"@type":"ListItem","position":1,"name":"In\u00edcio","item":"https:\/\/seconci.com.br\/site\/"},{"@type":"ListItem","position":2,"name":"Afastamento do trabalho na constru\u00e7\u00e3o civil reflete a pandemia"}]},{"@type":"WebSite","@id":"https:\/\/seconci.com.br\/site\/#website","url":"https:\/\/seconci.com.br\/site\/","name":"Seconci Brasil","description":"","publisher":{"@id":"https:\/\/seconci.com.br\/site\/#organization"},"potentialAction":[{"@type":"SearchAction","target":{"@type":"EntryPoint","urlTemplate":"https:\/\/seconci.com.br\/site\/?s={search_term_string}"},"query-input":{"@type":"PropertyValueSpecification","valueRequired":true,"valueName":"search_term_string"}}],"inLanguage":"pt-PT"},{"@type":"Organization","@id":"https:\/\/seconci.com.br\/site\/#organization","name":"Seconci Brasil","url":"https:\/\/seconci.com.br\/site\/","logo":{"@type":"ImageObject","inLanguage":"pt-PT","@id":"https:\/\/seconci.com.br\/site\/#\/schema\/logo\/image\/","url":"https:\/\/seconci.com.br\/site\/wp-content\/uploads\/2024\/08\/Logo-Seconci-Brasil-branca-2.png","contentUrl":"https:\/\/seconci.com.br\/site\/wp-content\/uploads\/2024\/08\/Logo-Seconci-Brasil-branca-2.png","width":1315,"height":598,"caption":"Seconci Brasil"},"image":{"@id":"https:\/\/seconci.com.br\/site\/#\/schema\/logo\/image\/"}},{"@type":"Person","@id":"https:\/\/seconci.com.br\/site\/#\/schema\/person\/1d79afd97ddc8f2c68c1e88e298aa8e2","name":"Sidney Rocha","description":"Comunicador e estagi\u00e1rio do Seconci Brasil.","url":"https:\/\/seconci.com.br\/site\/author\/sidney-rocha\/"}]}},"_links":{"self":[{"href":"https:\/\/seconci.com.br\/site\/wp-json\/wp\/v2\/posts\/11049","targetHints":{"allow":["GET"]}}],"collection":[{"href":"https:\/\/seconci.com.br\/site\/wp-json\/wp\/v2\/posts"}],"about":[{"href":"https:\/\/seconci.com.br\/site\/wp-json\/wp\/v2\/types\/post"}],"author":[{"embeddable":true,"href":"https:\/\/seconci.com.br\/site\/wp-json\/wp\/v2\/users\/3"}],"replies":[{"embeddable":true,"href":"https:\/\/seconci.com.br\/site\/wp-json\/wp\/v2\/comments?post=11049"}],"version-history":[{"count":0,"href":"https:\/\/seconci.com.br\/site\/wp-json\/wp\/v2\/posts\/11049\/revisions"}],"wp:featuredmedia":[{"embeddable":true,"href":"https:\/\/seconci.com.br\/site\/wp-json\/wp\/v2\/media\/11050"}],"wp:attachment":[{"href":"https:\/\/seconci.com.br\/site\/wp-json\/wp\/v2\/media?parent=11049"}],"wp:term":[{"taxonomy":"category","embeddable":true,"href":"https:\/\/seconci.com.br\/site\/wp-json\/wp\/v2\/categories?post=11049"},{"taxonomy":"post_tag","embeddable":true,"href":"https:\/\/seconci.com.br\/site\/wp-json\/wp\/v2\/tags?post=11049"}],"curies":[{"name":"wp","href":"https:\/\/api.w.org\/{rel}","templated":true}]}}