{"id":11052,"date":"2021-08-23T11:43:24","date_gmt":"2021-08-23T11:43:24","guid":{"rendered":"https:\/\/seconci.com.br\/site\/?p=11052"},"modified":"2021-08-23T11:43:24","modified_gmt":"2021-08-23T11:43:24","slug":"michel-telo-faz-homenagem-especial-a-mais-de-24-milhoes-de-trabalhadores-da-construcao-durante-dncs","status":"publish","type":"post","link":"https:\/\/seconci.com.br\/site\/2021\/08\/23\/michel-telo-faz-homenagem-especial-a-mais-de-24-milhoes-de-trabalhadores-da-construcao-durante-dncs\/","title":{"rendered":"Michel Tel\u00f3 faz homenagem especial a mais de 2,4 milh\u00f5es de trabalhadores da constru\u00e7\u00e3o, durante DNCS"},"content":{"rendered":"<p>A t\u00e3o esperada edi\u00e7\u00e3o\u00a0<em>online<\/em>\u00a0do\u00a0<strong>Dia Nacional da Constru\u00e7\u00e3o Social (DNCS)\u00a0<\/strong>aconteceu neste s\u00e1bado (21\/8), com um animado show do\u00a0<strong>cantor Michel Tel\u00f3<\/strong>\u00a0e ativa participa\u00e7\u00e3o da plateia virtual, em homenagem aos mais de 2,4 milh\u00f5es de trabalhadores da constru\u00e7\u00e3o civil de todo o Brasil.<\/p>\n<p>Sob o comando da atriz e comediante\u00a0<strong>Maria Paula<\/strong>\u00a0(Casseta e Planeta), a homenagem especial aos trabalhadores da constru\u00e7\u00e3o mobilizou as entidades associadas da C\u00e2mara Brasileira da Ind\u00fastria da Constru\u00e7\u00e3o (CBIC) das cinco regi\u00f5es do pa\u00eds.<\/p>\n<p>Foi uma tarde de comemora\u00e7\u00e3o em agradecimento a todos os trabalhadores que fazem o setor da constru\u00e7\u00e3o se destacar e terem for\u00e7a, que n\u00e3o desistem nunca, que s\u00e3o exemplo de supera\u00e7\u00e3o, que constroem sonhos e que s\u00e3o um grande orgulho para todos n\u00f3s.<\/p>\n<h2><strong>Gratid\u00e3o aos trabalhadores do setor que constroem o Brasil<\/strong><\/h2>\n<p><img decoding=\"async\" class=\"aligncenter wp-image-68525 size-full\" src=\"https:\/\/cbic.org.br\/wp-content\/uploads\/2021\/08\/whatsapp-image-2021-08-21-at-203000.jpeg\" alt=\"\" \/>No palco da festa, em Bras\u00edlia, o vice-presidente Administrativo da CBIC,\u00a0<strong>Eduardo Aroeira<\/strong>, agradeceu aos trabalhadores do setor que tiveram a capacidade de aprender uma nova forma de trabalhar, com seguran\u00e7a e novos protocolos contra a Covid-19.<\/p>\n<p>\u201cDurante toda a pandemia, demos um show de trabalho e consci\u00eancia\u201d, disse Aroeira, ao parabenizar os trabalhadores que ajudaram, neste momento t\u00e3o dif\u00edcil, a desenvolver o pa\u00eds, gerando emprego e renda para a popula\u00e7\u00e3o.<\/p>\n<p>Do Rio de Janeiro, a presidente da Comiss\u00e3o de Responsabilidade Social (CRS) da CBIC,\u00a0<strong>Ana Claudia Gomes<\/strong>, questionou o que seria da popula\u00e7\u00e3o e da ind\u00fastria se n\u00e3o fossem os trabalhadores da constru\u00e7\u00e3o civil.<\/p>\n<p>\u201cOlhando para a minha casa, cada tijolo, cada tinta, cada madeira, cada fio el\u00e9trico, cada tubo, cada conex\u00e3o\u2026, tudo o que existe na face da terra, tirando as belezas naturais, foi constru\u00eddo pelo nosso trabalhador\u201d, salientou Gomes, refor\u00e7ando que o Brasil est\u00e1 em festa para \u201cvalorizar a for\u00e7a do trabalhador, que constr\u00f3i tudo o que o setor entrega para a sociedade\u201d.<\/p>\n<p><img decoding=\"async\" class=\"aligncenter wp-image-68522 size-full\" src=\"https:\/\/cbic.org.br\/wp-content\/uploads\/2021\/08\/whatsapp-image-2021-08-21-at-203032.jpeg\" alt=\"\" \/><\/p>\n<p>Emocionado, de Curitiba\/PR o presidente da CBIC,\u00a0<strong>Jos\u00e9 Carlos Martins<\/strong>, tamb\u00e9m agradeceu aos trabalhadores por tudo o que proporcionam \u00e0 sociedade e \u00e0 ind\u00fastria da constru\u00e7\u00e3o e a forma respons\u00e1vel como est\u00e3o lhe dando com a pandemia. Martins refor\u00e7ou que tudo o que existe nas cidades saiu das m\u00e3os e do suor do trabalhador.<\/p>\n<p>\u201cSomos uma grande fam\u00edlia e vamos em frente sabendo que estamos todos no mesmo barco. Queremos comemorar com voc\u00eas a vida, a felicidade e tudo o que a vida pode oferecer\u201d, frisou Martins.<\/p>\n<p>Representando a for\u00e7a laboral, o presidente da Confedera\u00e7\u00e3o Nacional dos Trabalhadores na Ind\u00fastria da Constru\u00e7\u00e3o e do Mobili\u00e1rio (Contricom),\u00a0<strong>Altamiro Perdon\u00e1<\/strong>, saudou a todos os trabalhadores e trabalhadoras que n\u00e3o pararam durante a pandemia e que constroem com seu trabalho e sua luta a riqueza do Brasil.<\/p>\n<p>\u201cVamos estar sempre juntos. Temos as nossas diverg\u00eancias internas, mas da porta para fora damos as m\u00e3os e vamos sempre lutar para a gera\u00e7\u00e3o de emprego e renda\u201d, mencionou o presidente do Sindicato dos Trabalhadores nas Ind\u00fastrias da Constru\u00e7\u00e3o Civil de S\u00e3o Paulo (Sintracon-SP),\u00a0<strong>Antonio de Sousa Ramalho<\/strong>, ao comemorar o DNCS e a homenagem do setor.<\/p>\n<h2><strong>Orgulho de ser a for\u00e7a que constr\u00f3i o Brasil<\/strong><\/h2>\n<p>Com apoio das entidades associadas \u00e0 CBIC, foram realizadas homenagens aos trabalhadores de cada uma das cinco regi\u00f5es do pa\u00eds. Destaque para a participa\u00e7\u00e3o do venezuelano, Franklin T\u00f3var, que, h\u00e1 quatro anos no Brasil e gra\u00e7as ao setor, conseguiu adquirir a sua casa pr\u00f3pria e garantir o sustento dos seus familiares. Al\u00e9m de desenhos dos filhos dos trabalhadores, que demonstraram o orgulho da profiss\u00e3o de seus pais.<\/p>\n<p><img decoding=\"async\" class=\"aligncenter wp-image-68523 size-full\" src=\"https:\/\/cbic.org.br\/wp-content\/uploads\/2021\/08\/whatsapp-image-2021-08-21-at-202957.jpeg\" alt=\"\" \/><\/p>\n<p>A festa tamb\u00e9m contou com homenagens dos vice-presidentes regionais da CBIC:<\/p>\n<ul>\n<li><strong>F\u00e1bio Ribeiro Nahuz<\/strong>\u00a0<strong>\u2013 MA<\/strong>, vice-presidente Regi\u00e3o Nordeste<\/li>\n<li><strong>Alex Carvalho \u2013 PA<\/strong>, vice-presidente Regi\u00e3o Norte<\/li>\n<li><strong>Arist\u00f3teles Passos Costa Neto<\/strong>\u00a0<strong>\u2013 ES<\/strong>, vice-presidente Regi\u00e3o Sudeste<\/li>\n<li><strong>Renato de Sousa Correia<\/strong>\u00a0<strong>\u2013 GO<\/strong>, vice-presidente Regi\u00e3o Centro-Oeste<\/li>\n<li><strong>Marco Antonio Corsini<\/strong>\u00a0\u2013 SC, vice-presidente Regi\u00e3o Sul<\/li>\n<\/ul>\n<p>Atendendo ao pedido do presidente Jos\u00e9 Carlos Martins, Michel Tel\u00f3 cantou a m\u00fasica \u201cCidad\u00e3o\u201d, al\u00e9m de m\u00fasicas atuais e mod\u00f5es.<\/p>\n<p>\u201cA CBIC luta por um setor forte, por uma ind\u00fastria que valorize o seu trabalhador e o perfeito equil\u00edbrio entre capital e trabalho\u201d, enfatizou Ana Claudia Gomes.<\/p>\n<h2><strong>Sorteio de brindes<\/strong><\/h2>\n<p>O grande sortudo do dia foi o carpinteiro Francisco Erisberge Alves Damasceno, da empresa Sigo Engenharia, do Rio de Janeiro, que ganhou uma Moto Honda.<\/p>\n<p><img decoding=\"async\" class=\"aligncenter wp-image-68526 size-full\" src=\"https:\/\/cbic.org.br\/wp-content\/uploads\/2021\/08\/whatsapp-image-2021-08-21-at-204020-1.jpeg\" alt=\"\" \/><\/p>\n<p>Durante a festa, houve sorteio exclusivo para os trabalhadores, que concorreram individualmente a cada um dos seguintes pr\u00eamios, por regi\u00e3o:<\/p>\n<ul>\n<li>01 Airfryer<\/li>\n<li>02 Grill el\u00e9trico<\/li>\n<li>02 Aspiradores de p\u00f3<\/li>\n<li>01 Echo dot alexia<\/li>\n<li>02 Churrasqueiras<\/li>\n<li>04 Mochilas<\/li>\n<li>04 Kit churrasco<\/li>\n<\/ul>\n<p>Ao final, tamb\u00e9m foram sorteados nacionalmente:<\/p>\n<ul>\n<li>01 TV Smart 32\u201d<\/li>\n<li>02 Vales Compras de R$ 500,00<\/li>\n<li>01 Vale Compra R$ 1.000,00<\/li>\n<li>02 Celulares Motorola G30<\/li>\n<li>01 Moto Honda<\/li>\n<\/ul>\n<p>A rifa do vinho tinto Pera Manca 2014 proporcionou parte do dinheiro distribu\u00eddo ao final.<\/p>\n<p>O projeto\u00a0<strong>Dia Nacional da Constru\u00e7\u00e3o Social\u00a0<\/strong>da Comiss\u00e3o de Responsabilidade Social (CRS) da CBIC, \u00e9 feito em\u00a0correaliza\u00e7\u00e3o com o Servi\u00e7o Social da Ind\u00fastria (Sesi Nacional). O evento contou com apoio do Seconci Brasil e de todo os sindicatos e associa\u00e7\u00f5es parceiras da CBIC, especialmente do Sinduscon-Rio, Sinduscon-MG, Sinduscon Blumenau, Sinduscon-PA, Ademi-AL, Guerdau e da Ecovita Incorporadora e Construtora, que se envolveram na compra e envio de pr\u00eamios.<\/p>\n<p>Assista a\u00a0<a href=\"https:\/\/www.youtube.com\/watch?v=O6A4L9PwLZ0\">\u00edntegra<br \/>\ndo DCNS 2021 no canal da CBIC no YouTube<\/a>.<\/p>\n<p><em>Fonte: Ag\u00eancia CBIC<\/em><\/p>\n","protected":false},"excerpt":{"rendered":"<p>A t\u00e3o esperada edi\u00e7\u00e3o\u00a0online\u00a0do\u00a0Dia Nacional da Constru\u00e7\u00e3o Social (DNCS)\u00a0aconteceu neste s\u00e1bado (21\/8), com um animado show do\u00a0cantor Michel Tel\u00f3\u00a0e ativa participa\u00e7\u00e3o da plateia virtual, em homenagem aos mais de 2,4 milh\u00f5es de trabalhadores da constru\u00e7\u00e3o civil de todo o Brasil. Sob o comando da atriz e comediante\u00a0Maria Paula\u00a0(Casseta e Planeta), a homenagem especial aos trabalhadores [&hellip;]<\/p>\n","protected":false},"author":3,"featured_media":11053,"comment_status":"closed","ping_status":"closed","sticky":false,"template":"","format":"standard","meta":{"footnotes":""},"categories":[92],"tags":[],"class_list":["post-11052","post","type-post","status-publish","format-standard","has-post-thumbnail","hentry","category-seconci-brasil"],"yoast_head":"<!-- This site is optimized with the Yoast SEO plugin v26.9 - https:\/\/yoast.com\/product\/yoast-seo-wordpress\/ -->\n<title>Michel Tel\u00f3 faz homenagem especial a mais de 2,4 milh\u00f5es de trabalhadores da constru\u00e7\u00e3o, durante DNCS - Seconci Brasil<\/title>\n<meta name=\"robots\" content=\"index, follow, max-snippet:-1, max-image-preview:large, max-video-preview:-1\" \/>\n<link rel=\"canonical\" href=\"https:\/\/seconci.com.br\/site\/2021\/08\/23\/michel-telo-faz-homenagem-especial-a-mais-de-24-milhoes-de-trabalhadores-da-construcao-durante-dncs\/\" \/>\n<meta property=\"og:locale\" content=\"pt_PT\" \/>\n<meta property=\"og:type\" content=\"article\" \/>\n<meta property=\"og:title\" content=\"Michel Tel\u00f3 faz homenagem especial a mais de 2,4 milh\u00f5es de trabalhadores da constru\u00e7\u00e3o, durante DNCS - Seconci Brasil\" \/>\n<meta property=\"og:description\" content=\"A t\u00e3o esperada edi\u00e7\u00e3o\u00a0online\u00a0do\u00a0Dia Nacional da Constru\u00e7\u00e3o Social (DNCS)\u00a0aconteceu neste s\u00e1bado (21\/8), com um animado show do\u00a0cantor Michel Tel\u00f3\u00a0e ativa participa\u00e7\u00e3o da plateia virtual, em homenagem aos mais de 2,4 milh\u00f5es de trabalhadores da constru\u00e7\u00e3o civil de todo o Brasil. Sob o comando da atriz e comediante\u00a0Maria Paula\u00a0(Casseta e Planeta), a homenagem especial aos trabalhadores [&hellip;]\" \/>\n<meta property=\"og:url\" content=\"https:\/\/seconci.com.br\/site\/2021\/08\/23\/michel-telo-faz-homenagem-especial-a-mais-de-24-milhoes-de-trabalhadores-da-construcao-durante-dncs\/\" \/>\n<meta property=\"og:site_name\" content=\"Seconci Brasil\" \/>\n<meta property=\"article:published_time\" content=\"2021-08-23T11:43:24+00:00\" \/>\n<meta property=\"og:image\" content=\"https:\/\/seconci.com.br\/site\/wp-content\/uploads\/2021\/08\/dncs-maria-paula.jpeg\" \/>\n\t<meta property=\"og:image:width\" content=\"1280\" \/>\n\t<meta property=\"og:image:height\" content=\"853\" \/>\n\t<meta property=\"og:image:type\" content=\"image\/jpeg\" \/>\n<meta name=\"author\" content=\"Sidney Rocha\" \/>\n<meta name=\"twitter:card\" content=\"summary_large_image\" \/>\n<meta name=\"twitter:label1\" content=\"Escrito por\" \/>\n\t<meta name=\"twitter:data1\" content=\"Sidney Rocha\" \/>\n\t<meta name=\"twitter:label2\" content=\"Tempo estimado de leitura\" \/>\n\t<meta name=\"twitter:data2\" content=\"5 minutos\" \/>\n<script type=\"application\/ld+json\" class=\"yoast-schema-graph\">{\"@context\":\"https:\/\/schema.org\",\"@graph\":[{\"@type\":\"Article\",\"@id\":\"https:\/\/seconci.com.br\/site\/2021\/08\/23\/michel-telo-faz-homenagem-especial-a-mais-de-24-milhoes-de-trabalhadores-da-construcao-durante-dncs\/#article\",\"isPartOf\":{\"@id\":\"https:\/\/seconci.com.br\/site\/2021\/08\/23\/michel-telo-faz-homenagem-especial-a-mais-de-24-milhoes-de-trabalhadores-da-construcao-durante-dncs\/\"},\"author\":{\"name\":\"Sidney Rocha\",\"@id\":\"https:\/\/seconci.com.br\/site\/#\/schema\/person\/1d79afd97ddc8f2c68c1e88e298aa8e2\"},\"headline\":\"Michel Tel\u00f3 faz homenagem especial a mais de 2,4 milh\u00f5es de trabalhadores da constru\u00e7\u00e3o, durante DNCS\",\"datePublished\":\"2021-08-23T11:43:24+00:00\",\"mainEntityOfPage\":{\"@id\":\"https:\/\/seconci.com.br\/site\/2021\/08\/23\/michel-telo-faz-homenagem-especial-a-mais-de-24-milhoes-de-trabalhadores-da-construcao-durante-dncs\/\"},\"wordCount\":950,\"publisher\":{\"@id\":\"https:\/\/seconci.com.br\/site\/#organization\"},\"image\":{\"@id\":\"https:\/\/seconci.com.br\/site\/2021\/08\/23\/michel-telo-faz-homenagem-especial-a-mais-de-24-milhoes-de-trabalhadores-da-construcao-durante-dncs\/#primaryimage\"},\"thumbnailUrl\":\"https:\/\/seconci.com.br\/site\/wp-content\/uploads\/2021\/08\/dncs-maria-paula.jpeg\",\"articleSection\":[\"Seconci Brasil\"],\"inLanguage\":\"pt-PT\"},{\"@type\":\"WebPage\",\"@id\":\"https:\/\/seconci.com.br\/site\/2021\/08\/23\/michel-telo-faz-homenagem-especial-a-mais-de-24-milhoes-de-trabalhadores-da-construcao-durante-dncs\/\",\"url\":\"https:\/\/seconci.com.br\/site\/2021\/08\/23\/michel-telo-faz-homenagem-especial-a-mais-de-24-milhoes-de-trabalhadores-da-construcao-durante-dncs\/\",\"name\":\"Michel Tel\u00f3 faz homenagem especial a mais de 2,4 milh\u00f5es de trabalhadores da constru\u00e7\u00e3o, durante DNCS - Seconci Brasil\",\"isPartOf\":{\"@id\":\"https:\/\/seconci.com.br\/site\/#website\"},\"primaryImageOfPage\":{\"@id\":\"https:\/\/seconci.com.br\/site\/2021\/08\/23\/michel-telo-faz-homenagem-especial-a-mais-de-24-milhoes-de-trabalhadores-da-construcao-durante-dncs\/#primaryimage\"},\"image\":{\"@id\":\"https:\/\/seconci.com.br\/site\/2021\/08\/23\/michel-telo-faz-homenagem-especial-a-mais-de-24-milhoes-de-trabalhadores-da-construcao-durante-dncs\/#primaryimage\"},\"thumbnailUrl\":\"https:\/\/seconci.com.br\/site\/wp-content\/uploads\/2021\/08\/dncs-maria-paula.jpeg\",\"datePublished\":\"2021-08-23T11:43:24+00:00\",\"breadcrumb\":{\"@id\":\"https:\/\/seconci.com.br\/site\/2021\/08\/23\/michel-telo-faz-homenagem-especial-a-mais-de-24-milhoes-de-trabalhadores-da-construcao-durante-dncs\/#breadcrumb\"},\"inLanguage\":\"pt-PT\",\"potentialAction\":[{\"@type\":\"ReadAction\",\"target\":[\"https:\/\/seconci.com.br\/site\/2021\/08\/23\/michel-telo-faz-homenagem-especial-a-mais-de-24-milhoes-de-trabalhadores-da-construcao-durante-dncs\/\"]}]},{\"@type\":\"ImageObject\",\"inLanguage\":\"pt-PT\",\"@id\":\"https:\/\/seconci.com.br\/site\/2021\/08\/23\/michel-telo-faz-homenagem-especial-a-mais-de-24-milhoes-de-trabalhadores-da-construcao-durante-dncs\/#primaryimage\",\"url\":\"https:\/\/seconci.com.br\/site\/wp-content\/uploads\/2021\/08\/dncs-maria-paula.jpeg\",\"contentUrl\":\"https:\/\/seconci.com.br\/site\/wp-content\/uploads\/2021\/08\/dncs-maria-paula.jpeg\",\"width\":1280,\"height\":853},{\"@type\":\"BreadcrumbList\",\"@id\":\"https:\/\/seconci.com.br\/site\/2021\/08\/23\/michel-telo-faz-homenagem-especial-a-mais-de-24-milhoes-de-trabalhadores-da-construcao-durante-dncs\/#breadcrumb\",\"itemListElement\":[{\"@type\":\"ListItem\",\"position\":1,\"name\":\"In\u00edcio\",\"item\":\"https:\/\/seconci.com.br\/site\/\"},{\"@type\":\"ListItem\",\"position\":2,\"name\":\"Michel Tel\u00f3 faz homenagem especial a mais de 2,4 milh\u00f5es de trabalhadores da constru\u00e7\u00e3o, durante DNCS\"}]},{\"@type\":\"WebSite\",\"@id\":\"https:\/\/seconci.com.br\/site\/#website\",\"url\":\"https:\/\/seconci.com.br\/site\/\",\"name\":\"Seconci Brasil\",\"description\":\"\",\"publisher\":{\"@id\":\"https:\/\/seconci.com.br\/site\/#organization\"},\"potentialAction\":[{\"@type\":\"SearchAction\",\"target\":{\"@type\":\"EntryPoint\",\"urlTemplate\":\"https:\/\/seconci.com.br\/site\/?s={search_term_string}\"},\"query-input\":{\"@type\":\"PropertyValueSpecification\",\"valueRequired\":true,\"valueName\":\"search_term_string\"}}],\"inLanguage\":\"pt-PT\"},{\"@type\":\"Organization\",\"@id\":\"https:\/\/seconci.com.br\/site\/#organization\",\"name\":\"Seconci Brasil\",\"url\":\"https:\/\/seconci.com.br\/site\/\",\"logo\":{\"@type\":\"ImageObject\",\"inLanguage\":\"pt-PT\",\"@id\":\"https:\/\/seconci.com.br\/site\/#\/schema\/logo\/image\/\",\"url\":\"https:\/\/seconci.com.br\/site\/wp-content\/uploads\/2024\/08\/Logo-Seconci-Brasil-branca-2.png\",\"contentUrl\":\"https:\/\/seconci.com.br\/site\/wp-content\/uploads\/2024\/08\/Logo-Seconci-Brasil-branca-2.png\",\"width\":1315,\"height\":598,\"caption\":\"Seconci Brasil\"},\"image\":{\"@id\":\"https:\/\/seconci.com.br\/site\/#\/schema\/logo\/image\/\"}},{\"@type\":\"Person\",\"@id\":\"https:\/\/seconci.com.br\/site\/#\/schema\/person\/1d79afd97ddc8f2c68c1e88e298aa8e2\",\"name\":\"Sidney Rocha\",\"description\":\"Comunicador e estagi\u00e1rio do Seconci Brasil.\",\"url\":\"https:\/\/seconci.com.br\/site\/author\/sidney-rocha\/\"}]}<\/script>\n<!-- \/ Yoast SEO plugin. -->","yoast_head_json":{"title":"Michel Tel\u00f3 faz homenagem especial a mais de 2,4 milh\u00f5es de trabalhadores da constru\u00e7\u00e3o, durante DNCS - Seconci Brasil","robots":{"index":"index","follow":"follow","max-snippet":"max-snippet:-1","max-image-preview":"max-image-preview:large","max-video-preview":"max-video-preview:-1"},"canonical":"https:\/\/seconci.com.br\/site\/2021\/08\/23\/michel-telo-faz-homenagem-especial-a-mais-de-24-milhoes-de-trabalhadores-da-construcao-durante-dncs\/","og_locale":"pt_PT","og_type":"article","og_title":"Michel Tel\u00f3 faz homenagem especial a mais de 2,4 milh\u00f5es de trabalhadores da constru\u00e7\u00e3o, durante DNCS - Seconci Brasil","og_description":"A t\u00e3o esperada edi\u00e7\u00e3o\u00a0online\u00a0do\u00a0Dia Nacional da Constru\u00e7\u00e3o Social (DNCS)\u00a0aconteceu neste s\u00e1bado (21\/8), com um animado show do\u00a0cantor Michel Tel\u00f3\u00a0e ativa participa\u00e7\u00e3o da plateia virtual, em homenagem aos mais de 2,4 milh\u00f5es de trabalhadores da constru\u00e7\u00e3o civil de todo o Brasil. Sob o comando da atriz e comediante\u00a0Maria Paula\u00a0(Casseta e Planeta), a homenagem especial aos trabalhadores [&hellip;]","og_url":"https:\/\/seconci.com.br\/site\/2021\/08\/23\/michel-telo-faz-homenagem-especial-a-mais-de-24-milhoes-de-trabalhadores-da-construcao-durante-dncs\/","og_site_name":"Seconci Brasil","article_published_time":"2021-08-23T11:43:24+00:00","og_image":[{"width":1280,"height":853,"url":"https:\/\/seconci.com.br\/site\/wp-content\/uploads\/2021\/08\/dncs-maria-paula.jpeg","type":"image\/jpeg"}],"author":"Sidney Rocha","twitter_card":"summary_large_image","twitter_misc":{"Escrito por":"Sidney Rocha","Tempo estimado de leitura":"5 minutos"},"schema":{"@context":"https:\/\/schema.org","@graph":[{"@type":"Article","@id":"https:\/\/seconci.com.br\/site\/2021\/08\/23\/michel-telo-faz-homenagem-especial-a-mais-de-24-milhoes-de-trabalhadores-da-construcao-durante-dncs\/#article","isPartOf":{"@id":"https:\/\/seconci.com.br\/site\/2021\/08\/23\/michel-telo-faz-homenagem-especial-a-mais-de-24-milhoes-de-trabalhadores-da-construcao-durante-dncs\/"},"author":{"name":"Sidney Rocha","@id":"https:\/\/seconci.com.br\/site\/#\/schema\/person\/1d79afd97ddc8f2c68c1e88e298aa8e2"},"headline":"Michel Tel\u00f3 faz homenagem especial a mais de 2,4 milh\u00f5es de trabalhadores da constru\u00e7\u00e3o, durante DNCS","datePublished":"2021-08-23T11:43:24+00:00","mainEntityOfPage":{"@id":"https:\/\/seconci.com.br\/site\/2021\/08\/23\/michel-telo-faz-homenagem-especial-a-mais-de-24-milhoes-de-trabalhadores-da-construcao-durante-dncs\/"},"wordCount":950,"publisher":{"@id":"https:\/\/seconci.com.br\/site\/#organization"},"image":{"@id":"https:\/\/seconci.com.br\/site\/2021\/08\/23\/michel-telo-faz-homenagem-especial-a-mais-de-24-milhoes-de-trabalhadores-da-construcao-durante-dncs\/#primaryimage"},"thumbnailUrl":"https:\/\/seconci.com.br\/site\/wp-content\/uploads\/2021\/08\/dncs-maria-paula.jpeg","articleSection":["Seconci Brasil"],"inLanguage":"pt-PT"},{"@type":"WebPage","@id":"https:\/\/seconci.com.br\/site\/2021\/08\/23\/michel-telo-faz-homenagem-especial-a-mais-de-24-milhoes-de-trabalhadores-da-construcao-durante-dncs\/","url":"https:\/\/seconci.com.br\/site\/2021\/08\/23\/michel-telo-faz-homenagem-especial-a-mais-de-24-milhoes-de-trabalhadores-da-construcao-durante-dncs\/","name":"Michel Tel\u00f3 faz homenagem especial a mais de 2,4 milh\u00f5es de trabalhadores da constru\u00e7\u00e3o, durante DNCS - Seconci Brasil","isPartOf":{"@id":"https:\/\/seconci.com.br\/site\/#website"},"primaryImageOfPage":{"@id":"https:\/\/seconci.com.br\/site\/2021\/08\/23\/michel-telo-faz-homenagem-especial-a-mais-de-24-milhoes-de-trabalhadores-da-construcao-durante-dncs\/#primaryimage"},"image":{"@id":"https:\/\/seconci.com.br\/site\/2021\/08\/23\/michel-telo-faz-homenagem-especial-a-mais-de-24-milhoes-de-trabalhadores-da-construcao-durante-dncs\/#primaryimage"},"thumbnailUrl":"https:\/\/seconci.com.br\/site\/wp-content\/uploads\/2021\/08\/dncs-maria-paula.jpeg","datePublished":"2021-08-23T11:43:24+00:00","breadcrumb":{"@id":"https:\/\/seconci.com.br\/site\/2021\/08\/23\/michel-telo-faz-homenagem-especial-a-mais-de-24-milhoes-de-trabalhadores-da-construcao-durante-dncs\/#breadcrumb"},"inLanguage":"pt-PT","potentialAction":[{"@type":"ReadAction","target":["https:\/\/seconci.com.br\/site\/2021\/08\/23\/michel-telo-faz-homenagem-especial-a-mais-de-24-milhoes-de-trabalhadores-da-construcao-durante-dncs\/"]}]},{"@type":"ImageObject","inLanguage":"pt-PT","@id":"https:\/\/seconci.com.br\/site\/2021\/08\/23\/michel-telo-faz-homenagem-especial-a-mais-de-24-milhoes-de-trabalhadores-da-construcao-durante-dncs\/#primaryimage","url":"https:\/\/seconci.com.br\/site\/wp-content\/uploads\/2021\/08\/dncs-maria-paula.jpeg","contentUrl":"https:\/\/seconci.com.br\/site\/wp-content\/uploads\/2021\/08\/dncs-maria-paula.jpeg","width":1280,"height":853},{"@type":"BreadcrumbList","@id":"https:\/\/seconci.com.br\/site\/2021\/08\/23\/michel-telo-faz-homenagem-especial-a-mais-de-24-milhoes-de-trabalhadores-da-construcao-durante-dncs\/#breadcrumb","itemListElement":[{"@type":"ListItem","position":1,"name":"In\u00edcio","item":"https:\/\/seconci.com.br\/site\/"},{"@type":"ListItem","position":2,"name":"Michel Tel\u00f3 faz homenagem especial a mais de 2,4 milh\u00f5es de trabalhadores da constru\u00e7\u00e3o, durante DNCS"}]},{"@type":"WebSite","@id":"https:\/\/seconci.com.br\/site\/#website","url":"https:\/\/seconci.com.br\/site\/","name":"Seconci Brasil","description":"","publisher":{"@id":"https:\/\/seconci.com.br\/site\/#organization"},"potentialAction":[{"@type":"SearchAction","target":{"@type":"EntryPoint","urlTemplate":"https:\/\/seconci.com.br\/site\/?s={search_term_string}"},"query-input":{"@type":"PropertyValueSpecification","valueRequired":true,"valueName":"search_term_string"}}],"inLanguage":"pt-PT"},{"@type":"Organization","@id":"https:\/\/seconci.com.br\/site\/#organization","name":"Seconci Brasil","url":"https:\/\/seconci.com.br\/site\/","logo":{"@type":"ImageObject","inLanguage":"pt-PT","@id":"https:\/\/seconci.com.br\/site\/#\/schema\/logo\/image\/","url":"https:\/\/seconci.com.br\/site\/wp-content\/uploads\/2024\/08\/Logo-Seconci-Brasil-branca-2.png","contentUrl":"https:\/\/seconci.com.br\/site\/wp-content\/uploads\/2024\/08\/Logo-Seconci-Brasil-branca-2.png","width":1315,"height":598,"caption":"Seconci Brasil"},"image":{"@id":"https:\/\/seconci.com.br\/site\/#\/schema\/logo\/image\/"}},{"@type":"Person","@id":"https:\/\/seconci.com.br\/site\/#\/schema\/person\/1d79afd97ddc8f2c68c1e88e298aa8e2","name":"Sidney Rocha","description":"Comunicador e estagi\u00e1rio do Seconci Brasil.","url":"https:\/\/seconci.com.br\/site\/author\/sidney-rocha\/"}]}},"_links":{"self":[{"href":"https:\/\/seconci.com.br\/site\/wp-json\/wp\/v2\/posts\/11052","targetHints":{"allow":["GET"]}}],"collection":[{"href":"https:\/\/seconci.com.br\/site\/wp-json\/wp\/v2\/posts"}],"about":[{"href":"https:\/\/seconci.com.br\/site\/wp-json\/wp\/v2\/types\/post"}],"author":[{"embeddable":true,"href":"https:\/\/seconci.com.br\/site\/wp-json\/wp\/v2\/users\/3"}],"replies":[{"embeddable":true,"href":"https:\/\/seconci.com.br\/site\/wp-json\/wp\/v2\/comments?post=11052"}],"version-history":[{"count":0,"href":"https:\/\/seconci.com.br\/site\/wp-json\/wp\/v2\/posts\/11052\/revisions"}],"wp:featuredmedia":[{"embeddable":true,"href":"https:\/\/seconci.com.br\/site\/wp-json\/wp\/v2\/media\/11053"}],"wp:attachment":[{"href":"https:\/\/seconci.com.br\/site\/wp-json\/wp\/v2\/media?parent=11052"}],"wp:term":[{"taxonomy":"category","embeddable":true,"href":"https:\/\/seconci.com.br\/site\/wp-json\/wp\/v2\/categories?post=11052"},{"taxonomy":"post_tag","embeddable":true,"href":"https:\/\/seconci.com.br\/site\/wp-json\/wp\/v2\/tags?post=11052"}],"curies":[{"name":"wp","href":"https:\/\/api.w.org\/{rel}","templated":true}]}}