{"id":11056,"date":"2021-08-24T11:12:26","date_gmt":"2021-08-24T11:12:26","guid":{"rendered":"https:\/\/seconci.com.br\/site\/?p=11056"},"modified":"2021-08-24T11:12:26","modified_gmt":"2021-08-24T11:12:26","slug":"mascaras-seguem-indispensaveis-e-obrigatorias-reitera-construcao-civil","status":"publish","type":"post","link":"https:\/\/seconci.com.br\/site\/2021\/08\/24\/mascaras-seguem-indispensaveis-e-obrigatorias-reitera-construcao-civil\/","title":{"rendered":"M\u00e1scaras seguem indispens\u00e1veis e obrigat\u00f3rias, reitera constru\u00e7\u00e3o civil"},"content":{"rendered":"<p>Diante de posicionamentos como o do ministro da Sa\u00fade, de que o uso de m\u00e1scaras contra a Covid-19 n\u00e3o deveria ser obrigat\u00f3rio, o Sindicato da Constru\u00e7\u00e3o Civil do Estado de S\u00e3o Paulo (SindusCon-SP) e o Servi\u00e7o Social da Constru\u00e7\u00e3o Civil do Estado de S\u00e3o Paulo (Seconci-SP) reafirmam que a utiliza\u00e7\u00e3o do acess\u00f3rio nas obras e nos escrit\u00f3rios \u00e9 t\u00e3o indispens\u00e1vel quanto os Equipamentos de Prote\u00e7\u00e3o Individual (EPIs), e lembram que seu uso segue sendo compuls\u00f3rio no Estado de S\u00e3o Paulo.<\/p>\n<p>\u201cA transmiss\u00e3o do coronav\u00edrus se d\u00e1 pelas vias respirat\u00f3rias. Usar a m\u00e1scara evita que a pessoa contraia a doen\u00e7a e que a transmita aos colegas de trabalho e aos familiares. Junto com a vacina, a m\u00e1scara \u00e9 fundamental para irmos reduzindo a incid\u00eancia da Covid-19. Assim, cada um cuidar\u00e1 de si e dos demais\u201d, afirmam Odair Senra, presidente do SindusCon-SP, e Haruo Ishikawa, presidente do Seconci-SP.<\/p>\n<h2><strong>\u00a0<\/strong><strong>Contamina\u00e7\u00e3o controlada\u00a0<\/strong><\/h2>\n<p>Os casos confirmados de infec\u00e7\u00e3o pelo novo coronav\u00edrus entre os trabalhadores da constru\u00e7\u00e3o paulista seguem bastante controlados. Oscilaram de 0,05% para 0,07% do contingente de trabalhadores. Os casos suspeitos se mantiveram em 0,16%. Pela quinta semana consecutiva, n\u00e3o se registraram \u00f3bitos. Nenhum trabalhador estava em interna\u00e7\u00e3o hospitalar pela quarta semana seguida.<\/p>\n<p>Esses foram os resultados da 65\u00aa Pesquisa\u00a0<strong>\u201cConhecendo as A\u00e7\u00f5es das Construtoras Paulistas no Combate \u00e0 Covid-19\u201d<\/strong>, realizada semanalmente por SindusCon-SP e Seconci-SP.<\/p>\n<p>Nesta 65\u00aa rodada, foram obtidas respostas de 50 empresas, respons\u00e1veis por 589 obras, envolvendo 39.399 empregos diretos e terceirizados, de 12 a 18 de agosto.<\/p>\n<p>Principais resultados da 65\u00aa Pesquisa:<\/p>\n<ul>\n<li>0,16% afastados por suspeita de Covid-19;<\/li>\n<li>0,07% afastados por confirma\u00e7\u00e3o da doen\u00e7a;<\/li>\n<li>589 obras em andamento e nenhuma parada;<\/li>\n<li>98% do pessoal est\u00e3o em atividade;<\/li>\n<li>100% das empresas adotam medi\u00e7\u00e3o de temperatura e higieniza\u00e7\u00e3o das m\u00e3os, d\u00e3o orienta\u00e7\u00f5es di\u00e1rias sobre preven\u00e7\u00e3o, e higienizam e realizam demarca\u00e7\u00f5es em \u00e1reas de viv\u00eancia;<\/li>\n<li>98% orientam sobre limpeza dos Equipamentos de Prote\u00e7\u00e3o Individual e afixam informativos impressos sobre a Covid-19 nos locais de circula\u00e7\u00e3o;<\/li>\n<li>94% fornecem m\u00e1scaras para o transporte e para utiliza\u00e7\u00e3o na obra e realizam limpeza de EPIs e ferramentas e instituem hor\u00e1rios escalonados para entrada, sa\u00edda e refei\u00e7\u00f5es;<\/li>\n<li>88% divulgam aos trabalhadores cartazes e v\u00eddeos de orienta\u00e7\u00e3o do SindusCon-SP e do Seconci-SP e realizam outras pr\u00e1ticas para a preven\u00e7\u00e3o da contamina\u00e7\u00e3o entre os trabalhadores e a comunidade.<\/li>\n<li>83% distribuem informativos eletr\u00f4nicos sobre a Covid-19.<\/li>\n<\/ul>\n<p>Os presidentes do SindusCon-SP e do Seconci-SP reafirmam o convite para mais empresas com obras no Estado de S\u00e3o Paulo participarem das pr\u00f3ximas rodadas; basta enviar um e-mail para\u00a0<a href=\"mailto:pesquisacovid-19@seconci-sp.org.br\">pesquisacovid-19@seconci-sp.org.br<\/a>\u00a0e o Seconci-SP entrar\u00e1 em contato para incluir a construtora na enquete. As entidades garantem sigilo absoluto sobre as informa\u00e7\u00f5es prestadas.<\/p>\n<p>Veja os relat\u00f3rios completos das rodadas da pesquisa:<\/p>\n<p><a href=\"http:\/\/www.seconci-sp.org.br\/midia\/132739417465343439.PDF\">Cinco \u00faltimas<\/a><\/p>\n<p><a href=\"http:\/\/www.seconci-sp.org.br\/midia\/132739417282217759.pdf\">56\u00aa \u00e0 60\u00aa<\/a><\/p>\n<p><a href=\"http:\/\/www.seconci-sp.org.br\/midia\/132709194397003671.pdf\">51\u00aa \u00e0 55\u00aa<\/a>\u00a0<em>\u00a0\u00a0<\/em><\/p>\n<p><a href=\"http:\/\/www.seconci-sp.org.br\/midia\/132709194618256407.pdf\">46\u00aa \u00e0 50\u00aa<\/a><\/p>\n<p><a href=\"http:\/\/www.seconci-sp.org.br\/midia\/132709194772477148.pdf\">41\u00aa \u00e0 45\u00aa<\/a><\/p>\n<p><a href=\"http:\/\/www.seconci-sp.org.br\/midia\/132678963479972944.pdf\">36\u00aa \u00e0 40\u00aa<\/a>\u00a0<em>\u00a0\u00a0<\/em><\/p>\n<p><a href=\"http:\/\/www.seconci-sp.org.br\/midia\/132709196161709559.pdf\">31\u00aa \u00e0 35\u00aa<\/a>\u00a0<em>\u00a0\u00a0<\/em><\/p>\n<p><a href=\"http:\/\/www.seconci-sp.org.br\/midia\/132617798050972924.pdf\">25\u00aa \u00e0 30\u00aa<\/a><\/p>\n<p><a href=\"http:\/\/www.seconci-sp.org.br\/midia\/132612562848059483.pdf\">19\u00aa \u00e0 24\u00aa<\/a><\/p>\n<p><a href=\"http:\/\/www.seconci-sp.org.br\/midia\/132612563040560434.pdf\">13\u00aa \u00e0 18\u00aa<\/a><\/p>\n<p><a href=\"http:\/\/www.seconci-sp.org.br\/midia\/132576161977016709.pdf\">7\u00aa \u00e0 12\u00aa<\/a><\/p>\n<p><a href=\"http:\/\/www.seconci-sp.org.br\/midia\/132576161173890749.pdf\">Seis primeiras<\/a><\/p>\n<p>Essa mat\u00e9ria integra o\u00a0<strong>Mapeamento de Boas Pr\u00e1ticas em Responsabilidade Social<\/strong>\u00a0no setor da constru\u00e7\u00e3o durante a pandemia do coronav\u00edrus dentro do\u00a0<strong>\u2018Projeto Responsabilidade Social e a Valoriza\u00e7\u00e3o do Trabalhador\u2019<\/strong>, realizado pela C\u00e2mara Brasileira da Ind\u00fastria da Constru\u00e7\u00e3o (CBIC), em correaliza\u00e7\u00e3o com Servi\u00e7o Social a Ind\u00fastria (Sesi Nacional).<\/p>\n<p><em>Fonte: Ag\u00eancia CBIC<\/em><\/p>\n<p>&nbsp;<\/p>\n","protected":false},"excerpt":{"rendered":"<p>Diante de posicionamentos como o do ministro da Sa\u00fade, de que o uso de m\u00e1scaras contra a Covid-19 n\u00e3o deveria ser obrigat\u00f3rio, o Sindicato da Constru\u00e7\u00e3o Civil do Estado de S\u00e3o Paulo (SindusCon-SP) e o Servi\u00e7o Social da Constru\u00e7\u00e3o Civil do Estado de S\u00e3o Paulo (Seconci-SP) reafirmam que a utiliza\u00e7\u00e3o do acess\u00f3rio nas obras e [&hellip;]<\/p>\n","protected":false},"author":3,"featured_media":10622,"comment_status":"closed","ping_status":"closed","sticky":false,"template":"","format":"standard","meta":{"footnotes":""},"categories":[87],"tags":[],"class_list":["post-11056","post","type-post","status-publish","format-standard","has-post-thumbnail","hentry","category-seconci-sao-paulo"],"yoast_head":"<!-- This site is optimized with the Yoast SEO plugin v26.9 - https:\/\/yoast.com\/product\/yoast-seo-wordpress\/ -->\n<title>M\u00e1scaras seguem indispens\u00e1veis e obrigat\u00f3rias, reitera constru\u00e7\u00e3o civil - Seconci Brasil<\/title>\n<meta name=\"robots\" content=\"index, follow, max-snippet:-1, max-image-preview:large, max-video-preview:-1\" \/>\n<link rel=\"canonical\" href=\"https:\/\/seconci.com.br\/site\/2021\/08\/24\/mascaras-seguem-indispensaveis-e-obrigatorias-reitera-construcao-civil\/\" \/>\n<meta property=\"og:locale\" content=\"pt_PT\" \/>\n<meta property=\"og:type\" content=\"article\" \/>\n<meta property=\"og:title\" content=\"M\u00e1scaras seguem indispens\u00e1veis e obrigat\u00f3rias, reitera constru\u00e7\u00e3o civil - Seconci Brasil\" \/>\n<meta property=\"og:description\" content=\"Diante de posicionamentos como o do ministro da Sa\u00fade, de que o uso de m\u00e1scaras contra a Covid-19 n\u00e3o deveria ser obrigat\u00f3rio, o Sindicato da Constru\u00e7\u00e3o Civil do Estado de S\u00e3o Paulo (SindusCon-SP) e o Servi\u00e7o Social da Constru\u00e7\u00e3o Civil do Estado de S\u00e3o Paulo (Seconci-SP) reafirmam que a utiliza\u00e7\u00e3o do acess\u00f3rio nas obras e [&hellip;]\" \/>\n<meta property=\"og:url\" content=\"https:\/\/seconci.com.br\/site\/2021\/08\/24\/mascaras-seguem-indispensaveis-e-obrigatorias-reitera-construcao-civil\/\" \/>\n<meta property=\"og:site_name\" content=\"Seconci Brasil\" \/>\n<meta property=\"article:published_time\" content=\"2021-08-24T11:12:26+00:00\" \/>\n<meta property=\"og:image\" content=\"https:\/\/seconci.com.br\/site\/wp-content\/uploads\/2021\/04\/whatsapp-image-2021-03-08-at-191106.jpeg\" \/>\n\t<meta property=\"og:image:width\" content=\"748\" \/>\n\t<meta property=\"og:image:height\" content=\"331\" \/>\n\t<meta property=\"og:image:type\" content=\"image\/jpeg\" \/>\n<meta name=\"author\" content=\"Sidney Rocha\" \/>\n<meta name=\"twitter:card\" content=\"summary_large_image\" \/>\n<meta name=\"twitter:label1\" content=\"Escrito por\" \/>\n\t<meta name=\"twitter:data1\" content=\"Sidney Rocha\" \/>\n\t<meta name=\"twitter:label2\" content=\"Tempo estimado de leitura\" \/>\n\t<meta name=\"twitter:data2\" content=\"3 minutos\" \/>\n<script type=\"application\/ld+json\" class=\"yoast-schema-graph\">{\"@context\":\"https:\/\/schema.org\",\"@graph\":[{\"@type\":\"Article\",\"@id\":\"https:\/\/seconci.com.br\/site\/2021\/08\/24\/mascaras-seguem-indispensaveis-e-obrigatorias-reitera-construcao-civil\/#article\",\"isPartOf\":{\"@id\":\"https:\/\/seconci.com.br\/site\/2021\/08\/24\/mascaras-seguem-indispensaveis-e-obrigatorias-reitera-construcao-civil\/\"},\"author\":{\"name\":\"Sidney Rocha\",\"@id\":\"https:\/\/seconci.com.br\/site\/#\/schema\/person\/1d79afd97ddc8f2c68c1e88e298aa8e2\"},\"headline\":\"M\u00e1scaras seguem indispens\u00e1veis e obrigat\u00f3rias, reitera constru\u00e7\u00e3o civil\",\"datePublished\":\"2021-08-24T11:12:26+00:00\",\"mainEntityOfPage\":{\"@id\":\"https:\/\/seconci.com.br\/site\/2021\/08\/24\/mascaras-seguem-indispensaveis-e-obrigatorias-reitera-construcao-civil\/\"},\"wordCount\":565,\"publisher\":{\"@id\":\"https:\/\/seconci.com.br\/site\/#organization\"},\"image\":{\"@id\":\"https:\/\/seconci.com.br\/site\/2021\/08\/24\/mascaras-seguem-indispensaveis-e-obrigatorias-reitera-construcao-civil\/#primaryimage\"},\"thumbnailUrl\":\"https:\/\/seconci.com.br\/site\/wp-content\/uploads\/2021\/04\/whatsapp-image-2021-03-08-at-191106.jpeg\",\"articleSection\":[\"Seconci S\u00e3o Paulo\"],\"inLanguage\":\"pt-PT\"},{\"@type\":\"WebPage\",\"@id\":\"https:\/\/seconci.com.br\/site\/2021\/08\/24\/mascaras-seguem-indispensaveis-e-obrigatorias-reitera-construcao-civil\/\",\"url\":\"https:\/\/seconci.com.br\/site\/2021\/08\/24\/mascaras-seguem-indispensaveis-e-obrigatorias-reitera-construcao-civil\/\",\"name\":\"M\u00e1scaras seguem indispens\u00e1veis e obrigat\u00f3rias, reitera constru\u00e7\u00e3o civil - Seconci Brasil\",\"isPartOf\":{\"@id\":\"https:\/\/seconci.com.br\/site\/#website\"},\"primaryImageOfPage\":{\"@id\":\"https:\/\/seconci.com.br\/site\/2021\/08\/24\/mascaras-seguem-indispensaveis-e-obrigatorias-reitera-construcao-civil\/#primaryimage\"},\"image\":{\"@id\":\"https:\/\/seconci.com.br\/site\/2021\/08\/24\/mascaras-seguem-indispensaveis-e-obrigatorias-reitera-construcao-civil\/#primaryimage\"},\"thumbnailUrl\":\"https:\/\/seconci.com.br\/site\/wp-content\/uploads\/2021\/04\/whatsapp-image-2021-03-08-at-191106.jpeg\",\"datePublished\":\"2021-08-24T11:12:26+00:00\",\"breadcrumb\":{\"@id\":\"https:\/\/seconci.com.br\/site\/2021\/08\/24\/mascaras-seguem-indispensaveis-e-obrigatorias-reitera-construcao-civil\/#breadcrumb\"},\"inLanguage\":\"pt-PT\",\"potentialAction\":[{\"@type\":\"ReadAction\",\"target\":[\"https:\/\/seconci.com.br\/site\/2021\/08\/24\/mascaras-seguem-indispensaveis-e-obrigatorias-reitera-construcao-civil\/\"]}]},{\"@type\":\"ImageObject\",\"inLanguage\":\"pt-PT\",\"@id\":\"https:\/\/seconci.com.br\/site\/2021\/08\/24\/mascaras-seguem-indispensaveis-e-obrigatorias-reitera-construcao-civil\/#primaryimage\",\"url\":\"https:\/\/seconci.com.br\/site\/wp-content\/uploads\/2021\/04\/whatsapp-image-2021-03-08-at-191106.jpeg\",\"contentUrl\":\"https:\/\/seconci.com.br\/site\/wp-content\/uploads\/2021\/04\/whatsapp-image-2021-03-08-at-191106.jpeg\",\"width\":748,\"height\":331},{\"@type\":\"BreadcrumbList\",\"@id\":\"https:\/\/seconci.com.br\/site\/2021\/08\/24\/mascaras-seguem-indispensaveis-e-obrigatorias-reitera-construcao-civil\/#breadcrumb\",\"itemListElement\":[{\"@type\":\"ListItem\",\"position\":1,\"name\":\"In\u00edcio\",\"item\":\"https:\/\/seconci.com.br\/site\/\"},{\"@type\":\"ListItem\",\"position\":2,\"name\":\"M\u00e1scaras seguem indispens\u00e1veis e obrigat\u00f3rias, reitera constru\u00e7\u00e3o civil\"}]},{\"@type\":\"WebSite\",\"@id\":\"https:\/\/seconci.com.br\/site\/#website\",\"url\":\"https:\/\/seconci.com.br\/site\/\",\"name\":\"Seconci Brasil\",\"description\":\"\",\"publisher\":{\"@id\":\"https:\/\/seconci.com.br\/site\/#organization\"},\"potentialAction\":[{\"@type\":\"SearchAction\",\"target\":{\"@type\":\"EntryPoint\",\"urlTemplate\":\"https:\/\/seconci.com.br\/site\/?s={search_term_string}\"},\"query-input\":{\"@type\":\"PropertyValueSpecification\",\"valueRequired\":true,\"valueName\":\"search_term_string\"}}],\"inLanguage\":\"pt-PT\"},{\"@type\":\"Organization\",\"@id\":\"https:\/\/seconci.com.br\/site\/#organization\",\"name\":\"Seconci Brasil\",\"url\":\"https:\/\/seconci.com.br\/site\/\",\"logo\":{\"@type\":\"ImageObject\",\"inLanguage\":\"pt-PT\",\"@id\":\"https:\/\/seconci.com.br\/site\/#\/schema\/logo\/image\/\",\"url\":\"https:\/\/seconci.com.br\/site\/wp-content\/uploads\/2024\/08\/Logo-Seconci-Brasil-branca-2.png\",\"contentUrl\":\"https:\/\/seconci.com.br\/site\/wp-content\/uploads\/2024\/08\/Logo-Seconci-Brasil-branca-2.png\",\"width\":1315,\"height\":598,\"caption\":\"Seconci Brasil\"},\"image\":{\"@id\":\"https:\/\/seconci.com.br\/site\/#\/schema\/logo\/image\/\"}},{\"@type\":\"Person\",\"@id\":\"https:\/\/seconci.com.br\/site\/#\/schema\/person\/1d79afd97ddc8f2c68c1e88e298aa8e2\",\"name\":\"Sidney Rocha\",\"description\":\"Comunicador e estagi\u00e1rio do Seconci Brasil.\",\"url\":\"https:\/\/seconci.com.br\/site\/author\/sidney-rocha\/\"}]}<\/script>\n<!-- \/ Yoast SEO plugin. -->","yoast_head_json":{"title":"M\u00e1scaras seguem indispens\u00e1veis e obrigat\u00f3rias, reitera constru\u00e7\u00e3o civil - Seconci Brasil","robots":{"index":"index","follow":"follow","max-snippet":"max-snippet:-1","max-image-preview":"max-image-preview:large","max-video-preview":"max-video-preview:-1"},"canonical":"https:\/\/seconci.com.br\/site\/2021\/08\/24\/mascaras-seguem-indispensaveis-e-obrigatorias-reitera-construcao-civil\/","og_locale":"pt_PT","og_type":"article","og_title":"M\u00e1scaras seguem indispens\u00e1veis e obrigat\u00f3rias, reitera constru\u00e7\u00e3o civil - Seconci Brasil","og_description":"Diante de posicionamentos como o do ministro da Sa\u00fade, de que o uso de m\u00e1scaras contra a Covid-19 n\u00e3o deveria ser obrigat\u00f3rio, o Sindicato da Constru\u00e7\u00e3o Civil do Estado de S\u00e3o Paulo (SindusCon-SP) e o Servi\u00e7o Social da Constru\u00e7\u00e3o Civil do Estado de S\u00e3o Paulo (Seconci-SP) reafirmam que a utiliza\u00e7\u00e3o do acess\u00f3rio nas obras e [&hellip;]","og_url":"https:\/\/seconci.com.br\/site\/2021\/08\/24\/mascaras-seguem-indispensaveis-e-obrigatorias-reitera-construcao-civil\/","og_site_name":"Seconci Brasil","article_published_time":"2021-08-24T11:12:26+00:00","og_image":[{"width":748,"height":331,"url":"https:\/\/seconci.com.br\/site\/wp-content\/uploads\/2021\/04\/whatsapp-image-2021-03-08-at-191106.jpeg","type":"image\/jpeg"}],"author":"Sidney Rocha","twitter_card":"summary_large_image","twitter_misc":{"Escrito por":"Sidney Rocha","Tempo estimado de leitura":"3 minutos"},"schema":{"@context":"https:\/\/schema.org","@graph":[{"@type":"Article","@id":"https:\/\/seconci.com.br\/site\/2021\/08\/24\/mascaras-seguem-indispensaveis-e-obrigatorias-reitera-construcao-civil\/#article","isPartOf":{"@id":"https:\/\/seconci.com.br\/site\/2021\/08\/24\/mascaras-seguem-indispensaveis-e-obrigatorias-reitera-construcao-civil\/"},"author":{"name":"Sidney Rocha","@id":"https:\/\/seconci.com.br\/site\/#\/schema\/person\/1d79afd97ddc8f2c68c1e88e298aa8e2"},"headline":"M\u00e1scaras seguem indispens\u00e1veis e obrigat\u00f3rias, reitera constru\u00e7\u00e3o civil","datePublished":"2021-08-24T11:12:26+00:00","mainEntityOfPage":{"@id":"https:\/\/seconci.com.br\/site\/2021\/08\/24\/mascaras-seguem-indispensaveis-e-obrigatorias-reitera-construcao-civil\/"},"wordCount":565,"publisher":{"@id":"https:\/\/seconci.com.br\/site\/#organization"},"image":{"@id":"https:\/\/seconci.com.br\/site\/2021\/08\/24\/mascaras-seguem-indispensaveis-e-obrigatorias-reitera-construcao-civil\/#primaryimage"},"thumbnailUrl":"https:\/\/seconci.com.br\/site\/wp-content\/uploads\/2021\/04\/whatsapp-image-2021-03-08-at-191106.jpeg","articleSection":["Seconci S\u00e3o Paulo"],"inLanguage":"pt-PT"},{"@type":"WebPage","@id":"https:\/\/seconci.com.br\/site\/2021\/08\/24\/mascaras-seguem-indispensaveis-e-obrigatorias-reitera-construcao-civil\/","url":"https:\/\/seconci.com.br\/site\/2021\/08\/24\/mascaras-seguem-indispensaveis-e-obrigatorias-reitera-construcao-civil\/","name":"M\u00e1scaras seguem indispens\u00e1veis e obrigat\u00f3rias, reitera constru\u00e7\u00e3o civil - Seconci Brasil","isPartOf":{"@id":"https:\/\/seconci.com.br\/site\/#website"},"primaryImageOfPage":{"@id":"https:\/\/seconci.com.br\/site\/2021\/08\/24\/mascaras-seguem-indispensaveis-e-obrigatorias-reitera-construcao-civil\/#primaryimage"},"image":{"@id":"https:\/\/seconci.com.br\/site\/2021\/08\/24\/mascaras-seguem-indispensaveis-e-obrigatorias-reitera-construcao-civil\/#primaryimage"},"thumbnailUrl":"https:\/\/seconci.com.br\/site\/wp-content\/uploads\/2021\/04\/whatsapp-image-2021-03-08-at-191106.jpeg","datePublished":"2021-08-24T11:12:26+00:00","breadcrumb":{"@id":"https:\/\/seconci.com.br\/site\/2021\/08\/24\/mascaras-seguem-indispensaveis-e-obrigatorias-reitera-construcao-civil\/#breadcrumb"},"inLanguage":"pt-PT","potentialAction":[{"@type":"ReadAction","target":["https:\/\/seconci.com.br\/site\/2021\/08\/24\/mascaras-seguem-indispensaveis-e-obrigatorias-reitera-construcao-civil\/"]}]},{"@type":"ImageObject","inLanguage":"pt-PT","@id":"https:\/\/seconci.com.br\/site\/2021\/08\/24\/mascaras-seguem-indispensaveis-e-obrigatorias-reitera-construcao-civil\/#primaryimage","url":"https:\/\/seconci.com.br\/site\/wp-content\/uploads\/2021\/04\/whatsapp-image-2021-03-08-at-191106.jpeg","contentUrl":"https:\/\/seconci.com.br\/site\/wp-content\/uploads\/2021\/04\/whatsapp-image-2021-03-08-at-191106.jpeg","width":748,"height":331},{"@type":"BreadcrumbList","@id":"https:\/\/seconci.com.br\/site\/2021\/08\/24\/mascaras-seguem-indispensaveis-e-obrigatorias-reitera-construcao-civil\/#breadcrumb","itemListElement":[{"@type":"ListItem","position":1,"name":"In\u00edcio","item":"https:\/\/seconci.com.br\/site\/"},{"@type":"ListItem","position":2,"name":"M\u00e1scaras seguem indispens\u00e1veis e obrigat\u00f3rias, reitera constru\u00e7\u00e3o civil"}]},{"@type":"WebSite","@id":"https:\/\/seconci.com.br\/site\/#website","url":"https:\/\/seconci.com.br\/site\/","name":"Seconci Brasil","description":"","publisher":{"@id":"https:\/\/seconci.com.br\/site\/#organization"},"potentialAction":[{"@type":"SearchAction","target":{"@type":"EntryPoint","urlTemplate":"https:\/\/seconci.com.br\/site\/?s={search_term_string}"},"query-input":{"@type":"PropertyValueSpecification","valueRequired":true,"valueName":"search_term_string"}}],"inLanguage":"pt-PT"},{"@type":"Organization","@id":"https:\/\/seconci.com.br\/site\/#organization","name":"Seconci Brasil","url":"https:\/\/seconci.com.br\/site\/","logo":{"@type":"ImageObject","inLanguage":"pt-PT","@id":"https:\/\/seconci.com.br\/site\/#\/schema\/logo\/image\/","url":"https:\/\/seconci.com.br\/site\/wp-content\/uploads\/2024\/08\/Logo-Seconci-Brasil-branca-2.png","contentUrl":"https:\/\/seconci.com.br\/site\/wp-content\/uploads\/2024\/08\/Logo-Seconci-Brasil-branca-2.png","width":1315,"height":598,"caption":"Seconci Brasil"},"image":{"@id":"https:\/\/seconci.com.br\/site\/#\/schema\/logo\/image\/"}},{"@type":"Person","@id":"https:\/\/seconci.com.br\/site\/#\/schema\/person\/1d79afd97ddc8f2c68c1e88e298aa8e2","name":"Sidney Rocha","description":"Comunicador e estagi\u00e1rio do Seconci Brasil.","url":"https:\/\/seconci.com.br\/site\/author\/sidney-rocha\/"}]}},"_links":{"self":[{"href":"https:\/\/seconci.com.br\/site\/wp-json\/wp\/v2\/posts\/11056","targetHints":{"allow":["GET"]}}],"collection":[{"href":"https:\/\/seconci.com.br\/site\/wp-json\/wp\/v2\/posts"}],"about":[{"href":"https:\/\/seconci.com.br\/site\/wp-json\/wp\/v2\/types\/post"}],"author":[{"embeddable":true,"href":"https:\/\/seconci.com.br\/site\/wp-json\/wp\/v2\/users\/3"}],"replies":[{"embeddable":true,"href":"https:\/\/seconci.com.br\/site\/wp-json\/wp\/v2\/comments?post=11056"}],"version-history":[{"count":0,"href":"https:\/\/seconci.com.br\/site\/wp-json\/wp\/v2\/posts\/11056\/revisions"}],"wp:featuredmedia":[{"embeddable":true,"href":"https:\/\/seconci.com.br\/site\/wp-json\/wp\/v2\/media\/10622"}],"wp:attachment":[{"href":"https:\/\/seconci.com.br\/site\/wp-json\/wp\/v2\/media?parent=11056"}],"wp:term":[{"taxonomy":"category","embeddable":true,"href":"https:\/\/seconci.com.br\/site\/wp-json\/wp\/v2\/categories?post=11056"},{"taxonomy":"post_tag","embeddable":true,"href":"https:\/\/seconci.com.br\/site\/wp-json\/wp\/v2\/tags?post=11056"}],"curies":[{"name":"wp","href":"https:\/\/api.w.org\/{rel}","templated":true}]}}