{"id":11058,"date":"2021-08-24T11:14:53","date_gmt":"2021-08-24T11:14:53","guid":{"rendered":"https:\/\/seconci.com.br\/site\/?p=11058"},"modified":"2021-08-24T11:19:51","modified_gmt":"2021-08-24T11:19:51","slug":"cprt-apresentara-a-semana-canpat-construcao-2021","status":"publish","type":"post","link":"https:\/\/seconci.com.br\/site\/2021\/08\/24\/cprt-apresentara-a-semana-canpat-construcao-2021\/","title":{"rendered":"CPRT apresentar\u00e1 a Semana CANPAT Constru\u00e7\u00e3o 2021"},"content":{"rendered":"<p>A Comiss\u00e3o de Pol\u00edtica de Rela\u00e7\u00f5es Trabalhistas (CPRT) da C\u00e2mara Brasileira da Ind\u00fastria da Constru\u00e7\u00e3o (CBIC) se re\u00fane nesta ter\u00e7a (24\/8), \u00e0s 10h, ocasi\u00e3o em que ser\u00e3o apresentadas as a\u00e7\u00f5es da Semana CANPAT Constru\u00e7\u00e3o 2021, que acontecer\u00e1 entre os dias 4 e 8 de outubro.<\/p>\n<p>\u201cA CBIC, por meio da CPRT, orgulha-se de integrar iniciativas como essa, que demonstram a confian\u00e7a que vem sendo conquistada pelo setor. E isso, gra\u00e7as a todos os envolvidos (SINDUSCONs, SECONCIs, SESIs e demais entidades representativas do setor da constru\u00e7\u00e3o e do mercado imobili\u00e1rio) que, desde o in\u00edcio do primeiro ciclo da CANPAT Constru\u00e7\u00e3o, em 2017, apoiaram as a\u00e7\u00f5es e disseminaram em suas localidades as boas pr\u00e1ticas de preven\u00e7\u00e3o de acidentes\u201d, disse o presidente da CPRT\/CBIC, Fernando Guedes.<\/p>\n<p>O evento \u00e9 promovido pela Inspe\u00e7\u00e3o do Trabalho (SIT) e CBIC, com a correaliza\u00e7\u00e3o do SESI e apoio especial do Seconci-Brasil. O objetivo \u00e9 gerar uma grande mobiliza\u00e7\u00e3o nacional com as representa\u00e7\u00f5es empresariais e de trabalhadores, com a realiza\u00e7\u00e3o de palestras, est\u00edmulo ao di\u00e1logo setorial, e o engajamento com o Dia Nacional de SST nas escolas para levar aos estudantes uma mensagem de preven\u00e7\u00e3o para os futuros trabalhadores do setor.<\/p>\n<p><strong>Veja abaixo as pautas da reuni\u00e3o:<\/strong><\/p>\n<ul>\n<li>Abertura e informes;<\/li>\n<li>MP 1.045\/21 (Minirreforma Trabalhista);<\/li>\n<li>Semana CANPAT Constru\u00e7\u00e3o 2021;<\/li>\n<li>Assuntos Gerais.<\/li>\n<\/ul>\n<p><a href=\"https:\/\/bit.ly\/CPRT-2408\">Clique aqui e fa\u00e7a sua inscri\u00e7\u00e3o antecipadamente.<\/a><\/p>\n<p>A reuni\u00e3o tem interface com o projeto \u201c<strong>Realiza\u00e7\u00e3o\/Participa\u00e7\u00e3o de\/em Eventos Tem\u00e1ticos de RT\/SST<\/strong>\u201d da Comiss\u00e3o de Pol\u00edticas e Rela\u00e7\u00f5es Trabalhistas (CPRT) com correaliza\u00e7\u00e3o do Servi\u00e7o Social da Ind\u00fastria (SESI).<\/p>\n","protected":false},"excerpt":{"rendered":"<p>A Comiss\u00e3o de Pol\u00edtica de Rela\u00e7\u00f5es Trabalhistas (CPRT) da C\u00e2mara Brasileira da Ind\u00fastria da Constru\u00e7\u00e3o (CBIC) se re\u00fane nesta ter\u00e7a (24\/8), \u00e0s 10h, ocasi\u00e3o em que ser\u00e3o apresentadas as a\u00e7\u00f5es da Semana CANPAT Constru\u00e7\u00e3o 2021, que acontecer\u00e1 entre os dias 4 e 8 de outubro. \u201cA CBIC, por meio da CPRT, orgulha-se de integrar iniciativas [&hellip;]<\/p>\n","protected":false},"author":3,"featured_media":11059,"comment_status":"closed","ping_status":"closed","sticky":false,"template":"","format":"standard","meta":{"footnotes":""},"categories":[92],"tags":[],"class_list":["post-11058","post","type-post","status-publish","format-standard","has-post-thumbnail","hentry","category-seconci-brasil"],"yoast_head":"<!-- This site is optimized with the Yoast SEO plugin v26.9 - https:\/\/yoast.com\/product\/yoast-seo-wordpress\/ -->\n<title>CPRT apresentar\u00e1 a Semana CANPAT Constru\u00e7\u00e3o 2021 - Seconci Brasil<\/title>\n<meta name=\"robots\" content=\"index, follow, max-snippet:-1, max-image-preview:large, max-video-preview:-1\" \/>\n<link rel=\"canonical\" href=\"https:\/\/seconci.com.br\/site\/2021\/08\/24\/cprt-apresentara-a-semana-canpat-construcao-2021\/\" \/>\n<meta property=\"og:locale\" content=\"pt_PT\" \/>\n<meta property=\"og:type\" content=\"article\" \/>\n<meta property=\"og:title\" content=\"CPRT apresentar\u00e1 a Semana CANPAT Constru\u00e7\u00e3o 2021 - Seconci Brasil\" \/>\n<meta property=\"og:description\" content=\"A Comiss\u00e3o de Pol\u00edtica de Rela\u00e7\u00f5es Trabalhistas (CPRT) da C\u00e2mara Brasileira da Ind\u00fastria da Constru\u00e7\u00e3o (CBIC) se re\u00fane nesta ter\u00e7a (24\/8), \u00e0s 10h, ocasi\u00e3o em que ser\u00e3o apresentadas as a\u00e7\u00f5es da Semana CANPAT Constru\u00e7\u00e3o 2021, que acontecer\u00e1 entre os dias 4 e 8 de outubro. \u201cA CBIC, por meio da CPRT, orgulha-se de integrar iniciativas [&hellip;]\" \/>\n<meta property=\"og:url\" content=\"https:\/\/seconci.com.br\/site\/2021\/08\/24\/cprt-apresentara-a-semana-canpat-construcao-2021\/\" \/>\n<meta property=\"og:site_name\" content=\"Seconci Brasil\" \/>\n<meta property=\"article:published_time\" content=\"2021-08-24T11:14:53+00:00\" \/>\n<meta property=\"article:modified_time\" content=\"2021-08-24T11:19:51+00:00\" \/>\n<meta property=\"og:image\" content=\"https:\/\/seconci.com.br\/site\/wp-content\/uploads\/2021\/08\/24174-cprt-wide-2-1024x577.png\" \/>\n\t<meta property=\"og:image:width\" content=\"1024\" \/>\n\t<meta property=\"og:image:height\" content=\"577\" \/>\n\t<meta property=\"og:image:type\" content=\"image\/png\" \/>\n<meta name=\"author\" content=\"Sidney Rocha\" \/>\n<meta name=\"twitter:card\" content=\"summary_large_image\" \/>\n<meta name=\"twitter:label1\" content=\"Escrito por\" \/>\n\t<meta name=\"twitter:data1\" content=\"Sidney Rocha\" \/>\n\t<meta name=\"twitter:label2\" content=\"Tempo estimado de leitura\" \/>\n\t<meta name=\"twitter:data2\" content=\"1 minuto\" \/>\n<script type=\"application\/ld+json\" class=\"yoast-schema-graph\">{\"@context\":\"https:\/\/schema.org\",\"@graph\":[{\"@type\":\"Article\",\"@id\":\"https:\/\/seconci.com.br\/site\/2021\/08\/24\/cprt-apresentara-a-semana-canpat-construcao-2021\/#article\",\"isPartOf\":{\"@id\":\"https:\/\/seconci.com.br\/site\/2021\/08\/24\/cprt-apresentara-a-semana-canpat-construcao-2021\/\"},\"author\":{\"name\":\"Sidney Rocha\",\"@id\":\"https:\/\/seconci.com.br\/site\/#\/schema\/person\/1d79afd97ddc8f2c68c1e88e298aa8e2\"},\"headline\":\"CPRT apresentar\u00e1 a Semana CANPAT Constru\u00e7\u00e3o 2021\",\"datePublished\":\"2021-08-24T11:14:53+00:00\",\"dateModified\":\"2021-08-24T11:19:51+00:00\",\"mainEntityOfPage\":{\"@id\":\"https:\/\/seconci.com.br\/site\/2021\/08\/24\/cprt-apresentara-a-semana-canpat-construcao-2021\/\"},\"wordCount\":293,\"publisher\":{\"@id\":\"https:\/\/seconci.com.br\/site\/#organization\"},\"image\":{\"@id\":\"https:\/\/seconci.com.br\/site\/2021\/08\/24\/cprt-apresentara-a-semana-canpat-construcao-2021\/#primaryimage\"},\"thumbnailUrl\":\"https:\/\/seconci.com.br\/site\/wp-content\/uploads\/2021\/08\/24174-cprt-wide-2.png\",\"articleSection\":[\"Seconci Brasil\"],\"inLanguage\":\"pt-PT\"},{\"@type\":\"WebPage\",\"@id\":\"https:\/\/seconci.com.br\/site\/2021\/08\/24\/cprt-apresentara-a-semana-canpat-construcao-2021\/\",\"url\":\"https:\/\/seconci.com.br\/site\/2021\/08\/24\/cprt-apresentara-a-semana-canpat-construcao-2021\/\",\"name\":\"CPRT apresentar\u00e1 a Semana CANPAT Constru\u00e7\u00e3o 2021 - Seconci Brasil\",\"isPartOf\":{\"@id\":\"https:\/\/seconci.com.br\/site\/#website\"},\"primaryImageOfPage\":{\"@id\":\"https:\/\/seconci.com.br\/site\/2021\/08\/24\/cprt-apresentara-a-semana-canpat-construcao-2021\/#primaryimage\"},\"image\":{\"@id\":\"https:\/\/seconci.com.br\/site\/2021\/08\/24\/cprt-apresentara-a-semana-canpat-construcao-2021\/#primaryimage\"},\"thumbnailUrl\":\"https:\/\/seconci.com.br\/site\/wp-content\/uploads\/2021\/08\/24174-cprt-wide-2.png\",\"datePublished\":\"2021-08-24T11:14:53+00:00\",\"dateModified\":\"2021-08-24T11:19:51+00:00\",\"breadcrumb\":{\"@id\":\"https:\/\/seconci.com.br\/site\/2021\/08\/24\/cprt-apresentara-a-semana-canpat-construcao-2021\/#breadcrumb\"},\"inLanguage\":\"pt-PT\",\"potentialAction\":[{\"@type\":\"ReadAction\",\"target\":[\"https:\/\/seconci.com.br\/site\/2021\/08\/24\/cprt-apresentara-a-semana-canpat-construcao-2021\/\"]}]},{\"@type\":\"ImageObject\",\"inLanguage\":\"pt-PT\",\"@id\":\"https:\/\/seconci.com.br\/site\/2021\/08\/24\/cprt-apresentara-a-semana-canpat-construcao-2021\/#primaryimage\",\"url\":\"https:\/\/seconci.com.br\/site\/wp-content\/uploads\/2021\/08\/24174-cprt-wide-2.png\",\"contentUrl\":\"https:\/\/seconci.com.br\/site\/wp-content\/uploads\/2021\/08\/24174-cprt-wide-2.png\",\"width\":2500,\"height\":1408},{\"@type\":\"BreadcrumbList\",\"@id\":\"https:\/\/seconci.com.br\/site\/2021\/08\/24\/cprt-apresentara-a-semana-canpat-construcao-2021\/#breadcrumb\",\"itemListElement\":[{\"@type\":\"ListItem\",\"position\":1,\"name\":\"In\u00edcio\",\"item\":\"https:\/\/seconci.com.br\/site\/\"},{\"@type\":\"ListItem\",\"position\":2,\"name\":\"CPRT apresentar\u00e1 a Semana CANPAT Constru\u00e7\u00e3o 2021\"}]},{\"@type\":\"WebSite\",\"@id\":\"https:\/\/seconci.com.br\/site\/#website\",\"url\":\"https:\/\/seconci.com.br\/site\/\",\"name\":\"Seconci Brasil\",\"description\":\"\",\"publisher\":{\"@id\":\"https:\/\/seconci.com.br\/site\/#organization\"},\"potentialAction\":[{\"@type\":\"SearchAction\",\"target\":{\"@type\":\"EntryPoint\",\"urlTemplate\":\"https:\/\/seconci.com.br\/site\/?s={search_term_string}\"},\"query-input\":{\"@type\":\"PropertyValueSpecification\",\"valueRequired\":true,\"valueName\":\"search_term_string\"}}],\"inLanguage\":\"pt-PT\"},{\"@type\":\"Organization\",\"@id\":\"https:\/\/seconci.com.br\/site\/#organization\",\"name\":\"Seconci Brasil\",\"url\":\"https:\/\/seconci.com.br\/site\/\",\"logo\":{\"@type\":\"ImageObject\",\"inLanguage\":\"pt-PT\",\"@id\":\"https:\/\/seconci.com.br\/site\/#\/schema\/logo\/image\/\",\"url\":\"https:\/\/seconci.com.br\/site\/wp-content\/uploads\/2024\/08\/Logo-Seconci-Brasil-branca-2.png\",\"contentUrl\":\"https:\/\/seconci.com.br\/site\/wp-content\/uploads\/2024\/08\/Logo-Seconci-Brasil-branca-2.png\",\"width\":1315,\"height\":598,\"caption\":\"Seconci Brasil\"},\"image\":{\"@id\":\"https:\/\/seconci.com.br\/site\/#\/schema\/logo\/image\/\"}},{\"@type\":\"Person\",\"@id\":\"https:\/\/seconci.com.br\/site\/#\/schema\/person\/1d79afd97ddc8f2c68c1e88e298aa8e2\",\"name\":\"Sidney Rocha\",\"description\":\"Comunicador e estagi\u00e1rio do Seconci Brasil.\",\"url\":\"https:\/\/seconci.com.br\/site\/author\/sidney-rocha\/\"}]}<\/script>\n<!-- \/ Yoast SEO plugin. -->","yoast_head_json":{"title":"CPRT apresentar\u00e1 a Semana CANPAT Constru\u00e7\u00e3o 2021 - Seconci Brasil","robots":{"index":"index","follow":"follow","max-snippet":"max-snippet:-1","max-image-preview":"max-image-preview:large","max-video-preview":"max-video-preview:-1"},"canonical":"https:\/\/seconci.com.br\/site\/2021\/08\/24\/cprt-apresentara-a-semana-canpat-construcao-2021\/","og_locale":"pt_PT","og_type":"article","og_title":"CPRT apresentar\u00e1 a Semana CANPAT Constru\u00e7\u00e3o 2021 - Seconci Brasil","og_description":"A Comiss\u00e3o de Pol\u00edtica de Rela\u00e7\u00f5es Trabalhistas (CPRT) da C\u00e2mara Brasileira da Ind\u00fastria da Constru\u00e7\u00e3o (CBIC) se re\u00fane nesta ter\u00e7a (24\/8), \u00e0s 10h, ocasi\u00e3o em que ser\u00e3o apresentadas as a\u00e7\u00f5es da Semana CANPAT Constru\u00e7\u00e3o 2021, que acontecer\u00e1 entre os dias 4 e 8 de outubro. \u201cA CBIC, por meio da CPRT, orgulha-se de integrar iniciativas [&hellip;]","og_url":"https:\/\/seconci.com.br\/site\/2021\/08\/24\/cprt-apresentara-a-semana-canpat-construcao-2021\/","og_site_name":"Seconci Brasil","article_published_time":"2021-08-24T11:14:53+00:00","article_modified_time":"2021-08-24T11:19:51+00:00","og_image":[{"width":1024,"height":577,"url":"https:\/\/seconci.com.br\/site\/wp-content\/uploads\/2021\/08\/24174-cprt-wide-2-1024x577.png","type":"image\/png"}],"author":"Sidney Rocha","twitter_card":"summary_large_image","twitter_misc":{"Escrito por":"Sidney Rocha","Tempo estimado de leitura":"1 minuto"},"schema":{"@context":"https:\/\/schema.org","@graph":[{"@type":"Article","@id":"https:\/\/seconci.com.br\/site\/2021\/08\/24\/cprt-apresentara-a-semana-canpat-construcao-2021\/#article","isPartOf":{"@id":"https:\/\/seconci.com.br\/site\/2021\/08\/24\/cprt-apresentara-a-semana-canpat-construcao-2021\/"},"author":{"name":"Sidney Rocha","@id":"https:\/\/seconci.com.br\/site\/#\/schema\/person\/1d79afd97ddc8f2c68c1e88e298aa8e2"},"headline":"CPRT apresentar\u00e1 a Semana CANPAT Constru\u00e7\u00e3o 2021","datePublished":"2021-08-24T11:14:53+00:00","dateModified":"2021-08-24T11:19:51+00:00","mainEntityOfPage":{"@id":"https:\/\/seconci.com.br\/site\/2021\/08\/24\/cprt-apresentara-a-semana-canpat-construcao-2021\/"},"wordCount":293,"publisher":{"@id":"https:\/\/seconci.com.br\/site\/#organization"},"image":{"@id":"https:\/\/seconci.com.br\/site\/2021\/08\/24\/cprt-apresentara-a-semana-canpat-construcao-2021\/#primaryimage"},"thumbnailUrl":"https:\/\/seconci.com.br\/site\/wp-content\/uploads\/2021\/08\/24174-cprt-wide-2.png","articleSection":["Seconci Brasil"],"inLanguage":"pt-PT"},{"@type":"WebPage","@id":"https:\/\/seconci.com.br\/site\/2021\/08\/24\/cprt-apresentara-a-semana-canpat-construcao-2021\/","url":"https:\/\/seconci.com.br\/site\/2021\/08\/24\/cprt-apresentara-a-semana-canpat-construcao-2021\/","name":"CPRT apresentar\u00e1 a Semana CANPAT Constru\u00e7\u00e3o 2021 - Seconci Brasil","isPartOf":{"@id":"https:\/\/seconci.com.br\/site\/#website"},"primaryImageOfPage":{"@id":"https:\/\/seconci.com.br\/site\/2021\/08\/24\/cprt-apresentara-a-semana-canpat-construcao-2021\/#primaryimage"},"image":{"@id":"https:\/\/seconci.com.br\/site\/2021\/08\/24\/cprt-apresentara-a-semana-canpat-construcao-2021\/#primaryimage"},"thumbnailUrl":"https:\/\/seconci.com.br\/site\/wp-content\/uploads\/2021\/08\/24174-cprt-wide-2.png","datePublished":"2021-08-24T11:14:53+00:00","dateModified":"2021-08-24T11:19:51+00:00","breadcrumb":{"@id":"https:\/\/seconci.com.br\/site\/2021\/08\/24\/cprt-apresentara-a-semana-canpat-construcao-2021\/#breadcrumb"},"inLanguage":"pt-PT","potentialAction":[{"@type":"ReadAction","target":["https:\/\/seconci.com.br\/site\/2021\/08\/24\/cprt-apresentara-a-semana-canpat-construcao-2021\/"]}]},{"@type":"ImageObject","inLanguage":"pt-PT","@id":"https:\/\/seconci.com.br\/site\/2021\/08\/24\/cprt-apresentara-a-semana-canpat-construcao-2021\/#primaryimage","url":"https:\/\/seconci.com.br\/site\/wp-content\/uploads\/2021\/08\/24174-cprt-wide-2.png","contentUrl":"https:\/\/seconci.com.br\/site\/wp-content\/uploads\/2021\/08\/24174-cprt-wide-2.png","width":2500,"height":1408},{"@type":"BreadcrumbList","@id":"https:\/\/seconci.com.br\/site\/2021\/08\/24\/cprt-apresentara-a-semana-canpat-construcao-2021\/#breadcrumb","itemListElement":[{"@type":"ListItem","position":1,"name":"In\u00edcio","item":"https:\/\/seconci.com.br\/site\/"},{"@type":"ListItem","position":2,"name":"CPRT apresentar\u00e1 a Semana CANPAT Constru\u00e7\u00e3o 2021"}]},{"@type":"WebSite","@id":"https:\/\/seconci.com.br\/site\/#website","url":"https:\/\/seconci.com.br\/site\/","name":"Seconci Brasil","description":"","publisher":{"@id":"https:\/\/seconci.com.br\/site\/#organization"},"potentialAction":[{"@type":"SearchAction","target":{"@type":"EntryPoint","urlTemplate":"https:\/\/seconci.com.br\/site\/?s={search_term_string}"},"query-input":{"@type":"PropertyValueSpecification","valueRequired":true,"valueName":"search_term_string"}}],"inLanguage":"pt-PT"},{"@type":"Organization","@id":"https:\/\/seconci.com.br\/site\/#organization","name":"Seconci Brasil","url":"https:\/\/seconci.com.br\/site\/","logo":{"@type":"ImageObject","inLanguage":"pt-PT","@id":"https:\/\/seconci.com.br\/site\/#\/schema\/logo\/image\/","url":"https:\/\/seconci.com.br\/site\/wp-content\/uploads\/2024\/08\/Logo-Seconci-Brasil-branca-2.png","contentUrl":"https:\/\/seconci.com.br\/site\/wp-content\/uploads\/2024\/08\/Logo-Seconci-Brasil-branca-2.png","width":1315,"height":598,"caption":"Seconci Brasil"},"image":{"@id":"https:\/\/seconci.com.br\/site\/#\/schema\/logo\/image\/"}},{"@type":"Person","@id":"https:\/\/seconci.com.br\/site\/#\/schema\/person\/1d79afd97ddc8f2c68c1e88e298aa8e2","name":"Sidney Rocha","description":"Comunicador e estagi\u00e1rio do Seconci Brasil.","url":"https:\/\/seconci.com.br\/site\/author\/sidney-rocha\/"}]}},"_links":{"self":[{"href":"https:\/\/seconci.com.br\/site\/wp-json\/wp\/v2\/posts\/11058","targetHints":{"allow":["GET"]}}],"collection":[{"href":"https:\/\/seconci.com.br\/site\/wp-json\/wp\/v2\/posts"}],"about":[{"href":"https:\/\/seconci.com.br\/site\/wp-json\/wp\/v2\/types\/post"}],"author":[{"embeddable":true,"href":"https:\/\/seconci.com.br\/site\/wp-json\/wp\/v2\/users\/3"}],"replies":[{"embeddable":true,"href":"https:\/\/seconci.com.br\/site\/wp-json\/wp\/v2\/comments?post=11058"}],"version-history":[{"count":0,"href":"https:\/\/seconci.com.br\/site\/wp-json\/wp\/v2\/posts\/11058\/revisions"}],"wp:featuredmedia":[{"embeddable":true,"href":"https:\/\/seconci.com.br\/site\/wp-json\/wp\/v2\/media\/11059"}],"wp:attachment":[{"href":"https:\/\/seconci.com.br\/site\/wp-json\/wp\/v2\/media?parent=11058"}],"wp:term":[{"taxonomy":"category","embeddable":true,"href":"https:\/\/seconci.com.br\/site\/wp-json\/wp\/v2\/categories?post=11058"},{"taxonomy":"post_tag","embeddable":true,"href":"https:\/\/seconci.com.br\/site\/wp-json\/wp\/v2\/tags?post=11058"}],"curies":[{"name":"wp","href":"https:\/\/api.w.org\/{rel}","templated":true}]}}