{"id":11061,"date":"2021-08-24T11:16:16","date_gmt":"2021-08-24T11:16:16","guid":{"rendered":"https:\/\/seconci.com.br\/site\/?p=11061"},"modified":"2021-08-24T11:16:16","modified_gmt":"2021-08-24T11:16:16","slug":"seconci-sp-alerta-que-periodontite-agrava-casos-de-covid-19","status":"publish","type":"post","link":"https:\/\/seconci.com.br\/site\/2021\/08\/24\/seconci-sp-alerta-que-periodontite-agrava-casos-de-covid-19\/","title":{"rendered":"Seconci-SP alerta que periodontite agrava casos de Covid-19"},"content":{"rendered":"<p>Cuidar da sa\u00fade bucal faz bem para todo o corpo. Este conceito ganha muita for\u00e7a devido a um estudo realizado em pacientes que contra\u00edram a Covid-19, alerta a dra. Gabriela Tamashiro, dentista do Servi\u00e7o Social da Constru\u00e7\u00e3o Civil do Estado de S\u00e3o Paulo (Seconci-SP). Os pesquisadores avaliaram radiografias da boca desses pacientes e observaram que aqueles com a forma mais grave de periodontite (doen\u00e7a caracterizada pela inflama\u00e7\u00e3o da gengiva) tinham um risco tr\u00eas vezes maior de serem intubados, internados na UTI ou morrerem por causa da Covid-19.<\/p>\n<p>\u201cIsso nos mostra que a periodontite pode levar a uma inflama\u00e7\u00e3o sist\u00eamica que vai al\u00e9m da boca. Assim, se a pessoa tem algum tipo de infec\u00e7\u00e3o bucal, seja c\u00e1rie, um dente com grande destrui\u00e7\u00e3o pass\u00edvel de extra\u00e7\u00e3o, sangramento da gengiva, esses s\u00e3o sinais de que h\u00e1 algo errado na boca, com grande prolifera\u00e7\u00e3o de bact\u00e9rias, que gera uma inflama\u00e7\u00e3o, podendo levar a uma baixa imunidade\u201d, diz.<\/p>\n<p>De acordo com a dentista, quando temos baixa imunidade por uma boca n\u00e3o saud\u00e1vel, caso a pessoa contraia Covid-19, as chances de ter complica\u00e7\u00e3o s\u00e3o grandes. Assim, deve-se procurar tratamento dent\u00e1rio.<\/p>\n<p>A dra. Gabriela ressalta que a doen\u00e7a gengival n\u00e3o causa Covid-19. \u201cTer uma escova\u00e7\u00e3o regular e correta, fazer uso do fio dental e visitas regulares ao dentista s\u00e3o as \u00fanicas formas de controlar a periodontite e a sa\u00fade bucal e ter uma boa imunidade\u201d.<\/p>\n<p><em>(Ag\u00eancia CBIC | Com informa\u00e7\u00f5es do Seconci-SP)<\/em><\/p>\n","protected":false},"excerpt":{"rendered":"<p>Cuidar da sa\u00fade bucal faz bem para todo o corpo. Este conceito ganha muita for\u00e7a devido a um estudo realizado em pacientes que contra\u00edram a Covid-19, alerta a dra. Gabriela Tamashiro, dentista do Servi\u00e7o Social da Constru\u00e7\u00e3o Civil do Estado de S\u00e3o Paulo (Seconci-SP). Os pesquisadores avaliaram radiografias da boca desses pacientes e observaram que [&hellip;]<\/p>\n","protected":false},"author":3,"featured_media":11062,"comment_status":"closed","ping_status":"closed","sticky":false,"template":"","format":"standard","meta":{"footnotes":""},"categories":[87],"tags":[],"class_list":["post-11061","post","type-post","status-publish","format-standard","has-post-thumbnail","hentry","category-seconci-sao-paulo"],"yoast_head":"<!-- This site is optimized with the Yoast SEO plugin v26.9 - https:\/\/yoast.com\/product\/yoast-seo-wordpress\/ -->\n<title>Seconci-SP alerta que periodontite agrava casos de Covid-19 - Seconci Brasil<\/title>\n<meta name=\"robots\" content=\"index, follow, max-snippet:-1, max-image-preview:large, max-video-preview:-1\" \/>\n<link rel=\"canonical\" href=\"https:\/\/seconci.com.br\/site\/2021\/08\/24\/seconci-sp-alerta-que-periodontite-agrava-casos-de-covid-19\/\" \/>\n<meta property=\"og:locale\" content=\"pt_PT\" \/>\n<meta property=\"og:type\" content=\"article\" \/>\n<meta property=\"og:title\" content=\"Seconci-SP alerta que periodontite agrava casos de Covid-19 - Seconci Brasil\" \/>\n<meta property=\"og:description\" content=\"Cuidar da sa\u00fade bucal faz bem para todo o corpo. Este conceito ganha muita for\u00e7a devido a um estudo realizado em pacientes que contra\u00edram a Covid-19, alerta a dra. Gabriela Tamashiro, dentista do Servi\u00e7o Social da Constru\u00e7\u00e3o Civil do Estado de S\u00e3o Paulo (Seconci-SP). Os pesquisadores avaliaram radiografias da boca desses pacientes e observaram que [&hellip;]\" \/>\n<meta property=\"og:url\" content=\"https:\/\/seconci.com.br\/site\/2021\/08\/24\/seconci-sp-alerta-que-periodontite-agrava-casos-de-covid-19\/\" \/>\n<meta property=\"og:site_name\" content=\"Seconci Brasil\" \/>\n<meta property=\"article:published_time\" content=\"2021-08-24T11:16:16+00:00\" \/>\n<meta property=\"og:image\" content=\"https:\/\/seconci.com.br\/site\/wp-content\/uploads\/2021\/08\/smileup-periodontite-agrava-risco-morte-covid19.jpg\" \/>\n\t<meta property=\"og:image:width\" content=\"750\" \/>\n\t<meta property=\"og:image:height\" content=\"393\" \/>\n\t<meta property=\"og:image:type\" content=\"image\/jpeg\" \/>\n<meta name=\"author\" content=\"Sidney Rocha\" \/>\n<meta name=\"twitter:card\" content=\"summary_large_image\" \/>\n<meta name=\"twitter:label1\" content=\"Escrito por\" \/>\n\t<meta name=\"twitter:data1\" content=\"Sidney Rocha\" \/>\n\t<meta name=\"twitter:label2\" content=\"Tempo estimado de leitura\" \/>\n\t<meta name=\"twitter:data2\" content=\"1 minuto\" \/>\n<script type=\"application\/ld+json\" class=\"yoast-schema-graph\">{\"@context\":\"https:\/\/schema.org\",\"@graph\":[{\"@type\":\"Article\",\"@id\":\"https:\/\/seconci.com.br\/site\/2021\/08\/24\/seconci-sp-alerta-que-periodontite-agrava-casos-de-covid-19\/#article\",\"isPartOf\":{\"@id\":\"https:\/\/seconci.com.br\/site\/2021\/08\/24\/seconci-sp-alerta-que-periodontite-agrava-casos-de-covid-19\/\"},\"author\":{\"name\":\"Sidney Rocha\",\"@id\":\"https:\/\/seconci.com.br\/site\/#\/schema\/person\/1d79afd97ddc8f2c68c1e88e298aa8e2\"},\"headline\":\"Seconci-SP alerta que periodontite agrava casos de Covid-19\",\"datePublished\":\"2021-08-24T11:16:16+00:00\",\"mainEntityOfPage\":{\"@id\":\"https:\/\/seconci.com.br\/site\/2021\/08\/24\/seconci-sp-alerta-que-periodontite-agrava-casos-de-covid-19\/\"},\"wordCount\":275,\"publisher\":{\"@id\":\"https:\/\/seconci.com.br\/site\/#organization\"},\"image\":{\"@id\":\"https:\/\/seconci.com.br\/site\/2021\/08\/24\/seconci-sp-alerta-que-periodontite-agrava-casos-de-covid-19\/#primaryimage\"},\"thumbnailUrl\":\"https:\/\/seconci.com.br\/site\/wp-content\/uploads\/2021\/08\/smileup-periodontite-agrava-risco-morte-covid19.jpg\",\"articleSection\":[\"Seconci S\u00e3o Paulo\"],\"inLanguage\":\"pt-PT\"},{\"@type\":\"WebPage\",\"@id\":\"https:\/\/seconci.com.br\/site\/2021\/08\/24\/seconci-sp-alerta-que-periodontite-agrava-casos-de-covid-19\/\",\"url\":\"https:\/\/seconci.com.br\/site\/2021\/08\/24\/seconci-sp-alerta-que-periodontite-agrava-casos-de-covid-19\/\",\"name\":\"Seconci-SP alerta que periodontite agrava casos de Covid-19 - Seconci Brasil\",\"isPartOf\":{\"@id\":\"https:\/\/seconci.com.br\/site\/#website\"},\"primaryImageOfPage\":{\"@id\":\"https:\/\/seconci.com.br\/site\/2021\/08\/24\/seconci-sp-alerta-que-periodontite-agrava-casos-de-covid-19\/#primaryimage\"},\"image\":{\"@id\":\"https:\/\/seconci.com.br\/site\/2021\/08\/24\/seconci-sp-alerta-que-periodontite-agrava-casos-de-covid-19\/#primaryimage\"},\"thumbnailUrl\":\"https:\/\/seconci.com.br\/site\/wp-content\/uploads\/2021\/08\/smileup-periodontite-agrava-risco-morte-covid19.jpg\",\"datePublished\":\"2021-08-24T11:16:16+00:00\",\"breadcrumb\":{\"@id\":\"https:\/\/seconci.com.br\/site\/2021\/08\/24\/seconci-sp-alerta-que-periodontite-agrava-casos-de-covid-19\/#breadcrumb\"},\"inLanguage\":\"pt-PT\",\"potentialAction\":[{\"@type\":\"ReadAction\",\"target\":[\"https:\/\/seconci.com.br\/site\/2021\/08\/24\/seconci-sp-alerta-que-periodontite-agrava-casos-de-covid-19\/\"]}]},{\"@type\":\"ImageObject\",\"inLanguage\":\"pt-PT\",\"@id\":\"https:\/\/seconci.com.br\/site\/2021\/08\/24\/seconci-sp-alerta-que-periodontite-agrava-casos-de-covid-19\/#primaryimage\",\"url\":\"https:\/\/seconci.com.br\/site\/wp-content\/uploads\/2021\/08\/smileup-periodontite-agrava-risco-morte-covid19.jpg\",\"contentUrl\":\"https:\/\/seconci.com.br\/site\/wp-content\/uploads\/2021\/08\/smileup-periodontite-agrava-risco-morte-covid19.jpg\",\"width\":750,\"height\":393},{\"@type\":\"BreadcrumbList\",\"@id\":\"https:\/\/seconci.com.br\/site\/2021\/08\/24\/seconci-sp-alerta-que-periodontite-agrava-casos-de-covid-19\/#breadcrumb\",\"itemListElement\":[{\"@type\":\"ListItem\",\"position\":1,\"name\":\"In\u00edcio\",\"item\":\"https:\/\/seconci.com.br\/site\/\"},{\"@type\":\"ListItem\",\"position\":2,\"name\":\"Seconci-SP alerta que periodontite agrava casos de Covid-19\"}]},{\"@type\":\"WebSite\",\"@id\":\"https:\/\/seconci.com.br\/site\/#website\",\"url\":\"https:\/\/seconci.com.br\/site\/\",\"name\":\"Seconci Brasil\",\"description\":\"\",\"publisher\":{\"@id\":\"https:\/\/seconci.com.br\/site\/#organization\"},\"potentialAction\":[{\"@type\":\"SearchAction\",\"target\":{\"@type\":\"EntryPoint\",\"urlTemplate\":\"https:\/\/seconci.com.br\/site\/?s={search_term_string}\"},\"query-input\":{\"@type\":\"PropertyValueSpecification\",\"valueRequired\":true,\"valueName\":\"search_term_string\"}}],\"inLanguage\":\"pt-PT\"},{\"@type\":\"Organization\",\"@id\":\"https:\/\/seconci.com.br\/site\/#organization\",\"name\":\"Seconci Brasil\",\"url\":\"https:\/\/seconci.com.br\/site\/\",\"logo\":{\"@type\":\"ImageObject\",\"inLanguage\":\"pt-PT\",\"@id\":\"https:\/\/seconci.com.br\/site\/#\/schema\/logo\/image\/\",\"url\":\"https:\/\/seconci.com.br\/site\/wp-content\/uploads\/2024\/08\/Logo-Seconci-Brasil-branca-2.png\",\"contentUrl\":\"https:\/\/seconci.com.br\/site\/wp-content\/uploads\/2024\/08\/Logo-Seconci-Brasil-branca-2.png\",\"width\":1315,\"height\":598,\"caption\":\"Seconci Brasil\"},\"image\":{\"@id\":\"https:\/\/seconci.com.br\/site\/#\/schema\/logo\/image\/\"}},{\"@type\":\"Person\",\"@id\":\"https:\/\/seconci.com.br\/site\/#\/schema\/person\/1d79afd97ddc8f2c68c1e88e298aa8e2\",\"name\":\"Sidney Rocha\",\"description\":\"Comunicador e estagi\u00e1rio do Seconci Brasil.\",\"url\":\"https:\/\/seconci.com.br\/site\/author\/sidney-rocha\/\"}]}<\/script>\n<!-- \/ Yoast SEO plugin. -->","yoast_head_json":{"title":"Seconci-SP alerta que periodontite agrava casos de Covid-19 - Seconci Brasil","robots":{"index":"index","follow":"follow","max-snippet":"max-snippet:-1","max-image-preview":"max-image-preview:large","max-video-preview":"max-video-preview:-1"},"canonical":"https:\/\/seconci.com.br\/site\/2021\/08\/24\/seconci-sp-alerta-que-periodontite-agrava-casos-de-covid-19\/","og_locale":"pt_PT","og_type":"article","og_title":"Seconci-SP alerta que periodontite agrava casos de Covid-19 - Seconci Brasil","og_description":"Cuidar da sa\u00fade bucal faz bem para todo o corpo. Este conceito ganha muita for\u00e7a devido a um estudo realizado em pacientes que contra\u00edram a Covid-19, alerta a dra. Gabriela Tamashiro, dentista do Servi\u00e7o Social da Constru\u00e7\u00e3o Civil do Estado de S\u00e3o Paulo (Seconci-SP). Os pesquisadores avaliaram radiografias da boca desses pacientes e observaram que [&hellip;]","og_url":"https:\/\/seconci.com.br\/site\/2021\/08\/24\/seconci-sp-alerta-que-periodontite-agrava-casos-de-covid-19\/","og_site_name":"Seconci Brasil","article_published_time":"2021-08-24T11:16:16+00:00","og_image":[{"width":750,"height":393,"url":"https:\/\/seconci.com.br\/site\/wp-content\/uploads\/2021\/08\/smileup-periodontite-agrava-risco-morte-covid19.jpg","type":"image\/jpeg"}],"author":"Sidney Rocha","twitter_card":"summary_large_image","twitter_misc":{"Escrito por":"Sidney Rocha","Tempo estimado de leitura":"1 minuto"},"schema":{"@context":"https:\/\/schema.org","@graph":[{"@type":"Article","@id":"https:\/\/seconci.com.br\/site\/2021\/08\/24\/seconci-sp-alerta-que-periodontite-agrava-casos-de-covid-19\/#article","isPartOf":{"@id":"https:\/\/seconci.com.br\/site\/2021\/08\/24\/seconci-sp-alerta-que-periodontite-agrava-casos-de-covid-19\/"},"author":{"name":"Sidney Rocha","@id":"https:\/\/seconci.com.br\/site\/#\/schema\/person\/1d79afd97ddc8f2c68c1e88e298aa8e2"},"headline":"Seconci-SP alerta que periodontite agrava casos de Covid-19","datePublished":"2021-08-24T11:16:16+00:00","mainEntityOfPage":{"@id":"https:\/\/seconci.com.br\/site\/2021\/08\/24\/seconci-sp-alerta-que-periodontite-agrava-casos-de-covid-19\/"},"wordCount":275,"publisher":{"@id":"https:\/\/seconci.com.br\/site\/#organization"},"image":{"@id":"https:\/\/seconci.com.br\/site\/2021\/08\/24\/seconci-sp-alerta-que-periodontite-agrava-casos-de-covid-19\/#primaryimage"},"thumbnailUrl":"https:\/\/seconci.com.br\/site\/wp-content\/uploads\/2021\/08\/smileup-periodontite-agrava-risco-morte-covid19.jpg","articleSection":["Seconci S\u00e3o Paulo"],"inLanguage":"pt-PT"},{"@type":"WebPage","@id":"https:\/\/seconci.com.br\/site\/2021\/08\/24\/seconci-sp-alerta-que-periodontite-agrava-casos-de-covid-19\/","url":"https:\/\/seconci.com.br\/site\/2021\/08\/24\/seconci-sp-alerta-que-periodontite-agrava-casos-de-covid-19\/","name":"Seconci-SP alerta que periodontite agrava casos de Covid-19 - Seconci Brasil","isPartOf":{"@id":"https:\/\/seconci.com.br\/site\/#website"},"primaryImageOfPage":{"@id":"https:\/\/seconci.com.br\/site\/2021\/08\/24\/seconci-sp-alerta-que-periodontite-agrava-casos-de-covid-19\/#primaryimage"},"image":{"@id":"https:\/\/seconci.com.br\/site\/2021\/08\/24\/seconci-sp-alerta-que-periodontite-agrava-casos-de-covid-19\/#primaryimage"},"thumbnailUrl":"https:\/\/seconci.com.br\/site\/wp-content\/uploads\/2021\/08\/smileup-periodontite-agrava-risco-morte-covid19.jpg","datePublished":"2021-08-24T11:16:16+00:00","breadcrumb":{"@id":"https:\/\/seconci.com.br\/site\/2021\/08\/24\/seconci-sp-alerta-que-periodontite-agrava-casos-de-covid-19\/#breadcrumb"},"inLanguage":"pt-PT","potentialAction":[{"@type":"ReadAction","target":["https:\/\/seconci.com.br\/site\/2021\/08\/24\/seconci-sp-alerta-que-periodontite-agrava-casos-de-covid-19\/"]}]},{"@type":"ImageObject","inLanguage":"pt-PT","@id":"https:\/\/seconci.com.br\/site\/2021\/08\/24\/seconci-sp-alerta-que-periodontite-agrava-casos-de-covid-19\/#primaryimage","url":"https:\/\/seconci.com.br\/site\/wp-content\/uploads\/2021\/08\/smileup-periodontite-agrava-risco-morte-covid19.jpg","contentUrl":"https:\/\/seconci.com.br\/site\/wp-content\/uploads\/2021\/08\/smileup-periodontite-agrava-risco-morte-covid19.jpg","width":750,"height":393},{"@type":"BreadcrumbList","@id":"https:\/\/seconci.com.br\/site\/2021\/08\/24\/seconci-sp-alerta-que-periodontite-agrava-casos-de-covid-19\/#breadcrumb","itemListElement":[{"@type":"ListItem","position":1,"name":"In\u00edcio","item":"https:\/\/seconci.com.br\/site\/"},{"@type":"ListItem","position":2,"name":"Seconci-SP alerta que periodontite agrava casos de Covid-19"}]},{"@type":"WebSite","@id":"https:\/\/seconci.com.br\/site\/#website","url":"https:\/\/seconci.com.br\/site\/","name":"Seconci Brasil","description":"","publisher":{"@id":"https:\/\/seconci.com.br\/site\/#organization"},"potentialAction":[{"@type":"SearchAction","target":{"@type":"EntryPoint","urlTemplate":"https:\/\/seconci.com.br\/site\/?s={search_term_string}"},"query-input":{"@type":"PropertyValueSpecification","valueRequired":true,"valueName":"search_term_string"}}],"inLanguage":"pt-PT"},{"@type":"Organization","@id":"https:\/\/seconci.com.br\/site\/#organization","name":"Seconci Brasil","url":"https:\/\/seconci.com.br\/site\/","logo":{"@type":"ImageObject","inLanguage":"pt-PT","@id":"https:\/\/seconci.com.br\/site\/#\/schema\/logo\/image\/","url":"https:\/\/seconci.com.br\/site\/wp-content\/uploads\/2024\/08\/Logo-Seconci-Brasil-branca-2.png","contentUrl":"https:\/\/seconci.com.br\/site\/wp-content\/uploads\/2024\/08\/Logo-Seconci-Brasil-branca-2.png","width":1315,"height":598,"caption":"Seconci Brasil"},"image":{"@id":"https:\/\/seconci.com.br\/site\/#\/schema\/logo\/image\/"}},{"@type":"Person","@id":"https:\/\/seconci.com.br\/site\/#\/schema\/person\/1d79afd97ddc8f2c68c1e88e298aa8e2","name":"Sidney Rocha","description":"Comunicador e estagi\u00e1rio do Seconci Brasil.","url":"https:\/\/seconci.com.br\/site\/author\/sidney-rocha\/"}]}},"_links":{"self":[{"href":"https:\/\/seconci.com.br\/site\/wp-json\/wp\/v2\/posts\/11061","targetHints":{"allow":["GET"]}}],"collection":[{"href":"https:\/\/seconci.com.br\/site\/wp-json\/wp\/v2\/posts"}],"about":[{"href":"https:\/\/seconci.com.br\/site\/wp-json\/wp\/v2\/types\/post"}],"author":[{"embeddable":true,"href":"https:\/\/seconci.com.br\/site\/wp-json\/wp\/v2\/users\/3"}],"replies":[{"embeddable":true,"href":"https:\/\/seconci.com.br\/site\/wp-json\/wp\/v2\/comments?post=11061"}],"version-history":[{"count":0,"href":"https:\/\/seconci.com.br\/site\/wp-json\/wp\/v2\/posts\/11061\/revisions"}],"wp:featuredmedia":[{"embeddable":true,"href":"https:\/\/seconci.com.br\/site\/wp-json\/wp\/v2\/media\/11062"}],"wp:attachment":[{"href":"https:\/\/seconci.com.br\/site\/wp-json\/wp\/v2\/media?parent=11061"}],"wp:term":[{"taxonomy":"category","embeddable":true,"href":"https:\/\/seconci.com.br\/site\/wp-json\/wp\/v2\/categories?post=11061"},{"taxonomy":"post_tag","embeddable":true,"href":"https:\/\/seconci.com.br\/site\/wp-json\/wp\/v2\/tags?post=11061"}],"curies":[{"name":"wp","href":"https:\/\/api.w.org\/{rel}","templated":true}]}}