{"id":11083,"date":"2021-08-31T11:17:40","date_gmt":"2021-08-31T11:17:40","guid":{"rendered":"https:\/\/seconci.com.br\/site\/?p=11083"},"modified":"2021-08-31T11:17:40","modified_gmt":"2021-08-31T11:17:40","slug":"radar-trabalhista-brasil-se-aproxima-de-2-mi-de-empregos-formais-em-2021","status":"publish","type":"post","link":"https:\/\/seconci.com.br\/site\/2021\/08\/31\/radar-trabalhista-brasil-se-aproxima-de-2-mi-de-empregos-formais-em-2021\/","title":{"rendered":"Radar Trabalhista: Brasil se aproxima de 2 mi de empregos formais em 2021"},"content":{"rendered":"<p>O Radar Trabalhista da C\u00e2mara Brasileira da Ind\u00fastria da Constru\u00e7\u00e3o (CBIC) de 23 a 27\/08 destaca que o mercado de trabalho no Brasil teve mais um m\u00eas positivo. Com os 316.580 novos postos de trabalho formal criados em julho, o Pa\u00eds e aproxima de 2 milh\u00f5es de empregos criados nos primeiros seis meses do ano. Os n\u00fameros s\u00e3o do Novo Cadastro Geral de Empregados e Desempregados (Novo Caged). Segundo o Minist\u00e9rio do Trabalho e Previd\u00eancia, os n\u00fameros do m\u00eas reiteram a recupera\u00e7\u00e3o firme da economia brasileira como um todo.<\/p>\n<p>Al\u00e9m desse destaque semanal, o\u00a0<a href=\"https:\/\/cbic.org.br\/relacoestrabalhistas\/wp-content\/uploads\/sites\/27\/2021\/08\/radar-trabalhista-cbic-no-0213-2021.pdf\"><strong>Radar Trabalhista CBIC n\u00ba 0213<\/strong><\/a>\u00a0traz uma sele\u00e7\u00e3o de decis\u00f5es publicadas por Tribunais Superiores, Executivo, Minist\u00e9rio P\u00fablico do Trabalho e Sindicato Nacional dos Auditores Fiscais do Trabalho.<\/p>\n<p>Dentre elas, a do Tribunal Superior do Trabalho (TST), que implantar\u00e1, a partir de 1\u00ba de outubro, a etapa intermedi\u00e1ria I de retorno do trabalho de seus servidores e colaboradores ao regime presencial.<\/p>\n<p>O limite de presen\u00e7a ser\u00e1 de 50% do quadro de cada unidade, com prioriza\u00e7\u00e3o das pessoas com a imuniza\u00e7\u00e3o completa contra a Covid-19 h\u00e1 pelo menos 15 dias. As sess\u00f5es de julgamento poder\u00e3o ser h\u00edbridas (presenciais e telepresenciais, simultaneamente).<\/p>\n<p>O informativo integra o projeto\u00a0<strong>\u201cMonitoramento de Normativos e Dadzos de SST\/RT \u2013 Radar Trabalhista\u201d<\/strong>, realizado pela CBIC, por meio da sua Comiss\u00e3o de Pol\u00edtica de Rela\u00e7\u00f5es Trabalhistas (CPRT), com a correaliza\u00e7\u00e3o do Servi\u00e7o Social da Ind\u00fastria (Sesi Nacional).<\/p>\n<p>Confira a galeria com\u00a0<strong><a href=\"https:\/\/cbic.org.br\/relacoestrabalhistas\/radar-trabalhista\/\">todas as edi\u00e7\u00f5es do Radar Trabalhista<\/a>.<\/strong><\/p>\n<p><em>Fonte: Ag\u00eancia CBIC<\/em><\/p>\n","protected":false},"excerpt":{"rendered":"<p>O Radar Trabalhista da C\u00e2mara Brasileira da Ind\u00fastria da Constru\u00e7\u00e3o (CBIC) de 23 a 27\/08 destaca que o mercado de trabalho no Brasil teve mais um m\u00eas positivo. Com os 316.580 novos postos de trabalho formal criados em julho, o Pa\u00eds e aproxima de 2 milh\u00f5es de empregos criados nos primeiros seis meses do ano. [&hellip;]<\/p>\n","protected":false},"author":3,"featured_media":10897,"comment_status":"closed","ping_status":"closed","sticky":false,"template":"","format":"standard","meta":{"footnotes":""},"categories":[92],"tags":[],"class_list":["post-11083","post","type-post","status-publish","format-standard","has-post-thumbnail","hentry","category-seconci-brasil"],"yoast_head":"<!-- This site is optimized with the Yoast SEO plugin v26.9 - https:\/\/yoast.com\/product\/yoast-seo-wordpress\/ -->\n<title>Radar Trabalhista: Brasil se aproxima de 2 mi de empregos formais em 2021 - Seconci Brasil<\/title>\n<meta name=\"robots\" content=\"index, follow, max-snippet:-1, max-image-preview:large, max-video-preview:-1\" \/>\n<link rel=\"canonical\" href=\"https:\/\/seconci.com.br\/site\/2021\/08\/31\/radar-trabalhista-brasil-se-aproxima-de-2-mi-de-empregos-formais-em-2021\/\" \/>\n<meta property=\"og:locale\" content=\"pt_PT\" \/>\n<meta property=\"og:type\" content=\"article\" \/>\n<meta property=\"og:title\" content=\"Radar Trabalhista: Brasil se aproxima de 2 mi de empregos formais em 2021 - Seconci Brasil\" \/>\n<meta property=\"og:description\" content=\"O Radar Trabalhista da C\u00e2mara Brasileira da Ind\u00fastria da Constru\u00e7\u00e3o (CBIC) de 23 a 27\/08 destaca que o mercado de trabalho no Brasil teve mais um m\u00eas positivo. Com os 316.580 novos postos de trabalho formal criados em julho, o Pa\u00eds e aproxima de 2 milh\u00f5es de empregos criados nos primeiros seis meses do ano. [&hellip;]\" \/>\n<meta property=\"og:url\" content=\"https:\/\/seconci.com.br\/site\/2021\/08\/31\/radar-trabalhista-brasil-se-aproxima-de-2-mi-de-empregos-formais-em-2021\/\" \/>\n<meta property=\"og:site_name\" content=\"Seconci Brasil\" \/>\n<meta property=\"article:published_time\" content=\"2021-08-31T11:17:40+00:00\" \/>\n<meta property=\"og:image\" content=\"https:\/\/seconci.com.br\/site\/wp-content\/uploads\/2021\/07\/radar-trabalhista.jpeg\" \/>\n\t<meta property=\"og:image:width\" content=\"1280\" \/>\n\t<meta property=\"og:image:height\" content=\"555\" \/>\n\t<meta property=\"og:image:type\" content=\"image\/jpeg\" \/>\n<meta name=\"author\" content=\"Sidney Rocha\" \/>\n<meta name=\"twitter:card\" content=\"summary_large_image\" \/>\n<meta name=\"twitter:label1\" content=\"Escrito por\" \/>\n\t<meta name=\"twitter:data1\" content=\"Sidney Rocha\" \/>\n\t<meta name=\"twitter:label2\" content=\"Tempo estimado de leitura\" \/>\n\t<meta name=\"twitter:data2\" content=\"1 minuto\" \/>\n<script type=\"application\/ld+json\" class=\"yoast-schema-graph\">{\"@context\":\"https:\/\/schema.org\",\"@graph\":[{\"@type\":\"Article\",\"@id\":\"https:\/\/seconci.com.br\/site\/2021\/08\/31\/radar-trabalhista-brasil-se-aproxima-de-2-mi-de-empregos-formais-em-2021\/#article\",\"isPartOf\":{\"@id\":\"https:\/\/seconci.com.br\/site\/2021\/08\/31\/radar-trabalhista-brasil-se-aproxima-de-2-mi-de-empregos-formais-em-2021\/\"},\"author\":{\"name\":\"Sidney Rocha\",\"@id\":\"https:\/\/seconci.com.br\/site\/#\/schema\/person\/1d79afd97ddc8f2c68c1e88e298aa8e2\"},\"headline\":\"Radar Trabalhista: Brasil se aproxima de 2 mi de empregos formais em 2021\",\"datePublished\":\"2021-08-31T11:17:40+00:00\",\"mainEntityOfPage\":{\"@id\":\"https:\/\/seconci.com.br\/site\/2021\/08\/31\/radar-trabalhista-brasil-se-aproxima-de-2-mi-de-empregos-formais-em-2021\/\"},\"wordCount\":281,\"publisher\":{\"@id\":\"https:\/\/seconci.com.br\/site\/#organization\"},\"image\":{\"@id\":\"https:\/\/seconci.com.br\/site\/2021\/08\/31\/radar-trabalhista-brasil-se-aproxima-de-2-mi-de-empregos-formais-em-2021\/#primaryimage\"},\"thumbnailUrl\":\"https:\/\/seconci.com.br\/site\/wp-content\/uploads\/2021\/07\/radar-trabalhista.jpeg\",\"articleSection\":[\"Seconci Brasil\"],\"inLanguage\":\"pt-PT\"},{\"@type\":\"WebPage\",\"@id\":\"https:\/\/seconci.com.br\/site\/2021\/08\/31\/radar-trabalhista-brasil-se-aproxima-de-2-mi-de-empregos-formais-em-2021\/\",\"url\":\"https:\/\/seconci.com.br\/site\/2021\/08\/31\/radar-trabalhista-brasil-se-aproxima-de-2-mi-de-empregos-formais-em-2021\/\",\"name\":\"Radar Trabalhista: Brasil se aproxima de 2 mi de empregos formais em 2021 - Seconci Brasil\",\"isPartOf\":{\"@id\":\"https:\/\/seconci.com.br\/site\/#website\"},\"primaryImageOfPage\":{\"@id\":\"https:\/\/seconci.com.br\/site\/2021\/08\/31\/radar-trabalhista-brasil-se-aproxima-de-2-mi-de-empregos-formais-em-2021\/#primaryimage\"},\"image\":{\"@id\":\"https:\/\/seconci.com.br\/site\/2021\/08\/31\/radar-trabalhista-brasil-se-aproxima-de-2-mi-de-empregos-formais-em-2021\/#primaryimage\"},\"thumbnailUrl\":\"https:\/\/seconci.com.br\/site\/wp-content\/uploads\/2021\/07\/radar-trabalhista.jpeg\",\"datePublished\":\"2021-08-31T11:17:40+00:00\",\"breadcrumb\":{\"@id\":\"https:\/\/seconci.com.br\/site\/2021\/08\/31\/radar-trabalhista-brasil-se-aproxima-de-2-mi-de-empregos-formais-em-2021\/#breadcrumb\"},\"inLanguage\":\"pt-PT\",\"potentialAction\":[{\"@type\":\"ReadAction\",\"target\":[\"https:\/\/seconci.com.br\/site\/2021\/08\/31\/radar-trabalhista-brasil-se-aproxima-de-2-mi-de-empregos-formais-em-2021\/\"]}]},{\"@type\":\"ImageObject\",\"inLanguage\":\"pt-PT\",\"@id\":\"https:\/\/seconci.com.br\/site\/2021\/08\/31\/radar-trabalhista-brasil-se-aproxima-de-2-mi-de-empregos-formais-em-2021\/#primaryimage\",\"url\":\"https:\/\/seconci.com.br\/site\/wp-content\/uploads\/2021\/07\/radar-trabalhista.jpeg\",\"contentUrl\":\"https:\/\/seconci.com.br\/site\/wp-content\/uploads\/2021\/07\/radar-trabalhista.jpeg\",\"width\":1280,\"height\":555},{\"@type\":\"BreadcrumbList\",\"@id\":\"https:\/\/seconci.com.br\/site\/2021\/08\/31\/radar-trabalhista-brasil-se-aproxima-de-2-mi-de-empregos-formais-em-2021\/#breadcrumb\",\"itemListElement\":[{\"@type\":\"ListItem\",\"position\":1,\"name\":\"In\u00edcio\",\"item\":\"https:\/\/seconci.com.br\/site\/\"},{\"@type\":\"ListItem\",\"position\":2,\"name\":\"Radar Trabalhista: Brasil se aproxima de 2 mi de empregos formais em 2021\"}]},{\"@type\":\"WebSite\",\"@id\":\"https:\/\/seconci.com.br\/site\/#website\",\"url\":\"https:\/\/seconci.com.br\/site\/\",\"name\":\"Seconci Brasil\",\"description\":\"\",\"publisher\":{\"@id\":\"https:\/\/seconci.com.br\/site\/#organization\"},\"potentialAction\":[{\"@type\":\"SearchAction\",\"target\":{\"@type\":\"EntryPoint\",\"urlTemplate\":\"https:\/\/seconci.com.br\/site\/?s={search_term_string}\"},\"query-input\":{\"@type\":\"PropertyValueSpecification\",\"valueRequired\":true,\"valueName\":\"search_term_string\"}}],\"inLanguage\":\"pt-PT\"},{\"@type\":\"Organization\",\"@id\":\"https:\/\/seconci.com.br\/site\/#organization\",\"name\":\"Seconci Brasil\",\"url\":\"https:\/\/seconci.com.br\/site\/\",\"logo\":{\"@type\":\"ImageObject\",\"inLanguage\":\"pt-PT\",\"@id\":\"https:\/\/seconci.com.br\/site\/#\/schema\/logo\/image\/\",\"url\":\"https:\/\/seconci.com.br\/site\/wp-content\/uploads\/2024\/08\/Logo-Seconci-Brasil-branca-2.png\",\"contentUrl\":\"https:\/\/seconci.com.br\/site\/wp-content\/uploads\/2024\/08\/Logo-Seconci-Brasil-branca-2.png\",\"width\":1315,\"height\":598,\"caption\":\"Seconci Brasil\"},\"image\":{\"@id\":\"https:\/\/seconci.com.br\/site\/#\/schema\/logo\/image\/\"}},{\"@type\":\"Person\",\"@id\":\"https:\/\/seconci.com.br\/site\/#\/schema\/person\/1d79afd97ddc8f2c68c1e88e298aa8e2\",\"name\":\"Sidney Rocha\",\"description\":\"Comunicador e estagi\u00e1rio do Seconci Brasil.\",\"url\":\"https:\/\/seconci.com.br\/site\/author\/sidney-rocha\/\"}]}<\/script>\n<!-- \/ Yoast SEO plugin. -->","yoast_head_json":{"title":"Radar Trabalhista: Brasil se aproxima de 2 mi de empregos formais em 2021 - Seconci Brasil","robots":{"index":"index","follow":"follow","max-snippet":"max-snippet:-1","max-image-preview":"max-image-preview:large","max-video-preview":"max-video-preview:-1"},"canonical":"https:\/\/seconci.com.br\/site\/2021\/08\/31\/radar-trabalhista-brasil-se-aproxima-de-2-mi-de-empregos-formais-em-2021\/","og_locale":"pt_PT","og_type":"article","og_title":"Radar Trabalhista: Brasil se aproxima de 2 mi de empregos formais em 2021 - Seconci Brasil","og_description":"O Radar Trabalhista da C\u00e2mara Brasileira da Ind\u00fastria da Constru\u00e7\u00e3o (CBIC) de 23 a 27\/08 destaca que o mercado de trabalho no Brasil teve mais um m\u00eas positivo. Com os 316.580 novos postos de trabalho formal criados em julho, o Pa\u00eds e aproxima de 2 milh\u00f5es de empregos criados nos primeiros seis meses do ano. [&hellip;]","og_url":"https:\/\/seconci.com.br\/site\/2021\/08\/31\/radar-trabalhista-brasil-se-aproxima-de-2-mi-de-empregos-formais-em-2021\/","og_site_name":"Seconci Brasil","article_published_time":"2021-08-31T11:17:40+00:00","og_image":[{"width":1280,"height":555,"url":"https:\/\/seconci.com.br\/site\/wp-content\/uploads\/2021\/07\/radar-trabalhista.jpeg","type":"image\/jpeg"}],"author":"Sidney Rocha","twitter_card":"summary_large_image","twitter_misc":{"Escrito por":"Sidney Rocha","Tempo estimado de leitura":"1 minuto"},"schema":{"@context":"https:\/\/schema.org","@graph":[{"@type":"Article","@id":"https:\/\/seconci.com.br\/site\/2021\/08\/31\/radar-trabalhista-brasil-se-aproxima-de-2-mi-de-empregos-formais-em-2021\/#article","isPartOf":{"@id":"https:\/\/seconci.com.br\/site\/2021\/08\/31\/radar-trabalhista-brasil-se-aproxima-de-2-mi-de-empregos-formais-em-2021\/"},"author":{"name":"Sidney Rocha","@id":"https:\/\/seconci.com.br\/site\/#\/schema\/person\/1d79afd97ddc8f2c68c1e88e298aa8e2"},"headline":"Radar Trabalhista: Brasil se aproxima de 2 mi de empregos formais em 2021","datePublished":"2021-08-31T11:17:40+00:00","mainEntityOfPage":{"@id":"https:\/\/seconci.com.br\/site\/2021\/08\/31\/radar-trabalhista-brasil-se-aproxima-de-2-mi-de-empregos-formais-em-2021\/"},"wordCount":281,"publisher":{"@id":"https:\/\/seconci.com.br\/site\/#organization"},"image":{"@id":"https:\/\/seconci.com.br\/site\/2021\/08\/31\/radar-trabalhista-brasil-se-aproxima-de-2-mi-de-empregos-formais-em-2021\/#primaryimage"},"thumbnailUrl":"https:\/\/seconci.com.br\/site\/wp-content\/uploads\/2021\/07\/radar-trabalhista.jpeg","articleSection":["Seconci Brasil"],"inLanguage":"pt-PT"},{"@type":"WebPage","@id":"https:\/\/seconci.com.br\/site\/2021\/08\/31\/radar-trabalhista-brasil-se-aproxima-de-2-mi-de-empregos-formais-em-2021\/","url":"https:\/\/seconci.com.br\/site\/2021\/08\/31\/radar-trabalhista-brasil-se-aproxima-de-2-mi-de-empregos-formais-em-2021\/","name":"Radar Trabalhista: Brasil se aproxima de 2 mi de empregos formais em 2021 - Seconci Brasil","isPartOf":{"@id":"https:\/\/seconci.com.br\/site\/#website"},"primaryImageOfPage":{"@id":"https:\/\/seconci.com.br\/site\/2021\/08\/31\/radar-trabalhista-brasil-se-aproxima-de-2-mi-de-empregos-formais-em-2021\/#primaryimage"},"image":{"@id":"https:\/\/seconci.com.br\/site\/2021\/08\/31\/radar-trabalhista-brasil-se-aproxima-de-2-mi-de-empregos-formais-em-2021\/#primaryimage"},"thumbnailUrl":"https:\/\/seconci.com.br\/site\/wp-content\/uploads\/2021\/07\/radar-trabalhista.jpeg","datePublished":"2021-08-31T11:17:40+00:00","breadcrumb":{"@id":"https:\/\/seconci.com.br\/site\/2021\/08\/31\/radar-trabalhista-brasil-se-aproxima-de-2-mi-de-empregos-formais-em-2021\/#breadcrumb"},"inLanguage":"pt-PT","potentialAction":[{"@type":"ReadAction","target":["https:\/\/seconci.com.br\/site\/2021\/08\/31\/radar-trabalhista-brasil-se-aproxima-de-2-mi-de-empregos-formais-em-2021\/"]}]},{"@type":"ImageObject","inLanguage":"pt-PT","@id":"https:\/\/seconci.com.br\/site\/2021\/08\/31\/radar-trabalhista-brasil-se-aproxima-de-2-mi-de-empregos-formais-em-2021\/#primaryimage","url":"https:\/\/seconci.com.br\/site\/wp-content\/uploads\/2021\/07\/radar-trabalhista.jpeg","contentUrl":"https:\/\/seconci.com.br\/site\/wp-content\/uploads\/2021\/07\/radar-trabalhista.jpeg","width":1280,"height":555},{"@type":"BreadcrumbList","@id":"https:\/\/seconci.com.br\/site\/2021\/08\/31\/radar-trabalhista-brasil-se-aproxima-de-2-mi-de-empregos-formais-em-2021\/#breadcrumb","itemListElement":[{"@type":"ListItem","position":1,"name":"In\u00edcio","item":"https:\/\/seconci.com.br\/site\/"},{"@type":"ListItem","position":2,"name":"Radar Trabalhista: Brasil se aproxima de 2 mi de empregos formais em 2021"}]},{"@type":"WebSite","@id":"https:\/\/seconci.com.br\/site\/#website","url":"https:\/\/seconci.com.br\/site\/","name":"Seconci Brasil","description":"","publisher":{"@id":"https:\/\/seconci.com.br\/site\/#organization"},"potentialAction":[{"@type":"SearchAction","target":{"@type":"EntryPoint","urlTemplate":"https:\/\/seconci.com.br\/site\/?s={search_term_string}"},"query-input":{"@type":"PropertyValueSpecification","valueRequired":true,"valueName":"search_term_string"}}],"inLanguage":"pt-PT"},{"@type":"Organization","@id":"https:\/\/seconci.com.br\/site\/#organization","name":"Seconci Brasil","url":"https:\/\/seconci.com.br\/site\/","logo":{"@type":"ImageObject","inLanguage":"pt-PT","@id":"https:\/\/seconci.com.br\/site\/#\/schema\/logo\/image\/","url":"https:\/\/seconci.com.br\/site\/wp-content\/uploads\/2024\/08\/Logo-Seconci-Brasil-branca-2.png","contentUrl":"https:\/\/seconci.com.br\/site\/wp-content\/uploads\/2024\/08\/Logo-Seconci-Brasil-branca-2.png","width":1315,"height":598,"caption":"Seconci Brasil"},"image":{"@id":"https:\/\/seconci.com.br\/site\/#\/schema\/logo\/image\/"}},{"@type":"Person","@id":"https:\/\/seconci.com.br\/site\/#\/schema\/person\/1d79afd97ddc8f2c68c1e88e298aa8e2","name":"Sidney Rocha","description":"Comunicador e estagi\u00e1rio do Seconci Brasil.","url":"https:\/\/seconci.com.br\/site\/author\/sidney-rocha\/"}]}},"_links":{"self":[{"href":"https:\/\/seconci.com.br\/site\/wp-json\/wp\/v2\/posts\/11083","targetHints":{"allow":["GET"]}}],"collection":[{"href":"https:\/\/seconci.com.br\/site\/wp-json\/wp\/v2\/posts"}],"about":[{"href":"https:\/\/seconci.com.br\/site\/wp-json\/wp\/v2\/types\/post"}],"author":[{"embeddable":true,"href":"https:\/\/seconci.com.br\/site\/wp-json\/wp\/v2\/users\/3"}],"replies":[{"embeddable":true,"href":"https:\/\/seconci.com.br\/site\/wp-json\/wp\/v2\/comments?post=11083"}],"version-history":[{"count":0,"href":"https:\/\/seconci.com.br\/site\/wp-json\/wp\/v2\/posts\/11083\/revisions"}],"wp:featuredmedia":[{"embeddable":true,"href":"https:\/\/seconci.com.br\/site\/wp-json\/wp\/v2\/media\/10897"}],"wp:attachment":[{"href":"https:\/\/seconci.com.br\/site\/wp-json\/wp\/v2\/media?parent=11083"}],"wp:term":[{"taxonomy":"category","embeddable":true,"href":"https:\/\/seconci.com.br\/site\/wp-json\/wp\/v2\/categories?post=11083"},{"taxonomy":"post_tag","embeddable":true,"href":"https:\/\/seconci.com.br\/site\/wp-json\/wp\/v2\/tags?post=11083"}],"curies":[{"name":"wp","href":"https:\/\/api.w.org\/{rel}","templated":true}]}}