{"id":11088,"date":"2021-09-02T13:41:43","date_gmt":"2021-09-02T13:41:43","guid":{"rendered":"https:\/\/seconci.com.br\/site\/?p=11088"},"modified":"2021-09-02T13:41:43","modified_gmt":"2021-09-02T13:41:43","slug":"setembro-amarelo-risco-de-suicidio-aumenta-em-tempos-de-covid-19","status":"publish","type":"post","link":"https:\/\/seconci.com.br\/site\/2021\/09\/02\/setembro-amarelo-risco-de-suicidio-aumenta-em-tempos-de-covid-19\/","title":{"rendered":"Setembro Amarelo: risco de suic\u00eddio aumenta em tempos de Covid-19"},"content":{"rendered":"<p>Isolamento social prolongado, medo do desemprego e de contrair a doen\u00e7a s\u00e3o gatilhos para as pessoas que sofrem de depress\u00e3o e t\u00eam pensamentos de morte, destaca o Servi\u00e7o Social da Constru\u00e7\u00e3o Civil do Estado de S\u00e3o Paulo (Seconci-SP)<em>.\u00a0<\/em>Segundo a Organiza\u00e7\u00e3o Mundial da Sa\u00fade (OMS), todos os anos mais pessoas morrem como resultado de suic\u00eddio do que de HIV, mal\u00e1ria ou c\u00e2ncer de mama.\u00a0Por ocasi\u00e3o da campanha do\u00a0<strong>Setembro Amarelo<\/strong>\u00a0e do\u00a0<strong>Dia Mundial de Preven\u00e7\u00e3o ao Suic\u00eddio<\/strong>\u00a0(10\/9), a psiquiatra do Seconci-SP, dra. Amara Alice Darros, alerta sobre o agravamento dos riscos em tempos de pandemia.<\/p>\n<p>\u201cO isolamento social prolongado, o medo de contrair a doen\u00e7a, perdas familiares, crises conjugais e as quest\u00f5es socioecon\u00f4micas advindas dessa pandemia mundial s\u00e3o gatilhos que podem levar uma pessoa, que sofre de depress\u00e3o e ansiedade, a ver o suic\u00eddio como \u00fanica solu\u00e7\u00e3o para se livrar de todo esse sofrimento. E h\u00e1 aqueles casos tamb\u00e9m de pessoas que passaram a apresentar quadros de depress\u00e3o e p\u00e2nico, em decorr\u00eancia desse cen\u00e1rio de pandemia\u201d, afirma dra. Amara.<\/p>\n<p>Infelizmente, ainda h\u00e1 um estigma em se falar sobre esse assunto, que \u00e9 recoberto de preconceito, assim como a ida ao psiquiatra, considerado \u201cm\u00e9dico de louco\u201d. \u201cA triste consequ\u00eancia \u00e9 que muitas pessoas sofrem de problemas de sa\u00fade mental e ficam sem o tratamento adequado por isso. Este \u00e9 um tema delicado e n\u00e3o se deve julgar ou criticar e sim acolher e orientar a pessoa a procurar ajuda especializada\u201d.<\/p>\n<p>A dra. Amara destaca que \u00e9 preciso falar abertamente sobre o suic\u00eddio, visando conscientizar a popula\u00e7\u00e3o e assim conseguir reduzir os \u00edndices. Para se ter ideia, esta \u00e9 a segunda causa de morte entre os jovens de 15 a 29 anos, ficando atr\u00e1s apenas dos acidentes de tr\u00e2nsito.<\/p>\n<p>Outro mito \u00e9 o de que o paciente ficar\u00e1 dependente das medica\u00e7\u00f5es. \u201cEstamos falando de um tratamento como qualquer outro e, o mais importante, assim como ocorre em casos de diabetes e hipertens\u00e3o, a pessoa n\u00e3o pode suspender a medica\u00e7\u00e3o por conta pr\u00f3pria. S\u00f3 o m\u00e9dico poder\u00e1 avaliar quando \u00e9 o momento de fazer uma retirada progressiva dos medicamentos\u201d, orienta.<\/p>\n<p>A psiquiatra ressalta que as pessoas n\u00e3o s\u00e3o culpadas de ter esses pensamentos de morte. \u201cTrata-se de uma disfun\u00e7\u00e3o neuroqu\u00edmica, um processo inflamat\u00f3rio do sistema nervoso central, que leva a uma disfun\u00e7\u00e3o hormonal, podendo estar associado \u00e0 hist\u00f3ria familiar e \u00e0 mem\u00f3ria gen\u00e9tica\u201d.<\/p>\n<p>A especialista lembra que o Seconci-SP conta com equipe m\u00e9dica preparada para atender esses pacientes. \u201cTemos tamb\u00e9m dois grupos de apoio, composto por equipe multidisciplinar, um voltado para dependentes qu\u00edmicos e outro para pessoas que sofrem de ansiedade e depress\u00e3o. Essa intera\u00e7\u00e3o entre os participantes \u00e9 muito rica e traz formas de lidar melhor com esses problemas\u201d.<\/p>\n<p>Por\u00e9m diante de uma situa\u00e7\u00e3o cr\u00edtica e emergencial, a recomenda\u00e7\u00e3o \u00e9 se dirigir a um pronto-socorro, que disponha de psiquiatra ou ligar para o Centro de Valoriza\u00e7\u00e3o da Vida (CVV), no n\u00famero 188.<\/p>\n<p><em>(Com informa\u00e7\u00f5es do Seconci-SP. Imagem: Gntech)<\/em><span id=\"more-69094\"><\/span><\/p>\n","protected":false},"excerpt":{"rendered":"<p>Isolamento social prolongado, medo do desemprego e de contrair a doen\u00e7a s\u00e3o gatilhos para as pessoas que sofrem de depress\u00e3o e t\u00eam pensamentos de morte, destaca o Servi\u00e7o Social da Constru\u00e7\u00e3o Civil do Estado de S\u00e3o Paulo (Seconci-SP).\u00a0Segundo a Organiza\u00e7\u00e3o Mundial da Sa\u00fade (OMS), todos os anos mais pessoas morrem como resultado de suic\u00eddio do [&hellip;]<\/p>\n","protected":false},"author":3,"featured_media":11089,"comment_status":"closed","ping_status":"closed","sticky":false,"template":"","format":"standard","meta":{"footnotes":""},"categories":[87],"tags":[],"class_list":["post-11088","post","type-post","status-publish","format-standard","has-post-thumbnail","hentry","category-seconci-sao-paulo"],"yoast_head":"<!-- This site is optimized with the Yoast SEO plugin v26.9 - https:\/\/yoast.com\/product\/yoast-seo-wordpress\/ -->\n<title>Setembro Amarelo: risco de suic\u00eddio aumenta em tempos de Covid-19 - Seconci Brasil<\/title>\n<meta name=\"robots\" content=\"index, follow, max-snippet:-1, max-image-preview:large, max-video-preview:-1\" \/>\n<link rel=\"canonical\" href=\"https:\/\/seconci.com.br\/site\/2021\/09\/02\/setembro-amarelo-risco-de-suicidio-aumenta-em-tempos-de-covid-19\/\" \/>\n<meta property=\"og:locale\" content=\"pt_PT\" \/>\n<meta property=\"og:type\" content=\"article\" \/>\n<meta property=\"og:title\" content=\"Setembro Amarelo: risco de suic\u00eddio aumenta em tempos de Covid-19 - Seconci Brasil\" \/>\n<meta property=\"og:description\" content=\"Isolamento social prolongado, medo do desemprego e de contrair a doen\u00e7a s\u00e3o gatilhos para as pessoas que sofrem de depress\u00e3o e t\u00eam pensamentos de morte, destaca o Servi\u00e7o Social da Constru\u00e7\u00e3o Civil do Estado de S\u00e3o Paulo (Seconci-SP).\u00a0Segundo a Organiza\u00e7\u00e3o Mundial da Sa\u00fade (OMS), todos os anos mais pessoas morrem como resultado de suic\u00eddio do [&hellip;]\" \/>\n<meta property=\"og:url\" content=\"https:\/\/seconci.com.br\/site\/2021\/09\/02\/setembro-amarelo-risco-de-suicidio-aumenta-em-tempos-de-covid-19\/\" \/>\n<meta property=\"og:site_name\" content=\"Seconci Brasil\" \/>\n<meta property=\"article:published_time\" content=\"2021-09-02T13:41:43+00:00\" \/>\n<meta property=\"og:image\" content=\"https:\/\/seconci.com.br\/site\/wp-content\/uploads\/2021\/09\/whatsapp-image-2021-09-01-at-103916.jpeg\" \/>\n\t<meta property=\"og:image:width\" content=\"902\" \/>\n\t<meta property=\"og:image:height\" content=\"600\" \/>\n\t<meta property=\"og:image:type\" content=\"image\/jpeg\" \/>\n<meta name=\"author\" content=\"Sidney Rocha\" \/>\n<meta name=\"twitter:card\" content=\"summary_large_image\" \/>\n<meta name=\"twitter:label1\" content=\"Escrito por\" \/>\n\t<meta name=\"twitter:data1\" content=\"Sidney Rocha\" \/>\n\t<meta name=\"twitter:label2\" content=\"Tempo estimado de leitura\" \/>\n\t<meta name=\"twitter:data2\" content=\"3 minutos\" \/>\n<script type=\"application\/ld+json\" class=\"yoast-schema-graph\">{\"@context\":\"https:\/\/schema.org\",\"@graph\":[{\"@type\":\"Article\",\"@id\":\"https:\/\/seconci.com.br\/site\/2021\/09\/02\/setembro-amarelo-risco-de-suicidio-aumenta-em-tempos-de-covid-19\/#article\",\"isPartOf\":{\"@id\":\"https:\/\/seconci.com.br\/site\/2021\/09\/02\/setembro-amarelo-risco-de-suicidio-aumenta-em-tempos-de-covid-19\/\"},\"author\":{\"name\":\"Sidney Rocha\",\"@id\":\"https:\/\/seconci.com.br\/site\/#\/schema\/person\/1d79afd97ddc8f2c68c1e88e298aa8e2\"},\"headline\":\"Setembro Amarelo: risco de suic\u00eddio aumenta em tempos de Covid-19\",\"datePublished\":\"2021-09-02T13:41:43+00:00\",\"mainEntityOfPage\":{\"@id\":\"https:\/\/seconci.com.br\/site\/2021\/09\/02\/setembro-amarelo-risco-de-suicidio-aumenta-em-tempos-de-covid-19\/\"},\"wordCount\":547,\"publisher\":{\"@id\":\"https:\/\/seconci.com.br\/site\/#organization\"},\"image\":{\"@id\":\"https:\/\/seconci.com.br\/site\/2021\/09\/02\/setembro-amarelo-risco-de-suicidio-aumenta-em-tempos-de-covid-19\/#primaryimage\"},\"thumbnailUrl\":\"https:\/\/seconci.com.br\/site\/wp-content\/uploads\/2021\/09\/whatsapp-image-2021-09-01-at-103916.jpeg\",\"articleSection\":[\"Seconci S\u00e3o Paulo\"],\"inLanguage\":\"pt-PT\"},{\"@type\":\"WebPage\",\"@id\":\"https:\/\/seconci.com.br\/site\/2021\/09\/02\/setembro-amarelo-risco-de-suicidio-aumenta-em-tempos-de-covid-19\/\",\"url\":\"https:\/\/seconci.com.br\/site\/2021\/09\/02\/setembro-amarelo-risco-de-suicidio-aumenta-em-tempos-de-covid-19\/\",\"name\":\"Setembro Amarelo: risco de suic\u00eddio aumenta em tempos de Covid-19 - Seconci Brasil\",\"isPartOf\":{\"@id\":\"https:\/\/seconci.com.br\/site\/#website\"},\"primaryImageOfPage\":{\"@id\":\"https:\/\/seconci.com.br\/site\/2021\/09\/02\/setembro-amarelo-risco-de-suicidio-aumenta-em-tempos-de-covid-19\/#primaryimage\"},\"image\":{\"@id\":\"https:\/\/seconci.com.br\/site\/2021\/09\/02\/setembro-amarelo-risco-de-suicidio-aumenta-em-tempos-de-covid-19\/#primaryimage\"},\"thumbnailUrl\":\"https:\/\/seconci.com.br\/site\/wp-content\/uploads\/2021\/09\/whatsapp-image-2021-09-01-at-103916.jpeg\",\"datePublished\":\"2021-09-02T13:41:43+00:00\",\"breadcrumb\":{\"@id\":\"https:\/\/seconci.com.br\/site\/2021\/09\/02\/setembro-amarelo-risco-de-suicidio-aumenta-em-tempos-de-covid-19\/#breadcrumb\"},\"inLanguage\":\"pt-PT\",\"potentialAction\":[{\"@type\":\"ReadAction\",\"target\":[\"https:\/\/seconci.com.br\/site\/2021\/09\/02\/setembro-amarelo-risco-de-suicidio-aumenta-em-tempos-de-covid-19\/\"]}]},{\"@type\":\"ImageObject\",\"inLanguage\":\"pt-PT\",\"@id\":\"https:\/\/seconci.com.br\/site\/2021\/09\/02\/setembro-amarelo-risco-de-suicidio-aumenta-em-tempos-de-covid-19\/#primaryimage\",\"url\":\"https:\/\/seconci.com.br\/site\/wp-content\/uploads\/2021\/09\/whatsapp-image-2021-09-01-at-103916.jpeg\",\"contentUrl\":\"https:\/\/seconci.com.br\/site\/wp-content\/uploads\/2021\/09\/whatsapp-image-2021-09-01-at-103916.jpeg\",\"width\":902,\"height\":600},{\"@type\":\"BreadcrumbList\",\"@id\":\"https:\/\/seconci.com.br\/site\/2021\/09\/02\/setembro-amarelo-risco-de-suicidio-aumenta-em-tempos-de-covid-19\/#breadcrumb\",\"itemListElement\":[{\"@type\":\"ListItem\",\"position\":1,\"name\":\"In\u00edcio\",\"item\":\"https:\/\/seconci.com.br\/site\/\"},{\"@type\":\"ListItem\",\"position\":2,\"name\":\"Setembro Amarelo: risco de suic\u00eddio aumenta em tempos de Covid-19\"}]},{\"@type\":\"WebSite\",\"@id\":\"https:\/\/seconci.com.br\/site\/#website\",\"url\":\"https:\/\/seconci.com.br\/site\/\",\"name\":\"Seconci Brasil\",\"description\":\"\",\"publisher\":{\"@id\":\"https:\/\/seconci.com.br\/site\/#organization\"},\"potentialAction\":[{\"@type\":\"SearchAction\",\"target\":{\"@type\":\"EntryPoint\",\"urlTemplate\":\"https:\/\/seconci.com.br\/site\/?s={search_term_string}\"},\"query-input\":{\"@type\":\"PropertyValueSpecification\",\"valueRequired\":true,\"valueName\":\"search_term_string\"}}],\"inLanguage\":\"pt-PT\"},{\"@type\":\"Organization\",\"@id\":\"https:\/\/seconci.com.br\/site\/#organization\",\"name\":\"Seconci Brasil\",\"url\":\"https:\/\/seconci.com.br\/site\/\",\"logo\":{\"@type\":\"ImageObject\",\"inLanguage\":\"pt-PT\",\"@id\":\"https:\/\/seconci.com.br\/site\/#\/schema\/logo\/image\/\",\"url\":\"https:\/\/seconci.com.br\/site\/wp-content\/uploads\/2024\/08\/Logo-Seconci-Brasil-branca-2.png\",\"contentUrl\":\"https:\/\/seconci.com.br\/site\/wp-content\/uploads\/2024\/08\/Logo-Seconci-Brasil-branca-2.png\",\"width\":1315,\"height\":598,\"caption\":\"Seconci Brasil\"},\"image\":{\"@id\":\"https:\/\/seconci.com.br\/site\/#\/schema\/logo\/image\/\"}},{\"@type\":\"Person\",\"@id\":\"https:\/\/seconci.com.br\/site\/#\/schema\/person\/1d79afd97ddc8f2c68c1e88e298aa8e2\",\"name\":\"Sidney Rocha\",\"description\":\"Comunicador e estagi\u00e1rio do Seconci Brasil.\",\"url\":\"https:\/\/seconci.com.br\/site\/author\/sidney-rocha\/\"}]}<\/script>\n<!-- \/ Yoast SEO plugin. -->","yoast_head_json":{"title":"Setembro Amarelo: risco de suic\u00eddio aumenta em tempos de Covid-19 - Seconci Brasil","robots":{"index":"index","follow":"follow","max-snippet":"max-snippet:-1","max-image-preview":"max-image-preview:large","max-video-preview":"max-video-preview:-1"},"canonical":"https:\/\/seconci.com.br\/site\/2021\/09\/02\/setembro-amarelo-risco-de-suicidio-aumenta-em-tempos-de-covid-19\/","og_locale":"pt_PT","og_type":"article","og_title":"Setembro Amarelo: risco de suic\u00eddio aumenta em tempos de Covid-19 - Seconci Brasil","og_description":"Isolamento social prolongado, medo do desemprego e de contrair a doen\u00e7a s\u00e3o gatilhos para as pessoas que sofrem de depress\u00e3o e t\u00eam pensamentos de morte, destaca o Servi\u00e7o Social da Constru\u00e7\u00e3o Civil do Estado de S\u00e3o Paulo (Seconci-SP).\u00a0Segundo a Organiza\u00e7\u00e3o Mundial da Sa\u00fade (OMS), todos os anos mais pessoas morrem como resultado de suic\u00eddio do [&hellip;]","og_url":"https:\/\/seconci.com.br\/site\/2021\/09\/02\/setembro-amarelo-risco-de-suicidio-aumenta-em-tempos-de-covid-19\/","og_site_name":"Seconci Brasil","article_published_time":"2021-09-02T13:41:43+00:00","og_image":[{"width":902,"height":600,"url":"https:\/\/seconci.com.br\/site\/wp-content\/uploads\/2021\/09\/whatsapp-image-2021-09-01-at-103916.jpeg","type":"image\/jpeg"}],"author":"Sidney Rocha","twitter_card":"summary_large_image","twitter_misc":{"Escrito por":"Sidney Rocha","Tempo estimado de leitura":"3 minutos"},"schema":{"@context":"https:\/\/schema.org","@graph":[{"@type":"Article","@id":"https:\/\/seconci.com.br\/site\/2021\/09\/02\/setembro-amarelo-risco-de-suicidio-aumenta-em-tempos-de-covid-19\/#article","isPartOf":{"@id":"https:\/\/seconci.com.br\/site\/2021\/09\/02\/setembro-amarelo-risco-de-suicidio-aumenta-em-tempos-de-covid-19\/"},"author":{"name":"Sidney Rocha","@id":"https:\/\/seconci.com.br\/site\/#\/schema\/person\/1d79afd97ddc8f2c68c1e88e298aa8e2"},"headline":"Setembro Amarelo: risco de suic\u00eddio aumenta em tempos de Covid-19","datePublished":"2021-09-02T13:41:43+00:00","mainEntityOfPage":{"@id":"https:\/\/seconci.com.br\/site\/2021\/09\/02\/setembro-amarelo-risco-de-suicidio-aumenta-em-tempos-de-covid-19\/"},"wordCount":547,"publisher":{"@id":"https:\/\/seconci.com.br\/site\/#organization"},"image":{"@id":"https:\/\/seconci.com.br\/site\/2021\/09\/02\/setembro-amarelo-risco-de-suicidio-aumenta-em-tempos-de-covid-19\/#primaryimage"},"thumbnailUrl":"https:\/\/seconci.com.br\/site\/wp-content\/uploads\/2021\/09\/whatsapp-image-2021-09-01-at-103916.jpeg","articleSection":["Seconci S\u00e3o Paulo"],"inLanguage":"pt-PT"},{"@type":"WebPage","@id":"https:\/\/seconci.com.br\/site\/2021\/09\/02\/setembro-amarelo-risco-de-suicidio-aumenta-em-tempos-de-covid-19\/","url":"https:\/\/seconci.com.br\/site\/2021\/09\/02\/setembro-amarelo-risco-de-suicidio-aumenta-em-tempos-de-covid-19\/","name":"Setembro Amarelo: risco de suic\u00eddio aumenta em tempos de Covid-19 - Seconci Brasil","isPartOf":{"@id":"https:\/\/seconci.com.br\/site\/#website"},"primaryImageOfPage":{"@id":"https:\/\/seconci.com.br\/site\/2021\/09\/02\/setembro-amarelo-risco-de-suicidio-aumenta-em-tempos-de-covid-19\/#primaryimage"},"image":{"@id":"https:\/\/seconci.com.br\/site\/2021\/09\/02\/setembro-amarelo-risco-de-suicidio-aumenta-em-tempos-de-covid-19\/#primaryimage"},"thumbnailUrl":"https:\/\/seconci.com.br\/site\/wp-content\/uploads\/2021\/09\/whatsapp-image-2021-09-01-at-103916.jpeg","datePublished":"2021-09-02T13:41:43+00:00","breadcrumb":{"@id":"https:\/\/seconci.com.br\/site\/2021\/09\/02\/setembro-amarelo-risco-de-suicidio-aumenta-em-tempos-de-covid-19\/#breadcrumb"},"inLanguage":"pt-PT","potentialAction":[{"@type":"ReadAction","target":["https:\/\/seconci.com.br\/site\/2021\/09\/02\/setembro-amarelo-risco-de-suicidio-aumenta-em-tempos-de-covid-19\/"]}]},{"@type":"ImageObject","inLanguage":"pt-PT","@id":"https:\/\/seconci.com.br\/site\/2021\/09\/02\/setembro-amarelo-risco-de-suicidio-aumenta-em-tempos-de-covid-19\/#primaryimage","url":"https:\/\/seconci.com.br\/site\/wp-content\/uploads\/2021\/09\/whatsapp-image-2021-09-01-at-103916.jpeg","contentUrl":"https:\/\/seconci.com.br\/site\/wp-content\/uploads\/2021\/09\/whatsapp-image-2021-09-01-at-103916.jpeg","width":902,"height":600},{"@type":"BreadcrumbList","@id":"https:\/\/seconci.com.br\/site\/2021\/09\/02\/setembro-amarelo-risco-de-suicidio-aumenta-em-tempos-de-covid-19\/#breadcrumb","itemListElement":[{"@type":"ListItem","position":1,"name":"In\u00edcio","item":"https:\/\/seconci.com.br\/site\/"},{"@type":"ListItem","position":2,"name":"Setembro Amarelo: risco de suic\u00eddio aumenta em tempos de Covid-19"}]},{"@type":"WebSite","@id":"https:\/\/seconci.com.br\/site\/#website","url":"https:\/\/seconci.com.br\/site\/","name":"Seconci Brasil","description":"","publisher":{"@id":"https:\/\/seconci.com.br\/site\/#organization"},"potentialAction":[{"@type":"SearchAction","target":{"@type":"EntryPoint","urlTemplate":"https:\/\/seconci.com.br\/site\/?s={search_term_string}"},"query-input":{"@type":"PropertyValueSpecification","valueRequired":true,"valueName":"search_term_string"}}],"inLanguage":"pt-PT"},{"@type":"Organization","@id":"https:\/\/seconci.com.br\/site\/#organization","name":"Seconci Brasil","url":"https:\/\/seconci.com.br\/site\/","logo":{"@type":"ImageObject","inLanguage":"pt-PT","@id":"https:\/\/seconci.com.br\/site\/#\/schema\/logo\/image\/","url":"https:\/\/seconci.com.br\/site\/wp-content\/uploads\/2024\/08\/Logo-Seconci-Brasil-branca-2.png","contentUrl":"https:\/\/seconci.com.br\/site\/wp-content\/uploads\/2024\/08\/Logo-Seconci-Brasil-branca-2.png","width":1315,"height":598,"caption":"Seconci Brasil"},"image":{"@id":"https:\/\/seconci.com.br\/site\/#\/schema\/logo\/image\/"}},{"@type":"Person","@id":"https:\/\/seconci.com.br\/site\/#\/schema\/person\/1d79afd97ddc8f2c68c1e88e298aa8e2","name":"Sidney Rocha","description":"Comunicador e estagi\u00e1rio do Seconci Brasil.","url":"https:\/\/seconci.com.br\/site\/author\/sidney-rocha\/"}]}},"_links":{"self":[{"href":"https:\/\/seconci.com.br\/site\/wp-json\/wp\/v2\/posts\/11088","targetHints":{"allow":["GET"]}}],"collection":[{"href":"https:\/\/seconci.com.br\/site\/wp-json\/wp\/v2\/posts"}],"about":[{"href":"https:\/\/seconci.com.br\/site\/wp-json\/wp\/v2\/types\/post"}],"author":[{"embeddable":true,"href":"https:\/\/seconci.com.br\/site\/wp-json\/wp\/v2\/users\/3"}],"replies":[{"embeddable":true,"href":"https:\/\/seconci.com.br\/site\/wp-json\/wp\/v2\/comments?post=11088"}],"version-history":[{"count":0,"href":"https:\/\/seconci.com.br\/site\/wp-json\/wp\/v2\/posts\/11088\/revisions"}],"wp:featuredmedia":[{"embeddable":true,"href":"https:\/\/seconci.com.br\/site\/wp-json\/wp\/v2\/media\/11089"}],"wp:attachment":[{"href":"https:\/\/seconci.com.br\/site\/wp-json\/wp\/v2\/media?parent=11088"}],"wp:term":[{"taxonomy":"category","embeddable":true,"href":"https:\/\/seconci.com.br\/site\/wp-json\/wp\/v2\/categories?post=11088"},{"taxonomy":"post_tag","embeddable":true,"href":"https:\/\/seconci.com.br\/site\/wp-json\/wp\/v2\/tags?post=11088"}],"curies":[{"name":"wp","href":"https:\/\/api.w.org\/{rel}","templated":true}]}}