{"id":11091,"date":"2021-09-02T13:44:11","date_gmt":"2021-09-02T13:44:11","guid":{"rendered":"https:\/\/seconci.com.br\/site\/?p=11091"},"modified":"2021-09-02T13:44:39","modified_gmt":"2021-09-02T13:44:39","slug":"conheca-os-trabalhadores-do-setor-da-construcao-sorteados-no-dncs-2021","status":"publish","type":"post","link":"https:\/\/seconci.com.br\/site\/2021\/09\/02\/conheca-os-trabalhadores-do-setor-da-construcao-sorteados-no-dncs-2021\/","title":{"rendered":"Conhe\u00e7a os trabalhadores do setor da constru\u00e7\u00e3o sorteados no DNCS 2021"},"content":{"rendered":"<p>Ap\u00f3s a emocionante festa virtual realizada para os trabalhadores da ind\u00fastria da constru\u00e7\u00e3o e seus familiares, durante a edi\u00e7\u00e3o 2021 do\u00a0<strong>Dia Nacional da Constru\u00e7\u00e3o Social (DNCS)<\/strong>, no dia 21 de agosto, agora \u00e9 a vez de conferir os sorteados de cada uma das cinco regi\u00f5es do pa\u00eds e seus pr\u00eamios. Para a entrega e registro nos pr\u00f3ximos dias, a C\u00e2mara Brasileira da Ind\u00fastria da Constru\u00e7\u00e3o (CBIC) contar\u00e1 com o apoio das entidades associadas de cada localidade. Confira!<\/p>\n<p><img decoding=\"async\" class=\"aligncenter wp-image-69134 size-full\" src=\"https:\/\/cbic.org.br\/wp-content\/uploads\/2021\/09\/wide-nordeste.png\" alt=\"\" \/><\/p>\n<p><img decoding=\"async\" class=\"aligncenter wp-image-69135 size-full\" src=\"https:\/\/cbic.org.br\/wp-content\/uploads\/2021\/09\/wide-norte.png\" alt=\"\" \/><\/p>\n<p><img decoding=\"async\" class=\"aligncenter wp-image-69137 size-full\" src=\"https:\/\/cbic.org.br\/wp-content\/uploads\/2021\/09\/wide-sudeste.png\" alt=\"\" \/><\/p>\n<p><img decoding=\"async\" class=\"aligncenter wp-image-69138 size-full\" src=\"https:\/\/cbic.org.br\/wp-content\/uploads\/2021\/09\/wide-centro-oeste.png\" alt=\"\" \/><\/p>\n<p><img decoding=\"async\" class=\"aligncenter wp-image-69136 size-full\" src=\"https:\/\/cbic.org.br\/wp-content\/uploads\/2021\/09\/wide-sul.png\" alt=\"\" \/><\/p>\n<p>A homenagem aos trabalhadores, realizada regionalmente pelos vice-presidentes\u00a0<strong>F\u00e1bio Ribeiro Nahuz<\/strong>\u00a0(Regi\u00e3o Nordeste),\u00a0<strong>Alex Carvalho (<\/strong>Regi\u00e3o Norte),\u00a0<strong>Arist\u00f3teles Passos Costa Neto<\/strong><strong>\u00a0<\/strong><strong>(<\/strong>Regi\u00e3o Sudeste),\u00a0<strong>Renato de Sousa Correia<\/strong>\u00a0(Regi\u00e3o Centro-Oeste) e\u00a0<strong>Marco Antonio Corsini<\/strong>\u00a0(Regi\u00e3o Sul) da CBIC, contou com um animado show do cantor\u00a0<strong>Michel Tel\u00f3<\/strong>\u00a0e foi apresentado pela atriz e humorista\u00a0<strong>Maria Paula<\/strong>\u00a0(Casseta e Planeta).<\/p>\n<p>Realizada pela C\u00e2mara Brasileira da Ind\u00fastria da Constru\u00e7\u00e3o (GBIC), por meio da sua Comiss\u00e3o de Responsabilidade Social (CRS), o projeto\u00a0<strong>Dia Nacional da Constru\u00e7\u00e3o Social\u00a0<\/strong>conta com a correaliza\u00e7\u00e3o do Servi\u00e7o Social da Ind\u00fastria (Sesi Nacional).<\/p>\n<p>Apoiaram a edi\u00e7\u00e3o 2021 o Seconci Brasil e todos os sindicatos e associa\u00e7\u00f5es parceiras da CBIC, especialmente o Sinduscon-Rio, Sinduscon-MG, Sinduscon Blumenau, Sinduscon-PA, Ademi-AL, Guerdau e a Ecovita Incorporadora e Construtora, que se envolveram na compra e envio de pr\u00eamios.<\/p>\n<p><em>Fonte: Ag\u00eancia CBIC<\/em><\/p>\n","protected":false},"excerpt":{"rendered":"<p>Ap\u00f3s a emocionante festa virtual realizada para os trabalhadores da ind\u00fastria da constru\u00e7\u00e3o e seus familiares, durante a edi\u00e7\u00e3o 2021 do\u00a0Dia Nacional da Constru\u00e7\u00e3o Social (DNCS), no dia 21 de agosto, agora \u00e9 a vez de conferir os sorteados de cada uma das cinco regi\u00f5es do pa\u00eds e seus pr\u00eamios. Para a entrega e registro [&hellip;]<\/p>\n","protected":false},"author":3,"featured_media":11092,"comment_status":"closed","ping_status":"closed","sticky":false,"template":"","format":"standard","meta":{"footnotes":""},"categories":[92],"tags":[],"class_list":["post-11091","post","type-post","status-publish","format-standard","has-post-thumbnail","hentry","category-seconci-brasil"],"yoast_head":"<!-- This site is optimized with the Yoast SEO plugin v26.9 - https:\/\/yoast.com\/product\/yoast-seo-wordpress\/ -->\n<title>Conhe\u00e7a os trabalhadores do setor da constru\u00e7\u00e3o sorteados no DNCS 2021 - Seconci Brasil<\/title>\n<meta name=\"robots\" content=\"index, follow, max-snippet:-1, max-image-preview:large, max-video-preview:-1\" \/>\n<link rel=\"canonical\" href=\"https:\/\/seconci.com.br\/site\/2021\/09\/02\/conheca-os-trabalhadores-do-setor-da-construcao-sorteados-no-dncs-2021\/\" \/>\n<meta property=\"og:locale\" content=\"pt_PT\" \/>\n<meta property=\"og:type\" content=\"article\" \/>\n<meta property=\"og:title\" content=\"Conhe\u00e7a os trabalhadores do setor da constru\u00e7\u00e3o sorteados no DNCS 2021 - Seconci Brasil\" \/>\n<meta property=\"og:description\" content=\"Ap\u00f3s a emocionante festa virtual realizada para os trabalhadores da ind\u00fastria da constru\u00e7\u00e3o e seus familiares, durante a edi\u00e7\u00e3o 2021 do\u00a0Dia Nacional da Constru\u00e7\u00e3o Social (DNCS), no dia 21 de agosto, agora \u00e9 a vez de conferir os sorteados de cada uma das cinco regi\u00f5es do pa\u00eds e seus pr\u00eamios. Para a entrega e registro [&hellip;]\" \/>\n<meta property=\"og:url\" content=\"https:\/\/seconci.com.br\/site\/2021\/09\/02\/conheca-os-trabalhadores-do-setor-da-construcao-sorteados-no-dncs-2021\/\" \/>\n<meta property=\"og:site_name\" content=\"Seconci Brasil\" \/>\n<meta property=\"article:published_time\" content=\"2021-09-02T13:44:11+00:00\" \/>\n<meta property=\"article:modified_time\" content=\"2021-09-02T13:44:39+00:00\" \/>\n<meta property=\"og:image\" content=\"https:\/\/seconci.com.br\/site\/wp-content\/uploads\/2021\/09\/whatsapp-image-2021-09-01-at-175421.jpeg\" \/>\n\t<meta property=\"og:image:width\" content=\"1080\" \/>\n\t<meta property=\"og:image:height\" content=\"607\" \/>\n\t<meta property=\"og:image:type\" content=\"image\/jpeg\" \/>\n<meta name=\"author\" content=\"Sidney Rocha\" \/>\n<meta name=\"twitter:card\" content=\"summary_large_image\" \/>\n<meta name=\"twitter:label1\" content=\"Escrito por\" \/>\n\t<meta name=\"twitter:data1\" content=\"Sidney Rocha\" \/>\n\t<meta name=\"twitter:label2\" content=\"Tempo estimado de leitura\" \/>\n\t<meta name=\"twitter:data2\" content=\"1 minuto\" \/>\n<script type=\"application\/ld+json\" class=\"yoast-schema-graph\">{\"@context\":\"https:\/\/schema.org\",\"@graph\":[{\"@type\":\"Article\",\"@id\":\"https:\/\/seconci.com.br\/site\/2021\/09\/02\/conheca-os-trabalhadores-do-setor-da-construcao-sorteados-no-dncs-2021\/#article\",\"isPartOf\":{\"@id\":\"https:\/\/seconci.com.br\/site\/2021\/09\/02\/conheca-os-trabalhadores-do-setor-da-construcao-sorteados-no-dncs-2021\/\"},\"author\":{\"name\":\"Sidney Rocha\",\"@id\":\"https:\/\/seconci.com.br\/site\/#\/schema\/person\/1d79afd97ddc8f2c68c1e88e298aa8e2\"},\"headline\":\"Conhe\u00e7a os trabalhadores do setor da constru\u00e7\u00e3o sorteados no DNCS 2021\",\"datePublished\":\"2021-09-02T13:44:11+00:00\",\"dateModified\":\"2021-09-02T13:44:39+00:00\",\"mainEntityOfPage\":{\"@id\":\"https:\/\/seconci.com.br\/site\/2021\/09\/02\/conheca-os-trabalhadores-do-setor-da-construcao-sorteados-no-dncs-2021\/\"},\"wordCount\":254,\"publisher\":{\"@id\":\"https:\/\/seconci.com.br\/site\/#organization\"},\"image\":{\"@id\":\"https:\/\/seconci.com.br\/site\/2021\/09\/02\/conheca-os-trabalhadores-do-setor-da-construcao-sorteados-no-dncs-2021\/#primaryimage\"},\"thumbnailUrl\":\"https:\/\/seconci.com.br\/site\/wp-content\/uploads\/2021\/09\/whatsapp-image-2021-09-01-at-175421.jpeg\",\"articleSection\":[\"Seconci Brasil\"],\"inLanguage\":\"pt-PT\"},{\"@type\":\"WebPage\",\"@id\":\"https:\/\/seconci.com.br\/site\/2021\/09\/02\/conheca-os-trabalhadores-do-setor-da-construcao-sorteados-no-dncs-2021\/\",\"url\":\"https:\/\/seconci.com.br\/site\/2021\/09\/02\/conheca-os-trabalhadores-do-setor-da-construcao-sorteados-no-dncs-2021\/\",\"name\":\"Conhe\u00e7a os trabalhadores do setor da constru\u00e7\u00e3o sorteados no DNCS 2021 - Seconci Brasil\",\"isPartOf\":{\"@id\":\"https:\/\/seconci.com.br\/site\/#website\"},\"primaryImageOfPage\":{\"@id\":\"https:\/\/seconci.com.br\/site\/2021\/09\/02\/conheca-os-trabalhadores-do-setor-da-construcao-sorteados-no-dncs-2021\/#primaryimage\"},\"image\":{\"@id\":\"https:\/\/seconci.com.br\/site\/2021\/09\/02\/conheca-os-trabalhadores-do-setor-da-construcao-sorteados-no-dncs-2021\/#primaryimage\"},\"thumbnailUrl\":\"https:\/\/seconci.com.br\/site\/wp-content\/uploads\/2021\/09\/whatsapp-image-2021-09-01-at-175421.jpeg\",\"datePublished\":\"2021-09-02T13:44:11+00:00\",\"dateModified\":\"2021-09-02T13:44:39+00:00\",\"breadcrumb\":{\"@id\":\"https:\/\/seconci.com.br\/site\/2021\/09\/02\/conheca-os-trabalhadores-do-setor-da-construcao-sorteados-no-dncs-2021\/#breadcrumb\"},\"inLanguage\":\"pt-PT\",\"potentialAction\":[{\"@type\":\"ReadAction\",\"target\":[\"https:\/\/seconci.com.br\/site\/2021\/09\/02\/conheca-os-trabalhadores-do-setor-da-construcao-sorteados-no-dncs-2021\/\"]}]},{\"@type\":\"ImageObject\",\"inLanguage\":\"pt-PT\",\"@id\":\"https:\/\/seconci.com.br\/site\/2021\/09\/02\/conheca-os-trabalhadores-do-setor-da-construcao-sorteados-no-dncs-2021\/#primaryimage\",\"url\":\"https:\/\/seconci.com.br\/site\/wp-content\/uploads\/2021\/09\/whatsapp-image-2021-09-01-at-175421.jpeg\",\"contentUrl\":\"https:\/\/seconci.com.br\/site\/wp-content\/uploads\/2021\/09\/whatsapp-image-2021-09-01-at-175421.jpeg\",\"width\":1080,\"height\":607},{\"@type\":\"BreadcrumbList\",\"@id\":\"https:\/\/seconci.com.br\/site\/2021\/09\/02\/conheca-os-trabalhadores-do-setor-da-construcao-sorteados-no-dncs-2021\/#breadcrumb\",\"itemListElement\":[{\"@type\":\"ListItem\",\"position\":1,\"name\":\"In\u00edcio\",\"item\":\"https:\/\/seconci.com.br\/site\/\"},{\"@type\":\"ListItem\",\"position\":2,\"name\":\"Conhe\u00e7a os trabalhadores do setor da constru\u00e7\u00e3o sorteados no DNCS 2021\"}]},{\"@type\":\"WebSite\",\"@id\":\"https:\/\/seconci.com.br\/site\/#website\",\"url\":\"https:\/\/seconci.com.br\/site\/\",\"name\":\"Seconci Brasil\",\"description\":\"\",\"publisher\":{\"@id\":\"https:\/\/seconci.com.br\/site\/#organization\"},\"potentialAction\":[{\"@type\":\"SearchAction\",\"target\":{\"@type\":\"EntryPoint\",\"urlTemplate\":\"https:\/\/seconci.com.br\/site\/?s={search_term_string}\"},\"query-input\":{\"@type\":\"PropertyValueSpecification\",\"valueRequired\":true,\"valueName\":\"search_term_string\"}}],\"inLanguage\":\"pt-PT\"},{\"@type\":\"Organization\",\"@id\":\"https:\/\/seconci.com.br\/site\/#organization\",\"name\":\"Seconci Brasil\",\"url\":\"https:\/\/seconci.com.br\/site\/\",\"logo\":{\"@type\":\"ImageObject\",\"inLanguage\":\"pt-PT\",\"@id\":\"https:\/\/seconci.com.br\/site\/#\/schema\/logo\/image\/\",\"url\":\"https:\/\/seconci.com.br\/site\/wp-content\/uploads\/2024\/08\/Logo-Seconci-Brasil-branca-2.png\",\"contentUrl\":\"https:\/\/seconci.com.br\/site\/wp-content\/uploads\/2024\/08\/Logo-Seconci-Brasil-branca-2.png\",\"width\":1315,\"height\":598,\"caption\":\"Seconci Brasil\"},\"image\":{\"@id\":\"https:\/\/seconci.com.br\/site\/#\/schema\/logo\/image\/\"}},{\"@type\":\"Person\",\"@id\":\"https:\/\/seconci.com.br\/site\/#\/schema\/person\/1d79afd97ddc8f2c68c1e88e298aa8e2\",\"name\":\"Sidney Rocha\",\"description\":\"Comunicador e estagi\u00e1rio do Seconci Brasil.\",\"url\":\"https:\/\/seconci.com.br\/site\/author\/sidney-rocha\/\"}]}<\/script>\n<!-- \/ Yoast SEO plugin. -->","yoast_head_json":{"title":"Conhe\u00e7a os trabalhadores do setor da constru\u00e7\u00e3o sorteados no DNCS 2021 - Seconci Brasil","robots":{"index":"index","follow":"follow","max-snippet":"max-snippet:-1","max-image-preview":"max-image-preview:large","max-video-preview":"max-video-preview:-1"},"canonical":"https:\/\/seconci.com.br\/site\/2021\/09\/02\/conheca-os-trabalhadores-do-setor-da-construcao-sorteados-no-dncs-2021\/","og_locale":"pt_PT","og_type":"article","og_title":"Conhe\u00e7a os trabalhadores do setor da constru\u00e7\u00e3o sorteados no DNCS 2021 - Seconci Brasil","og_description":"Ap\u00f3s a emocionante festa virtual realizada para os trabalhadores da ind\u00fastria da constru\u00e7\u00e3o e seus familiares, durante a edi\u00e7\u00e3o 2021 do\u00a0Dia Nacional da Constru\u00e7\u00e3o Social (DNCS), no dia 21 de agosto, agora \u00e9 a vez de conferir os sorteados de cada uma das cinco regi\u00f5es do pa\u00eds e seus pr\u00eamios. Para a entrega e registro [&hellip;]","og_url":"https:\/\/seconci.com.br\/site\/2021\/09\/02\/conheca-os-trabalhadores-do-setor-da-construcao-sorteados-no-dncs-2021\/","og_site_name":"Seconci Brasil","article_published_time":"2021-09-02T13:44:11+00:00","article_modified_time":"2021-09-02T13:44:39+00:00","og_image":[{"width":1080,"height":607,"url":"https:\/\/seconci.com.br\/site\/wp-content\/uploads\/2021\/09\/whatsapp-image-2021-09-01-at-175421.jpeg","type":"image\/jpeg"}],"author":"Sidney Rocha","twitter_card":"summary_large_image","twitter_misc":{"Escrito por":"Sidney Rocha","Tempo estimado de leitura":"1 minuto"},"schema":{"@context":"https:\/\/schema.org","@graph":[{"@type":"Article","@id":"https:\/\/seconci.com.br\/site\/2021\/09\/02\/conheca-os-trabalhadores-do-setor-da-construcao-sorteados-no-dncs-2021\/#article","isPartOf":{"@id":"https:\/\/seconci.com.br\/site\/2021\/09\/02\/conheca-os-trabalhadores-do-setor-da-construcao-sorteados-no-dncs-2021\/"},"author":{"name":"Sidney Rocha","@id":"https:\/\/seconci.com.br\/site\/#\/schema\/person\/1d79afd97ddc8f2c68c1e88e298aa8e2"},"headline":"Conhe\u00e7a os trabalhadores do setor da constru\u00e7\u00e3o sorteados no DNCS 2021","datePublished":"2021-09-02T13:44:11+00:00","dateModified":"2021-09-02T13:44:39+00:00","mainEntityOfPage":{"@id":"https:\/\/seconci.com.br\/site\/2021\/09\/02\/conheca-os-trabalhadores-do-setor-da-construcao-sorteados-no-dncs-2021\/"},"wordCount":254,"publisher":{"@id":"https:\/\/seconci.com.br\/site\/#organization"},"image":{"@id":"https:\/\/seconci.com.br\/site\/2021\/09\/02\/conheca-os-trabalhadores-do-setor-da-construcao-sorteados-no-dncs-2021\/#primaryimage"},"thumbnailUrl":"https:\/\/seconci.com.br\/site\/wp-content\/uploads\/2021\/09\/whatsapp-image-2021-09-01-at-175421.jpeg","articleSection":["Seconci Brasil"],"inLanguage":"pt-PT"},{"@type":"WebPage","@id":"https:\/\/seconci.com.br\/site\/2021\/09\/02\/conheca-os-trabalhadores-do-setor-da-construcao-sorteados-no-dncs-2021\/","url":"https:\/\/seconci.com.br\/site\/2021\/09\/02\/conheca-os-trabalhadores-do-setor-da-construcao-sorteados-no-dncs-2021\/","name":"Conhe\u00e7a os trabalhadores do setor da constru\u00e7\u00e3o sorteados no DNCS 2021 - Seconci Brasil","isPartOf":{"@id":"https:\/\/seconci.com.br\/site\/#website"},"primaryImageOfPage":{"@id":"https:\/\/seconci.com.br\/site\/2021\/09\/02\/conheca-os-trabalhadores-do-setor-da-construcao-sorteados-no-dncs-2021\/#primaryimage"},"image":{"@id":"https:\/\/seconci.com.br\/site\/2021\/09\/02\/conheca-os-trabalhadores-do-setor-da-construcao-sorteados-no-dncs-2021\/#primaryimage"},"thumbnailUrl":"https:\/\/seconci.com.br\/site\/wp-content\/uploads\/2021\/09\/whatsapp-image-2021-09-01-at-175421.jpeg","datePublished":"2021-09-02T13:44:11+00:00","dateModified":"2021-09-02T13:44:39+00:00","breadcrumb":{"@id":"https:\/\/seconci.com.br\/site\/2021\/09\/02\/conheca-os-trabalhadores-do-setor-da-construcao-sorteados-no-dncs-2021\/#breadcrumb"},"inLanguage":"pt-PT","potentialAction":[{"@type":"ReadAction","target":["https:\/\/seconci.com.br\/site\/2021\/09\/02\/conheca-os-trabalhadores-do-setor-da-construcao-sorteados-no-dncs-2021\/"]}]},{"@type":"ImageObject","inLanguage":"pt-PT","@id":"https:\/\/seconci.com.br\/site\/2021\/09\/02\/conheca-os-trabalhadores-do-setor-da-construcao-sorteados-no-dncs-2021\/#primaryimage","url":"https:\/\/seconci.com.br\/site\/wp-content\/uploads\/2021\/09\/whatsapp-image-2021-09-01-at-175421.jpeg","contentUrl":"https:\/\/seconci.com.br\/site\/wp-content\/uploads\/2021\/09\/whatsapp-image-2021-09-01-at-175421.jpeg","width":1080,"height":607},{"@type":"BreadcrumbList","@id":"https:\/\/seconci.com.br\/site\/2021\/09\/02\/conheca-os-trabalhadores-do-setor-da-construcao-sorteados-no-dncs-2021\/#breadcrumb","itemListElement":[{"@type":"ListItem","position":1,"name":"In\u00edcio","item":"https:\/\/seconci.com.br\/site\/"},{"@type":"ListItem","position":2,"name":"Conhe\u00e7a os trabalhadores do setor da constru\u00e7\u00e3o sorteados no DNCS 2021"}]},{"@type":"WebSite","@id":"https:\/\/seconci.com.br\/site\/#website","url":"https:\/\/seconci.com.br\/site\/","name":"Seconci Brasil","description":"","publisher":{"@id":"https:\/\/seconci.com.br\/site\/#organization"},"potentialAction":[{"@type":"SearchAction","target":{"@type":"EntryPoint","urlTemplate":"https:\/\/seconci.com.br\/site\/?s={search_term_string}"},"query-input":{"@type":"PropertyValueSpecification","valueRequired":true,"valueName":"search_term_string"}}],"inLanguage":"pt-PT"},{"@type":"Organization","@id":"https:\/\/seconci.com.br\/site\/#organization","name":"Seconci Brasil","url":"https:\/\/seconci.com.br\/site\/","logo":{"@type":"ImageObject","inLanguage":"pt-PT","@id":"https:\/\/seconci.com.br\/site\/#\/schema\/logo\/image\/","url":"https:\/\/seconci.com.br\/site\/wp-content\/uploads\/2024\/08\/Logo-Seconci-Brasil-branca-2.png","contentUrl":"https:\/\/seconci.com.br\/site\/wp-content\/uploads\/2024\/08\/Logo-Seconci-Brasil-branca-2.png","width":1315,"height":598,"caption":"Seconci Brasil"},"image":{"@id":"https:\/\/seconci.com.br\/site\/#\/schema\/logo\/image\/"}},{"@type":"Person","@id":"https:\/\/seconci.com.br\/site\/#\/schema\/person\/1d79afd97ddc8f2c68c1e88e298aa8e2","name":"Sidney Rocha","description":"Comunicador e estagi\u00e1rio do Seconci Brasil.","url":"https:\/\/seconci.com.br\/site\/author\/sidney-rocha\/"}]}},"_links":{"self":[{"href":"https:\/\/seconci.com.br\/site\/wp-json\/wp\/v2\/posts\/11091","targetHints":{"allow":["GET"]}}],"collection":[{"href":"https:\/\/seconci.com.br\/site\/wp-json\/wp\/v2\/posts"}],"about":[{"href":"https:\/\/seconci.com.br\/site\/wp-json\/wp\/v2\/types\/post"}],"author":[{"embeddable":true,"href":"https:\/\/seconci.com.br\/site\/wp-json\/wp\/v2\/users\/3"}],"replies":[{"embeddable":true,"href":"https:\/\/seconci.com.br\/site\/wp-json\/wp\/v2\/comments?post=11091"}],"version-history":[{"count":0,"href":"https:\/\/seconci.com.br\/site\/wp-json\/wp\/v2\/posts\/11091\/revisions"}],"wp:featuredmedia":[{"embeddable":true,"href":"https:\/\/seconci.com.br\/site\/wp-json\/wp\/v2\/media\/11092"}],"wp:attachment":[{"href":"https:\/\/seconci.com.br\/site\/wp-json\/wp\/v2\/media?parent=11091"}],"wp:term":[{"taxonomy":"category","embeddable":true,"href":"https:\/\/seconci.com.br\/site\/wp-json\/wp\/v2\/categories?post=11091"},{"taxonomy":"post_tag","embeddable":true,"href":"https:\/\/seconci.com.br\/site\/wp-json\/wp\/v2\/tags?post=11091"}],"curies":[{"name":"wp","href":"https:\/\/api.w.org\/{rel}","templated":true}]}}