{"id":11180,"date":"2021-09-27T12:22:10","date_gmt":"2021-09-27T12:22:10","guid":{"rendered":"https:\/\/seconci.com.br\/site\/?p=11180"},"modified":"2021-09-27T12:22:10","modified_gmt":"2021-09-27T12:22:10","slug":"semana-canpat-construcao-abre-inscricoes-e-aborda-mudancas-nas-normas-regulamentadoras","status":"publish","type":"post","link":"https:\/\/seconci.com.br\/site\/2021\/09\/27\/semana-canpat-construcao-abre-inscricoes-e-aborda-mudancas-nas-normas-regulamentadoras\/","title":{"rendered":"Semana CANPAT Constru\u00e7\u00e3o abre inscri\u00e7\u00f5es e aborda mudan\u00e7as nas Normas Regulamentadoras"},"content":{"rendered":"<p><em>Evento tamb\u00e9m levar\u00e1 Seguran\u00e7a e Sa\u00fade no Trabalho a estudantes de todo o pa\u00eds<\/em><\/p>\n<p>Est\u00e3o abertas as inscri\u00e7\u00f5es para a \u201cSemana CANPAT Constru\u00e7\u00e3o 2021\u201d. O encontro ser\u00e1 virtual e acontecer\u00e1 entre os dias 4 e 8 de outubro, no \u00e2mbito da Campanha Nacional de Preven\u00e7\u00e3o de Acidentes do Trabalho (CANPAT). O evento \u00e9 promovido pela Subsecretaria de Inspe\u00e7\u00e3o do Trabalho (SIT) em parceria com a C\u00e2mara Brasileira da Ind\u00fastria da Constru\u00e7\u00e3o (CBIC), o Servi\u00e7o Social da Ind\u00fastria\u00a0(SESI) e o Servi\u00e7o Social da Constru\u00e7\u00e3o Civil (Seconci-Brasil).<\/p>\n<p>Durante a iniciativa, ser\u00e3o promovidos debates e palestras t\u00e9cnicas, para estimular o di\u00e1logo setorial na ind\u00fastria da constru\u00e7\u00e3o civil, integrando trabalhadores, setor produtivo, fiscaliza\u00e7\u00e3o do trabalho e a sociedade como um todo.<\/p>\n<p>O objetivo \u00e9 disseminar as altera\u00e7\u00f5es nas Normas Regulamentadoras (NRs) que entrar\u00e3o em vigor no in\u00edcio de 2022, especialmente a NR-18 (Seguran\u00e7a e Sa\u00fade no Trabalho na Ind\u00fastria da Constru\u00e7\u00e3o) e o Programa de Gerenciamento de Risco (PGR), previsto na NR-1 (Disposi\u00e7\u00f5es Gerais e Gerenciamento de Riscos Ocupacionais).<\/p>\n<p>&nbsp;<\/p>\n<p><b>Dia Nacional de Seguran\u00e7a e Sa\u00fade nas Escolas<\/b><b><\/b><\/p>\n<p>Um diferencial do evento ser\u00e1 a realiza\u00e7\u00e3o, por mais um ano, de atividades voltadas ao Dia Nacional de Seguran\u00e7a e Sa\u00fade nas Escolas \u2013 este ano, em 8 de outubro &#8211; quando diversas entidades levar\u00e3o uma mensagem de preven\u00e7\u00e3o a diversas institui\u00e7\u00f5es de ensino do pa\u00eds.<\/p>\n<p>O tema escolhido para este ano \u00e9 o\u00a0<i>bullying<\/i>, dada a sua presen\u00e7a no contexto escolar, bem como previs\u00e3o na Lei 13.185\/2015 e no Programa Sa\u00fade nas Escolas do Minist\u00e9rio da Educa\u00e7\u00e3o.<\/p>\n<p>Auditores-fiscais do Trabalho, t\u00e9cnicos de seguran\u00e7a do trabalho, engenheiros de seguran\u00e7a do trabalho, entre outros parceiros, participar\u00e3o em diversas escolas de uma grande mobiliza\u00e7\u00e3o para apresentar conceitos de seguran\u00e7a e sa\u00fade aos estudantes.<\/p>\n<p>As inscri\u00e7\u00f5es podem ser feitas pelo link\u00a0<a href=\"https:\/\/brasil.cbic.org.br\/semana-canpat-construcao-2021-cprt-04-a-08-10-2021\">https:\/\/brasil.cbic.org.br\/semana-canpat-construcao-2021-cprt-04-a-08-10-2021<\/a>.<\/p>\n<p><em>Fonte: MTE<\/em><\/p>\n","protected":false},"excerpt":{"rendered":"<p>Evento tamb\u00e9m levar\u00e1 Seguran\u00e7a e Sa\u00fade no Trabalho a estudantes de todo o pa\u00eds Est\u00e3o abertas as inscri\u00e7\u00f5es para a \u201cSemana CANPAT Constru\u00e7\u00e3o 2021\u201d. O encontro ser\u00e1 virtual e acontecer\u00e1 entre os dias 4 e 8 de outubro, no \u00e2mbito da Campanha Nacional de Preven\u00e7\u00e3o de Acidentes do Trabalho (CANPAT). O evento \u00e9 promovido pela [&hellip;]<\/p>\n","protected":false},"author":3,"featured_media":11136,"comment_status":"closed","ping_status":"closed","sticky":false,"template":"","format":"standard","meta":{"footnotes":""},"categories":[92],"tags":[],"class_list":["post-11180","post","type-post","status-publish","format-standard","has-post-thumbnail","hentry","category-seconci-brasil"],"yoast_head":"<!-- This site is optimized with the Yoast SEO plugin v26.9 - https:\/\/yoast.com\/product\/yoast-seo-wordpress\/ -->\n<title>Semana CANPAT Constru\u00e7\u00e3o abre inscri\u00e7\u00f5es e aborda mudan\u00e7as nas Normas Regulamentadoras - Seconci Brasil<\/title>\n<meta name=\"robots\" content=\"index, follow, max-snippet:-1, max-image-preview:large, max-video-preview:-1\" \/>\n<link rel=\"canonical\" href=\"https:\/\/seconci.com.br\/site\/2021\/09\/27\/semana-canpat-construcao-abre-inscricoes-e-aborda-mudancas-nas-normas-regulamentadoras\/\" \/>\n<meta property=\"og:locale\" content=\"pt_PT\" \/>\n<meta property=\"og:type\" content=\"article\" \/>\n<meta property=\"og:title\" content=\"Semana CANPAT Constru\u00e7\u00e3o abre inscri\u00e7\u00f5es e aborda mudan\u00e7as nas Normas Regulamentadoras - Seconci Brasil\" \/>\n<meta property=\"og:description\" content=\"Evento tamb\u00e9m levar\u00e1 Seguran\u00e7a e Sa\u00fade no Trabalho a estudantes de todo o pa\u00eds Est\u00e3o abertas as inscri\u00e7\u00f5es para a \u201cSemana CANPAT Constru\u00e7\u00e3o 2021\u201d. O encontro ser\u00e1 virtual e acontecer\u00e1 entre os dias 4 e 8 de outubro, no \u00e2mbito da Campanha Nacional de Preven\u00e7\u00e3o de Acidentes do Trabalho (CANPAT). O evento \u00e9 promovido pela [&hellip;]\" \/>\n<meta property=\"og:url\" content=\"https:\/\/seconci.com.br\/site\/2021\/09\/27\/semana-canpat-construcao-abre-inscricoes-e-aborda-mudancas-nas-normas-regulamentadoras\/\" \/>\n<meta property=\"og:site_name\" content=\"Seconci Brasil\" \/>\n<meta property=\"article:published_time\" content=\"2021-09-27T12:22:10+00:00\" \/>\n<meta property=\"og:image\" content=\"https:\/\/seconci.com.br\/site\/wp-content\/uploads\/2021\/09\/whatsapp-image-2021-09-10-at-161409-3.jpeg\" \/>\n\t<meta property=\"og:image:width\" content=\"1280\" \/>\n\t<meta property=\"og:image:height\" content=\"716\" \/>\n\t<meta property=\"og:image:type\" content=\"image\/jpeg\" \/>\n<meta name=\"author\" content=\"Sidney Rocha\" \/>\n<meta name=\"twitter:card\" content=\"summary_large_image\" \/>\n<meta name=\"twitter:label1\" content=\"Escrito por\" \/>\n\t<meta name=\"twitter:data1\" content=\"Sidney Rocha\" \/>\n\t<meta name=\"twitter:label2\" content=\"Tempo estimado de leitura\" \/>\n\t<meta name=\"twitter:data2\" content=\"2 minutos\" \/>\n<script type=\"application\/ld+json\" class=\"yoast-schema-graph\">{\"@context\":\"https:\/\/schema.org\",\"@graph\":[{\"@type\":\"Article\",\"@id\":\"https:\/\/seconci.com.br\/site\/2021\/09\/27\/semana-canpat-construcao-abre-inscricoes-e-aborda-mudancas-nas-normas-regulamentadoras\/#article\",\"isPartOf\":{\"@id\":\"https:\/\/seconci.com.br\/site\/2021\/09\/27\/semana-canpat-construcao-abre-inscricoes-e-aborda-mudancas-nas-normas-regulamentadoras\/\"},\"author\":{\"name\":\"Sidney Rocha\",\"@id\":\"https:\/\/seconci.com.br\/site\/#\/schema\/person\/1d79afd97ddc8f2c68c1e88e298aa8e2\"},\"headline\":\"Semana CANPAT Constru\u00e7\u00e3o abre inscri\u00e7\u00f5es e aborda mudan\u00e7as nas Normas Regulamentadoras\",\"datePublished\":\"2021-09-27T12:22:10+00:00\",\"mainEntityOfPage\":{\"@id\":\"https:\/\/seconci.com.br\/site\/2021\/09\/27\/semana-canpat-construcao-abre-inscricoes-e-aborda-mudancas-nas-normas-regulamentadoras\/\"},\"wordCount\":361,\"publisher\":{\"@id\":\"https:\/\/seconci.com.br\/site\/#organization\"},\"image\":{\"@id\":\"https:\/\/seconci.com.br\/site\/2021\/09\/27\/semana-canpat-construcao-abre-inscricoes-e-aborda-mudancas-nas-normas-regulamentadoras\/#primaryimage\"},\"thumbnailUrl\":\"https:\/\/seconci.com.br\/site\/wp-content\/uploads\/2021\/09\/whatsapp-image-2021-09-10-at-161409-3.jpeg\",\"articleSection\":[\"Seconci Brasil\"],\"inLanguage\":\"pt-PT\"},{\"@type\":\"WebPage\",\"@id\":\"https:\/\/seconci.com.br\/site\/2021\/09\/27\/semana-canpat-construcao-abre-inscricoes-e-aborda-mudancas-nas-normas-regulamentadoras\/\",\"url\":\"https:\/\/seconci.com.br\/site\/2021\/09\/27\/semana-canpat-construcao-abre-inscricoes-e-aborda-mudancas-nas-normas-regulamentadoras\/\",\"name\":\"Semana CANPAT Constru\u00e7\u00e3o abre inscri\u00e7\u00f5es e aborda mudan\u00e7as nas Normas Regulamentadoras - Seconci Brasil\",\"isPartOf\":{\"@id\":\"https:\/\/seconci.com.br\/site\/#website\"},\"primaryImageOfPage\":{\"@id\":\"https:\/\/seconci.com.br\/site\/2021\/09\/27\/semana-canpat-construcao-abre-inscricoes-e-aborda-mudancas-nas-normas-regulamentadoras\/#primaryimage\"},\"image\":{\"@id\":\"https:\/\/seconci.com.br\/site\/2021\/09\/27\/semana-canpat-construcao-abre-inscricoes-e-aborda-mudancas-nas-normas-regulamentadoras\/#primaryimage\"},\"thumbnailUrl\":\"https:\/\/seconci.com.br\/site\/wp-content\/uploads\/2021\/09\/whatsapp-image-2021-09-10-at-161409-3.jpeg\",\"datePublished\":\"2021-09-27T12:22:10+00:00\",\"breadcrumb\":{\"@id\":\"https:\/\/seconci.com.br\/site\/2021\/09\/27\/semana-canpat-construcao-abre-inscricoes-e-aborda-mudancas-nas-normas-regulamentadoras\/#breadcrumb\"},\"inLanguage\":\"pt-PT\",\"potentialAction\":[{\"@type\":\"ReadAction\",\"target\":[\"https:\/\/seconci.com.br\/site\/2021\/09\/27\/semana-canpat-construcao-abre-inscricoes-e-aborda-mudancas-nas-normas-regulamentadoras\/\"]}]},{\"@type\":\"ImageObject\",\"inLanguage\":\"pt-PT\",\"@id\":\"https:\/\/seconci.com.br\/site\/2021\/09\/27\/semana-canpat-construcao-abre-inscricoes-e-aborda-mudancas-nas-normas-regulamentadoras\/#primaryimage\",\"url\":\"https:\/\/seconci.com.br\/site\/wp-content\/uploads\/2021\/09\/whatsapp-image-2021-09-10-at-161409-3.jpeg\",\"contentUrl\":\"https:\/\/seconci.com.br\/site\/wp-content\/uploads\/2021\/09\/whatsapp-image-2021-09-10-at-161409-3.jpeg\",\"width\":1280,\"height\":716},{\"@type\":\"BreadcrumbList\",\"@id\":\"https:\/\/seconci.com.br\/site\/2021\/09\/27\/semana-canpat-construcao-abre-inscricoes-e-aborda-mudancas-nas-normas-regulamentadoras\/#breadcrumb\",\"itemListElement\":[{\"@type\":\"ListItem\",\"position\":1,\"name\":\"In\u00edcio\",\"item\":\"https:\/\/seconci.com.br\/site\/\"},{\"@type\":\"ListItem\",\"position\":2,\"name\":\"Semana CANPAT Constru\u00e7\u00e3o abre inscri\u00e7\u00f5es e aborda mudan\u00e7as nas Normas Regulamentadoras\"}]},{\"@type\":\"WebSite\",\"@id\":\"https:\/\/seconci.com.br\/site\/#website\",\"url\":\"https:\/\/seconci.com.br\/site\/\",\"name\":\"Seconci Brasil\",\"description\":\"\",\"publisher\":{\"@id\":\"https:\/\/seconci.com.br\/site\/#organization\"},\"potentialAction\":[{\"@type\":\"SearchAction\",\"target\":{\"@type\":\"EntryPoint\",\"urlTemplate\":\"https:\/\/seconci.com.br\/site\/?s={search_term_string}\"},\"query-input\":{\"@type\":\"PropertyValueSpecification\",\"valueRequired\":true,\"valueName\":\"search_term_string\"}}],\"inLanguage\":\"pt-PT\"},{\"@type\":\"Organization\",\"@id\":\"https:\/\/seconci.com.br\/site\/#organization\",\"name\":\"Seconci Brasil\",\"url\":\"https:\/\/seconci.com.br\/site\/\",\"logo\":{\"@type\":\"ImageObject\",\"inLanguage\":\"pt-PT\",\"@id\":\"https:\/\/seconci.com.br\/site\/#\/schema\/logo\/image\/\",\"url\":\"https:\/\/seconci.com.br\/site\/wp-content\/uploads\/2024\/08\/Logo-Seconci-Brasil-branca-2.png\",\"contentUrl\":\"https:\/\/seconci.com.br\/site\/wp-content\/uploads\/2024\/08\/Logo-Seconci-Brasil-branca-2.png\",\"width\":1315,\"height\":598,\"caption\":\"Seconci Brasil\"},\"image\":{\"@id\":\"https:\/\/seconci.com.br\/site\/#\/schema\/logo\/image\/\"}},{\"@type\":\"Person\",\"@id\":\"https:\/\/seconci.com.br\/site\/#\/schema\/person\/1d79afd97ddc8f2c68c1e88e298aa8e2\",\"name\":\"Sidney Rocha\",\"description\":\"Comunicador e estagi\u00e1rio do Seconci Brasil.\",\"url\":\"https:\/\/seconci.com.br\/site\/author\/sidney-rocha\/\"}]}<\/script>\n<!-- \/ Yoast SEO plugin. -->","yoast_head_json":{"title":"Semana CANPAT Constru\u00e7\u00e3o abre inscri\u00e7\u00f5es e aborda mudan\u00e7as nas Normas Regulamentadoras - Seconci Brasil","robots":{"index":"index","follow":"follow","max-snippet":"max-snippet:-1","max-image-preview":"max-image-preview:large","max-video-preview":"max-video-preview:-1"},"canonical":"https:\/\/seconci.com.br\/site\/2021\/09\/27\/semana-canpat-construcao-abre-inscricoes-e-aborda-mudancas-nas-normas-regulamentadoras\/","og_locale":"pt_PT","og_type":"article","og_title":"Semana CANPAT Constru\u00e7\u00e3o abre inscri\u00e7\u00f5es e aborda mudan\u00e7as nas Normas Regulamentadoras - Seconci Brasil","og_description":"Evento tamb\u00e9m levar\u00e1 Seguran\u00e7a e Sa\u00fade no Trabalho a estudantes de todo o pa\u00eds Est\u00e3o abertas as inscri\u00e7\u00f5es para a \u201cSemana CANPAT Constru\u00e7\u00e3o 2021\u201d. O encontro ser\u00e1 virtual e acontecer\u00e1 entre os dias 4 e 8 de outubro, no \u00e2mbito da Campanha Nacional de Preven\u00e7\u00e3o de Acidentes do Trabalho (CANPAT). O evento \u00e9 promovido pela [&hellip;]","og_url":"https:\/\/seconci.com.br\/site\/2021\/09\/27\/semana-canpat-construcao-abre-inscricoes-e-aborda-mudancas-nas-normas-regulamentadoras\/","og_site_name":"Seconci Brasil","article_published_time":"2021-09-27T12:22:10+00:00","og_image":[{"width":1280,"height":716,"url":"https:\/\/seconci.com.br\/site\/wp-content\/uploads\/2021\/09\/whatsapp-image-2021-09-10-at-161409-3.jpeg","type":"image\/jpeg"}],"author":"Sidney Rocha","twitter_card":"summary_large_image","twitter_misc":{"Escrito por":"Sidney Rocha","Tempo estimado de leitura":"2 minutos"},"schema":{"@context":"https:\/\/schema.org","@graph":[{"@type":"Article","@id":"https:\/\/seconci.com.br\/site\/2021\/09\/27\/semana-canpat-construcao-abre-inscricoes-e-aborda-mudancas-nas-normas-regulamentadoras\/#article","isPartOf":{"@id":"https:\/\/seconci.com.br\/site\/2021\/09\/27\/semana-canpat-construcao-abre-inscricoes-e-aborda-mudancas-nas-normas-regulamentadoras\/"},"author":{"name":"Sidney Rocha","@id":"https:\/\/seconci.com.br\/site\/#\/schema\/person\/1d79afd97ddc8f2c68c1e88e298aa8e2"},"headline":"Semana CANPAT Constru\u00e7\u00e3o abre inscri\u00e7\u00f5es e aborda mudan\u00e7as nas Normas Regulamentadoras","datePublished":"2021-09-27T12:22:10+00:00","mainEntityOfPage":{"@id":"https:\/\/seconci.com.br\/site\/2021\/09\/27\/semana-canpat-construcao-abre-inscricoes-e-aborda-mudancas-nas-normas-regulamentadoras\/"},"wordCount":361,"publisher":{"@id":"https:\/\/seconci.com.br\/site\/#organization"},"image":{"@id":"https:\/\/seconci.com.br\/site\/2021\/09\/27\/semana-canpat-construcao-abre-inscricoes-e-aborda-mudancas-nas-normas-regulamentadoras\/#primaryimage"},"thumbnailUrl":"https:\/\/seconci.com.br\/site\/wp-content\/uploads\/2021\/09\/whatsapp-image-2021-09-10-at-161409-3.jpeg","articleSection":["Seconci Brasil"],"inLanguage":"pt-PT"},{"@type":"WebPage","@id":"https:\/\/seconci.com.br\/site\/2021\/09\/27\/semana-canpat-construcao-abre-inscricoes-e-aborda-mudancas-nas-normas-regulamentadoras\/","url":"https:\/\/seconci.com.br\/site\/2021\/09\/27\/semana-canpat-construcao-abre-inscricoes-e-aborda-mudancas-nas-normas-regulamentadoras\/","name":"Semana CANPAT Constru\u00e7\u00e3o abre inscri\u00e7\u00f5es e aborda mudan\u00e7as nas Normas Regulamentadoras - Seconci Brasil","isPartOf":{"@id":"https:\/\/seconci.com.br\/site\/#website"},"primaryImageOfPage":{"@id":"https:\/\/seconci.com.br\/site\/2021\/09\/27\/semana-canpat-construcao-abre-inscricoes-e-aborda-mudancas-nas-normas-regulamentadoras\/#primaryimage"},"image":{"@id":"https:\/\/seconci.com.br\/site\/2021\/09\/27\/semana-canpat-construcao-abre-inscricoes-e-aborda-mudancas-nas-normas-regulamentadoras\/#primaryimage"},"thumbnailUrl":"https:\/\/seconci.com.br\/site\/wp-content\/uploads\/2021\/09\/whatsapp-image-2021-09-10-at-161409-3.jpeg","datePublished":"2021-09-27T12:22:10+00:00","breadcrumb":{"@id":"https:\/\/seconci.com.br\/site\/2021\/09\/27\/semana-canpat-construcao-abre-inscricoes-e-aborda-mudancas-nas-normas-regulamentadoras\/#breadcrumb"},"inLanguage":"pt-PT","potentialAction":[{"@type":"ReadAction","target":["https:\/\/seconci.com.br\/site\/2021\/09\/27\/semana-canpat-construcao-abre-inscricoes-e-aborda-mudancas-nas-normas-regulamentadoras\/"]}]},{"@type":"ImageObject","inLanguage":"pt-PT","@id":"https:\/\/seconci.com.br\/site\/2021\/09\/27\/semana-canpat-construcao-abre-inscricoes-e-aborda-mudancas-nas-normas-regulamentadoras\/#primaryimage","url":"https:\/\/seconci.com.br\/site\/wp-content\/uploads\/2021\/09\/whatsapp-image-2021-09-10-at-161409-3.jpeg","contentUrl":"https:\/\/seconci.com.br\/site\/wp-content\/uploads\/2021\/09\/whatsapp-image-2021-09-10-at-161409-3.jpeg","width":1280,"height":716},{"@type":"BreadcrumbList","@id":"https:\/\/seconci.com.br\/site\/2021\/09\/27\/semana-canpat-construcao-abre-inscricoes-e-aborda-mudancas-nas-normas-regulamentadoras\/#breadcrumb","itemListElement":[{"@type":"ListItem","position":1,"name":"In\u00edcio","item":"https:\/\/seconci.com.br\/site\/"},{"@type":"ListItem","position":2,"name":"Semana CANPAT Constru\u00e7\u00e3o abre inscri\u00e7\u00f5es e aborda mudan\u00e7as nas Normas Regulamentadoras"}]},{"@type":"WebSite","@id":"https:\/\/seconci.com.br\/site\/#website","url":"https:\/\/seconci.com.br\/site\/","name":"Seconci Brasil","description":"","publisher":{"@id":"https:\/\/seconci.com.br\/site\/#organization"},"potentialAction":[{"@type":"SearchAction","target":{"@type":"EntryPoint","urlTemplate":"https:\/\/seconci.com.br\/site\/?s={search_term_string}"},"query-input":{"@type":"PropertyValueSpecification","valueRequired":true,"valueName":"search_term_string"}}],"inLanguage":"pt-PT"},{"@type":"Organization","@id":"https:\/\/seconci.com.br\/site\/#organization","name":"Seconci Brasil","url":"https:\/\/seconci.com.br\/site\/","logo":{"@type":"ImageObject","inLanguage":"pt-PT","@id":"https:\/\/seconci.com.br\/site\/#\/schema\/logo\/image\/","url":"https:\/\/seconci.com.br\/site\/wp-content\/uploads\/2024\/08\/Logo-Seconci-Brasil-branca-2.png","contentUrl":"https:\/\/seconci.com.br\/site\/wp-content\/uploads\/2024\/08\/Logo-Seconci-Brasil-branca-2.png","width":1315,"height":598,"caption":"Seconci Brasil"},"image":{"@id":"https:\/\/seconci.com.br\/site\/#\/schema\/logo\/image\/"}},{"@type":"Person","@id":"https:\/\/seconci.com.br\/site\/#\/schema\/person\/1d79afd97ddc8f2c68c1e88e298aa8e2","name":"Sidney Rocha","description":"Comunicador e estagi\u00e1rio do Seconci Brasil.","url":"https:\/\/seconci.com.br\/site\/author\/sidney-rocha\/"}]}},"_links":{"self":[{"href":"https:\/\/seconci.com.br\/site\/wp-json\/wp\/v2\/posts\/11180","targetHints":{"allow":["GET"]}}],"collection":[{"href":"https:\/\/seconci.com.br\/site\/wp-json\/wp\/v2\/posts"}],"about":[{"href":"https:\/\/seconci.com.br\/site\/wp-json\/wp\/v2\/types\/post"}],"author":[{"embeddable":true,"href":"https:\/\/seconci.com.br\/site\/wp-json\/wp\/v2\/users\/3"}],"replies":[{"embeddable":true,"href":"https:\/\/seconci.com.br\/site\/wp-json\/wp\/v2\/comments?post=11180"}],"version-history":[{"count":0,"href":"https:\/\/seconci.com.br\/site\/wp-json\/wp\/v2\/posts\/11180\/revisions"}],"wp:featuredmedia":[{"embeddable":true,"href":"https:\/\/seconci.com.br\/site\/wp-json\/wp\/v2\/media\/11136"}],"wp:attachment":[{"href":"https:\/\/seconci.com.br\/site\/wp-json\/wp\/v2\/media?parent=11180"}],"wp:term":[{"taxonomy":"category","embeddable":true,"href":"https:\/\/seconci.com.br\/site\/wp-json\/wp\/v2\/categories?post=11180"},{"taxonomy":"post_tag","embeddable":true,"href":"https:\/\/seconci.com.br\/site\/wp-json\/wp\/v2\/tags?post=11180"}],"curies":[{"name":"wp","href":"https:\/\/api.w.org\/{rel}","templated":true}]}}