{"id":11189,"date":"2021-09-29T11:23:17","date_gmt":"2021-09-29T11:23:17","guid":{"rendered":"https:\/\/seconci.com.br\/site\/?p=11189"},"modified":"2021-09-29T11:23:17","modified_gmt":"2021-09-29T11:23:17","slug":"empresarios-podem-responder-a-pesquisa-sobre-mao-de-obra-ate-o-dia-1-10","status":"publish","type":"post","link":"https:\/\/seconci.com.br\/site\/2021\/09\/29\/empresarios-podem-responder-a-pesquisa-sobre-mao-de-obra-ate-o-dia-1-10\/","title":{"rendered":"Empres\u00e1rios podem responder \u00e0 Pesquisa sobre M\u00e3o de Obra at\u00e9 o dia 1\/10"},"content":{"rendered":"<p>Os empres\u00e1rios do setor da constru\u00e7\u00e3o ganharam mais uma chance para responder \u00e0 pesquisa sobre contrata\u00e7\u00e3o de m\u00e3o de obra no setor da constru\u00e7\u00e3o, da C\u00e2mara Brasileira da Ind\u00fastria da Constru\u00e7\u00e3o (CBIC). O prazo final foi estendido para o dia 1\/10.\u00a0<a href=\"https:\/\/forms.gle\/mt3XY8KspxjrDoUW8\">Acesse o formul\u00e1rio e participe!<\/a><\/p>\n<p>A Comiss\u00e3o de Pol\u00edticas de Rela\u00e7\u00f5es Trabalhistas (CPRT) da CBIC refor\u00e7a que, quanto mais respondentes a pesquisa alcan\u00e7ar, mais fielmente o resultado ajudar\u00e1 a entidade a entender melhor os desafios do setor.<\/p>\n<p>Importante destacar que o tempo de preenchimento do formul\u00e1rio n\u00e3o leva mais que 2 minutos.\u00a0Caso a sua empresa tenha atividades (obras) em mais de um estado da federa\u00e7\u00e3o, lembre-se de enviar respostas por estados que atue.<\/p>\n<p><em>Fonte: Ag\u00eancia CBIC<\/em><\/p>\n","protected":false},"excerpt":{"rendered":"<p>Os empres\u00e1rios do setor da constru\u00e7\u00e3o ganharam mais uma chance para responder \u00e0 pesquisa sobre contrata\u00e7\u00e3o de m\u00e3o de obra no setor da constru\u00e7\u00e3o, da C\u00e2mara Brasileira da Ind\u00fastria da Constru\u00e7\u00e3o (CBIC). O prazo final foi estendido para o dia 1\/10.\u00a0Acesse o formul\u00e1rio e participe! A Comiss\u00e3o de Pol\u00edticas de Rela\u00e7\u00f5es Trabalhistas (CPRT) da CBIC [&hellip;]<\/p>\n","protected":false},"author":3,"featured_media":11190,"comment_status":"closed","ping_status":"closed","sticky":false,"template":"","format":"standard","meta":{"footnotes":""},"categories":[92],"tags":[],"class_list":["post-11189","post","type-post","status-publish","format-standard","has-post-thumbnail","hentry","category-seconci-brasil"],"yoast_head":"<!-- This site is optimized with the Yoast SEO plugin v26.9 - https:\/\/yoast.com\/product\/yoast-seo-wordpress\/ -->\n<title>Empres\u00e1rios podem responder \u00e0 Pesquisa sobre M\u00e3o de Obra at\u00e9 o dia 1\/10 - Seconci Brasil<\/title>\n<meta name=\"robots\" content=\"index, follow, max-snippet:-1, max-image-preview:large, max-video-preview:-1\" \/>\n<link rel=\"canonical\" href=\"https:\/\/seconci.com.br\/site\/2021\/09\/29\/empresarios-podem-responder-a-pesquisa-sobre-mao-de-obra-ate-o-dia-1-10\/\" \/>\n<meta property=\"og:locale\" content=\"pt_PT\" \/>\n<meta property=\"og:type\" content=\"article\" \/>\n<meta property=\"og:title\" content=\"Empres\u00e1rios podem responder \u00e0 Pesquisa sobre M\u00e3o de Obra at\u00e9 o dia 1\/10 - Seconci Brasil\" \/>\n<meta property=\"og:description\" content=\"Os empres\u00e1rios do setor da constru\u00e7\u00e3o ganharam mais uma chance para responder \u00e0 pesquisa sobre contrata\u00e7\u00e3o de m\u00e3o de obra no setor da constru\u00e7\u00e3o, da C\u00e2mara Brasileira da Ind\u00fastria da Constru\u00e7\u00e3o (CBIC). O prazo final foi estendido para o dia 1\/10.\u00a0Acesse o formul\u00e1rio e participe! A Comiss\u00e3o de Pol\u00edticas de Rela\u00e7\u00f5es Trabalhistas (CPRT) da CBIC [&hellip;]\" \/>\n<meta property=\"og:url\" content=\"https:\/\/seconci.com.br\/site\/2021\/09\/29\/empresarios-podem-responder-a-pesquisa-sobre-mao-de-obra-ate-o-dia-1-10\/\" \/>\n<meta property=\"og:site_name\" content=\"Seconci Brasil\" \/>\n<meta property=\"article:published_time\" content=\"2021-09-29T11:23:17+00:00\" \/>\n<meta property=\"og:image\" content=\"https:\/\/seconci.com.br\/site\/wp-content\/uploads\/2021\/09\/whatsapp-image-2021-09-28-at-164411.jpeg\" \/>\n\t<meta property=\"og:image:width\" content=\"1280\" \/>\n\t<meta property=\"og:image:height\" content=\"853\" \/>\n\t<meta property=\"og:image:type\" content=\"image\/jpeg\" \/>\n<meta name=\"author\" content=\"Sidney Rocha\" \/>\n<meta name=\"twitter:card\" content=\"summary_large_image\" \/>\n<meta name=\"twitter:label1\" content=\"Escrito por\" \/>\n\t<meta name=\"twitter:data1\" content=\"Sidney Rocha\" \/>\n\t<meta name=\"twitter:label2\" content=\"Tempo estimado de leitura\" \/>\n\t<meta name=\"twitter:data2\" content=\"1 minuto\" \/>\n<script type=\"application\/ld+json\" class=\"yoast-schema-graph\">{\"@context\":\"https:\/\/schema.org\",\"@graph\":[{\"@type\":\"Article\",\"@id\":\"https:\/\/seconci.com.br\/site\/2021\/09\/29\/empresarios-podem-responder-a-pesquisa-sobre-mao-de-obra-ate-o-dia-1-10\/#article\",\"isPartOf\":{\"@id\":\"https:\/\/seconci.com.br\/site\/2021\/09\/29\/empresarios-podem-responder-a-pesquisa-sobre-mao-de-obra-ate-o-dia-1-10\/\"},\"author\":{\"name\":\"Sidney Rocha\",\"@id\":\"https:\/\/seconci.com.br\/site\/#\/schema\/person\/1d79afd97ddc8f2c68c1e88e298aa8e2\"},\"headline\":\"Empres\u00e1rios podem responder \u00e0 Pesquisa sobre M\u00e3o de Obra at\u00e9 o dia 1\/10\",\"datePublished\":\"2021-09-29T11:23:17+00:00\",\"mainEntityOfPage\":{\"@id\":\"https:\/\/seconci.com.br\/site\/2021\/09\/29\/empresarios-podem-responder-a-pesquisa-sobre-mao-de-obra-ate-o-dia-1-10\/\"},\"wordCount\":146,\"publisher\":{\"@id\":\"https:\/\/seconci.com.br\/site\/#organization\"},\"image\":{\"@id\":\"https:\/\/seconci.com.br\/site\/2021\/09\/29\/empresarios-podem-responder-a-pesquisa-sobre-mao-de-obra-ate-o-dia-1-10\/#primaryimage\"},\"thumbnailUrl\":\"https:\/\/seconci.com.br\/site\/wp-content\/uploads\/2021\/09\/whatsapp-image-2021-09-28-at-164411.jpeg\",\"articleSection\":[\"Seconci Brasil\"],\"inLanguage\":\"pt-PT\"},{\"@type\":\"WebPage\",\"@id\":\"https:\/\/seconci.com.br\/site\/2021\/09\/29\/empresarios-podem-responder-a-pesquisa-sobre-mao-de-obra-ate-o-dia-1-10\/\",\"url\":\"https:\/\/seconci.com.br\/site\/2021\/09\/29\/empresarios-podem-responder-a-pesquisa-sobre-mao-de-obra-ate-o-dia-1-10\/\",\"name\":\"Empres\u00e1rios podem responder \u00e0 Pesquisa sobre M\u00e3o de Obra at\u00e9 o dia 1\/10 - Seconci Brasil\",\"isPartOf\":{\"@id\":\"https:\/\/seconci.com.br\/site\/#website\"},\"primaryImageOfPage\":{\"@id\":\"https:\/\/seconci.com.br\/site\/2021\/09\/29\/empresarios-podem-responder-a-pesquisa-sobre-mao-de-obra-ate-o-dia-1-10\/#primaryimage\"},\"image\":{\"@id\":\"https:\/\/seconci.com.br\/site\/2021\/09\/29\/empresarios-podem-responder-a-pesquisa-sobre-mao-de-obra-ate-o-dia-1-10\/#primaryimage\"},\"thumbnailUrl\":\"https:\/\/seconci.com.br\/site\/wp-content\/uploads\/2021\/09\/whatsapp-image-2021-09-28-at-164411.jpeg\",\"datePublished\":\"2021-09-29T11:23:17+00:00\",\"breadcrumb\":{\"@id\":\"https:\/\/seconci.com.br\/site\/2021\/09\/29\/empresarios-podem-responder-a-pesquisa-sobre-mao-de-obra-ate-o-dia-1-10\/#breadcrumb\"},\"inLanguage\":\"pt-PT\",\"potentialAction\":[{\"@type\":\"ReadAction\",\"target\":[\"https:\/\/seconci.com.br\/site\/2021\/09\/29\/empresarios-podem-responder-a-pesquisa-sobre-mao-de-obra-ate-o-dia-1-10\/\"]}]},{\"@type\":\"ImageObject\",\"inLanguage\":\"pt-PT\",\"@id\":\"https:\/\/seconci.com.br\/site\/2021\/09\/29\/empresarios-podem-responder-a-pesquisa-sobre-mao-de-obra-ate-o-dia-1-10\/#primaryimage\",\"url\":\"https:\/\/seconci.com.br\/site\/wp-content\/uploads\/2021\/09\/whatsapp-image-2021-09-28-at-164411.jpeg\",\"contentUrl\":\"https:\/\/seconci.com.br\/site\/wp-content\/uploads\/2021\/09\/whatsapp-image-2021-09-28-at-164411.jpeg\",\"width\":1280,\"height\":853},{\"@type\":\"BreadcrumbList\",\"@id\":\"https:\/\/seconci.com.br\/site\/2021\/09\/29\/empresarios-podem-responder-a-pesquisa-sobre-mao-de-obra-ate-o-dia-1-10\/#breadcrumb\",\"itemListElement\":[{\"@type\":\"ListItem\",\"position\":1,\"name\":\"In\u00edcio\",\"item\":\"https:\/\/seconci.com.br\/site\/\"},{\"@type\":\"ListItem\",\"position\":2,\"name\":\"Empres\u00e1rios podem responder \u00e0 Pesquisa sobre M\u00e3o de Obra at\u00e9 o dia 1\/10\"}]},{\"@type\":\"WebSite\",\"@id\":\"https:\/\/seconci.com.br\/site\/#website\",\"url\":\"https:\/\/seconci.com.br\/site\/\",\"name\":\"Seconci Brasil\",\"description\":\"\",\"publisher\":{\"@id\":\"https:\/\/seconci.com.br\/site\/#organization\"},\"potentialAction\":[{\"@type\":\"SearchAction\",\"target\":{\"@type\":\"EntryPoint\",\"urlTemplate\":\"https:\/\/seconci.com.br\/site\/?s={search_term_string}\"},\"query-input\":{\"@type\":\"PropertyValueSpecification\",\"valueRequired\":true,\"valueName\":\"search_term_string\"}}],\"inLanguage\":\"pt-PT\"},{\"@type\":\"Organization\",\"@id\":\"https:\/\/seconci.com.br\/site\/#organization\",\"name\":\"Seconci Brasil\",\"url\":\"https:\/\/seconci.com.br\/site\/\",\"logo\":{\"@type\":\"ImageObject\",\"inLanguage\":\"pt-PT\",\"@id\":\"https:\/\/seconci.com.br\/site\/#\/schema\/logo\/image\/\",\"url\":\"https:\/\/seconci.com.br\/site\/wp-content\/uploads\/2024\/08\/Logo-Seconci-Brasil-branca-2.png\",\"contentUrl\":\"https:\/\/seconci.com.br\/site\/wp-content\/uploads\/2024\/08\/Logo-Seconci-Brasil-branca-2.png\",\"width\":1315,\"height\":598,\"caption\":\"Seconci Brasil\"},\"image\":{\"@id\":\"https:\/\/seconci.com.br\/site\/#\/schema\/logo\/image\/\"}},{\"@type\":\"Person\",\"@id\":\"https:\/\/seconci.com.br\/site\/#\/schema\/person\/1d79afd97ddc8f2c68c1e88e298aa8e2\",\"name\":\"Sidney Rocha\",\"description\":\"Comunicador e estagi\u00e1rio do Seconci Brasil.\",\"url\":\"https:\/\/seconci.com.br\/site\/author\/sidney-rocha\/\"}]}<\/script>\n<!-- \/ Yoast SEO plugin. -->","yoast_head_json":{"title":"Empres\u00e1rios podem responder \u00e0 Pesquisa sobre M\u00e3o de Obra at\u00e9 o dia 1\/10 - Seconci Brasil","robots":{"index":"index","follow":"follow","max-snippet":"max-snippet:-1","max-image-preview":"max-image-preview:large","max-video-preview":"max-video-preview:-1"},"canonical":"https:\/\/seconci.com.br\/site\/2021\/09\/29\/empresarios-podem-responder-a-pesquisa-sobre-mao-de-obra-ate-o-dia-1-10\/","og_locale":"pt_PT","og_type":"article","og_title":"Empres\u00e1rios podem responder \u00e0 Pesquisa sobre M\u00e3o de Obra at\u00e9 o dia 1\/10 - Seconci Brasil","og_description":"Os empres\u00e1rios do setor da constru\u00e7\u00e3o ganharam mais uma chance para responder \u00e0 pesquisa sobre contrata\u00e7\u00e3o de m\u00e3o de obra no setor da constru\u00e7\u00e3o, da C\u00e2mara Brasileira da Ind\u00fastria da Constru\u00e7\u00e3o (CBIC). O prazo final foi estendido para o dia 1\/10.\u00a0Acesse o formul\u00e1rio e participe! A Comiss\u00e3o de Pol\u00edticas de Rela\u00e7\u00f5es Trabalhistas (CPRT) da CBIC [&hellip;]","og_url":"https:\/\/seconci.com.br\/site\/2021\/09\/29\/empresarios-podem-responder-a-pesquisa-sobre-mao-de-obra-ate-o-dia-1-10\/","og_site_name":"Seconci Brasil","article_published_time":"2021-09-29T11:23:17+00:00","og_image":[{"width":1280,"height":853,"url":"https:\/\/seconci.com.br\/site\/wp-content\/uploads\/2021\/09\/whatsapp-image-2021-09-28-at-164411.jpeg","type":"image\/jpeg"}],"author":"Sidney Rocha","twitter_card":"summary_large_image","twitter_misc":{"Escrito por":"Sidney Rocha","Tempo estimado de leitura":"1 minuto"},"schema":{"@context":"https:\/\/schema.org","@graph":[{"@type":"Article","@id":"https:\/\/seconci.com.br\/site\/2021\/09\/29\/empresarios-podem-responder-a-pesquisa-sobre-mao-de-obra-ate-o-dia-1-10\/#article","isPartOf":{"@id":"https:\/\/seconci.com.br\/site\/2021\/09\/29\/empresarios-podem-responder-a-pesquisa-sobre-mao-de-obra-ate-o-dia-1-10\/"},"author":{"name":"Sidney Rocha","@id":"https:\/\/seconci.com.br\/site\/#\/schema\/person\/1d79afd97ddc8f2c68c1e88e298aa8e2"},"headline":"Empres\u00e1rios podem responder \u00e0 Pesquisa sobre M\u00e3o de Obra at\u00e9 o dia 1\/10","datePublished":"2021-09-29T11:23:17+00:00","mainEntityOfPage":{"@id":"https:\/\/seconci.com.br\/site\/2021\/09\/29\/empresarios-podem-responder-a-pesquisa-sobre-mao-de-obra-ate-o-dia-1-10\/"},"wordCount":146,"publisher":{"@id":"https:\/\/seconci.com.br\/site\/#organization"},"image":{"@id":"https:\/\/seconci.com.br\/site\/2021\/09\/29\/empresarios-podem-responder-a-pesquisa-sobre-mao-de-obra-ate-o-dia-1-10\/#primaryimage"},"thumbnailUrl":"https:\/\/seconci.com.br\/site\/wp-content\/uploads\/2021\/09\/whatsapp-image-2021-09-28-at-164411.jpeg","articleSection":["Seconci Brasil"],"inLanguage":"pt-PT"},{"@type":"WebPage","@id":"https:\/\/seconci.com.br\/site\/2021\/09\/29\/empresarios-podem-responder-a-pesquisa-sobre-mao-de-obra-ate-o-dia-1-10\/","url":"https:\/\/seconci.com.br\/site\/2021\/09\/29\/empresarios-podem-responder-a-pesquisa-sobre-mao-de-obra-ate-o-dia-1-10\/","name":"Empres\u00e1rios podem responder \u00e0 Pesquisa sobre M\u00e3o de Obra at\u00e9 o dia 1\/10 - Seconci Brasil","isPartOf":{"@id":"https:\/\/seconci.com.br\/site\/#website"},"primaryImageOfPage":{"@id":"https:\/\/seconci.com.br\/site\/2021\/09\/29\/empresarios-podem-responder-a-pesquisa-sobre-mao-de-obra-ate-o-dia-1-10\/#primaryimage"},"image":{"@id":"https:\/\/seconci.com.br\/site\/2021\/09\/29\/empresarios-podem-responder-a-pesquisa-sobre-mao-de-obra-ate-o-dia-1-10\/#primaryimage"},"thumbnailUrl":"https:\/\/seconci.com.br\/site\/wp-content\/uploads\/2021\/09\/whatsapp-image-2021-09-28-at-164411.jpeg","datePublished":"2021-09-29T11:23:17+00:00","breadcrumb":{"@id":"https:\/\/seconci.com.br\/site\/2021\/09\/29\/empresarios-podem-responder-a-pesquisa-sobre-mao-de-obra-ate-o-dia-1-10\/#breadcrumb"},"inLanguage":"pt-PT","potentialAction":[{"@type":"ReadAction","target":["https:\/\/seconci.com.br\/site\/2021\/09\/29\/empresarios-podem-responder-a-pesquisa-sobre-mao-de-obra-ate-o-dia-1-10\/"]}]},{"@type":"ImageObject","inLanguage":"pt-PT","@id":"https:\/\/seconci.com.br\/site\/2021\/09\/29\/empresarios-podem-responder-a-pesquisa-sobre-mao-de-obra-ate-o-dia-1-10\/#primaryimage","url":"https:\/\/seconci.com.br\/site\/wp-content\/uploads\/2021\/09\/whatsapp-image-2021-09-28-at-164411.jpeg","contentUrl":"https:\/\/seconci.com.br\/site\/wp-content\/uploads\/2021\/09\/whatsapp-image-2021-09-28-at-164411.jpeg","width":1280,"height":853},{"@type":"BreadcrumbList","@id":"https:\/\/seconci.com.br\/site\/2021\/09\/29\/empresarios-podem-responder-a-pesquisa-sobre-mao-de-obra-ate-o-dia-1-10\/#breadcrumb","itemListElement":[{"@type":"ListItem","position":1,"name":"In\u00edcio","item":"https:\/\/seconci.com.br\/site\/"},{"@type":"ListItem","position":2,"name":"Empres\u00e1rios podem responder \u00e0 Pesquisa sobre M\u00e3o de Obra at\u00e9 o dia 1\/10"}]},{"@type":"WebSite","@id":"https:\/\/seconci.com.br\/site\/#website","url":"https:\/\/seconci.com.br\/site\/","name":"Seconci Brasil","description":"","publisher":{"@id":"https:\/\/seconci.com.br\/site\/#organization"},"potentialAction":[{"@type":"SearchAction","target":{"@type":"EntryPoint","urlTemplate":"https:\/\/seconci.com.br\/site\/?s={search_term_string}"},"query-input":{"@type":"PropertyValueSpecification","valueRequired":true,"valueName":"search_term_string"}}],"inLanguage":"pt-PT"},{"@type":"Organization","@id":"https:\/\/seconci.com.br\/site\/#organization","name":"Seconci Brasil","url":"https:\/\/seconci.com.br\/site\/","logo":{"@type":"ImageObject","inLanguage":"pt-PT","@id":"https:\/\/seconci.com.br\/site\/#\/schema\/logo\/image\/","url":"https:\/\/seconci.com.br\/site\/wp-content\/uploads\/2024\/08\/Logo-Seconci-Brasil-branca-2.png","contentUrl":"https:\/\/seconci.com.br\/site\/wp-content\/uploads\/2024\/08\/Logo-Seconci-Brasil-branca-2.png","width":1315,"height":598,"caption":"Seconci Brasil"},"image":{"@id":"https:\/\/seconci.com.br\/site\/#\/schema\/logo\/image\/"}},{"@type":"Person","@id":"https:\/\/seconci.com.br\/site\/#\/schema\/person\/1d79afd97ddc8f2c68c1e88e298aa8e2","name":"Sidney Rocha","description":"Comunicador e estagi\u00e1rio do Seconci Brasil.","url":"https:\/\/seconci.com.br\/site\/author\/sidney-rocha\/"}]}},"_links":{"self":[{"href":"https:\/\/seconci.com.br\/site\/wp-json\/wp\/v2\/posts\/11189","targetHints":{"allow":["GET"]}}],"collection":[{"href":"https:\/\/seconci.com.br\/site\/wp-json\/wp\/v2\/posts"}],"about":[{"href":"https:\/\/seconci.com.br\/site\/wp-json\/wp\/v2\/types\/post"}],"author":[{"embeddable":true,"href":"https:\/\/seconci.com.br\/site\/wp-json\/wp\/v2\/users\/3"}],"replies":[{"embeddable":true,"href":"https:\/\/seconci.com.br\/site\/wp-json\/wp\/v2\/comments?post=11189"}],"version-history":[{"count":0,"href":"https:\/\/seconci.com.br\/site\/wp-json\/wp\/v2\/posts\/11189\/revisions"}],"wp:featuredmedia":[{"embeddable":true,"href":"https:\/\/seconci.com.br\/site\/wp-json\/wp\/v2\/media\/11190"}],"wp:attachment":[{"href":"https:\/\/seconci.com.br\/site\/wp-json\/wp\/v2\/media?parent=11189"}],"wp:term":[{"taxonomy":"category","embeddable":true,"href":"https:\/\/seconci.com.br\/site\/wp-json\/wp\/v2\/categories?post=11189"},{"taxonomy":"post_tag","embeddable":true,"href":"https:\/\/seconci.com.br\/site\/wp-json\/wp\/v2\/tags?post=11189"}],"curies":[{"name":"wp","href":"https:\/\/api.w.org\/{rel}","templated":true}]}}