{"id":11234,"date":"2021-10-20T16:47:23","date_gmt":"2021-10-20T16:47:23","guid":{"rendered":"https:\/\/seconci.com.br\/site\/?p=11234"},"modified":"2021-10-22T14:48:46","modified_gmt":"2021-10-22T14:48:46","slug":"encontro-nacional-de-seconcis-acontece-nos-dias-25-26-e-28-de-outubro","status":"publish","type":"post","link":"https:\/\/seconci.com.br\/site\/2021\/10\/20\/encontro-nacional-de-seconcis-acontece-nos-dias-25-26-e-28-de-outubro\/","title":{"rendered":"Encontro Nacional de Seconcis acontece nos dias 25, 26 e 28 de outubro"},"content":{"rendered":"<p><em>Pelo segundo ano, o evento ser\u00e1 online com participa\u00e7\u00e3o das \u00e1reas t\u00e9cnicas das entidades<\/em><\/p>\n<p><em><strong>Assessoria de Comunica\u00e7\u00e3o Social do Seconci Brasil<\/strong><\/em><\/p>\n<p>Os Servi\u00e7os Sociais da Ind\u00fastria da Constru\u00e7\u00e3o Civil (SECONCIS) se encontrar\u00e3o nos dias 25, 26 e 28 de outubro, de forma online e presencial para a realiza\u00e7\u00e3o do Encontro Nacional de SECONCIs (ENSE). O evento anual que re\u00fane todas as \u00e1reas t\u00e9cnicas das entidades para troca de informa\u00e7\u00e3o e atualiza\u00e7\u00e3o dos procedimentos e servi\u00e7os realizados por cada regional em benef\u00edcio dos trabalhadores e empresas da constru\u00e7\u00e3o civil.<\/p>\n<p>Pelo segundo ano consecutivo, o ENSE ser\u00e1 virtual em fun\u00e7\u00e3o da pandemia. Por\u00e9m, no dia 28 de outubro, os gerentes executivos e diretores se encontrar\u00e3o presencialmente em S\u00e3o Paulo para falar sobre assuntos administrativos sob comando do presidente do Seconci Brasil, Ant\u00f4nio Carlos Salgueiro.<\/p>\n<p>Os Encontros virtuais ter\u00e3o reuni\u00f5es t\u00e9cnicas das \u00e1reas de Medicina, Seguran\u00e7a do Trabalho, Odontologia, Comunica\u00e7\u00e3o e Servi\u00e7o Social. Cada \u00e1rea ter\u00e1 um mediador, escolhido entre os SECONCIs em funcionamento e com diversos assuntos na pauta a ser discutida durante as reuni\u00f5es. \u201cO ENSE \u00e9 fundamental para que todas as entidades possam manter o elo e a cultura de contribui\u00e7\u00e3o que sempre existiu entre todos\u201d, explica o presidente do Seconci Brasil, Ant\u00f4nio Carlos Salgueiro de Ara\u00fajo.<\/p>\n<p>Confira o resumo da pauta das reuni\u00f5es t\u00e9cnicas:<\/p>\n<p><strong>ODONTOLOGIA: <\/strong>1)\u00a0Retomada dos atendimentos e rotina dos procedimentos no cen\u00e1rio p\u00f3s vacina\u00e7\u00e3o; 2) Mudan\u00e7a nos protocolos de atendimento no \u201cp\u00f3s pandemia\u201d; 3)\u00a0Rela\u00e7\u00e3o trabalhista dos dentistas dos Seconcis, CLT x PJ, vantagens e desvantagens; 4)\u00a0Troca de experi\u00eancia sobre rotinas e fluxo de atendimento durante a pandemia; 5)\u00a0Os desafios de acompanhar a evolu\u00e7\u00e3o tecnol\u00f3gica em um momento de crise e conten\u00e7\u00e3o de gastos; 7) A necessidade de ampliar a oferta de especialidades e procedimentos para agregar valor ao servi\u00e7o odontol\u00f3gico; 8)\u00a0Seguran\u00e7a do Paciente atrav\u00e9s das metas internacionais.<\/p>\n<p><strong>COMUNICA\u00c7\u00c3O<\/strong>: 1) <em>Comunica\u00e7\u00e3o Estrat\u00e9gica com equipe reduzida. \u00c9 Poss\u00edvel? <\/em>Palestra com a CEO da Rede\u00ae Comunica\u00e7\u00e3o, Marketing e Gest\u00e3o &#8211; Dra. Joana Bicalho; 2) <em>COMUNICA\u00c7\u00c3O NA PANDEMIA: <\/em>Como os Seconcis atuaram na pandemia e quais foram as estrat\u00e9gias adotadas pela \u00e1rea a fim de informar as empresas e trabalhadores. Desafios da comunica\u00e7\u00e3o no gerenciamento da crise sanit\u00e1ria; 3) <em>COMUNICA\u00c7\u00c3O INTERNA\/ENDOMARKETING: <\/em>Como os Seconcis se comunicam com o p\u00fablico interno das entidades.<\/p>\n<p><strong>SERVI\u00c7O SOCIAL<\/strong>: 1) Atua\u00e7\u00e3o do Servi\u00e7o Social no contexto de enfrentamento da pandemia de Covid-19; 2) Dimens\u00e3o interventiva do Servi\u00e7o Social durante a pandemia; 3) Impacto da pandemia de Covid-19 nas atividades coordenadas pelo Servi\u00e7o Social; 4) Avalia\u00e7\u00e3o de desempenho do setor de Servi\u00e7o Social &#8211; \u00c9 mensurado? Como?; 5) Troca de experi\u00eancias entre os Seconcis.<\/p>\n<p><strong>MEDICINA<\/strong>: 1)\u00a0Funcionamento do SOC, pelos locais que j\u00e1 implementaram, a receptividade ao uso da ferramenta, e as melhorias observadas para a gest\u00e3o; 2) e-Social: gera\u00e7\u00e3o de informa\u00e7\u00f5es para as empresas; 3)\u00a0LGPD &#8211; seguran\u00e7a das informa\u00e7\u00f5es de sa\u00fade; 4)\u00a0Assinatura digital no ASO: ao imprimir o ASO a assinatura perde a &#8220;validade&#8221;? 5)\u00a0\u00c9 poss\u00edvel unificarmos os riscos ergon\u00f4micos: o que reconhecer para as fun\u00e7\u00f5es mais comuns no modo construtivo habitual, pensando em cada uma das fases da constru\u00e7\u00e3o de um edif\u00edcio; 6)\u00a0O MEI tem que fazer PGR e PCMSO? 7)\u00a0A responsabilidade \u00e9 da empresa contratante ou dele se tiver acidente de trabalho? 8)\u00a0Sobre a assinatura digital A1 para o e-social. Com quem fica esse certificado? Com a ti que fizer upload dos dados? 9)\u00a0Avaliar possibilidade de padroniza\u00e7\u00e3o de modelo de PCMSO pelos Seconcis; 10)\u00a0e-Social x entrega ao cliente (xml\/ mensageria); 11)\u00a0Nova NR -07 (pontos cr\u00edticos).<\/p>\n<p><strong>SEGURAN\u00c7A DO TRABALHO<\/strong>: 1) Apresenta\u00e7\u00e3o de modelo de PGR desenvolvido pelo Seconci-SP; 2) PGR: modelo de contrato com as empresas e desenvolvimento dos programas em janeiro\/2022; 3) e-Social: forma de disponibiliza\u00e7\u00e3o dos eventos de SST para as empresas (via sistema\/SOC, ASO, outros); 4) Troca de experi\u00eancias entre os Seconcis.<\/p>\n<p><strong>EVENTO PRESENCIAL<\/strong>: no dia 28 de outubro, as ger\u00eancias executivas e os presidentes dos SECONCIS se encontrar\u00e3o na sede do Seconci-SP para tratar de assuntos administrativos. O evento est\u00e1 previsto para durar o dia inteiro e deve contar com a participa\u00e7\u00e3o de todas as 15 entidades em funcionamento no pa\u00eds.<\/p>\n","protected":false},"excerpt":{"rendered":"<p>Pelo segundo ano, o evento ser\u00e1 online com participa\u00e7\u00e3o das \u00e1reas t\u00e9cnicas das entidades Assessoria de Comunica\u00e7\u00e3o Social do Seconci Brasil Os Servi\u00e7os Sociais da Ind\u00fastria da Constru\u00e7\u00e3o Civil (SECONCIS) se encontrar\u00e3o nos dias 25, 26 e 28 de outubro, de forma online e presencial para a realiza\u00e7\u00e3o do Encontro Nacional de SECONCIs (ENSE). O [&hellip;]<\/p>\n","protected":false},"author":3,"featured_media":11282,"comment_status":"closed","ping_status":"closed","sticky":false,"template":"","format":"standard","meta":{"footnotes":""},"categories":[92],"tags":[],"class_list":["post-11234","post","type-post","status-publish","format-standard","has-post-thumbnail","hentry","category-seconci-brasil"],"yoast_head":"<!-- This site is optimized with the Yoast SEO plugin v26.9 - https:\/\/yoast.com\/product\/yoast-seo-wordpress\/ -->\n<title>Encontro Nacional de Seconcis acontece nos dias 25, 26 e 28 de outubro - Seconci Brasil<\/title>\n<meta name=\"robots\" content=\"index, follow, max-snippet:-1, max-image-preview:large, max-video-preview:-1\" \/>\n<link rel=\"canonical\" href=\"https:\/\/seconci.com.br\/site\/2021\/10\/20\/encontro-nacional-de-seconcis-acontece-nos-dias-25-26-e-28-de-outubro\/\" \/>\n<meta property=\"og:locale\" content=\"pt_PT\" \/>\n<meta property=\"og:type\" content=\"article\" \/>\n<meta property=\"og:title\" content=\"Encontro Nacional de Seconcis acontece nos dias 25, 26 e 28 de outubro - Seconci Brasil\" \/>\n<meta property=\"og:description\" content=\"Pelo segundo ano, o evento ser\u00e1 online com participa\u00e7\u00e3o das \u00e1reas t\u00e9cnicas das entidades Assessoria de Comunica\u00e7\u00e3o Social do Seconci Brasil Os Servi\u00e7os Sociais da Ind\u00fastria da Constru\u00e7\u00e3o Civil (SECONCIS) se encontrar\u00e3o nos dias 25, 26 e 28 de outubro, de forma online e presencial para a realiza\u00e7\u00e3o do Encontro Nacional de SECONCIs (ENSE). O [&hellip;]\" \/>\n<meta property=\"og:url\" content=\"https:\/\/seconci.com.br\/site\/2021\/10\/20\/encontro-nacional-de-seconcis-acontece-nos-dias-25-26-e-28-de-outubro\/\" \/>\n<meta property=\"og:site_name\" content=\"Seconci Brasil\" \/>\n<meta property=\"article:published_time\" content=\"2021-10-20T16:47:23+00:00\" \/>\n<meta property=\"article:modified_time\" content=\"2021-10-22T14:48:46+00:00\" \/>\n<meta property=\"og:image\" content=\"https:\/\/seconci.com.br\/site\/wp-content\/uploads\/2021\/10\/CARD-GERAL.png\" \/>\n\t<meta property=\"og:image:width\" content=\"940\" \/>\n\t<meta property=\"og:image:height\" content=\"788\" \/>\n\t<meta property=\"og:image:type\" content=\"image\/png\" \/>\n<meta name=\"author\" content=\"Sidney Rocha\" \/>\n<meta name=\"twitter:card\" content=\"summary_large_image\" \/>\n<meta name=\"twitter:label1\" content=\"Escrito por\" \/>\n\t<meta name=\"twitter:data1\" content=\"Sidney Rocha\" \/>\n\t<meta name=\"twitter:label2\" content=\"Tempo estimado de leitura\" \/>\n\t<meta name=\"twitter:data2\" content=\"4 minutos\" \/>\n<script type=\"application\/ld+json\" class=\"yoast-schema-graph\">{\"@context\":\"https:\/\/schema.org\",\"@graph\":[{\"@type\":\"Article\",\"@id\":\"https:\/\/seconci.com.br\/site\/2021\/10\/20\/encontro-nacional-de-seconcis-acontece-nos-dias-25-26-e-28-de-outubro\/#article\",\"isPartOf\":{\"@id\":\"https:\/\/seconci.com.br\/site\/2021\/10\/20\/encontro-nacional-de-seconcis-acontece-nos-dias-25-26-e-28-de-outubro\/\"},\"author\":{\"name\":\"Sidney Rocha\",\"@id\":\"https:\/\/seconci.com.br\/site\/#\/schema\/person\/1d79afd97ddc8f2c68c1e88e298aa8e2\"},\"headline\":\"Encontro Nacional de Seconcis acontece nos dias 25, 26 e 28 de outubro\",\"datePublished\":\"2021-10-20T16:47:23+00:00\",\"dateModified\":\"2021-10-22T14:48:46+00:00\",\"mainEntityOfPage\":{\"@id\":\"https:\/\/seconci.com.br\/site\/2021\/10\/20\/encontro-nacional-de-seconcis-acontece-nos-dias-25-26-e-28-de-outubro\/\"},\"wordCount\":743,\"publisher\":{\"@id\":\"https:\/\/seconci.com.br\/site\/#organization\"},\"image\":{\"@id\":\"https:\/\/seconci.com.br\/site\/2021\/10\/20\/encontro-nacional-de-seconcis-acontece-nos-dias-25-26-e-28-de-outubro\/#primaryimage\"},\"thumbnailUrl\":\"https:\/\/seconci.com.br\/site\/wp-content\/uploads\/2021\/10\/CARD-GERAL.png\",\"articleSection\":[\"Seconci Brasil\"],\"inLanguage\":\"pt-PT\"},{\"@type\":\"WebPage\",\"@id\":\"https:\/\/seconci.com.br\/site\/2021\/10\/20\/encontro-nacional-de-seconcis-acontece-nos-dias-25-26-e-28-de-outubro\/\",\"url\":\"https:\/\/seconci.com.br\/site\/2021\/10\/20\/encontro-nacional-de-seconcis-acontece-nos-dias-25-26-e-28-de-outubro\/\",\"name\":\"Encontro Nacional de Seconcis acontece nos dias 25, 26 e 28 de outubro - Seconci Brasil\",\"isPartOf\":{\"@id\":\"https:\/\/seconci.com.br\/site\/#website\"},\"primaryImageOfPage\":{\"@id\":\"https:\/\/seconci.com.br\/site\/2021\/10\/20\/encontro-nacional-de-seconcis-acontece-nos-dias-25-26-e-28-de-outubro\/#primaryimage\"},\"image\":{\"@id\":\"https:\/\/seconci.com.br\/site\/2021\/10\/20\/encontro-nacional-de-seconcis-acontece-nos-dias-25-26-e-28-de-outubro\/#primaryimage\"},\"thumbnailUrl\":\"https:\/\/seconci.com.br\/site\/wp-content\/uploads\/2021\/10\/CARD-GERAL.png\",\"datePublished\":\"2021-10-20T16:47:23+00:00\",\"dateModified\":\"2021-10-22T14:48:46+00:00\",\"breadcrumb\":{\"@id\":\"https:\/\/seconci.com.br\/site\/2021\/10\/20\/encontro-nacional-de-seconcis-acontece-nos-dias-25-26-e-28-de-outubro\/#breadcrumb\"},\"inLanguage\":\"pt-PT\",\"potentialAction\":[{\"@type\":\"ReadAction\",\"target\":[\"https:\/\/seconci.com.br\/site\/2021\/10\/20\/encontro-nacional-de-seconcis-acontece-nos-dias-25-26-e-28-de-outubro\/\"]}]},{\"@type\":\"ImageObject\",\"inLanguage\":\"pt-PT\",\"@id\":\"https:\/\/seconci.com.br\/site\/2021\/10\/20\/encontro-nacional-de-seconcis-acontece-nos-dias-25-26-e-28-de-outubro\/#primaryimage\",\"url\":\"https:\/\/seconci.com.br\/site\/wp-content\/uploads\/2021\/10\/CARD-GERAL.png\",\"contentUrl\":\"https:\/\/seconci.com.br\/site\/wp-content\/uploads\/2021\/10\/CARD-GERAL.png\",\"width\":940,\"height\":788},{\"@type\":\"BreadcrumbList\",\"@id\":\"https:\/\/seconci.com.br\/site\/2021\/10\/20\/encontro-nacional-de-seconcis-acontece-nos-dias-25-26-e-28-de-outubro\/#breadcrumb\",\"itemListElement\":[{\"@type\":\"ListItem\",\"position\":1,\"name\":\"In\u00edcio\",\"item\":\"https:\/\/seconci.com.br\/site\/\"},{\"@type\":\"ListItem\",\"position\":2,\"name\":\"Encontro Nacional de Seconcis acontece nos dias 25, 26 e 28 de outubro\"}]},{\"@type\":\"WebSite\",\"@id\":\"https:\/\/seconci.com.br\/site\/#website\",\"url\":\"https:\/\/seconci.com.br\/site\/\",\"name\":\"Seconci Brasil\",\"description\":\"\",\"publisher\":{\"@id\":\"https:\/\/seconci.com.br\/site\/#organization\"},\"potentialAction\":[{\"@type\":\"SearchAction\",\"target\":{\"@type\":\"EntryPoint\",\"urlTemplate\":\"https:\/\/seconci.com.br\/site\/?s={search_term_string}\"},\"query-input\":{\"@type\":\"PropertyValueSpecification\",\"valueRequired\":true,\"valueName\":\"search_term_string\"}}],\"inLanguage\":\"pt-PT\"},{\"@type\":\"Organization\",\"@id\":\"https:\/\/seconci.com.br\/site\/#organization\",\"name\":\"Seconci Brasil\",\"url\":\"https:\/\/seconci.com.br\/site\/\",\"logo\":{\"@type\":\"ImageObject\",\"inLanguage\":\"pt-PT\",\"@id\":\"https:\/\/seconci.com.br\/site\/#\/schema\/logo\/image\/\",\"url\":\"https:\/\/seconci.com.br\/site\/wp-content\/uploads\/2024\/08\/Logo-Seconci-Brasil-branca-2.png\",\"contentUrl\":\"https:\/\/seconci.com.br\/site\/wp-content\/uploads\/2024\/08\/Logo-Seconci-Brasil-branca-2.png\",\"width\":1315,\"height\":598,\"caption\":\"Seconci Brasil\"},\"image\":{\"@id\":\"https:\/\/seconci.com.br\/site\/#\/schema\/logo\/image\/\"}},{\"@type\":\"Person\",\"@id\":\"https:\/\/seconci.com.br\/site\/#\/schema\/person\/1d79afd97ddc8f2c68c1e88e298aa8e2\",\"name\":\"Sidney Rocha\",\"description\":\"Comunicador e estagi\u00e1rio do Seconci Brasil.\",\"url\":\"https:\/\/seconci.com.br\/site\/author\/sidney-rocha\/\"}]}<\/script>\n<!-- \/ Yoast SEO plugin. -->","yoast_head_json":{"title":"Encontro Nacional de Seconcis acontece nos dias 25, 26 e 28 de outubro - Seconci Brasil","robots":{"index":"index","follow":"follow","max-snippet":"max-snippet:-1","max-image-preview":"max-image-preview:large","max-video-preview":"max-video-preview:-1"},"canonical":"https:\/\/seconci.com.br\/site\/2021\/10\/20\/encontro-nacional-de-seconcis-acontece-nos-dias-25-26-e-28-de-outubro\/","og_locale":"pt_PT","og_type":"article","og_title":"Encontro Nacional de Seconcis acontece nos dias 25, 26 e 28 de outubro - Seconci Brasil","og_description":"Pelo segundo ano, o evento ser\u00e1 online com participa\u00e7\u00e3o das \u00e1reas t\u00e9cnicas das entidades Assessoria de Comunica\u00e7\u00e3o Social do Seconci Brasil Os Servi\u00e7os Sociais da Ind\u00fastria da Constru\u00e7\u00e3o Civil (SECONCIS) se encontrar\u00e3o nos dias 25, 26 e 28 de outubro, de forma online e presencial para a realiza\u00e7\u00e3o do Encontro Nacional de SECONCIs (ENSE). O [&hellip;]","og_url":"https:\/\/seconci.com.br\/site\/2021\/10\/20\/encontro-nacional-de-seconcis-acontece-nos-dias-25-26-e-28-de-outubro\/","og_site_name":"Seconci Brasil","article_published_time":"2021-10-20T16:47:23+00:00","article_modified_time":"2021-10-22T14:48:46+00:00","og_image":[{"width":940,"height":788,"url":"https:\/\/seconci.com.br\/site\/wp-content\/uploads\/2021\/10\/CARD-GERAL.png","type":"image\/png"}],"author":"Sidney Rocha","twitter_card":"summary_large_image","twitter_misc":{"Escrito por":"Sidney Rocha","Tempo estimado de leitura":"4 minutos"},"schema":{"@context":"https:\/\/schema.org","@graph":[{"@type":"Article","@id":"https:\/\/seconci.com.br\/site\/2021\/10\/20\/encontro-nacional-de-seconcis-acontece-nos-dias-25-26-e-28-de-outubro\/#article","isPartOf":{"@id":"https:\/\/seconci.com.br\/site\/2021\/10\/20\/encontro-nacional-de-seconcis-acontece-nos-dias-25-26-e-28-de-outubro\/"},"author":{"name":"Sidney Rocha","@id":"https:\/\/seconci.com.br\/site\/#\/schema\/person\/1d79afd97ddc8f2c68c1e88e298aa8e2"},"headline":"Encontro Nacional de Seconcis acontece nos dias 25, 26 e 28 de outubro","datePublished":"2021-10-20T16:47:23+00:00","dateModified":"2021-10-22T14:48:46+00:00","mainEntityOfPage":{"@id":"https:\/\/seconci.com.br\/site\/2021\/10\/20\/encontro-nacional-de-seconcis-acontece-nos-dias-25-26-e-28-de-outubro\/"},"wordCount":743,"publisher":{"@id":"https:\/\/seconci.com.br\/site\/#organization"},"image":{"@id":"https:\/\/seconci.com.br\/site\/2021\/10\/20\/encontro-nacional-de-seconcis-acontece-nos-dias-25-26-e-28-de-outubro\/#primaryimage"},"thumbnailUrl":"https:\/\/seconci.com.br\/site\/wp-content\/uploads\/2021\/10\/CARD-GERAL.png","articleSection":["Seconci Brasil"],"inLanguage":"pt-PT"},{"@type":"WebPage","@id":"https:\/\/seconci.com.br\/site\/2021\/10\/20\/encontro-nacional-de-seconcis-acontece-nos-dias-25-26-e-28-de-outubro\/","url":"https:\/\/seconci.com.br\/site\/2021\/10\/20\/encontro-nacional-de-seconcis-acontece-nos-dias-25-26-e-28-de-outubro\/","name":"Encontro Nacional de Seconcis acontece nos dias 25, 26 e 28 de outubro - Seconci Brasil","isPartOf":{"@id":"https:\/\/seconci.com.br\/site\/#website"},"primaryImageOfPage":{"@id":"https:\/\/seconci.com.br\/site\/2021\/10\/20\/encontro-nacional-de-seconcis-acontece-nos-dias-25-26-e-28-de-outubro\/#primaryimage"},"image":{"@id":"https:\/\/seconci.com.br\/site\/2021\/10\/20\/encontro-nacional-de-seconcis-acontece-nos-dias-25-26-e-28-de-outubro\/#primaryimage"},"thumbnailUrl":"https:\/\/seconci.com.br\/site\/wp-content\/uploads\/2021\/10\/CARD-GERAL.png","datePublished":"2021-10-20T16:47:23+00:00","dateModified":"2021-10-22T14:48:46+00:00","breadcrumb":{"@id":"https:\/\/seconci.com.br\/site\/2021\/10\/20\/encontro-nacional-de-seconcis-acontece-nos-dias-25-26-e-28-de-outubro\/#breadcrumb"},"inLanguage":"pt-PT","potentialAction":[{"@type":"ReadAction","target":["https:\/\/seconci.com.br\/site\/2021\/10\/20\/encontro-nacional-de-seconcis-acontece-nos-dias-25-26-e-28-de-outubro\/"]}]},{"@type":"ImageObject","inLanguage":"pt-PT","@id":"https:\/\/seconci.com.br\/site\/2021\/10\/20\/encontro-nacional-de-seconcis-acontece-nos-dias-25-26-e-28-de-outubro\/#primaryimage","url":"https:\/\/seconci.com.br\/site\/wp-content\/uploads\/2021\/10\/CARD-GERAL.png","contentUrl":"https:\/\/seconci.com.br\/site\/wp-content\/uploads\/2021\/10\/CARD-GERAL.png","width":940,"height":788},{"@type":"BreadcrumbList","@id":"https:\/\/seconci.com.br\/site\/2021\/10\/20\/encontro-nacional-de-seconcis-acontece-nos-dias-25-26-e-28-de-outubro\/#breadcrumb","itemListElement":[{"@type":"ListItem","position":1,"name":"In\u00edcio","item":"https:\/\/seconci.com.br\/site\/"},{"@type":"ListItem","position":2,"name":"Encontro Nacional de Seconcis acontece nos dias 25, 26 e 28 de outubro"}]},{"@type":"WebSite","@id":"https:\/\/seconci.com.br\/site\/#website","url":"https:\/\/seconci.com.br\/site\/","name":"Seconci Brasil","description":"","publisher":{"@id":"https:\/\/seconci.com.br\/site\/#organization"},"potentialAction":[{"@type":"SearchAction","target":{"@type":"EntryPoint","urlTemplate":"https:\/\/seconci.com.br\/site\/?s={search_term_string}"},"query-input":{"@type":"PropertyValueSpecification","valueRequired":true,"valueName":"search_term_string"}}],"inLanguage":"pt-PT"},{"@type":"Organization","@id":"https:\/\/seconci.com.br\/site\/#organization","name":"Seconci Brasil","url":"https:\/\/seconci.com.br\/site\/","logo":{"@type":"ImageObject","inLanguage":"pt-PT","@id":"https:\/\/seconci.com.br\/site\/#\/schema\/logo\/image\/","url":"https:\/\/seconci.com.br\/site\/wp-content\/uploads\/2024\/08\/Logo-Seconci-Brasil-branca-2.png","contentUrl":"https:\/\/seconci.com.br\/site\/wp-content\/uploads\/2024\/08\/Logo-Seconci-Brasil-branca-2.png","width":1315,"height":598,"caption":"Seconci Brasil"},"image":{"@id":"https:\/\/seconci.com.br\/site\/#\/schema\/logo\/image\/"}},{"@type":"Person","@id":"https:\/\/seconci.com.br\/site\/#\/schema\/person\/1d79afd97ddc8f2c68c1e88e298aa8e2","name":"Sidney Rocha","description":"Comunicador e estagi\u00e1rio do Seconci Brasil.","url":"https:\/\/seconci.com.br\/site\/author\/sidney-rocha\/"}]}},"_links":{"self":[{"href":"https:\/\/seconci.com.br\/site\/wp-json\/wp\/v2\/posts\/11234","targetHints":{"allow":["GET"]}}],"collection":[{"href":"https:\/\/seconci.com.br\/site\/wp-json\/wp\/v2\/posts"}],"about":[{"href":"https:\/\/seconci.com.br\/site\/wp-json\/wp\/v2\/types\/post"}],"author":[{"embeddable":true,"href":"https:\/\/seconci.com.br\/site\/wp-json\/wp\/v2\/users\/3"}],"replies":[{"embeddable":true,"href":"https:\/\/seconci.com.br\/site\/wp-json\/wp\/v2\/comments?post=11234"}],"version-history":[{"count":0,"href":"https:\/\/seconci.com.br\/site\/wp-json\/wp\/v2\/posts\/11234\/revisions"}],"wp:featuredmedia":[{"embeddable":true,"href":"https:\/\/seconci.com.br\/site\/wp-json\/wp\/v2\/media\/11282"}],"wp:attachment":[{"href":"https:\/\/seconci.com.br\/site\/wp-json\/wp\/v2\/media?parent=11234"}],"wp:term":[{"taxonomy":"category","embeddable":true,"href":"https:\/\/seconci.com.br\/site\/wp-json\/wp\/v2\/categories?post=11234"},{"taxonomy":"post_tag","embeddable":true,"href":"https:\/\/seconci.com.br\/site\/wp-json\/wp\/v2\/tags?post=11234"}],"curies":[{"name":"wp","href":"https:\/\/api.w.org\/{rel}","templated":true}]}}