{"id":11453,"date":"2022-01-19T17:36:25","date_gmt":"2022-01-19T17:36:25","guid":{"rendered":"https:\/\/seconci.com.br\/site\/?p=11453"},"modified":"2022-01-19T17:36:25","modified_gmt":"2022-01-19T17:36:25","slug":"nr-17-orienta-empresas-a-avaliarem-condicoes-de-trabalho-em-dois-niveis","status":"publish","type":"post","link":"https:\/\/seconci.com.br\/site\/2022\/01\/19\/nr-17-orienta-empresas-a-avaliarem-condicoes-de-trabalho-em-dois-niveis\/","title":{"rendered":"NR-17 orienta empresas a avaliarem condi\u00e7\u00f5es de trabalho em dois n\u00edveis"},"content":{"rendered":"<p>A nova Norma Regulamentadora n\u00ba 17 (NR-17) estabelece que as organiza\u00e7\u00f5es devem realizar avalia\u00e7\u00f5es das condi\u00e7\u00f5es de trabalho em dois n\u00edveis: Avalia\u00e7\u00e3o Ergon\u00f4mica Preliminar (AEP) e An\u00e1lise Ergon\u00f4mica do Trabalho (AET).<\/p>\n<p>A Comiss\u00e3o de Pol\u00edticas de Rela\u00e7\u00f5es Trabalhistas (CPRT) da C\u00e2mara Brasileira da Ind\u00fastria da Constru\u00e7\u00e3o (CBIC) ressalta que a Avali\u00e7\u00e3o Ergon\u00f4mica Preliminar deve ser realizada com o objetivo de subsidiar a implementa\u00e7\u00e3o das medidas de preven\u00e7\u00e3o e adequa\u00e7\u00f5es necess\u00e1rias e pode ser contemplada nas etapas de identifica\u00e7\u00e3o de perigos e de avalia\u00e7\u00e3o dos riscos da NR-01.<\/p>\n<p>J\u00e1 a An\u00e1lise Ergon\u00f4mica do Trabalho deve ser realizada pela organiza\u00e7\u00e3o quando observada a necessidade de uma avalia\u00e7\u00e3o mais aprofundada; identificadas inadequa\u00e7\u00f5es ou insufici\u00eancia das a\u00e7\u00f5es adotadas.<\/p>\n<p>Microempresas (ME) e Empresas de Pequeno Porte (EPP) de graus de risco 1 e 2 e com algumas restri\u00e7\u00f5es e o Microempreendedor Individual (MEI) n\u00e3o s\u00e3o obrigadas a elaborar a AET, mas devem cumprir a nova Norma.<\/p>\n<p>O assunto tem interface com o projeto\u00a0<strong>\u201cElabora\u00e7\u00e3o e Atualiza\u00e7\u00e3o de Conte\u00fados Informativos\/Orientativos para a Ind\u00fastria da Constru\u00e7\u00e3o\u201d\u00a0<\/strong>da Comiss\u00e3o de Pol\u00edticas de Rela\u00e7\u00f5es Trabalhistas (CPRT) da CBIC, em correaliza\u00e7\u00e3o com o Servi\u00e7o Social da Ind\u00fastria (Sesi Nacional).<\/p>\n<p><em>Fonte: Ag\u00eancia CBIC<\/em><\/p>\n","protected":false},"excerpt":{"rendered":"<p>A nova Norma Regulamentadora n\u00ba 17 (NR-17) estabelece que as organiza\u00e7\u00f5es devem realizar avalia\u00e7\u00f5es das condi\u00e7\u00f5es de trabalho em dois n\u00edveis: Avalia\u00e7\u00e3o Ergon\u00f4mica Preliminar (AEP) e An\u00e1lise Ergon\u00f4mica do Trabalho (AET). A Comiss\u00e3o de Pol\u00edticas de Rela\u00e7\u00f5es Trabalhistas (CPRT) da C\u00e2mara Brasileira da Ind\u00fastria da Constru\u00e7\u00e3o (CBIC) ressalta que a Avali\u00e7\u00e3o Ergon\u00f4mica Preliminar deve ser [&hellip;]<\/p>\n","protected":false},"author":3,"featured_media":11454,"comment_status":"closed","ping_status":"closed","sticky":false,"template":"","format":"standard","meta":{"footnotes":""},"categories":[92],"tags":[],"class_list":["post-11453","post","type-post","status-publish","format-standard","has-post-thumbnail","hentry","category-seconci-brasil"],"yoast_head":"<!-- This site is optimized with the Yoast SEO plugin v26.9 - https:\/\/yoast.com\/product\/yoast-seo-wordpress\/ -->\n<title>NR-17 orienta empresas a avaliarem condi\u00e7\u00f5es de trabalho em dois n\u00edveis - Seconci Brasil<\/title>\n<meta name=\"robots\" content=\"index, follow, max-snippet:-1, max-image-preview:large, max-video-preview:-1\" \/>\n<link rel=\"canonical\" href=\"https:\/\/seconci.com.br\/site\/2022\/01\/19\/nr-17-orienta-empresas-a-avaliarem-condicoes-de-trabalho-em-dois-niveis\/\" \/>\n<meta property=\"og:locale\" content=\"pt_PT\" \/>\n<meta property=\"og:type\" content=\"article\" \/>\n<meta property=\"og:title\" content=\"NR-17 orienta empresas a avaliarem condi\u00e7\u00f5es de trabalho em dois n\u00edveis - Seconci Brasil\" \/>\n<meta property=\"og:description\" content=\"A nova Norma Regulamentadora n\u00ba 17 (NR-17) estabelece que as organiza\u00e7\u00f5es devem realizar avalia\u00e7\u00f5es das condi\u00e7\u00f5es de trabalho em dois n\u00edveis: Avalia\u00e7\u00e3o Ergon\u00f4mica Preliminar (AEP) e An\u00e1lise Ergon\u00f4mica do Trabalho (AET). A Comiss\u00e3o de Pol\u00edticas de Rela\u00e7\u00f5es Trabalhistas (CPRT) da C\u00e2mara Brasileira da Ind\u00fastria da Constru\u00e7\u00e3o (CBIC) ressalta que a Avali\u00e7\u00e3o Ergon\u00f4mica Preliminar deve ser [&hellip;]\" \/>\n<meta property=\"og:url\" content=\"https:\/\/seconci.com.br\/site\/2022\/01\/19\/nr-17-orienta-empresas-a-avaliarem-condicoes-de-trabalho-em-dois-niveis\/\" \/>\n<meta property=\"og:site_name\" content=\"Seconci Brasil\" \/>\n<meta property=\"article:published_time\" content=\"2022-01-19T17:36:25+00:00\" \/>\n<meta property=\"og:image\" content=\"https:\/\/seconci.com.br\/site\/wp-content\/uploads\/2022\/01\/r-17.jpg\" \/>\n\t<meta property=\"og:image:width\" content=\"1080\" \/>\n\t<meta property=\"og:image:height\" content=\"597\" \/>\n\t<meta property=\"og:image:type\" content=\"image\/jpeg\" \/>\n<meta name=\"author\" content=\"Sidney Rocha\" \/>\n<meta name=\"twitter:card\" content=\"summary_large_image\" \/>\n<meta name=\"twitter:label1\" content=\"Escrito por\" \/>\n\t<meta name=\"twitter:data1\" content=\"Sidney Rocha\" \/>\n\t<meta name=\"twitter:label2\" content=\"Tempo estimado de leitura\" \/>\n\t<meta name=\"twitter:data2\" content=\"1 minuto\" \/>\n<script type=\"application\/ld+json\" class=\"yoast-schema-graph\">{\"@context\":\"https:\/\/schema.org\",\"@graph\":[{\"@type\":\"Article\",\"@id\":\"https:\/\/seconci.com.br\/site\/2022\/01\/19\/nr-17-orienta-empresas-a-avaliarem-condicoes-de-trabalho-em-dois-niveis\/#article\",\"isPartOf\":{\"@id\":\"https:\/\/seconci.com.br\/site\/2022\/01\/19\/nr-17-orienta-empresas-a-avaliarem-condicoes-de-trabalho-em-dois-niveis\/\"},\"author\":{\"name\":\"Sidney Rocha\",\"@id\":\"https:\/\/seconci.com.br\/site\/#\/schema\/person\/1d79afd97ddc8f2c68c1e88e298aa8e2\"},\"headline\":\"NR-17 orienta empresas a avaliarem condi\u00e7\u00f5es de trabalho em dois n\u00edveis\",\"datePublished\":\"2022-01-19T17:36:25+00:00\",\"mainEntityOfPage\":{\"@id\":\"https:\/\/seconci.com.br\/site\/2022\/01\/19\/nr-17-orienta-empresas-a-avaliarem-condicoes-de-trabalho-em-dois-niveis\/\"},\"wordCount\":247,\"publisher\":{\"@id\":\"https:\/\/seconci.com.br\/site\/#organization\"},\"image\":{\"@id\":\"https:\/\/seconci.com.br\/site\/2022\/01\/19\/nr-17-orienta-empresas-a-avaliarem-condicoes-de-trabalho-em-dois-niveis\/#primaryimage\"},\"thumbnailUrl\":\"https:\/\/seconci.com.br\/site\/wp-content\/uploads\/2022\/01\/r-17.jpg\",\"articleSection\":[\"Seconci Brasil\"],\"inLanguage\":\"pt-PT\"},{\"@type\":\"WebPage\",\"@id\":\"https:\/\/seconci.com.br\/site\/2022\/01\/19\/nr-17-orienta-empresas-a-avaliarem-condicoes-de-trabalho-em-dois-niveis\/\",\"url\":\"https:\/\/seconci.com.br\/site\/2022\/01\/19\/nr-17-orienta-empresas-a-avaliarem-condicoes-de-trabalho-em-dois-niveis\/\",\"name\":\"NR-17 orienta empresas a avaliarem condi\u00e7\u00f5es de trabalho em dois n\u00edveis - Seconci Brasil\",\"isPartOf\":{\"@id\":\"https:\/\/seconci.com.br\/site\/#website\"},\"primaryImageOfPage\":{\"@id\":\"https:\/\/seconci.com.br\/site\/2022\/01\/19\/nr-17-orienta-empresas-a-avaliarem-condicoes-de-trabalho-em-dois-niveis\/#primaryimage\"},\"image\":{\"@id\":\"https:\/\/seconci.com.br\/site\/2022\/01\/19\/nr-17-orienta-empresas-a-avaliarem-condicoes-de-trabalho-em-dois-niveis\/#primaryimage\"},\"thumbnailUrl\":\"https:\/\/seconci.com.br\/site\/wp-content\/uploads\/2022\/01\/r-17.jpg\",\"datePublished\":\"2022-01-19T17:36:25+00:00\",\"breadcrumb\":{\"@id\":\"https:\/\/seconci.com.br\/site\/2022\/01\/19\/nr-17-orienta-empresas-a-avaliarem-condicoes-de-trabalho-em-dois-niveis\/#breadcrumb\"},\"inLanguage\":\"pt-PT\",\"potentialAction\":[{\"@type\":\"ReadAction\",\"target\":[\"https:\/\/seconci.com.br\/site\/2022\/01\/19\/nr-17-orienta-empresas-a-avaliarem-condicoes-de-trabalho-em-dois-niveis\/\"]}]},{\"@type\":\"ImageObject\",\"inLanguage\":\"pt-PT\",\"@id\":\"https:\/\/seconci.com.br\/site\/2022\/01\/19\/nr-17-orienta-empresas-a-avaliarem-condicoes-de-trabalho-em-dois-niveis\/#primaryimage\",\"url\":\"https:\/\/seconci.com.br\/site\/wp-content\/uploads\/2022\/01\/r-17.jpg\",\"contentUrl\":\"https:\/\/seconci.com.br\/site\/wp-content\/uploads\/2022\/01\/r-17.jpg\",\"width\":1080,\"height\":597},{\"@type\":\"BreadcrumbList\",\"@id\":\"https:\/\/seconci.com.br\/site\/2022\/01\/19\/nr-17-orienta-empresas-a-avaliarem-condicoes-de-trabalho-em-dois-niveis\/#breadcrumb\",\"itemListElement\":[{\"@type\":\"ListItem\",\"position\":1,\"name\":\"In\u00edcio\",\"item\":\"https:\/\/seconci.com.br\/site\/\"},{\"@type\":\"ListItem\",\"position\":2,\"name\":\"NR-17 orienta empresas a avaliarem condi\u00e7\u00f5es de trabalho em dois n\u00edveis\"}]},{\"@type\":\"WebSite\",\"@id\":\"https:\/\/seconci.com.br\/site\/#website\",\"url\":\"https:\/\/seconci.com.br\/site\/\",\"name\":\"Seconci Brasil\",\"description\":\"\",\"publisher\":{\"@id\":\"https:\/\/seconci.com.br\/site\/#organization\"},\"potentialAction\":[{\"@type\":\"SearchAction\",\"target\":{\"@type\":\"EntryPoint\",\"urlTemplate\":\"https:\/\/seconci.com.br\/site\/?s={search_term_string}\"},\"query-input\":{\"@type\":\"PropertyValueSpecification\",\"valueRequired\":true,\"valueName\":\"search_term_string\"}}],\"inLanguage\":\"pt-PT\"},{\"@type\":\"Organization\",\"@id\":\"https:\/\/seconci.com.br\/site\/#organization\",\"name\":\"Seconci Brasil\",\"url\":\"https:\/\/seconci.com.br\/site\/\",\"logo\":{\"@type\":\"ImageObject\",\"inLanguage\":\"pt-PT\",\"@id\":\"https:\/\/seconci.com.br\/site\/#\/schema\/logo\/image\/\",\"url\":\"https:\/\/seconci.com.br\/site\/wp-content\/uploads\/2024\/08\/Logo-Seconci-Brasil-branca-2.png\",\"contentUrl\":\"https:\/\/seconci.com.br\/site\/wp-content\/uploads\/2024\/08\/Logo-Seconci-Brasil-branca-2.png\",\"width\":1315,\"height\":598,\"caption\":\"Seconci Brasil\"},\"image\":{\"@id\":\"https:\/\/seconci.com.br\/site\/#\/schema\/logo\/image\/\"}},{\"@type\":\"Person\",\"@id\":\"https:\/\/seconci.com.br\/site\/#\/schema\/person\/1d79afd97ddc8f2c68c1e88e298aa8e2\",\"name\":\"Sidney Rocha\",\"description\":\"Comunicador e estagi\u00e1rio do Seconci Brasil.\",\"url\":\"https:\/\/seconci.com.br\/site\/author\/sidney-rocha\/\"}]}<\/script>\n<!-- \/ Yoast SEO plugin. -->","yoast_head_json":{"title":"NR-17 orienta empresas a avaliarem condi\u00e7\u00f5es de trabalho em dois n\u00edveis - Seconci Brasil","robots":{"index":"index","follow":"follow","max-snippet":"max-snippet:-1","max-image-preview":"max-image-preview:large","max-video-preview":"max-video-preview:-1"},"canonical":"https:\/\/seconci.com.br\/site\/2022\/01\/19\/nr-17-orienta-empresas-a-avaliarem-condicoes-de-trabalho-em-dois-niveis\/","og_locale":"pt_PT","og_type":"article","og_title":"NR-17 orienta empresas a avaliarem condi\u00e7\u00f5es de trabalho em dois n\u00edveis - Seconci Brasil","og_description":"A nova Norma Regulamentadora n\u00ba 17 (NR-17) estabelece que as organiza\u00e7\u00f5es devem realizar avalia\u00e7\u00f5es das condi\u00e7\u00f5es de trabalho em dois n\u00edveis: Avalia\u00e7\u00e3o Ergon\u00f4mica Preliminar (AEP) e An\u00e1lise Ergon\u00f4mica do Trabalho (AET). A Comiss\u00e3o de Pol\u00edticas de Rela\u00e7\u00f5es Trabalhistas (CPRT) da C\u00e2mara Brasileira da Ind\u00fastria da Constru\u00e7\u00e3o (CBIC) ressalta que a Avali\u00e7\u00e3o Ergon\u00f4mica Preliminar deve ser [&hellip;]","og_url":"https:\/\/seconci.com.br\/site\/2022\/01\/19\/nr-17-orienta-empresas-a-avaliarem-condicoes-de-trabalho-em-dois-niveis\/","og_site_name":"Seconci Brasil","article_published_time":"2022-01-19T17:36:25+00:00","og_image":[{"width":1080,"height":597,"url":"https:\/\/seconci.com.br\/site\/wp-content\/uploads\/2022\/01\/r-17.jpg","type":"image\/jpeg"}],"author":"Sidney Rocha","twitter_card":"summary_large_image","twitter_misc":{"Escrito por":"Sidney Rocha","Tempo estimado de leitura":"1 minuto"},"schema":{"@context":"https:\/\/schema.org","@graph":[{"@type":"Article","@id":"https:\/\/seconci.com.br\/site\/2022\/01\/19\/nr-17-orienta-empresas-a-avaliarem-condicoes-de-trabalho-em-dois-niveis\/#article","isPartOf":{"@id":"https:\/\/seconci.com.br\/site\/2022\/01\/19\/nr-17-orienta-empresas-a-avaliarem-condicoes-de-trabalho-em-dois-niveis\/"},"author":{"name":"Sidney Rocha","@id":"https:\/\/seconci.com.br\/site\/#\/schema\/person\/1d79afd97ddc8f2c68c1e88e298aa8e2"},"headline":"NR-17 orienta empresas a avaliarem condi\u00e7\u00f5es de trabalho em dois n\u00edveis","datePublished":"2022-01-19T17:36:25+00:00","mainEntityOfPage":{"@id":"https:\/\/seconci.com.br\/site\/2022\/01\/19\/nr-17-orienta-empresas-a-avaliarem-condicoes-de-trabalho-em-dois-niveis\/"},"wordCount":247,"publisher":{"@id":"https:\/\/seconci.com.br\/site\/#organization"},"image":{"@id":"https:\/\/seconci.com.br\/site\/2022\/01\/19\/nr-17-orienta-empresas-a-avaliarem-condicoes-de-trabalho-em-dois-niveis\/#primaryimage"},"thumbnailUrl":"https:\/\/seconci.com.br\/site\/wp-content\/uploads\/2022\/01\/r-17.jpg","articleSection":["Seconci Brasil"],"inLanguage":"pt-PT"},{"@type":"WebPage","@id":"https:\/\/seconci.com.br\/site\/2022\/01\/19\/nr-17-orienta-empresas-a-avaliarem-condicoes-de-trabalho-em-dois-niveis\/","url":"https:\/\/seconci.com.br\/site\/2022\/01\/19\/nr-17-orienta-empresas-a-avaliarem-condicoes-de-trabalho-em-dois-niveis\/","name":"NR-17 orienta empresas a avaliarem condi\u00e7\u00f5es de trabalho em dois n\u00edveis - Seconci Brasil","isPartOf":{"@id":"https:\/\/seconci.com.br\/site\/#website"},"primaryImageOfPage":{"@id":"https:\/\/seconci.com.br\/site\/2022\/01\/19\/nr-17-orienta-empresas-a-avaliarem-condicoes-de-trabalho-em-dois-niveis\/#primaryimage"},"image":{"@id":"https:\/\/seconci.com.br\/site\/2022\/01\/19\/nr-17-orienta-empresas-a-avaliarem-condicoes-de-trabalho-em-dois-niveis\/#primaryimage"},"thumbnailUrl":"https:\/\/seconci.com.br\/site\/wp-content\/uploads\/2022\/01\/r-17.jpg","datePublished":"2022-01-19T17:36:25+00:00","breadcrumb":{"@id":"https:\/\/seconci.com.br\/site\/2022\/01\/19\/nr-17-orienta-empresas-a-avaliarem-condicoes-de-trabalho-em-dois-niveis\/#breadcrumb"},"inLanguage":"pt-PT","potentialAction":[{"@type":"ReadAction","target":["https:\/\/seconci.com.br\/site\/2022\/01\/19\/nr-17-orienta-empresas-a-avaliarem-condicoes-de-trabalho-em-dois-niveis\/"]}]},{"@type":"ImageObject","inLanguage":"pt-PT","@id":"https:\/\/seconci.com.br\/site\/2022\/01\/19\/nr-17-orienta-empresas-a-avaliarem-condicoes-de-trabalho-em-dois-niveis\/#primaryimage","url":"https:\/\/seconci.com.br\/site\/wp-content\/uploads\/2022\/01\/r-17.jpg","contentUrl":"https:\/\/seconci.com.br\/site\/wp-content\/uploads\/2022\/01\/r-17.jpg","width":1080,"height":597},{"@type":"BreadcrumbList","@id":"https:\/\/seconci.com.br\/site\/2022\/01\/19\/nr-17-orienta-empresas-a-avaliarem-condicoes-de-trabalho-em-dois-niveis\/#breadcrumb","itemListElement":[{"@type":"ListItem","position":1,"name":"In\u00edcio","item":"https:\/\/seconci.com.br\/site\/"},{"@type":"ListItem","position":2,"name":"NR-17 orienta empresas a avaliarem condi\u00e7\u00f5es de trabalho em dois n\u00edveis"}]},{"@type":"WebSite","@id":"https:\/\/seconci.com.br\/site\/#website","url":"https:\/\/seconci.com.br\/site\/","name":"Seconci Brasil","description":"","publisher":{"@id":"https:\/\/seconci.com.br\/site\/#organization"},"potentialAction":[{"@type":"SearchAction","target":{"@type":"EntryPoint","urlTemplate":"https:\/\/seconci.com.br\/site\/?s={search_term_string}"},"query-input":{"@type":"PropertyValueSpecification","valueRequired":true,"valueName":"search_term_string"}}],"inLanguage":"pt-PT"},{"@type":"Organization","@id":"https:\/\/seconci.com.br\/site\/#organization","name":"Seconci Brasil","url":"https:\/\/seconci.com.br\/site\/","logo":{"@type":"ImageObject","inLanguage":"pt-PT","@id":"https:\/\/seconci.com.br\/site\/#\/schema\/logo\/image\/","url":"https:\/\/seconci.com.br\/site\/wp-content\/uploads\/2024\/08\/Logo-Seconci-Brasil-branca-2.png","contentUrl":"https:\/\/seconci.com.br\/site\/wp-content\/uploads\/2024\/08\/Logo-Seconci-Brasil-branca-2.png","width":1315,"height":598,"caption":"Seconci Brasil"},"image":{"@id":"https:\/\/seconci.com.br\/site\/#\/schema\/logo\/image\/"}},{"@type":"Person","@id":"https:\/\/seconci.com.br\/site\/#\/schema\/person\/1d79afd97ddc8f2c68c1e88e298aa8e2","name":"Sidney Rocha","description":"Comunicador e estagi\u00e1rio do Seconci Brasil.","url":"https:\/\/seconci.com.br\/site\/author\/sidney-rocha\/"}]}},"_links":{"self":[{"href":"https:\/\/seconci.com.br\/site\/wp-json\/wp\/v2\/posts\/11453","targetHints":{"allow":["GET"]}}],"collection":[{"href":"https:\/\/seconci.com.br\/site\/wp-json\/wp\/v2\/posts"}],"about":[{"href":"https:\/\/seconci.com.br\/site\/wp-json\/wp\/v2\/types\/post"}],"author":[{"embeddable":true,"href":"https:\/\/seconci.com.br\/site\/wp-json\/wp\/v2\/users\/3"}],"replies":[{"embeddable":true,"href":"https:\/\/seconci.com.br\/site\/wp-json\/wp\/v2\/comments?post=11453"}],"version-history":[{"count":0,"href":"https:\/\/seconci.com.br\/site\/wp-json\/wp\/v2\/posts\/11453\/revisions"}],"wp:featuredmedia":[{"embeddable":true,"href":"https:\/\/seconci.com.br\/site\/wp-json\/wp\/v2\/media\/11454"}],"wp:attachment":[{"href":"https:\/\/seconci.com.br\/site\/wp-json\/wp\/v2\/media?parent=11453"}],"wp:term":[{"taxonomy":"category","embeddable":true,"href":"https:\/\/seconci.com.br\/site\/wp-json\/wp\/v2\/categories?post=11453"},{"taxonomy":"post_tag","embeddable":true,"href":"https:\/\/seconci.com.br\/site\/wp-json\/wp\/v2\/tags?post=11453"}],"curies":[{"name":"wp","href":"https:\/\/api.w.org\/{rel}","templated":true}]}}