{"id":11477,"date":"2022-01-28T11:19:24","date_gmt":"2022-01-28T11:19:24","guid":{"rendered":"https:\/\/seconci.com.br\/site\/?p=11477"},"modified":"2022-01-28T11:23:02","modified_gmt":"2022-01-28T11:23:02","slug":"covid-19-portaria-altera-regras-para-afastamento-do-trabalho","status":"publish","type":"post","link":"https:\/\/seconci.com.br\/site\/2022\/01\/28\/covid-19-portaria-altera-regras-para-afastamento-do-trabalho\/","title":{"rendered":"Covid-19: portaria altera regras para afastamento do trabalho"},"content":{"rendered":"<p>Minist\u00e9rio da Sa\u00fade\u00a0publicou,\u00a0no dia 25 de janeiro,\u00a0portaria\u00a0diminuindo de 15 para 10 dias o prazo de afastamento dos trabalhadores com casos confirmados do novo coronav\u00edrus, suspeitos ou que tiveram contato com casos suspeitos. O texto, assinado em conjunto com o Minist\u00e9rio do Trabalho e Previd\u00eancia, diz ainda que o per\u00edodo de afastamento pode ser reduzido para sete dias, caso o funcion\u00e1rio apresente resultado negativo em teste por m\u00e9todo molecular (RT-PCR ou RT-LAMP) ou teste de ant\u00edgeno a partir do quinto dia ap\u00f3s o contato.<\/p>\n<p>A redu\u00e7\u00e3o para sete dias tamb\u00e9m vale para os casos suspeitos desde que o trabalhador esteja sem apresentar febre h\u00e1 24 horas, sem tomar rem\u00e9dios antit\u00e9rmico e com a melhora dos sintomas respirat\u00f3rios.<\/p>\n<p>As novas regras alteram uma portaria\u00a0de junho\u00a0de 2020, que trouxe regras para a ado\u00e7\u00e3o priorit\u00e1ria do regime de teletrabalho, entre outros pontos. O documento atual diz que, na ocorr\u00eancia de casos suspeitos ou confirmados da covid-19, o empregador pode adotar, a seu crit\u00e9rio, o teletrabalho com uma das medidas para evitar aglomera\u00e7\u00f5es.<\/p>\n<p>No caso dos trabalhadores com 60 anos ou mais ou que apresentem condi\u00e7\u00f5es cl\u00ednicas de risco para desenvolvimento de complica\u00e7\u00f5es da covid-19, o texto diz que eles devem receber aten\u00e7\u00e3o especial e tamb\u00e9m coloca a ado\u00e7\u00e3o do trabalho remoto como uma medida alternativa para evitar a contamina\u00e7\u00e3o, a crit\u00e9rio do empregador. Antes, a indica\u00e7\u00e3o do governo era de que o trabalho remoto deveria ser priorizado.<\/p>\n<p>Pela portaria, as empresas devem prestar informa\u00e7\u00f5es sobre formas de preven\u00e7\u00e3o da doen\u00e7a, como o distanciamento social, e refor\u00e7ar a necessidade de procedimentos de higieniza\u00e7\u00e3o correta e frequente das m\u00e3os com utiliza\u00e7\u00e3o de \u00e1gua e sabonete ou, caso n\u00e3o seja poss\u00edvel a lavagem das m\u00e3os, com sanitizante adequado como \u00e1lcool a 70%.<\/p>\n<p>As empresas tamb\u00e9m devem disponibilizar recursos para a higieniza\u00e7\u00e3o das m\u00e3os pr\u00f3ximos aos locais de trabalho, inclu\u00eddo \u00e1gua, sabonete l\u00edquido, toalha de papel descart\u00e1vel e lixeira, cuja abertura n\u00e3o demande contato manual, ou sanitizante adequado para as m\u00e3os, como \u00e1lcool a 70%.<\/p>\n<p>O texto diz que as empresas devem adotar medidas para evitar aglomera\u00e7\u00f5es nos ambientes de trabalho, como a manuten\u00e7\u00e3o da dist\u00e2ncia m\u00ednima de um metro entre os trabalhadores e entre os trabalhadores e o p\u00fablico e o\u00a0uso de m\u00e1scara.<\/p>\n<p>A portaria determina ainda que as empresas devem manter registro atualizado \u00e0 disposi\u00e7\u00e3o dos \u00f3rg\u00e3os de fiscaliza\u00e7\u00e3o das medidas tomadas para a adequa\u00e7\u00e3o dos ambientes de trabalho para a preven\u00e7\u00e3o da covid-19 e tamb\u00e9m dos casos suspeitos; casos confirmados; trabalhadores que tiveram contato com casos confirmados no ambiente de trabalho.<\/p>\n<p>Nessa \u00faltima situa\u00e7\u00e3o, os trabalhadores que tiveram contato pr\u00f3ximo de caso suspeito da covid-19 \u201cdevem ser informados sobre o caso e orientados a relatar imediatamente \u00e0 organiza\u00e7\u00e3o o surgimento de qualquer sinal ou sintoma relacionado \u00e0 doen\u00e7a\u201d.<\/p>\n<p>Confira a \u00edntegra da Portaria:\u00a0<a href=\"https:\/\/www.in.gov.br\/en\/web\/dou\/-\/portaria-interministerial-mtp\/ms-n-14-de-20-de-janeiro-de-2022-375794121\"><strong>clique aqui<\/strong><\/a><\/p>\n<p><em>Fonte: Ag\u00eancia Brasil<\/em><\/p>\n","protected":false},"excerpt":{"rendered":"<p>Minist\u00e9rio da Sa\u00fade\u00a0publicou,\u00a0no dia 25 de janeiro,\u00a0portaria\u00a0diminuindo de 15 para 10 dias o prazo de afastamento dos trabalhadores com casos confirmados do novo coronav\u00edrus, suspeitos ou que tiveram contato com casos suspeitos. O texto, assinado em conjunto com o Minist\u00e9rio do Trabalho e Previd\u00eancia, diz ainda que o per\u00edodo de afastamento pode ser reduzido para [&hellip;]<\/p>\n","protected":false},"author":3,"featured_media":11481,"comment_status":"closed","ping_status":"closed","sticky":false,"template":"","format":"standard","meta":{"footnotes":""},"categories":[92],"tags":[],"class_list":["post-11477","post","type-post","status-publish","format-standard","has-post-thumbnail","hentry","category-seconci-brasil"],"yoast_head":"<!-- This site is optimized with the Yoast SEO plugin v26.9 - https:\/\/yoast.com\/product\/yoast-seo-wordpress\/ -->\n<title>Covid-19: portaria altera regras para afastamento do trabalho - Seconci Brasil<\/title>\n<meta name=\"robots\" content=\"index, follow, max-snippet:-1, max-image-preview:large, max-video-preview:-1\" \/>\n<link rel=\"canonical\" href=\"https:\/\/seconci.com.br\/site\/2022\/01\/28\/covid-19-portaria-altera-regras-para-afastamento-do-trabalho\/\" \/>\n<meta property=\"og:locale\" content=\"pt_PT\" \/>\n<meta property=\"og:type\" content=\"article\" \/>\n<meta property=\"og:title\" content=\"Covid-19: portaria altera regras para afastamento do trabalho - Seconci Brasil\" \/>\n<meta property=\"og:description\" content=\"Minist\u00e9rio da Sa\u00fade\u00a0publicou,\u00a0no dia 25 de janeiro,\u00a0portaria\u00a0diminuindo de 15 para 10 dias o prazo de afastamento dos trabalhadores com casos confirmados do novo coronav\u00edrus, suspeitos ou que tiveram contato com casos suspeitos. O texto, assinado em conjunto com o Minist\u00e9rio do Trabalho e Previd\u00eancia, diz ainda que o per\u00edodo de afastamento pode ser reduzido para [&hellip;]\" \/>\n<meta property=\"og:url\" content=\"https:\/\/seconci.com.br\/site\/2022\/01\/28\/covid-19-portaria-altera-regras-para-afastamento-do-trabalho\/\" \/>\n<meta property=\"og:site_name\" content=\"Seconci Brasil\" \/>\n<meta property=\"article:published_time\" content=\"2022-01-28T11:19:24+00:00\" \/>\n<meta property=\"article:modified_time\" content=\"2022-01-28T11:23:02+00:00\" \/>\n<meta property=\"og:image\" content=\"https:\/\/seconci.com.br\/site\/wp-content\/uploads\/2022\/01\/new-normal-office-with-face-mask.jpg\" \/>\n\t<meta property=\"og:image:width\" content=\"6103\" \/>\n\t<meta property=\"og:image:height\" content=\"4069\" \/>\n\t<meta property=\"og:image:type\" content=\"image\/jpeg\" \/>\n<meta name=\"author\" content=\"Sidney Rocha\" \/>\n<meta name=\"twitter:card\" content=\"summary_large_image\" \/>\n<meta name=\"twitter:label1\" content=\"Escrito por\" \/>\n\t<meta name=\"twitter:data1\" content=\"Sidney Rocha\" \/>\n\t<meta name=\"twitter:label2\" content=\"Tempo estimado de leitura\" \/>\n\t<meta name=\"twitter:data2\" content=\"3 minutos\" \/>\n<script type=\"application\/ld+json\" class=\"yoast-schema-graph\">{\"@context\":\"https:\/\/schema.org\",\"@graph\":[{\"@type\":\"Article\",\"@id\":\"https:\/\/seconci.com.br\/site\/2022\/01\/28\/covid-19-portaria-altera-regras-para-afastamento-do-trabalho\/#article\",\"isPartOf\":{\"@id\":\"https:\/\/seconci.com.br\/site\/2022\/01\/28\/covid-19-portaria-altera-regras-para-afastamento-do-trabalho\/\"},\"author\":{\"name\":\"Sidney Rocha\",\"@id\":\"https:\/\/seconci.com.br\/site\/#\/schema\/person\/1d79afd97ddc8f2c68c1e88e298aa8e2\"},\"headline\":\"Covid-19: portaria altera regras para afastamento do trabalho\",\"datePublished\":\"2022-01-28T11:19:24+00:00\",\"dateModified\":\"2022-01-28T11:23:02+00:00\",\"mainEntityOfPage\":{\"@id\":\"https:\/\/seconci.com.br\/site\/2022\/01\/28\/covid-19-portaria-altera-regras-para-afastamento-do-trabalho\/\"},\"wordCount\":532,\"publisher\":{\"@id\":\"https:\/\/seconci.com.br\/site\/#organization\"},\"image\":{\"@id\":\"https:\/\/seconci.com.br\/site\/2022\/01\/28\/covid-19-portaria-altera-regras-para-afastamento-do-trabalho\/#primaryimage\"},\"thumbnailUrl\":\"https:\/\/seconci.com.br\/site\/wp-content\/uploads\/2022\/01\/new-normal-office-with-face-mask.jpg\",\"articleSection\":[\"Seconci Brasil\"],\"inLanguage\":\"pt-PT\"},{\"@type\":\"WebPage\",\"@id\":\"https:\/\/seconci.com.br\/site\/2022\/01\/28\/covid-19-portaria-altera-regras-para-afastamento-do-trabalho\/\",\"url\":\"https:\/\/seconci.com.br\/site\/2022\/01\/28\/covid-19-portaria-altera-regras-para-afastamento-do-trabalho\/\",\"name\":\"Covid-19: portaria altera regras para afastamento do trabalho - Seconci Brasil\",\"isPartOf\":{\"@id\":\"https:\/\/seconci.com.br\/site\/#website\"},\"primaryImageOfPage\":{\"@id\":\"https:\/\/seconci.com.br\/site\/2022\/01\/28\/covid-19-portaria-altera-regras-para-afastamento-do-trabalho\/#primaryimage\"},\"image\":{\"@id\":\"https:\/\/seconci.com.br\/site\/2022\/01\/28\/covid-19-portaria-altera-regras-para-afastamento-do-trabalho\/#primaryimage\"},\"thumbnailUrl\":\"https:\/\/seconci.com.br\/site\/wp-content\/uploads\/2022\/01\/new-normal-office-with-face-mask.jpg\",\"datePublished\":\"2022-01-28T11:19:24+00:00\",\"dateModified\":\"2022-01-28T11:23:02+00:00\",\"breadcrumb\":{\"@id\":\"https:\/\/seconci.com.br\/site\/2022\/01\/28\/covid-19-portaria-altera-regras-para-afastamento-do-trabalho\/#breadcrumb\"},\"inLanguage\":\"pt-PT\",\"potentialAction\":[{\"@type\":\"ReadAction\",\"target\":[\"https:\/\/seconci.com.br\/site\/2022\/01\/28\/covid-19-portaria-altera-regras-para-afastamento-do-trabalho\/\"]}]},{\"@type\":\"ImageObject\",\"inLanguage\":\"pt-PT\",\"@id\":\"https:\/\/seconci.com.br\/site\/2022\/01\/28\/covid-19-portaria-altera-regras-para-afastamento-do-trabalho\/#primaryimage\",\"url\":\"https:\/\/seconci.com.br\/site\/wp-content\/uploads\/2022\/01\/new-normal-office-with-face-mask.jpg\",\"contentUrl\":\"https:\/\/seconci.com.br\/site\/wp-content\/uploads\/2022\/01\/new-normal-office-with-face-mask.jpg\",\"width\":6103,\"height\":4069},{\"@type\":\"BreadcrumbList\",\"@id\":\"https:\/\/seconci.com.br\/site\/2022\/01\/28\/covid-19-portaria-altera-regras-para-afastamento-do-trabalho\/#breadcrumb\",\"itemListElement\":[{\"@type\":\"ListItem\",\"position\":1,\"name\":\"In\u00edcio\",\"item\":\"https:\/\/seconci.com.br\/site\/\"},{\"@type\":\"ListItem\",\"position\":2,\"name\":\"Covid-19: portaria altera regras para afastamento do trabalho\"}]},{\"@type\":\"WebSite\",\"@id\":\"https:\/\/seconci.com.br\/site\/#website\",\"url\":\"https:\/\/seconci.com.br\/site\/\",\"name\":\"Seconci Brasil\",\"description\":\"\",\"publisher\":{\"@id\":\"https:\/\/seconci.com.br\/site\/#organization\"},\"potentialAction\":[{\"@type\":\"SearchAction\",\"target\":{\"@type\":\"EntryPoint\",\"urlTemplate\":\"https:\/\/seconci.com.br\/site\/?s={search_term_string}\"},\"query-input\":{\"@type\":\"PropertyValueSpecification\",\"valueRequired\":true,\"valueName\":\"search_term_string\"}}],\"inLanguage\":\"pt-PT\"},{\"@type\":\"Organization\",\"@id\":\"https:\/\/seconci.com.br\/site\/#organization\",\"name\":\"Seconci Brasil\",\"url\":\"https:\/\/seconci.com.br\/site\/\",\"logo\":{\"@type\":\"ImageObject\",\"inLanguage\":\"pt-PT\",\"@id\":\"https:\/\/seconci.com.br\/site\/#\/schema\/logo\/image\/\",\"url\":\"https:\/\/seconci.com.br\/site\/wp-content\/uploads\/2024\/08\/Logo-Seconci-Brasil-branca-2.png\",\"contentUrl\":\"https:\/\/seconci.com.br\/site\/wp-content\/uploads\/2024\/08\/Logo-Seconci-Brasil-branca-2.png\",\"width\":1315,\"height\":598,\"caption\":\"Seconci Brasil\"},\"image\":{\"@id\":\"https:\/\/seconci.com.br\/site\/#\/schema\/logo\/image\/\"}},{\"@type\":\"Person\",\"@id\":\"https:\/\/seconci.com.br\/site\/#\/schema\/person\/1d79afd97ddc8f2c68c1e88e298aa8e2\",\"name\":\"Sidney Rocha\",\"description\":\"Comunicador e estagi\u00e1rio do Seconci Brasil.\",\"url\":\"https:\/\/seconci.com.br\/site\/author\/sidney-rocha\/\"}]}<\/script>\n<!-- \/ Yoast SEO plugin. -->","yoast_head_json":{"title":"Covid-19: portaria altera regras para afastamento do trabalho - Seconci Brasil","robots":{"index":"index","follow":"follow","max-snippet":"max-snippet:-1","max-image-preview":"max-image-preview:large","max-video-preview":"max-video-preview:-1"},"canonical":"https:\/\/seconci.com.br\/site\/2022\/01\/28\/covid-19-portaria-altera-regras-para-afastamento-do-trabalho\/","og_locale":"pt_PT","og_type":"article","og_title":"Covid-19: portaria altera regras para afastamento do trabalho - Seconci Brasil","og_description":"Minist\u00e9rio da Sa\u00fade\u00a0publicou,\u00a0no dia 25 de janeiro,\u00a0portaria\u00a0diminuindo de 15 para 10 dias o prazo de afastamento dos trabalhadores com casos confirmados do novo coronav\u00edrus, suspeitos ou que tiveram contato com casos suspeitos. O texto, assinado em conjunto com o Minist\u00e9rio do Trabalho e Previd\u00eancia, diz ainda que o per\u00edodo de afastamento pode ser reduzido para [&hellip;]","og_url":"https:\/\/seconci.com.br\/site\/2022\/01\/28\/covid-19-portaria-altera-regras-para-afastamento-do-trabalho\/","og_site_name":"Seconci Brasil","article_published_time":"2022-01-28T11:19:24+00:00","article_modified_time":"2022-01-28T11:23:02+00:00","og_image":[{"width":6103,"height":4069,"url":"https:\/\/seconci.com.br\/site\/wp-content\/uploads\/2022\/01\/new-normal-office-with-face-mask.jpg","type":"image\/jpeg"}],"author":"Sidney Rocha","twitter_card":"summary_large_image","twitter_misc":{"Escrito por":"Sidney Rocha","Tempo estimado de leitura":"3 minutos"},"schema":{"@context":"https:\/\/schema.org","@graph":[{"@type":"Article","@id":"https:\/\/seconci.com.br\/site\/2022\/01\/28\/covid-19-portaria-altera-regras-para-afastamento-do-trabalho\/#article","isPartOf":{"@id":"https:\/\/seconci.com.br\/site\/2022\/01\/28\/covid-19-portaria-altera-regras-para-afastamento-do-trabalho\/"},"author":{"name":"Sidney Rocha","@id":"https:\/\/seconci.com.br\/site\/#\/schema\/person\/1d79afd97ddc8f2c68c1e88e298aa8e2"},"headline":"Covid-19: portaria altera regras para afastamento do trabalho","datePublished":"2022-01-28T11:19:24+00:00","dateModified":"2022-01-28T11:23:02+00:00","mainEntityOfPage":{"@id":"https:\/\/seconci.com.br\/site\/2022\/01\/28\/covid-19-portaria-altera-regras-para-afastamento-do-trabalho\/"},"wordCount":532,"publisher":{"@id":"https:\/\/seconci.com.br\/site\/#organization"},"image":{"@id":"https:\/\/seconci.com.br\/site\/2022\/01\/28\/covid-19-portaria-altera-regras-para-afastamento-do-trabalho\/#primaryimage"},"thumbnailUrl":"https:\/\/seconci.com.br\/site\/wp-content\/uploads\/2022\/01\/new-normal-office-with-face-mask.jpg","articleSection":["Seconci Brasil"],"inLanguage":"pt-PT"},{"@type":"WebPage","@id":"https:\/\/seconci.com.br\/site\/2022\/01\/28\/covid-19-portaria-altera-regras-para-afastamento-do-trabalho\/","url":"https:\/\/seconci.com.br\/site\/2022\/01\/28\/covid-19-portaria-altera-regras-para-afastamento-do-trabalho\/","name":"Covid-19: portaria altera regras para afastamento do trabalho - Seconci Brasil","isPartOf":{"@id":"https:\/\/seconci.com.br\/site\/#website"},"primaryImageOfPage":{"@id":"https:\/\/seconci.com.br\/site\/2022\/01\/28\/covid-19-portaria-altera-regras-para-afastamento-do-trabalho\/#primaryimage"},"image":{"@id":"https:\/\/seconci.com.br\/site\/2022\/01\/28\/covid-19-portaria-altera-regras-para-afastamento-do-trabalho\/#primaryimage"},"thumbnailUrl":"https:\/\/seconci.com.br\/site\/wp-content\/uploads\/2022\/01\/new-normal-office-with-face-mask.jpg","datePublished":"2022-01-28T11:19:24+00:00","dateModified":"2022-01-28T11:23:02+00:00","breadcrumb":{"@id":"https:\/\/seconci.com.br\/site\/2022\/01\/28\/covid-19-portaria-altera-regras-para-afastamento-do-trabalho\/#breadcrumb"},"inLanguage":"pt-PT","potentialAction":[{"@type":"ReadAction","target":["https:\/\/seconci.com.br\/site\/2022\/01\/28\/covid-19-portaria-altera-regras-para-afastamento-do-trabalho\/"]}]},{"@type":"ImageObject","inLanguage":"pt-PT","@id":"https:\/\/seconci.com.br\/site\/2022\/01\/28\/covid-19-portaria-altera-regras-para-afastamento-do-trabalho\/#primaryimage","url":"https:\/\/seconci.com.br\/site\/wp-content\/uploads\/2022\/01\/new-normal-office-with-face-mask.jpg","contentUrl":"https:\/\/seconci.com.br\/site\/wp-content\/uploads\/2022\/01\/new-normal-office-with-face-mask.jpg","width":6103,"height":4069},{"@type":"BreadcrumbList","@id":"https:\/\/seconci.com.br\/site\/2022\/01\/28\/covid-19-portaria-altera-regras-para-afastamento-do-trabalho\/#breadcrumb","itemListElement":[{"@type":"ListItem","position":1,"name":"In\u00edcio","item":"https:\/\/seconci.com.br\/site\/"},{"@type":"ListItem","position":2,"name":"Covid-19: portaria altera regras para afastamento do trabalho"}]},{"@type":"WebSite","@id":"https:\/\/seconci.com.br\/site\/#website","url":"https:\/\/seconci.com.br\/site\/","name":"Seconci Brasil","description":"","publisher":{"@id":"https:\/\/seconci.com.br\/site\/#organization"},"potentialAction":[{"@type":"SearchAction","target":{"@type":"EntryPoint","urlTemplate":"https:\/\/seconci.com.br\/site\/?s={search_term_string}"},"query-input":{"@type":"PropertyValueSpecification","valueRequired":true,"valueName":"search_term_string"}}],"inLanguage":"pt-PT"},{"@type":"Organization","@id":"https:\/\/seconci.com.br\/site\/#organization","name":"Seconci Brasil","url":"https:\/\/seconci.com.br\/site\/","logo":{"@type":"ImageObject","inLanguage":"pt-PT","@id":"https:\/\/seconci.com.br\/site\/#\/schema\/logo\/image\/","url":"https:\/\/seconci.com.br\/site\/wp-content\/uploads\/2024\/08\/Logo-Seconci-Brasil-branca-2.png","contentUrl":"https:\/\/seconci.com.br\/site\/wp-content\/uploads\/2024\/08\/Logo-Seconci-Brasil-branca-2.png","width":1315,"height":598,"caption":"Seconci Brasil"},"image":{"@id":"https:\/\/seconci.com.br\/site\/#\/schema\/logo\/image\/"}},{"@type":"Person","@id":"https:\/\/seconci.com.br\/site\/#\/schema\/person\/1d79afd97ddc8f2c68c1e88e298aa8e2","name":"Sidney Rocha","description":"Comunicador e estagi\u00e1rio do Seconci Brasil.","url":"https:\/\/seconci.com.br\/site\/author\/sidney-rocha\/"}]}},"_links":{"self":[{"href":"https:\/\/seconci.com.br\/site\/wp-json\/wp\/v2\/posts\/11477","targetHints":{"allow":["GET"]}}],"collection":[{"href":"https:\/\/seconci.com.br\/site\/wp-json\/wp\/v2\/posts"}],"about":[{"href":"https:\/\/seconci.com.br\/site\/wp-json\/wp\/v2\/types\/post"}],"author":[{"embeddable":true,"href":"https:\/\/seconci.com.br\/site\/wp-json\/wp\/v2\/users\/3"}],"replies":[{"embeddable":true,"href":"https:\/\/seconci.com.br\/site\/wp-json\/wp\/v2\/comments?post=11477"}],"version-history":[{"count":0,"href":"https:\/\/seconci.com.br\/site\/wp-json\/wp\/v2\/posts\/11477\/revisions"}],"wp:featuredmedia":[{"embeddable":true,"href":"https:\/\/seconci.com.br\/site\/wp-json\/wp\/v2\/media\/11481"}],"wp:attachment":[{"href":"https:\/\/seconci.com.br\/site\/wp-json\/wp\/v2\/media?parent=11477"}],"wp:term":[{"taxonomy":"category","embeddable":true,"href":"https:\/\/seconci.com.br\/site\/wp-json\/wp\/v2\/categories?post=11477"},{"taxonomy":"post_tag","embeddable":true,"href":"https:\/\/seconci.com.br\/site\/wp-json\/wp\/v2\/tags?post=11477"}],"curies":[{"name":"wp","href":"https:\/\/api.w.org\/{rel}","templated":true}]}}