{"id":11482,"date":"2022-01-28T11:52:54","date_gmt":"2022-01-28T11:52:54","guid":{"rendered":"https:\/\/seconci.com.br\/site\/?p=11482"},"modified":"2022-01-28T11:52:54","modified_gmt":"2022-01-28T11:52:54","slug":"pesquisa-808-das-empresas-da-construcao-afirmam-impacto-pela-nova-onda-de-covid-19-e-influenza","status":"publish","type":"post","link":"https:\/\/seconci.com.br\/site\/2022\/01\/28\/pesquisa-808-das-empresas-da-construcao-afirmam-impacto-pela-nova-onda-de-covid-19-e-influenza\/","title":{"rendered":"Pesquisa: 80,8% das empresas da constru\u00e7\u00e3o afirmam impacto pela nova onda de Covid-19 e Influenza"},"content":{"rendered":"<p>O avan\u00e7o da \u00f4micron e da influenza vem impactando a ind\u00fastria da constru\u00e7\u00e3o. Pesquisa realizada pela Comiss\u00e3o de Pol\u00edticas de Rela\u00e7\u00f5es Trabalhistas (CPRT) da C\u00e2mara Brasileira da Ind\u00fastria da Constru\u00e7\u00e3o (CBIC) mostrou que 80,8% das empresas do setor foram impactadas pela nova onda de Covid-19 ou Influenza desde o fim de 2021. O dado resulta da pesquisa \u201cCovid e Influenza: impactos na constru\u00e7\u00e3o\u201d, divulgada nesta quinta-feira (27).<\/p>\n<p>Para o presidente da CPRT\/CBIC, Fernando Guedes, a constru\u00e7\u00e3o civil \u00e9 acompanhada pela tend\u00eancia nacional de aumento de casos. \u201cAcontece n\u00e3o somente na empresa, mas na popula\u00e7\u00e3o em geral. E isso, de alguma forma, acaba impactando o setor mesmo\u201d, destacou.<\/p>\n<p>O levantamento, que tem como objetivo diagnosticar a incid\u00eancia das duas doen\u00e7as nos canteiros de obras e os impactos no setor, contou com a participa\u00e7\u00e3o de 482 empresas de todo o pa\u00eds. De acordo com os pesquisados, nos \u00faltimos 30 dias, 43,36% das empresas identificaram casos de Covid-19 e Influenza; 30,8% registraram casos de Covid-19; 10,58% identificaram casos de Influenza na empresa e 15,98% n\u00e3o identificaram nenhum caso das doen\u00e7as.<\/p>\n<p>Como consequ\u00eancias observadas pelas empresas, 86% declararam que tiveram afastamentos nos canteiros de obra por infec\u00e7\u00e3o. Cerca de 68% dos entrevistados disseram ter funcion\u00e1rios afastados do escrit\u00f3rio por infec\u00e7\u00e3o. J\u00e1 32% declararam ter pedidos para trabalho em home office.<\/p>\n<p>Veja abaixo o percentual de afastamentos por Covid-19 ou Influenza, em rela\u00e7\u00e3o ao total do contingente da empresa:<\/p>\n<p><img decoding=\"async\" class=\"aligncenter size-full wp-image-74723\" src=\"https:\/\/cbic.org.br\/wp-content\/uploads\/2022\/01\/sem-titulo.png\" alt=\"\" \/><\/p>\n<p>Al\u00e9m disso, 59,54% dos respondentes da pesquisa afirmam haver impacto nos cronogramas de obras em fun\u00e7\u00e3o dos afastamentos dos trabalhadores por Covid-19 e\/ou Influenza. J\u00e1 40,46% responderam que n\u00e3o influenciou a programa\u00e7\u00e3o.<\/p>\n<p>O presidente da CBIC, Jos\u00e9 Carlos Martins, disse que o cen\u00e1rio surpreendeu, mas n\u00e3o deve chegar a afetar os prazos de entrega de forma geral. \u201cTeremos tempo para ajustar. S\u00e3o cronogramas maiores que podem ser facilmente adaptados\u201d, ressaltou.<\/p>\n<p>No \u00e2mbito da preven\u00e7\u00e3o, 58,30% das empresas disseram fornecer ou exigir teste de Covid-19 de seus trabalhadores. Cerca de 41,70% n\u00e3o fazem esta exig\u00eancia. J\u00e1 sobre imuniza\u00e7\u00e3o, 51,24% exigem comprova\u00e7\u00e3o de vacina\u00e7\u00e3o completa, contra 48,76% que n\u00e3o o fazem.<\/p>\n<p>De acordo com o presidente da CPRT\/CBIC, Fernando Guedes, as a\u00e7\u00f5es de preven\u00e7\u00e3o e de imuniza\u00e7\u00e3o s\u00e3o amostras de comprometimento do setor da constru\u00e7\u00e3o no combate \u00e0 Covid-19. \u201cIsso n\u00e3o se d\u00e1 apenas na aplica\u00e7\u00e3o de protocolos rigorosos desde o in\u00edcio da pandemia dentro dos canteiros de obra para evitar contamina\u00e7\u00e3o. Mas tamb\u00e9m na orienta\u00e7\u00e3o e at\u00e9 na exig\u00eancia de seus trabalhadores para que eles possam se imunizar, protegendo a si mesmos, suas fam\u00edlias e seus colegas de trabalho\u201d, concluiu.<\/p>\n<p><a href=\"https:\/\/cbic.org.br\/wp-content\/uploads\/2022\/01\/apresentacao-pesquisa-covid-e-influenza-2022-27-01-22-final.pdf\">Clique aqui e acesse a pesquisa na \u00edntegra!<\/a><\/p>\n","protected":false},"excerpt":{"rendered":"<p>O avan\u00e7o da \u00f4micron e da influenza vem impactando a ind\u00fastria da constru\u00e7\u00e3o. Pesquisa realizada pela Comiss\u00e3o de Pol\u00edticas de Rela\u00e7\u00f5es Trabalhistas (CPRT) da C\u00e2mara Brasileira da Ind\u00fastria da Constru\u00e7\u00e3o (CBIC) mostrou que 80,8% das empresas do setor foram impactadas pela nova onda de Covid-19 ou Influenza desde o fim de 2021. O dado resulta [&hellip;]<\/p>\n","protected":false},"author":3,"featured_media":11483,"comment_status":"closed","ping_status":"closed","sticky":false,"template":"","format":"standard","meta":{"footnotes":""},"categories":[92],"tags":[],"class_list":["post-11482","post","type-post","status-publish","format-standard","has-post-thumbnail","hentry","category-seconci-brasil"],"yoast_head":"<!-- This site is optimized with the Yoast SEO plugin v26.9 - https:\/\/yoast.com\/product\/yoast-seo-wordpress\/ -->\n<title>Pesquisa: 80,8% das empresas da constru\u00e7\u00e3o afirmam impacto pela nova onda de Covid-19 e Influenza - Seconci Brasil<\/title>\n<meta name=\"robots\" content=\"index, follow, max-snippet:-1, max-image-preview:large, max-video-preview:-1\" \/>\n<link rel=\"canonical\" href=\"https:\/\/seconci.com.br\/site\/2022\/01\/28\/pesquisa-808-das-empresas-da-construcao-afirmam-impacto-pela-nova-onda-de-covid-19-e-influenza\/\" \/>\n<meta property=\"og:locale\" content=\"pt_PT\" \/>\n<meta property=\"og:type\" content=\"article\" \/>\n<meta property=\"og:title\" content=\"Pesquisa: 80,8% das empresas da constru\u00e7\u00e3o afirmam impacto pela nova onda de Covid-19 e Influenza - Seconci Brasil\" \/>\n<meta property=\"og:description\" content=\"O avan\u00e7o da \u00f4micron e da influenza vem impactando a ind\u00fastria da constru\u00e7\u00e3o. Pesquisa realizada pela Comiss\u00e3o de Pol\u00edticas de Rela\u00e7\u00f5es Trabalhistas (CPRT) da C\u00e2mara Brasileira da Ind\u00fastria da Constru\u00e7\u00e3o (CBIC) mostrou que 80,8% das empresas do setor foram impactadas pela nova onda de Covid-19 ou Influenza desde o fim de 2021. O dado resulta [&hellip;]\" \/>\n<meta property=\"og:url\" content=\"https:\/\/seconci.com.br\/site\/2022\/01\/28\/pesquisa-808-das-empresas-da-construcao-afirmam-impacto-pela-nova-onda-de-covid-19-e-influenza\/\" \/>\n<meta property=\"og:site_name\" content=\"Seconci Brasil\" \/>\n<meta property=\"article:published_time\" content=\"2022-01-28T11:52:54+00:00\" \/>\n<meta property=\"og:image\" content=\"https:\/\/seconci.com.br\/site\/wp-content\/uploads\/2022\/01\/cprt-pesquisa.png\" \/>\n\t<meta property=\"og:image:width\" content=\"955\" \/>\n\t<meta property=\"og:image:height\" content=\"530\" \/>\n\t<meta property=\"og:image:type\" content=\"image\/png\" \/>\n<meta name=\"author\" content=\"Sidney Rocha\" \/>\n<meta name=\"twitter:card\" content=\"summary_large_image\" \/>\n<meta name=\"twitter:label1\" content=\"Escrito por\" \/>\n\t<meta name=\"twitter:data1\" content=\"Sidney Rocha\" \/>\n\t<meta name=\"twitter:label2\" content=\"Tempo estimado de leitura\" \/>\n\t<meta name=\"twitter:data2\" content=\"2 minutos\" \/>\n<script type=\"application\/ld+json\" class=\"yoast-schema-graph\">{\"@context\":\"https:\/\/schema.org\",\"@graph\":[{\"@type\":\"Article\",\"@id\":\"https:\/\/seconci.com.br\/site\/2022\/01\/28\/pesquisa-808-das-empresas-da-construcao-afirmam-impacto-pela-nova-onda-de-covid-19-e-influenza\/#article\",\"isPartOf\":{\"@id\":\"https:\/\/seconci.com.br\/site\/2022\/01\/28\/pesquisa-808-das-empresas-da-construcao-afirmam-impacto-pela-nova-onda-de-covid-19-e-influenza\/\"},\"author\":{\"name\":\"Sidney Rocha\",\"@id\":\"https:\/\/seconci.com.br\/site\/#\/schema\/person\/1d79afd97ddc8f2c68c1e88e298aa8e2\"},\"headline\":\"Pesquisa: 80,8% das empresas da constru\u00e7\u00e3o afirmam impacto pela nova onda de Covid-19 e Influenza\",\"datePublished\":\"2022-01-28T11:52:54+00:00\",\"mainEntityOfPage\":{\"@id\":\"https:\/\/seconci.com.br\/site\/2022\/01\/28\/pesquisa-808-das-empresas-da-construcao-afirmam-impacto-pela-nova-onda-de-covid-19-e-influenza\/\"},\"wordCount\":482,\"publisher\":{\"@id\":\"https:\/\/seconci.com.br\/site\/#organization\"},\"image\":{\"@id\":\"https:\/\/seconci.com.br\/site\/2022\/01\/28\/pesquisa-808-das-empresas-da-construcao-afirmam-impacto-pela-nova-onda-de-covid-19-e-influenza\/#primaryimage\"},\"thumbnailUrl\":\"https:\/\/seconci.com.br\/site\/wp-content\/uploads\/2022\/01\/cprt-pesquisa.png\",\"articleSection\":[\"Seconci Brasil\"],\"inLanguage\":\"pt-PT\"},{\"@type\":\"WebPage\",\"@id\":\"https:\/\/seconci.com.br\/site\/2022\/01\/28\/pesquisa-808-das-empresas-da-construcao-afirmam-impacto-pela-nova-onda-de-covid-19-e-influenza\/\",\"url\":\"https:\/\/seconci.com.br\/site\/2022\/01\/28\/pesquisa-808-das-empresas-da-construcao-afirmam-impacto-pela-nova-onda-de-covid-19-e-influenza\/\",\"name\":\"Pesquisa: 80,8% das empresas da constru\u00e7\u00e3o afirmam impacto pela nova onda de Covid-19 e Influenza - Seconci Brasil\",\"isPartOf\":{\"@id\":\"https:\/\/seconci.com.br\/site\/#website\"},\"primaryImageOfPage\":{\"@id\":\"https:\/\/seconci.com.br\/site\/2022\/01\/28\/pesquisa-808-das-empresas-da-construcao-afirmam-impacto-pela-nova-onda-de-covid-19-e-influenza\/#primaryimage\"},\"image\":{\"@id\":\"https:\/\/seconci.com.br\/site\/2022\/01\/28\/pesquisa-808-das-empresas-da-construcao-afirmam-impacto-pela-nova-onda-de-covid-19-e-influenza\/#primaryimage\"},\"thumbnailUrl\":\"https:\/\/seconci.com.br\/site\/wp-content\/uploads\/2022\/01\/cprt-pesquisa.png\",\"datePublished\":\"2022-01-28T11:52:54+00:00\",\"breadcrumb\":{\"@id\":\"https:\/\/seconci.com.br\/site\/2022\/01\/28\/pesquisa-808-das-empresas-da-construcao-afirmam-impacto-pela-nova-onda-de-covid-19-e-influenza\/#breadcrumb\"},\"inLanguage\":\"pt-PT\",\"potentialAction\":[{\"@type\":\"ReadAction\",\"target\":[\"https:\/\/seconci.com.br\/site\/2022\/01\/28\/pesquisa-808-das-empresas-da-construcao-afirmam-impacto-pela-nova-onda-de-covid-19-e-influenza\/\"]}]},{\"@type\":\"ImageObject\",\"inLanguage\":\"pt-PT\",\"@id\":\"https:\/\/seconci.com.br\/site\/2022\/01\/28\/pesquisa-808-das-empresas-da-construcao-afirmam-impacto-pela-nova-onda-de-covid-19-e-influenza\/#primaryimage\",\"url\":\"https:\/\/seconci.com.br\/site\/wp-content\/uploads\/2022\/01\/cprt-pesquisa.png\",\"contentUrl\":\"https:\/\/seconci.com.br\/site\/wp-content\/uploads\/2022\/01\/cprt-pesquisa.png\",\"width\":955,\"height\":530},{\"@type\":\"BreadcrumbList\",\"@id\":\"https:\/\/seconci.com.br\/site\/2022\/01\/28\/pesquisa-808-das-empresas-da-construcao-afirmam-impacto-pela-nova-onda-de-covid-19-e-influenza\/#breadcrumb\",\"itemListElement\":[{\"@type\":\"ListItem\",\"position\":1,\"name\":\"In\u00edcio\",\"item\":\"https:\/\/seconci.com.br\/site\/\"},{\"@type\":\"ListItem\",\"position\":2,\"name\":\"Pesquisa: 80,8% das empresas da constru\u00e7\u00e3o afirmam impacto pela nova onda de Covid-19 e Influenza\"}]},{\"@type\":\"WebSite\",\"@id\":\"https:\/\/seconci.com.br\/site\/#website\",\"url\":\"https:\/\/seconci.com.br\/site\/\",\"name\":\"Seconci Brasil\",\"description\":\"\",\"publisher\":{\"@id\":\"https:\/\/seconci.com.br\/site\/#organization\"},\"potentialAction\":[{\"@type\":\"SearchAction\",\"target\":{\"@type\":\"EntryPoint\",\"urlTemplate\":\"https:\/\/seconci.com.br\/site\/?s={search_term_string}\"},\"query-input\":{\"@type\":\"PropertyValueSpecification\",\"valueRequired\":true,\"valueName\":\"search_term_string\"}}],\"inLanguage\":\"pt-PT\"},{\"@type\":\"Organization\",\"@id\":\"https:\/\/seconci.com.br\/site\/#organization\",\"name\":\"Seconci Brasil\",\"url\":\"https:\/\/seconci.com.br\/site\/\",\"logo\":{\"@type\":\"ImageObject\",\"inLanguage\":\"pt-PT\",\"@id\":\"https:\/\/seconci.com.br\/site\/#\/schema\/logo\/image\/\",\"url\":\"https:\/\/seconci.com.br\/site\/wp-content\/uploads\/2024\/08\/Logo-Seconci-Brasil-branca-2.png\",\"contentUrl\":\"https:\/\/seconci.com.br\/site\/wp-content\/uploads\/2024\/08\/Logo-Seconci-Brasil-branca-2.png\",\"width\":1315,\"height\":598,\"caption\":\"Seconci Brasil\"},\"image\":{\"@id\":\"https:\/\/seconci.com.br\/site\/#\/schema\/logo\/image\/\"}},{\"@type\":\"Person\",\"@id\":\"https:\/\/seconci.com.br\/site\/#\/schema\/person\/1d79afd97ddc8f2c68c1e88e298aa8e2\",\"name\":\"Sidney Rocha\",\"description\":\"Comunicador e estagi\u00e1rio do Seconci Brasil.\",\"url\":\"https:\/\/seconci.com.br\/site\/author\/sidney-rocha\/\"}]}<\/script>\n<!-- \/ Yoast SEO plugin. -->","yoast_head_json":{"title":"Pesquisa: 80,8% das empresas da constru\u00e7\u00e3o afirmam impacto pela nova onda de Covid-19 e Influenza - Seconci Brasil","robots":{"index":"index","follow":"follow","max-snippet":"max-snippet:-1","max-image-preview":"max-image-preview:large","max-video-preview":"max-video-preview:-1"},"canonical":"https:\/\/seconci.com.br\/site\/2022\/01\/28\/pesquisa-808-das-empresas-da-construcao-afirmam-impacto-pela-nova-onda-de-covid-19-e-influenza\/","og_locale":"pt_PT","og_type":"article","og_title":"Pesquisa: 80,8% das empresas da constru\u00e7\u00e3o afirmam impacto pela nova onda de Covid-19 e Influenza - Seconci Brasil","og_description":"O avan\u00e7o da \u00f4micron e da influenza vem impactando a ind\u00fastria da constru\u00e7\u00e3o. Pesquisa realizada pela Comiss\u00e3o de Pol\u00edticas de Rela\u00e7\u00f5es Trabalhistas (CPRT) da C\u00e2mara Brasileira da Ind\u00fastria da Constru\u00e7\u00e3o (CBIC) mostrou que 80,8% das empresas do setor foram impactadas pela nova onda de Covid-19 ou Influenza desde o fim de 2021. O dado resulta [&hellip;]","og_url":"https:\/\/seconci.com.br\/site\/2022\/01\/28\/pesquisa-808-das-empresas-da-construcao-afirmam-impacto-pela-nova-onda-de-covid-19-e-influenza\/","og_site_name":"Seconci Brasil","article_published_time":"2022-01-28T11:52:54+00:00","og_image":[{"width":955,"height":530,"url":"https:\/\/seconci.com.br\/site\/wp-content\/uploads\/2022\/01\/cprt-pesquisa.png","type":"image\/png"}],"author":"Sidney Rocha","twitter_card":"summary_large_image","twitter_misc":{"Escrito por":"Sidney Rocha","Tempo estimado de leitura":"2 minutos"},"schema":{"@context":"https:\/\/schema.org","@graph":[{"@type":"Article","@id":"https:\/\/seconci.com.br\/site\/2022\/01\/28\/pesquisa-808-das-empresas-da-construcao-afirmam-impacto-pela-nova-onda-de-covid-19-e-influenza\/#article","isPartOf":{"@id":"https:\/\/seconci.com.br\/site\/2022\/01\/28\/pesquisa-808-das-empresas-da-construcao-afirmam-impacto-pela-nova-onda-de-covid-19-e-influenza\/"},"author":{"name":"Sidney Rocha","@id":"https:\/\/seconci.com.br\/site\/#\/schema\/person\/1d79afd97ddc8f2c68c1e88e298aa8e2"},"headline":"Pesquisa: 80,8% das empresas da constru\u00e7\u00e3o afirmam impacto pela nova onda de Covid-19 e Influenza","datePublished":"2022-01-28T11:52:54+00:00","mainEntityOfPage":{"@id":"https:\/\/seconci.com.br\/site\/2022\/01\/28\/pesquisa-808-das-empresas-da-construcao-afirmam-impacto-pela-nova-onda-de-covid-19-e-influenza\/"},"wordCount":482,"publisher":{"@id":"https:\/\/seconci.com.br\/site\/#organization"},"image":{"@id":"https:\/\/seconci.com.br\/site\/2022\/01\/28\/pesquisa-808-das-empresas-da-construcao-afirmam-impacto-pela-nova-onda-de-covid-19-e-influenza\/#primaryimage"},"thumbnailUrl":"https:\/\/seconci.com.br\/site\/wp-content\/uploads\/2022\/01\/cprt-pesquisa.png","articleSection":["Seconci Brasil"],"inLanguage":"pt-PT"},{"@type":"WebPage","@id":"https:\/\/seconci.com.br\/site\/2022\/01\/28\/pesquisa-808-das-empresas-da-construcao-afirmam-impacto-pela-nova-onda-de-covid-19-e-influenza\/","url":"https:\/\/seconci.com.br\/site\/2022\/01\/28\/pesquisa-808-das-empresas-da-construcao-afirmam-impacto-pela-nova-onda-de-covid-19-e-influenza\/","name":"Pesquisa: 80,8% das empresas da constru\u00e7\u00e3o afirmam impacto pela nova onda de Covid-19 e Influenza - Seconci Brasil","isPartOf":{"@id":"https:\/\/seconci.com.br\/site\/#website"},"primaryImageOfPage":{"@id":"https:\/\/seconci.com.br\/site\/2022\/01\/28\/pesquisa-808-das-empresas-da-construcao-afirmam-impacto-pela-nova-onda-de-covid-19-e-influenza\/#primaryimage"},"image":{"@id":"https:\/\/seconci.com.br\/site\/2022\/01\/28\/pesquisa-808-das-empresas-da-construcao-afirmam-impacto-pela-nova-onda-de-covid-19-e-influenza\/#primaryimage"},"thumbnailUrl":"https:\/\/seconci.com.br\/site\/wp-content\/uploads\/2022\/01\/cprt-pesquisa.png","datePublished":"2022-01-28T11:52:54+00:00","breadcrumb":{"@id":"https:\/\/seconci.com.br\/site\/2022\/01\/28\/pesquisa-808-das-empresas-da-construcao-afirmam-impacto-pela-nova-onda-de-covid-19-e-influenza\/#breadcrumb"},"inLanguage":"pt-PT","potentialAction":[{"@type":"ReadAction","target":["https:\/\/seconci.com.br\/site\/2022\/01\/28\/pesquisa-808-das-empresas-da-construcao-afirmam-impacto-pela-nova-onda-de-covid-19-e-influenza\/"]}]},{"@type":"ImageObject","inLanguage":"pt-PT","@id":"https:\/\/seconci.com.br\/site\/2022\/01\/28\/pesquisa-808-das-empresas-da-construcao-afirmam-impacto-pela-nova-onda-de-covid-19-e-influenza\/#primaryimage","url":"https:\/\/seconci.com.br\/site\/wp-content\/uploads\/2022\/01\/cprt-pesquisa.png","contentUrl":"https:\/\/seconci.com.br\/site\/wp-content\/uploads\/2022\/01\/cprt-pesquisa.png","width":955,"height":530},{"@type":"BreadcrumbList","@id":"https:\/\/seconci.com.br\/site\/2022\/01\/28\/pesquisa-808-das-empresas-da-construcao-afirmam-impacto-pela-nova-onda-de-covid-19-e-influenza\/#breadcrumb","itemListElement":[{"@type":"ListItem","position":1,"name":"In\u00edcio","item":"https:\/\/seconci.com.br\/site\/"},{"@type":"ListItem","position":2,"name":"Pesquisa: 80,8% das empresas da constru\u00e7\u00e3o afirmam impacto pela nova onda de Covid-19 e Influenza"}]},{"@type":"WebSite","@id":"https:\/\/seconci.com.br\/site\/#website","url":"https:\/\/seconci.com.br\/site\/","name":"Seconci Brasil","description":"","publisher":{"@id":"https:\/\/seconci.com.br\/site\/#organization"},"potentialAction":[{"@type":"SearchAction","target":{"@type":"EntryPoint","urlTemplate":"https:\/\/seconci.com.br\/site\/?s={search_term_string}"},"query-input":{"@type":"PropertyValueSpecification","valueRequired":true,"valueName":"search_term_string"}}],"inLanguage":"pt-PT"},{"@type":"Organization","@id":"https:\/\/seconci.com.br\/site\/#organization","name":"Seconci Brasil","url":"https:\/\/seconci.com.br\/site\/","logo":{"@type":"ImageObject","inLanguage":"pt-PT","@id":"https:\/\/seconci.com.br\/site\/#\/schema\/logo\/image\/","url":"https:\/\/seconci.com.br\/site\/wp-content\/uploads\/2024\/08\/Logo-Seconci-Brasil-branca-2.png","contentUrl":"https:\/\/seconci.com.br\/site\/wp-content\/uploads\/2024\/08\/Logo-Seconci-Brasil-branca-2.png","width":1315,"height":598,"caption":"Seconci Brasil"},"image":{"@id":"https:\/\/seconci.com.br\/site\/#\/schema\/logo\/image\/"}},{"@type":"Person","@id":"https:\/\/seconci.com.br\/site\/#\/schema\/person\/1d79afd97ddc8f2c68c1e88e298aa8e2","name":"Sidney Rocha","description":"Comunicador e estagi\u00e1rio do Seconci Brasil.","url":"https:\/\/seconci.com.br\/site\/author\/sidney-rocha\/"}]}},"_links":{"self":[{"href":"https:\/\/seconci.com.br\/site\/wp-json\/wp\/v2\/posts\/11482","targetHints":{"allow":["GET"]}}],"collection":[{"href":"https:\/\/seconci.com.br\/site\/wp-json\/wp\/v2\/posts"}],"about":[{"href":"https:\/\/seconci.com.br\/site\/wp-json\/wp\/v2\/types\/post"}],"author":[{"embeddable":true,"href":"https:\/\/seconci.com.br\/site\/wp-json\/wp\/v2\/users\/3"}],"replies":[{"embeddable":true,"href":"https:\/\/seconci.com.br\/site\/wp-json\/wp\/v2\/comments?post=11482"}],"version-history":[{"count":0,"href":"https:\/\/seconci.com.br\/site\/wp-json\/wp\/v2\/posts\/11482\/revisions"}],"wp:featuredmedia":[{"embeddable":true,"href":"https:\/\/seconci.com.br\/site\/wp-json\/wp\/v2\/media\/11483"}],"wp:attachment":[{"href":"https:\/\/seconci.com.br\/site\/wp-json\/wp\/v2\/media?parent=11482"}],"wp:term":[{"taxonomy":"category","embeddable":true,"href":"https:\/\/seconci.com.br\/site\/wp-json\/wp\/v2\/categories?post=11482"},{"taxonomy":"post_tag","embeddable":true,"href":"https:\/\/seconci.com.br\/site\/wp-json\/wp\/v2\/tags?post=11482"}],"curies":[{"name":"wp","href":"https:\/\/api.w.org\/{rel}","templated":true}]}}