{"id":11488,"date":"2022-01-31T11:17:05","date_gmt":"2022-01-31T11:17:05","guid":{"rendered":"https:\/\/seconci.com.br\/site\/?p=11488"},"modified":"2022-01-31T11:17:05","modified_gmt":"2022-01-31T11:17:05","slug":"governo-regulamenta-lgpd-para-microempresas-e-empresas-de-pequeno-porte","status":"publish","type":"post","link":"https:\/\/seconci.com.br\/site\/2022\/01\/31\/governo-regulamenta-lgpd-para-microempresas-e-empresas-de-pequeno-porte\/","title":{"rendered":"Governo regulamenta LGPD para microempresas e empresas de pequeno porte"},"content":{"rendered":"<p>A Autoridade Nacional de Prote\u00e7\u00e3o de Dados (ANPD) da Presid\u00eancia da Rep\u00fablica aprovou\u00a0<em>o\u00a0<\/em>Regulamento de aplica\u00e7\u00e3o da\u00a0<a href=\"http:\/\/www.planalto.gov.br\/ccivil_03\/_ato2015-2018\/2018\/lei\/l13709.htm\">Lei n\u00ba 13.709, de 14\/08\/2018<\/a><em>,\u00a0<\/em><strong>Lei Geral de Prote\u00e7\u00e3o de Dados Pessoais (LGPD)<\/strong><em>,\u00a0<\/em>para agentes de tratamento de pequeno porte \u2013 microempresas, empresas de pequeno porte,\u00a0<em>startups<\/em><em>\u00a0e<\/em>\u00a0pessoas jur\u00eddicas de direito privado, inclusive sem fins lucrativos.<\/p>\n<p>A\u00a0<a href=\"https:\/\/www.in.gov.br\/en\/web\/dou\/-\/resolucao-cd\/anpd-n-2-de-27-de-janeiro-de-2022-376562019\">Resolu\u00e7\u00e3o CD\/ ANPD n\u00ba 2\/2022<\/a>, publicada\u00a0<em>n<\/em>o Di\u00e1rio Oficial da U<em>n<\/em>i\u00e3o (DOU) desta sexta-feira (28\/01), estabelece diretrizes e normas que para a disponibiliza\u00e7\u00e3o de informa\u00e7\u00f5es sobre o tratamento de dados pessoais, por meio eletr\u00f4nico, impresso ou qualquer outro que assegure os direitos previstos na LGPD e o acesso facilitado \u00e0s informa\u00e7\u00f5es pelos titulares.<\/p>\n<p>A ANPD dispor\u00e1 sobre flexibiliza\u00e7\u00e3o ou procedimento simplificado de comunica\u00e7\u00e3o de incidente de seguran\u00e7a para agentes de tratamento de pequeno porte, nos termos da regulamenta\u00e7\u00e3o espec\u00edfica, podendo determinar o cumprimento das obriga\u00e7\u00f5es dispensadas ou flexibilizadas no regulamento, considerando as circunst\u00e2ncias relevantes da situa\u00e7\u00e3o, tais como a natureza ou o volume das opera\u00e7\u00f5es, bem como os riscos para os titulares.<\/p>\n<p><em>(Ag\u00eancia CBIC | Com informa\u00e7\u00f5es da Foco Assessoria e Consultoria Ltda)<\/em><\/p>\n","protected":false},"excerpt":{"rendered":"<p>A Autoridade Nacional de Prote\u00e7\u00e3o de Dados (ANPD) da Presid\u00eancia da Rep\u00fablica aprovou\u00a0o\u00a0Regulamento de aplica\u00e7\u00e3o da\u00a0Lei n\u00ba 13.709, de 14\/08\/2018,\u00a0Lei Geral de Prote\u00e7\u00e3o de Dados Pessoais (LGPD),\u00a0para agentes de tratamento de pequeno porte \u2013 microempresas, empresas de pequeno porte,\u00a0startups\u00a0e\u00a0pessoas jur\u00eddicas de direito privado, inclusive sem fins lucrativos. A\u00a0Resolu\u00e7\u00e3o CD\/ ANPD n\u00ba 2\/2022, publicada\u00a0no Di\u00e1rio Oficial [&hellip;]<\/p>\n","protected":false},"author":3,"featured_media":11489,"comment_status":"closed","ping_status":"closed","sticky":false,"template":"","format":"standard","meta":{"footnotes":""},"categories":[92],"tags":[],"class_list":["post-11488","post","type-post","status-publish","format-standard","has-post-thumbnail","hentry","category-seconci-brasil"],"yoast_head":"<!-- This site is optimized with the Yoast SEO plugin v26.9 - https:\/\/yoast.com\/product\/yoast-seo-wordpress\/ -->\n<title>Governo regulamenta LGPD para microempresas e empresas de pequeno porte - Seconci Brasil<\/title>\n<meta name=\"robots\" content=\"index, follow, max-snippet:-1, max-image-preview:large, max-video-preview:-1\" \/>\n<link rel=\"canonical\" href=\"https:\/\/seconci.com.br\/site\/2022\/01\/31\/governo-regulamenta-lgpd-para-microempresas-e-empresas-de-pequeno-porte\/\" \/>\n<meta property=\"og:locale\" content=\"pt_PT\" \/>\n<meta property=\"og:type\" content=\"article\" \/>\n<meta property=\"og:title\" content=\"Governo regulamenta LGPD para microempresas e empresas de pequeno porte - Seconci Brasil\" \/>\n<meta property=\"og:description\" content=\"A Autoridade Nacional de Prote\u00e7\u00e3o de Dados (ANPD) da Presid\u00eancia da Rep\u00fablica aprovou\u00a0o\u00a0Regulamento de aplica\u00e7\u00e3o da\u00a0Lei n\u00ba 13.709, de 14\/08\/2018,\u00a0Lei Geral de Prote\u00e7\u00e3o de Dados Pessoais (LGPD),\u00a0para agentes de tratamento de pequeno porte \u2013 microempresas, empresas de pequeno porte,\u00a0startups\u00a0e\u00a0pessoas jur\u00eddicas de direito privado, inclusive sem fins lucrativos. A\u00a0Resolu\u00e7\u00e3o CD\/ ANPD n\u00ba 2\/2022, publicada\u00a0no Di\u00e1rio Oficial [&hellip;]\" \/>\n<meta property=\"og:url\" content=\"https:\/\/seconci.com.br\/site\/2022\/01\/31\/governo-regulamenta-lgpd-para-microempresas-e-empresas-de-pequeno-porte\/\" \/>\n<meta property=\"og:site_name\" content=\"Seconci Brasil\" \/>\n<meta property=\"article:published_time\" content=\"2022-01-31T11:17:05+00:00\" \/>\n<meta property=\"og:image\" content=\"https:\/\/seconci.com.br\/site\/wp-content\/uploads\/2022\/01\/lgpd2.jpg\" \/>\n\t<meta property=\"og:image:width\" content=\"311\" \/>\n\t<meta property=\"og:image:height\" content=\"162\" \/>\n\t<meta property=\"og:image:type\" content=\"image\/jpeg\" \/>\n<meta name=\"author\" content=\"Sidney Rocha\" \/>\n<meta name=\"twitter:card\" content=\"summary_large_image\" \/>\n<meta name=\"twitter:label1\" content=\"Escrito por\" \/>\n\t<meta name=\"twitter:data1\" content=\"Sidney Rocha\" \/>\n\t<meta name=\"twitter:label2\" content=\"Tempo estimado de leitura\" \/>\n\t<meta name=\"twitter:data2\" content=\"1 minuto\" \/>\n<script type=\"application\/ld+json\" class=\"yoast-schema-graph\">{\"@context\":\"https:\/\/schema.org\",\"@graph\":[{\"@type\":\"Article\",\"@id\":\"https:\/\/seconci.com.br\/site\/2022\/01\/31\/governo-regulamenta-lgpd-para-microempresas-e-empresas-de-pequeno-porte\/#article\",\"isPartOf\":{\"@id\":\"https:\/\/seconci.com.br\/site\/2022\/01\/31\/governo-regulamenta-lgpd-para-microempresas-e-empresas-de-pequeno-porte\/\"},\"author\":{\"name\":\"Sidney Rocha\",\"@id\":\"https:\/\/seconci.com.br\/site\/#\/schema\/person\/1d79afd97ddc8f2c68c1e88e298aa8e2\"},\"headline\":\"Governo regulamenta LGPD para microempresas e empresas de pequeno porte\",\"datePublished\":\"2022-01-31T11:17:05+00:00\",\"mainEntityOfPage\":{\"@id\":\"https:\/\/seconci.com.br\/site\/2022\/01\/31\/governo-regulamenta-lgpd-para-microempresas-e-empresas-de-pequeno-porte\/\"},\"wordCount\":207,\"publisher\":{\"@id\":\"https:\/\/seconci.com.br\/site\/#organization\"},\"image\":{\"@id\":\"https:\/\/seconci.com.br\/site\/2022\/01\/31\/governo-regulamenta-lgpd-para-microempresas-e-empresas-de-pequeno-porte\/#primaryimage\"},\"thumbnailUrl\":\"https:\/\/seconci.com.br\/site\/wp-content\/uploads\/2022\/01\/lgpd2.jpg\",\"articleSection\":[\"Seconci Brasil\"],\"inLanguage\":\"pt-PT\"},{\"@type\":\"WebPage\",\"@id\":\"https:\/\/seconci.com.br\/site\/2022\/01\/31\/governo-regulamenta-lgpd-para-microempresas-e-empresas-de-pequeno-porte\/\",\"url\":\"https:\/\/seconci.com.br\/site\/2022\/01\/31\/governo-regulamenta-lgpd-para-microempresas-e-empresas-de-pequeno-porte\/\",\"name\":\"Governo regulamenta LGPD para microempresas e empresas de pequeno porte - Seconci Brasil\",\"isPartOf\":{\"@id\":\"https:\/\/seconci.com.br\/site\/#website\"},\"primaryImageOfPage\":{\"@id\":\"https:\/\/seconci.com.br\/site\/2022\/01\/31\/governo-regulamenta-lgpd-para-microempresas-e-empresas-de-pequeno-porte\/#primaryimage\"},\"image\":{\"@id\":\"https:\/\/seconci.com.br\/site\/2022\/01\/31\/governo-regulamenta-lgpd-para-microempresas-e-empresas-de-pequeno-porte\/#primaryimage\"},\"thumbnailUrl\":\"https:\/\/seconci.com.br\/site\/wp-content\/uploads\/2022\/01\/lgpd2.jpg\",\"datePublished\":\"2022-01-31T11:17:05+00:00\",\"breadcrumb\":{\"@id\":\"https:\/\/seconci.com.br\/site\/2022\/01\/31\/governo-regulamenta-lgpd-para-microempresas-e-empresas-de-pequeno-porte\/#breadcrumb\"},\"inLanguage\":\"pt-PT\",\"potentialAction\":[{\"@type\":\"ReadAction\",\"target\":[\"https:\/\/seconci.com.br\/site\/2022\/01\/31\/governo-regulamenta-lgpd-para-microempresas-e-empresas-de-pequeno-porte\/\"]}]},{\"@type\":\"ImageObject\",\"inLanguage\":\"pt-PT\",\"@id\":\"https:\/\/seconci.com.br\/site\/2022\/01\/31\/governo-regulamenta-lgpd-para-microempresas-e-empresas-de-pequeno-porte\/#primaryimage\",\"url\":\"https:\/\/seconci.com.br\/site\/wp-content\/uploads\/2022\/01\/lgpd2.jpg\",\"contentUrl\":\"https:\/\/seconci.com.br\/site\/wp-content\/uploads\/2022\/01\/lgpd2.jpg\",\"width\":311,\"height\":162},{\"@type\":\"BreadcrumbList\",\"@id\":\"https:\/\/seconci.com.br\/site\/2022\/01\/31\/governo-regulamenta-lgpd-para-microempresas-e-empresas-de-pequeno-porte\/#breadcrumb\",\"itemListElement\":[{\"@type\":\"ListItem\",\"position\":1,\"name\":\"In\u00edcio\",\"item\":\"https:\/\/seconci.com.br\/site\/\"},{\"@type\":\"ListItem\",\"position\":2,\"name\":\"Governo regulamenta LGPD para microempresas e empresas de pequeno porte\"}]},{\"@type\":\"WebSite\",\"@id\":\"https:\/\/seconci.com.br\/site\/#website\",\"url\":\"https:\/\/seconci.com.br\/site\/\",\"name\":\"Seconci Brasil\",\"description\":\"\",\"publisher\":{\"@id\":\"https:\/\/seconci.com.br\/site\/#organization\"},\"potentialAction\":[{\"@type\":\"SearchAction\",\"target\":{\"@type\":\"EntryPoint\",\"urlTemplate\":\"https:\/\/seconci.com.br\/site\/?s={search_term_string}\"},\"query-input\":{\"@type\":\"PropertyValueSpecification\",\"valueRequired\":true,\"valueName\":\"search_term_string\"}}],\"inLanguage\":\"pt-PT\"},{\"@type\":\"Organization\",\"@id\":\"https:\/\/seconci.com.br\/site\/#organization\",\"name\":\"Seconci Brasil\",\"url\":\"https:\/\/seconci.com.br\/site\/\",\"logo\":{\"@type\":\"ImageObject\",\"inLanguage\":\"pt-PT\",\"@id\":\"https:\/\/seconci.com.br\/site\/#\/schema\/logo\/image\/\",\"url\":\"https:\/\/seconci.com.br\/site\/wp-content\/uploads\/2024\/08\/Logo-Seconci-Brasil-branca-2.png\",\"contentUrl\":\"https:\/\/seconci.com.br\/site\/wp-content\/uploads\/2024\/08\/Logo-Seconci-Brasil-branca-2.png\",\"width\":1315,\"height\":598,\"caption\":\"Seconci Brasil\"},\"image\":{\"@id\":\"https:\/\/seconci.com.br\/site\/#\/schema\/logo\/image\/\"}},{\"@type\":\"Person\",\"@id\":\"https:\/\/seconci.com.br\/site\/#\/schema\/person\/1d79afd97ddc8f2c68c1e88e298aa8e2\",\"name\":\"Sidney Rocha\",\"description\":\"Comunicador e estagi\u00e1rio do Seconci Brasil.\",\"url\":\"https:\/\/seconci.com.br\/site\/author\/sidney-rocha\/\"}]}<\/script>\n<!-- \/ Yoast SEO plugin. -->","yoast_head_json":{"title":"Governo regulamenta LGPD para microempresas e empresas de pequeno porte - Seconci Brasil","robots":{"index":"index","follow":"follow","max-snippet":"max-snippet:-1","max-image-preview":"max-image-preview:large","max-video-preview":"max-video-preview:-1"},"canonical":"https:\/\/seconci.com.br\/site\/2022\/01\/31\/governo-regulamenta-lgpd-para-microempresas-e-empresas-de-pequeno-porte\/","og_locale":"pt_PT","og_type":"article","og_title":"Governo regulamenta LGPD para microempresas e empresas de pequeno porte - Seconci Brasil","og_description":"A Autoridade Nacional de Prote\u00e7\u00e3o de Dados (ANPD) da Presid\u00eancia da Rep\u00fablica aprovou\u00a0o\u00a0Regulamento de aplica\u00e7\u00e3o da\u00a0Lei n\u00ba 13.709, de 14\/08\/2018,\u00a0Lei Geral de Prote\u00e7\u00e3o de Dados Pessoais (LGPD),\u00a0para agentes de tratamento de pequeno porte \u2013 microempresas, empresas de pequeno porte,\u00a0startups\u00a0e\u00a0pessoas jur\u00eddicas de direito privado, inclusive sem fins lucrativos. A\u00a0Resolu\u00e7\u00e3o CD\/ ANPD n\u00ba 2\/2022, publicada\u00a0no Di\u00e1rio Oficial [&hellip;]","og_url":"https:\/\/seconci.com.br\/site\/2022\/01\/31\/governo-regulamenta-lgpd-para-microempresas-e-empresas-de-pequeno-porte\/","og_site_name":"Seconci Brasil","article_published_time":"2022-01-31T11:17:05+00:00","og_image":[{"width":311,"height":162,"url":"https:\/\/seconci.com.br\/site\/wp-content\/uploads\/2022\/01\/lgpd2.jpg","type":"image\/jpeg"}],"author":"Sidney Rocha","twitter_card":"summary_large_image","twitter_misc":{"Escrito por":"Sidney Rocha","Tempo estimado de leitura":"1 minuto"},"schema":{"@context":"https:\/\/schema.org","@graph":[{"@type":"Article","@id":"https:\/\/seconci.com.br\/site\/2022\/01\/31\/governo-regulamenta-lgpd-para-microempresas-e-empresas-de-pequeno-porte\/#article","isPartOf":{"@id":"https:\/\/seconci.com.br\/site\/2022\/01\/31\/governo-regulamenta-lgpd-para-microempresas-e-empresas-de-pequeno-porte\/"},"author":{"name":"Sidney Rocha","@id":"https:\/\/seconci.com.br\/site\/#\/schema\/person\/1d79afd97ddc8f2c68c1e88e298aa8e2"},"headline":"Governo regulamenta LGPD para microempresas e empresas de pequeno porte","datePublished":"2022-01-31T11:17:05+00:00","mainEntityOfPage":{"@id":"https:\/\/seconci.com.br\/site\/2022\/01\/31\/governo-regulamenta-lgpd-para-microempresas-e-empresas-de-pequeno-porte\/"},"wordCount":207,"publisher":{"@id":"https:\/\/seconci.com.br\/site\/#organization"},"image":{"@id":"https:\/\/seconci.com.br\/site\/2022\/01\/31\/governo-regulamenta-lgpd-para-microempresas-e-empresas-de-pequeno-porte\/#primaryimage"},"thumbnailUrl":"https:\/\/seconci.com.br\/site\/wp-content\/uploads\/2022\/01\/lgpd2.jpg","articleSection":["Seconci Brasil"],"inLanguage":"pt-PT"},{"@type":"WebPage","@id":"https:\/\/seconci.com.br\/site\/2022\/01\/31\/governo-regulamenta-lgpd-para-microempresas-e-empresas-de-pequeno-porte\/","url":"https:\/\/seconci.com.br\/site\/2022\/01\/31\/governo-regulamenta-lgpd-para-microempresas-e-empresas-de-pequeno-porte\/","name":"Governo regulamenta LGPD para microempresas e empresas de pequeno porte - Seconci Brasil","isPartOf":{"@id":"https:\/\/seconci.com.br\/site\/#website"},"primaryImageOfPage":{"@id":"https:\/\/seconci.com.br\/site\/2022\/01\/31\/governo-regulamenta-lgpd-para-microempresas-e-empresas-de-pequeno-porte\/#primaryimage"},"image":{"@id":"https:\/\/seconci.com.br\/site\/2022\/01\/31\/governo-regulamenta-lgpd-para-microempresas-e-empresas-de-pequeno-porte\/#primaryimage"},"thumbnailUrl":"https:\/\/seconci.com.br\/site\/wp-content\/uploads\/2022\/01\/lgpd2.jpg","datePublished":"2022-01-31T11:17:05+00:00","breadcrumb":{"@id":"https:\/\/seconci.com.br\/site\/2022\/01\/31\/governo-regulamenta-lgpd-para-microempresas-e-empresas-de-pequeno-porte\/#breadcrumb"},"inLanguage":"pt-PT","potentialAction":[{"@type":"ReadAction","target":["https:\/\/seconci.com.br\/site\/2022\/01\/31\/governo-regulamenta-lgpd-para-microempresas-e-empresas-de-pequeno-porte\/"]}]},{"@type":"ImageObject","inLanguage":"pt-PT","@id":"https:\/\/seconci.com.br\/site\/2022\/01\/31\/governo-regulamenta-lgpd-para-microempresas-e-empresas-de-pequeno-porte\/#primaryimage","url":"https:\/\/seconci.com.br\/site\/wp-content\/uploads\/2022\/01\/lgpd2.jpg","contentUrl":"https:\/\/seconci.com.br\/site\/wp-content\/uploads\/2022\/01\/lgpd2.jpg","width":311,"height":162},{"@type":"BreadcrumbList","@id":"https:\/\/seconci.com.br\/site\/2022\/01\/31\/governo-regulamenta-lgpd-para-microempresas-e-empresas-de-pequeno-porte\/#breadcrumb","itemListElement":[{"@type":"ListItem","position":1,"name":"In\u00edcio","item":"https:\/\/seconci.com.br\/site\/"},{"@type":"ListItem","position":2,"name":"Governo regulamenta LGPD para microempresas e empresas de pequeno porte"}]},{"@type":"WebSite","@id":"https:\/\/seconci.com.br\/site\/#website","url":"https:\/\/seconci.com.br\/site\/","name":"Seconci Brasil","description":"","publisher":{"@id":"https:\/\/seconci.com.br\/site\/#organization"},"potentialAction":[{"@type":"SearchAction","target":{"@type":"EntryPoint","urlTemplate":"https:\/\/seconci.com.br\/site\/?s={search_term_string}"},"query-input":{"@type":"PropertyValueSpecification","valueRequired":true,"valueName":"search_term_string"}}],"inLanguage":"pt-PT"},{"@type":"Organization","@id":"https:\/\/seconci.com.br\/site\/#organization","name":"Seconci Brasil","url":"https:\/\/seconci.com.br\/site\/","logo":{"@type":"ImageObject","inLanguage":"pt-PT","@id":"https:\/\/seconci.com.br\/site\/#\/schema\/logo\/image\/","url":"https:\/\/seconci.com.br\/site\/wp-content\/uploads\/2024\/08\/Logo-Seconci-Brasil-branca-2.png","contentUrl":"https:\/\/seconci.com.br\/site\/wp-content\/uploads\/2024\/08\/Logo-Seconci-Brasil-branca-2.png","width":1315,"height":598,"caption":"Seconci Brasil"},"image":{"@id":"https:\/\/seconci.com.br\/site\/#\/schema\/logo\/image\/"}},{"@type":"Person","@id":"https:\/\/seconci.com.br\/site\/#\/schema\/person\/1d79afd97ddc8f2c68c1e88e298aa8e2","name":"Sidney Rocha","description":"Comunicador e estagi\u00e1rio do Seconci Brasil.","url":"https:\/\/seconci.com.br\/site\/author\/sidney-rocha\/"}]}},"_links":{"self":[{"href":"https:\/\/seconci.com.br\/site\/wp-json\/wp\/v2\/posts\/11488","targetHints":{"allow":["GET"]}}],"collection":[{"href":"https:\/\/seconci.com.br\/site\/wp-json\/wp\/v2\/posts"}],"about":[{"href":"https:\/\/seconci.com.br\/site\/wp-json\/wp\/v2\/types\/post"}],"author":[{"embeddable":true,"href":"https:\/\/seconci.com.br\/site\/wp-json\/wp\/v2\/users\/3"}],"replies":[{"embeddable":true,"href":"https:\/\/seconci.com.br\/site\/wp-json\/wp\/v2\/comments?post=11488"}],"version-history":[{"count":0,"href":"https:\/\/seconci.com.br\/site\/wp-json\/wp\/v2\/posts\/11488\/revisions"}],"wp:featuredmedia":[{"embeddable":true,"href":"https:\/\/seconci.com.br\/site\/wp-json\/wp\/v2\/media\/11489"}],"wp:attachment":[{"href":"https:\/\/seconci.com.br\/site\/wp-json\/wp\/v2\/media?parent=11488"}],"wp:term":[{"taxonomy":"category","embeddable":true,"href":"https:\/\/seconci.com.br\/site\/wp-json\/wp\/v2\/categories?post=11488"},{"taxonomy":"post_tag","embeddable":true,"href":"https:\/\/seconci.com.br\/site\/wp-json\/wp\/v2\/tags?post=11488"}],"curies":[{"name":"wp","href":"https:\/\/api.w.org\/{rel}","templated":true}]}}