{"id":11512,"date":"2022-02-07T11:43:54","date_gmt":"2022-02-07T11:43:54","guid":{"rendered":"https:\/\/seconci.com.br\/site\/?p=11512"},"modified":"2022-02-07T12:35:59","modified_gmt":"2022-02-07T12:35:59","slug":"inss-estabelece-forma-de-implantacao-do-ppp-em-meio-digital","status":"publish","type":"post","link":"https:\/\/seconci.com.br\/site\/2022\/02\/07\/inss-estabelece-forma-de-implantacao-do-ppp-em-meio-digital\/","title":{"rendered":"INSS estabelece forma de implanta\u00e7\u00e3o do PPP em meio digital"},"content":{"rendered":"<p>A\u00a0<a href=\"https:\/\/www.in.gov.br\/en\/web\/dou\/-\/portaria-pres\/inss-n-1.411-de-3-de-fevereiro-de-2022-*-378406624\">Portaria do Minist\u00e9rio do Trabalho e Previd\u00eancia\/Instituto Nacional do Seguro Social (PRES\/INSS) n\u00ba 1.411\/2022<\/a>, publicada nesta sexta-feira (04\/02), no Di\u00e1rio Oficial da Uni\u00e3o (DOU), disp\u00f5e sobre o\u00a0<strong>formul\u00e1rio Perfil Profissiogr\u00e1fico Previdenci\u00e1rio (PPP)<\/strong>\u00a0e informa\u00e7\u00f5es pr\u00e9vias \u00e0\u00a0<strong>implanta\u00e7\u00e3o em meio digital<\/strong>.<\/p>\n<p>A implanta\u00e7\u00e3o do PPP em meio digital, ou de documento que venha substitu\u00ed-lo nesse formato, ser\u00e1 gradativa e haver\u00e1 per\u00edodo de adapta\u00e7\u00e3o conforme crit\u00e9rios definidos pela Previd\u00eancia Social. A empresa ou equiparada que possua empregados, trabalhadores avulsos e contribuintes individuais cooperados, que trabalhem expostos a agentes qu\u00edmicos, f\u00edsicos, biol\u00f3gicos ou associa\u00e7\u00e3o de agentes prejudiciais \u00e0 sa\u00fade ou \u00e0 integridade f\u00edsica, ainda que n\u00e3o presentes os requisitos para fins de caracteriza\u00e7\u00e3o de atividades exercidas em condi\u00e7\u00f5es especiais, seja pela efic\u00e1cia dos equipamentos de prote\u00e7\u00e3o, coletivos ou individuais, seja por n\u00e3o se caracterizar a perman\u00eancia dever\u00e1 elaborar e mant\u00ea-lo atualizado, bem como fornec\u00ea-lo nas seguintes situa\u00e7\u00f5es:<\/p>\n<ul>\n<li>por ocasi\u00e3o da rescis\u00e3o do contrato de trabalho ou da desfilia\u00e7\u00e3o da cooperativa, sindicato ou \u00f3rg\u00e3o gestor de m\u00e3o de obra, com fornecimento de uma das vias para o trabalhador, mediante recibo;<\/li>\n<li>sempre que solicitado pelo trabalhador, para fins de requerimento de reconhecimento de per\u00edodos laborados em condi\u00e7\u00f5es especiais;<\/li>\n<li>para fins de an\u00e1lise de benef\u00edcios e servi\u00e7os previdenci\u00e1rios e quando solicitado pelo INSS;<\/li>\n<li>para simples confer\u00eancia por parte do trabalhador, pelo menos uma vez ao ano, quando da avalia\u00e7\u00e3o global anual do PPRA; e<\/li>\n<li>quando solicitado pelas autoridades competentes.<\/li>\n<\/ul>\n<p>A partir do in\u00edcio da obrigatoriedade dos eventos de SST no eSocial, o formul\u00e1rio PPP ser\u00e1 emitido exclusivamente em meio eletr\u00f4nico para os segurados das empresas obrigadas, em conson\u00e2ncia com os \u00a7\u00a7 3\u00ba e 8\u00ba do art. 68 do\u00a0<a href=\"http:\/\/www.planalto.gov.br\/ccivil_03\/decreto\/d3048.htm\">Decreto n\u00ba 3.048\/1999<\/a>\u00a0(Regulamento da Previd\u00eancia Social), com reda\u00e7\u00e3o dada pelo\u00a0<a href=\"https:\/\/www.in.gov.br\/en\/web\/dou\/-\/decreto-n-10.410-de-30-de-junho-de-2020-264503344\">Decreto n\u00ba 10.410\/2020<\/a>, bem como com a\u00a0<a href=\"https:\/\/www.in.gov.br\/en\/web\/dou\/-\/portaria\/mtp-n-313-de-22-de-setembro-de-2021-346761586\">Portaria MTP n\u00ba 313\/2021<\/a>.<\/p>\n<p>A medida prev\u00ea, portanto, que a declara\u00e7\u00e3o de inexist\u00eancia de exposi\u00e7\u00e3o da riscos f\u00edsicos, qu\u00edmicos e biol\u00f3gicos ou associa\u00e7\u00e3o desses agentes no PPP poder\u00e1 ser feita:<\/p>\n<ul>\n<li>para a ME e EPP, embasada na declara\u00e7\u00e3o eletr\u00f4nica de aus\u00eancia de riscos f\u00edsicos, qu\u00edmicos e biol\u00f3gicos prevista no item 1.8.4 da NR 1, com reda\u00e7\u00e3o dada pela\u00a0<a href=\"https:\/\/www.in.gov.br\/en\/web\/dou\/-\/portaria-n-6.730-de-9-de-marco-de-2020-247538988\">Portaria SEPRT\/ME n\u00ba 6.730\/2020<\/a>; e<\/li>\n<li>para o MEI, sempre que nas fichas com orienta\u00e7\u00f5es sobre as medidas de preven\u00e7\u00e3o a serem adotadas de acordo com a atividade econ\u00f4mica de desenvolvida, nos termos do item 1.8.2 da NR 1, n\u00e3o existir a indica\u00e7\u00e3o de exposi\u00e7\u00e3o a agentes f\u00edsicos, qu\u00edmicos ou biol\u00f3gicos.<\/li>\n<\/ul>\n<p><em>(Com informa\u00e7\u00f5es da Foco Assessoria e Consultoria Ltda)<\/em><\/p>\n","protected":false},"excerpt":{"rendered":"<p>A\u00a0Portaria do Minist\u00e9rio do Trabalho e Previd\u00eancia\/Instituto Nacional do Seguro Social (PRES\/INSS) n\u00ba 1.411\/2022, publicada nesta sexta-feira (04\/02), no Di\u00e1rio Oficial da Uni\u00e3o (DOU), disp\u00f5e sobre o\u00a0formul\u00e1rio Perfil Profissiogr\u00e1fico Previdenci\u00e1rio (PPP)\u00a0e informa\u00e7\u00f5es pr\u00e9vias \u00e0\u00a0implanta\u00e7\u00e3o em meio digital. A implanta\u00e7\u00e3o do PPP em meio digital, ou de documento que venha substitu\u00ed-lo nesse formato, ser\u00e1 gradativa e [&hellip;]<\/p>\n","protected":false},"author":3,"featured_media":11513,"comment_status":"closed","ping_status":"closed","sticky":false,"template":"","format":"standard","meta":{"footnotes":""},"categories":[92],"tags":[],"class_list":["post-11512","post","type-post","status-publish","format-standard","has-post-thumbnail","hentry","category-seconci-brasil"],"yoast_head":"<!-- This site is optimized with the Yoast SEO plugin v26.9 - https:\/\/yoast.com\/product\/yoast-seo-wordpress\/ -->\n<title>INSS estabelece forma de implanta\u00e7\u00e3o do PPP em meio digital - Seconci Brasil<\/title>\n<meta name=\"robots\" content=\"index, follow, max-snippet:-1, max-image-preview:large, max-video-preview:-1\" \/>\n<link rel=\"canonical\" href=\"https:\/\/seconci.com.br\/site\/2022\/02\/07\/inss-estabelece-forma-de-implantacao-do-ppp-em-meio-digital\/\" \/>\n<meta property=\"og:locale\" content=\"pt_PT\" \/>\n<meta property=\"og:type\" content=\"article\" \/>\n<meta property=\"og:title\" content=\"INSS estabelece forma de implanta\u00e7\u00e3o do PPP em meio digital - Seconci Brasil\" \/>\n<meta property=\"og:description\" content=\"A\u00a0Portaria do Minist\u00e9rio do Trabalho e Previd\u00eancia\/Instituto Nacional do Seguro Social (PRES\/INSS) n\u00ba 1.411\/2022, publicada nesta sexta-feira (04\/02), no Di\u00e1rio Oficial da Uni\u00e3o (DOU), disp\u00f5e sobre o\u00a0formul\u00e1rio Perfil Profissiogr\u00e1fico Previdenci\u00e1rio (PPP)\u00a0e informa\u00e7\u00f5es pr\u00e9vias \u00e0\u00a0implanta\u00e7\u00e3o em meio digital. A implanta\u00e7\u00e3o do PPP em meio digital, ou de documento que venha substitu\u00ed-lo nesse formato, ser\u00e1 gradativa e [&hellip;]\" \/>\n<meta property=\"og:url\" content=\"https:\/\/seconci.com.br\/site\/2022\/02\/07\/inss-estabelece-forma-de-implantacao-do-ppp-em-meio-digital\/\" \/>\n<meta property=\"og:site_name\" content=\"Seconci Brasil\" \/>\n<meta property=\"article:published_time\" content=\"2022-02-07T11:43:54+00:00\" \/>\n<meta property=\"article:modified_time\" content=\"2022-02-07T12:35:59+00:00\" \/>\n<meta property=\"og:image\" content=\"https:\/\/seconci.com.br\/site\/wp-content\/uploads\/2022\/02\/iss.jpg\" \/>\n\t<meta property=\"og:image:width\" content=\"1178\" \/>\n\t<meta property=\"og:image:height\" content=\"582\" \/>\n\t<meta property=\"og:image:type\" content=\"image\/jpeg\" \/>\n<meta name=\"author\" content=\"Sidney Rocha\" \/>\n<meta name=\"twitter:card\" content=\"summary_large_image\" \/>\n<meta name=\"twitter:label1\" content=\"Escrito por\" \/>\n\t<meta name=\"twitter:data1\" content=\"Sidney Rocha\" \/>\n\t<meta name=\"twitter:label2\" content=\"Tempo estimado de leitura\" \/>\n\t<meta name=\"twitter:data2\" content=\"2 minutos\" \/>\n<script type=\"application\/ld+json\" class=\"yoast-schema-graph\">{\"@context\":\"https:\/\/schema.org\",\"@graph\":[{\"@type\":\"Article\",\"@id\":\"https:\/\/seconci.com.br\/site\/2022\/02\/07\/inss-estabelece-forma-de-implantacao-do-ppp-em-meio-digital\/#article\",\"isPartOf\":{\"@id\":\"https:\/\/seconci.com.br\/site\/2022\/02\/07\/inss-estabelece-forma-de-implantacao-do-ppp-em-meio-digital\/\"},\"author\":{\"name\":\"Sidney Rocha\",\"@id\":\"https:\/\/seconci.com.br\/site\/#\/schema\/person\/1d79afd97ddc8f2c68c1e88e298aa8e2\"},\"headline\":\"INSS estabelece forma de implanta\u00e7\u00e3o do PPP em meio digital\",\"datePublished\":\"2022-02-07T11:43:54+00:00\",\"dateModified\":\"2022-02-07T12:35:59+00:00\",\"mainEntityOfPage\":{\"@id\":\"https:\/\/seconci.com.br\/site\/2022\/02\/07\/inss-estabelece-forma-de-implantacao-do-ppp-em-meio-digital\/\"},\"wordCount\":480,\"publisher\":{\"@id\":\"https:\/\/seconci.com.br\/site\/#organization\"},\"image\":{\"@id\":\"https:\/\/seconci.com.br\/site\/2022\/02\/07\/inss-estabelece-forma-de-implantacao-do-ppp-em-meio-digital\/#primaryimage\"},\"thumbnailUrl\":\"https:\/\/seconci.com.br\/site\/wp-content\/uploads\/2022\/02\/iss.jpg\",\"articleSection\":[\"Seconci Brasil\"],\"inLanguage\":\"pt-PT\"},{\"@type\":\"WebPage\",\"@id\":\"https:\/\/seconci.com.br\/site\/2022\/02\/07\/inss-estabelece-forma-de-implantacao-do-ppp-em-meio-digital\/\",\"url\":\"https:\/\/seconci.com.br\/site\/2022\/02\/07\/inss-estabelece-forma-de-implantacao-do-ppp-em-meio-digital\/\",\"name\":\"INSS estabelece forma de implanta\u00e7\u00e3o do PPP em meio digital - Seconci Brasil\",\"isPartOf\":{\"@id\":\"https:\/\/seconci.com.br\/site\/#website\"},\"primaryImageOfPage\":{\"@id\":\"https:\/\/seconci.com.br\/site\/2022\/02\/07\/inss-estabelece-forma-de-implantacao-do-ppp-em-meio-digital\/#primaryimage\"},\"image\":{\"@id\":\"https:\/\/seconci.com.br\/site\/2022\/02\/07\/inss-estabelece-forma-de-implantacao-do-ppp-em-meio-digital\/#primaryimage\"},\"thumbnailUrl\":\"https:\/\/seconci.com.br\/site\/wp-content\/uploads\/2022\/02\/iss.jpg\",\"datePublished\":\"2022-02-07T11:43:54+00:00\",\"dateModified\":\"2022-02-07T12:35:59+00:00\",\"breadcrumb\":{\"@id\":\"https:\/\/seconci.com.br\/site\/2022\/02\/07\/inss-estabelece-forma-de-implantacao-do-ppp-em-meio-digital\/#breadcrumb\"},\"inLanguage\":\"pt-PT\",\"potentialAction\":[{\"@type\":\"ReadAction\",\"target\":[\"https:\/\/seconci.com.br\/site\/2022\/02\/07\/inss-estabelece-forma-de-implantacao-do-ppp-em-meio-digital\/\"]}]},{\"@type\":\"ImageObject\",\"inLanguage\":\"pt-PT\",\"@id\":\"https:\/\/seconci.com.br\/site\/2022\/02\/07\/inss-estabelece-forma-de-implantacao-do-ppp-em-meio-digital\/#primaryimage\",\"url\":\"https:\/\/seconci.com.br\/site\/wp-content\/uploads\/2022\/02\/iss.jpg\",\"contentUrl\":\"https:\/\/seconci.com.br\/site\/wp-content\/uploads\/2022\/02\/iss.jpg\",\"width\":1178,\"height\":582},{\"@type\":\"BreadcrumbList\",\"@id\":\"https:\/\/seconci.com.br\/site\/2022\/02\/07\/inss-estabelece-forma-de-implantacao-do-ppp-em-meio-digital\/#breadcrumb\",\"itemListElement\":[{\"@type\":\"ListItem\",\"position\":1,\"name\":\"In\u00edcio\",\"item\":\"https:\/\/seconci.com.br\/site\/\"},{\"@type\":\"ListItem\",\"position\":2,\"name\":\"INSS estabelece forma de implanta\u00e7\u00e3o do PPP em meio digital\"}]},{\"@type\":\"WebSite\",\"@id\":\"https:\/\/seconci.com.br\/site\/#website\",\"url\":\"https:\/\/seconci.com.br\/site\/\",\"name\":\"Seconci Brasil\",\"description\":\"\",\"publisher\":{\"@id\":\"https:\/\/seconci.com.br\/site\/#organization\"},\"potentialAction\":[{\"@type\":\"SearchAction\",\"target\":{\"@type\":\"EntryPoint\",\"urlTemplate\":\"https:\/\/seconci.com.br\/site\/?s={search_term_string}\"},\"query-input\":{\"@type\":\"PropertyValueSpecification\",\"valueRequired\":true,\"valueName\":\"search_term_string\"}}],\"inLanguage\":\"pt-PT\"},{\"@type\":\"Organization\",\"@id\":\"https:\/\/seconci.com.br\/site\/#organization\",\"name\":\"Seconci Brasil\",\"url\":\"https:\/\/seconci.com.br\/site\/\",\"logo\":{\"@type\":\"ImageObject\",\"inLanguage\":\"pt-PT\",\"@id\":\"https:\/\/seconci.com.br\/site\/#\/schema\/logo\/image\/\",\"url\":\"https:\/\/seconci.com.br\/site\/wp-content\/uploads\/2024\/08\/Logo-Seconci-Brasil-branca-2.png\",\"contentUrl\":\"https:\/\/seconci.com.br\/site\/wp-content\/uploads\/2024\/08\/Logo-Seconci-Brasil-branca-2.png\",\"width\":1315,\"height\":598,\"caption\":\"Seconci Brasil\"},\"image\":{\"@id\":\"https:\/\/seconci.com.br\/site\/#\/schema\/logo\/image\/\"}},{\"@type\":\"Person\",\"@id\":\"https:\/\/seconci.com.br\/site\/#\/schema\/person\/1d79afd97ddc8f2c68c1e88e298aa8e2\",\"name\":\"Sidney Rocha\",\"description\":\"Comunicador e estagi\u00e1rio do Seconci Brasil.\",\"url\":\"https:\/\/seconci.com.br\/site\/author\/sidney-rocha\/\"}]}<\/script>\n<!-- \/ Yoast SEO plugin. -->","yoast_head_json":{"title":"INSS estabelece forma de implanta\u00e7\u00e3o do PPP em meio digital - Seconci Brasil","robots":{"index":"index","follow":"follow","max-snippet":"max-snippet:-1","max-image-preview":"max-image-preview:large","max-video-preview":"max-video-preview:-1"},"canonical":"https:\/\/seconci.com.br\/site\/2022\/02\/07\/inss-estabelece-forma-de-implantacao-do-ppp-em-meio-digital\/","og_locale":"pt_PT","og_type":"article","og_title":"INSS estabelece forma de implanta\u00e7\u00e3o do PPP em meio digital - Seconci Brasil","og_description":"A\u00a0Portaria do Minist\u00e9rio do Trabalho e Previd\u00eancia\/Instituto Nacional do Seguro Social (PRES\/INSS) n\u00ba 1.411\/2022, publicada nesta sexta-feira (04\/02), no Di\u00e1rio Oficial da Uni\u00e3o (DOU), disp\u00f5e sobre o\u00a0formul\u00e1rio Perfil Profissiogr\u00e1fico Previdenci\u00e1rio (PPP)\u00a0e informa\u00e7\u00f5es pr\u00e9vias \u00e0\u00a0implanta\u00e7\u00e3o em meio digital. A implanta\u00e7\u00e3o do PPP em meio digital, ou de documento que venha substitu\u00ed-lo nesse formato, ser\u00e1 gradativa e [&hellip;]","og_url":"https:\/\/seconci.com.br\/site\/2022\/02\/07\/inss-estabelece-forma-de-implantacao-do-ppp-em-meio-digital\/","og_site_name":"Seconci Brasil","article_published_time":"2022-02-07T11:43:54+00:00","article_modified_time":"2022-02-07T12:35:59+00:00","og_image":[{"width":1178,"height":582,"url":"https:\/\/seconci.com.br\/site\/wp-content\/uploads\/2022\/02\/iss.jpg","type":"image\/jpeg"}],"author":"Sidney Rocha","twitter_card":"summary_large_image","twitter_misc":{"Escrito por":"Sidney Rocha","Tempo estimado de leitura":"2 minutos"},"schema":{"@context":"https:\/\/schema.org","@graph":[{"@type":"Article","@id":"https:\/\/seconci.com.br\/site\/2022\/02\/07\/inss-estabelece-forma-de-implantacao-do-ppp-em-meio-digital\/#article","isPartOf":{"@id":"https:\/\/seconci.com.br\/site\/2022\/02\/07\/inss-estabelece-forma-de-implantacao-do-ppp-em-meio-digital\/"},"author":{"name":"Sidney Rocha","@id":"https:\/\/seconci.com.br\/site\/#\/schema\/person\/1d79afd97ddc8f2c68c1e88e298aa8e2"},"headline":"INSS estabelece forma de implanta\u00e7\u00e3o do PPP em meio digital","datePublished":"2022-02-07T11:43:54+00:00","dateModified":"2022-02-07T12:35:59+00:00","mainEntityOfPage":{"@id":"https:\/\/seconci.com.br\/site\/2022\/02\/07\/inss-estabelece-forma-de-implantacao-do-ppp-em-meio-digital\/"},"wordCount":480,"publisher":{"@id":"https:\/\/seconci.com.br\/site\/#organization"},"image":{"@id":"https:\/\/seconci.com.br\/site\/2022\/02\/07\/inss-estabelece-forma-de-implantacao-do-ppp-em-meio-digital\/#primaryimage"},"thumbnailUrl":"https:\/\/seconci.com.br\/site\/wp-content\/uploads\/2022\/02\/iss.jpg","articleSection":["Seconci Brasil"],"inLanguage":"pt-PT"},{"@type":"WebPage","@id":"https:\/\/seconci.com.br\/site\/2022\/02\/07\/inss-estabelece-forma-de-implantacao-do-ppp-em-meio-digital\/","url":"https:\/\/seconci.com.br\/site\/2022\/02\/07\/inss-estabelece-forma-de-implantacao-do-ppp-em-meio-digital\/","name":"INSS estabelece forma de implanta\u00e7\u00e3o do PPP em meio digital - Seconci Brasil","isPartOf":{"@id":"https:\/\/seconci.com.br\/site\/#website"},"primaryImageOfPage":{"@id":"https:\/\/seconci.com.br\/site\/2022\/02\/07\/inss-estabelece-forma-de-implantacao-do-ppp-em-meio-digital\/#primaryimage"},"image":{"@id":"https:\/\/seconci.com.br\/site\/2022\/02\/07\/inss-estabelece-forma-de-implantacao-do-ppp-em-meio-digital\/#primaryimage"},"thumbnailUrl":"https:\/\/seconci.com.br\/site\/wp-content\/uploads\/2022\/02\/iss.jpg","datePublished":"2022-02-07T11:43:54+00:00","dateModified":"2022-02-07T12:35:59+00:00","breadcrumb":{"@id":"https:\/\/seconci.com.br\/site\/2022\/02\/07\/inss-estabelece-forma-de-implantacao-do-ppp-em-meio-digital\/#breadcrumb"},"inLanguage":"pt-PT","potentialAction":[{"@type":"ReadAction","target":["https:\/\/seconci.com.br\/site\/2022\/02\/07\/inss-estabelece-forma-de-implantacao-do-ppp-em-meio-digital\/"]}]},{"@type":"ImageObject","inLanguage":"pt-PT","@id":"https:\/\/seconci.com.br\/site\/2022\/02\/07\/inss-estabelece-forma-de-implantacao-do-ppp-em-meio-digital\/#primaryimage","url":"https:\/\/seconci.com.br\/site\/wp-content\/uploads\/2022\/02\/iss.jpg","contentUrl":"https:\/\/seconci.com.br\/site\/wp-content\/uploads\/2022\/02\/iss.jpg","width":1178,"height":582},{"@type":"BreadcrumbList","@id":"https:\/\/seconci.com.br\/site\/2022\/02\/07\/inss-estabelece-forma-de-implantacao-do-ppp-em-meio-digital\/#breadcrumb","itemListElement":[{"@type":"ListItem","position":1,"name":"In\u00edcio","item":"https:\/\/seconci.com.br\/site\/"},{"@type":"ListItem","position":2,"name":"INSS estabelece forma de implanta\u00e7\u00e3o do PPP em meio digital"}]},{"@type":"WebSite","@id":"https:\/\/seconci.com.br\/site\/#website","url":"https:\/\/seconci.com.br\/site\/","name":"Seconci Brasil","description":"","publisher":{"@id":"https:\/\/seconci.com.br\/site\/#organization"},"potentialAction":[{"@type":"SearchAction","target":{"@type":"EntryPoint","urlTemplate":"https:\/\/seconci.com.br\/site\/?s={search_term_string}"},"query-input":{"@type":"PropertyValueSpecification","valueRequired":true,"valueName":"search_term_string"}}],"inLanguage":"pt-PT"},{"@type":"Organization","@id":"https:\/\/seconci.com.br\/site\/#organization","name":"Seconci Brasil","url":"https:\/\/seconci.com.br\/site\/","logo":{"@type":"ImageObject","inLanguage":"pt-PT","@id":"https:\/\/seconci.com.br\/site\/#\/schema\/logo\/image\/","url":"https:\/\/seconci.com.br\/site\/wp-content\/uploads\/2024\/08\/Logo-Seconci-Brasil-branca-2.png","contentUrl":"https:\/\/seconci.com.br\/site\/wp-content\/uploads\/2024\/08\/Logo-Seconci-Brasil-branca-2.png","width":1315,"height":598,"caption":"Seconci Brasil"},"image":{"@id":"https:\/\/seconci.com.br\/site\/#\/schema\/logo\/image\/"}},{"@type":"Person","@id":"https:\/\/seconci.com.br\/site\/#\/schema\/person\/1d79afd97ddc8f2c68c1e88e298aa8e2","name":"Sidney Rocha","description":"Comunicador e estagi\u00e1rio do Seconci Brasil.","url":"https:\/\/seconci.com.br\/site\/author\/sidney-rocha\/"}]}},"_links":{"self":[{"href":"https:\/\/seconci.com.br\/site\/wp-json\/wp\/v2\/posts\/11512","targetHints":{"allow":["GET"]}}],"collection":[{"href":"https:\/\/seconci.com.br\/site\/wp-json\/wp\/v2\/posts"}],"about":[{"href":"https:\/\/seconci.com.br\/site\/wp-json\/wp\/v2\/types\/post"}],"author":[{"embeddable":true,"href":"https:\/\/seconci.com.br\/site\/wp-json\/wp\/v2\/users\/3"}],"replies":[{"embeddable":true,"href":"https:\/\/seconci.com.br\/site\/wp-json\/wp\/v2\/comments?post=11512"}],"version-history":[{"count":0,"href":"https:\/\/seconci.com.br\/site\/wp-json\/wp\/v2\/posts\/11512\/revisions"}],"wp:featuredmedia":[{"embeddable":true,"href":"https:\/\/seconci.com.br\/site\/wp-json\/wp\/v2\/media\/11513"}],"wp:attachment":[{"href":"https:\/\/seconci.com.br\/site\/wp-json\/wp\/v2\/media?parent=11512"}],"wp:term":[{"taxonomy":"category","embeddable":true,"href":"https:\/\/seconci.com.br\/site\/wp-json\/wp\/v2\/categories?post=11512"},{"taxonomy":"post_tag","embeddable":true,"href":"https:\/\/seconci.com.br\/site\/wp-json\/wp\/v2\/tags?post=11512"}],"curies":[{"name":"wp","href":"https:\/\/api.w.org\/{rel}","templated":true}]}}