{"id":11590,"date":"2022-03-07T10:54:14","date_gmt":"2022-03-07T10:54:14","guid":{"rendered":"https:\/\/seconci.com.br\/site\/?p=11590"},"modified":"2022-03-07T10:54:14","modified_gmt":"2022-03-07T10:54:14","slug":"construcao-civil-participa-de-revisao-do-codigo-de-praticas-sobre-sst-da-oit","status":"publish","type":"post","link":"https:\/\/seconci.com.br\/site\/2022\/03\/07\/construcao-civil-participa-de-revisao-do-codigo-de-praticas-sobre-sst-da-oit\/","title":{"rendered":"Constru\u00e7\u00e3o civil participa de revis\u00e3o do C\u00f3digo de pr\u00e1ticas sobre SST da OIT"},"content":{"rendered":"<p>O c\u00f3digo de pr\u00e1tica da Organiza\u00e7\u00e3o Internacional do Trabalho (OIT) sobre Seguran\u00e7a e Sa\u00fade no Trabalho (SST) na constru\u00e7\u00e3o de 1992 foi recentemente revisado por especialistas, em Genebra, na Su\u00ed\u00e7a. Indicado pela Confedera\u00e7\u00e3o Nacional da Ind\u00fastria-CNI, o setor da constru\u00e7\u00e3o nacional participou do processo, de 21 a 25\/02, representado pelo engenheiro civil e de seguran\u00e7a do trabalho, consultor do Seconci-SP, Gianfranco Pampalon.<\/p>\n<p>Tamb\u00e9m presentes \u00e0s reuni\u00f5es os representantes de organismos Internacionais como o Banco Mundial, Uni\u00e3o Europeia (UE), Organiza\u00e7\u00e3o Internacional de Empregadores (OIE), Federa\u00e7\u00e3o Sindical Mundial (FSM) e a Confedera\u00e7\u00e3o Sindical Internacional (CSI).<\/p>\n<p>Os Grupos Empregadores, Trabalhadores e Governos introduziram altera\u00e7\u00f5es referentes a novos elementos, atualiza\u00e7\u00f5es, modifica\u00e7\u00e3o do idioma existente, exclus\u00f5es, entre outras. Na avalia\u00e7\u00e3o de Gianfranco Pampalon, se aplicado, o novo C\u00f3digo de Pr\u00e1ticas sobre Seguran\u00e7a e Sa\u00fade na Constru\u00e7\u00e3o (OIT) tornar\u00e1 as obras um local mais seguro para todos.<\/p>\n<p>A previs\u00e3o \u00e9 de que o texto final seja divulgado no final do m\u00eas de mar\u00e7o, ap\u00f3s revis\u00e3o da reda\u00e7\u00e3o de alguns itens por t\u00e9cnicos da OIT.<\/p>\n<p>Um dos itens que evoluiu muito em rela\u00e7\u00e3o ao c\u00f3digo anterior, entre outros, foi o de preven\u00e7\u00e3o de quedas de altura, onde muitos novos conceitos e t\u00e9cnicas foram incorporados ao novo manual.<\/p>\n<p>Cada grupo recebeu antecipadamente o Projeto do C\u00f3digo de Recomenda\u00e7\u00f5es Pr\u00e1ticas Revisado Sobre Seguran\u00e7a e Sa\u00fade na Constru\u00e7\u00e3o de 1992 para estudo e an\u00e1lise. \u201cAs altera\u00e7\u00f5es enviadas em nome do Grupo dos Empregadores foram previamente estudadas e lidas atentamente para preparar todas as altera\u00e7\u00f5es julgadas necess\u00e1rias\u201d, destaca Gianfranco Pampalon.<\/p>\n<p>As mudan\u00e7as foram discutidas tanto no \u00e2mbito da Comiss\u00e3o dos Empregadores, durante reuni\u00f5es que se iniciavam \u00e0s 9h em Genebra (5h no Brasil), quanto nas sess\u00f5es plen\u00e1rias, ap\u00f3s acordadas, para negocia\u00e7\u00e3o com os outros dois grupos, que se extendiam at\u00e9 \u00e0s 19h (Genebra).<\/p>\n<p>Confira os participantes da reuni\u00e3o da Comiss\u00e3o dos Empregadores, presenciais e via online:<\/p>\n<p><strong>Presenciais \u2013 Genebra<\/strong><\/p>\n<ul>\n<li>John Beckett, VP Operations, BC Maritime Employers Association \u2013 Canad\u00e1. Vice-presidente da reuni\u00e3o plenaria<\/li>\n<li>Surbhi Dewan, General Manager \u2013 HR, Ashiana Housing Limited<\/li>\n<li>Rebecca Sostarko, Senior Adviser \u2013 Safety, Contracts and Workplace Relations, Master Builders Australia (MBA)<\/li>\n<li>Akhtar Quddus, OSH Advisor EFP and Managing Director, MaxTrain International<\/li>\n<li>Mohamed Elsayed Shahen, Economic Researcher, Labor and Industry Department, Kuwait Chamber of Commerce and Industry<\/li>\n<li>Rabah Abdulrehman Al-Rabah, Director general, Kuwait Chamber of Commerce and Industry<\/li>\n<li>Ovidio Roberto, Director, Unidad de Salud y Seguridad Ocupacional en la Comisi\u00f3n, C\u00e1mara Guatemalteca de la Construcci\u00f3n.<\/li>\n<li>Heribert J\u00f6ris, Executive Director Social Policy, Zentralverband Deutsches Baugewerbe.<\/li>\n<li>Matias Espinosa Adviser, International Organization of Employers (IOE)<\/li>\n<\/ul>\n<p><strong>Remotamente \u2013 via ZOOM<\/strong><\/p>\n<ul>\n<li>Gianfranco Pampalon, engenheiro civil e de seguran\u00e7a do trabalho, representando o setor da constru\u00e7\u00e3o, indicado pela Confedera\u00e7\u00e3o Nacional da Ind\u00fastria (CNI)<\/li>\n<\/ul>\n<p><strong>Plen\u00e1rias<\/strong><\/p>\n<p>Representaram os grupos, nas plen\u00e1rias:<\/p>\n<ul>\n<li>Comiss\u00e3o dos Empregadores \u2013 John Beckett, vice-presidente da Comiss\u00e3o e de opera\u00e7\u00f5es da BC Maritime Employers Association, do Canad\u00e1, representou o grupo na plen\u00e1ria.<\/li>\n<li>Comiss\u00e3o dos Empregados \u2013 Monica V. Tepfer, vice-presidente da comiss\u00e3o e Professional Traning Coordinator, Uni\u00f3n Obrera de la Construcci\u00f3n de la Rep\u00fablica Argentina (UOCRA)<\/li>\n<li>Comiss\u00e3o do Governo \u2013 Luiz Carlos Lumbreras Rocha, vice-presidente da comiss\u00e3o e inspetor do Trabalho, da Subsecretaria de Inspe\u00e7\u00e3o do Trabalho do Minist\u00e9rio do Trabalho e Previd\u00eancia \u2013 Brasil.<\/li>\n<\/ul>\n<p>A comiss\u00e3o brasileira do governo contou ainda com o conselheiro t\u00e9cnico S\u00e9rgio Augusto Letizia Garcia, inspetor do trabalho da Subsecretaria de Inspe\u00e7\u00e3o do Trabalho do Minist\u00e9rio do Trabalho e Previd\u00eancia.<\/p>\n<p>O Projeto do C\u00f3digo de Recomenda\u00e7\u00f5es Pr\u00e1ticas Revisado Sobre Seguran\u00e7a e Sa\u00fade na Constru\u00e7\u00e3o de 1992 foi estudado previamente pelas tr\u00eas comiss\u00f5es para a apresenta\u00e7\u00e3o de propostas e agilidade em todo o processo. \u201cOcorreram poucos embates com vi\u00e9s ideol\u00f3gico e as diverg\u00eancias foram deliberadas por consenso\u201d, disse Pampalon.<\/p>\n<p>Segundo o especialista, os temas foram abordados com uma vis\u00e3o estritamente t\u00e9cnica, visando a preven\u00e7\u00e3o de acidentes e doen\u00e7as do trabalho e as experiencias de v\u00e1rios pa\u00edses foi muito importante para melhorar o n\u00edvel t\u00e9cnico deste C\u00f3digo.<\/p>\n<p><em>Fonte: Ag\u00eancia CBIC<\/em><\/p>\n","protected":false},"excerpt":{"rendered":"<p>O c\u00f3digo de pr\u00e1tica da Organiza\u00e7\u00e3o Internacional do Trabalho (OIT) sobre Seguran\u00e7a e Sa\u00fade no Trabalho (SST) na constru\u00e7\u00e3o de 1992 foi recentemente revisado por especialistas, em Genebra, na Su\u00ed\u00e7a. Indicado pela Confedera\u00e7\u00e3o Nacional da Ind\u00fastria-CNI, o setor da constru\u00e7\u00e3o nacional participou do processo, de 21 a 25\/02, representado pelo engenheiro civil e de seguran\u00e7a [&hellip;]<\/p>\n","protected":false},"author":3,"featured_media":11591,"comment_status":"closed","ping_status":"closed","sticky":false,"template":"","format":"standard","meta":{"footnotes":""},"categories":[92],"tags":[],"class_list":["post-11590","post","type-post","status-publish","format-standard","has-post-thumbnail","hentry","category-seconci-brasil"],"yoast_head":"<!-- This site is optimized with the Yoast SEO plugin v26.9 - https:\/\/yoast.com\/product\/yoast-seo-wordpress\/ -->\n<title>Constru\u00e7\u00e3o civil participa de revis\u00e3o do C\u00f3digo de pr\u00e1ticas sobre SST da OIT - Seconci Brasil<\/title>\n<meta name=\"robots\" content=\"index, follow, max-snippet:-1, max-image-preview:large, max-video-preview:-1\" \/>\n<link rel=\"canonical\" href=\"https:\/\/seconci.com.br\/site\/2022\/03\/07\/construcao-civil-participa-de-revisao-do-codigo-de-praticas-sobre-sst-da-oit\/\" \/>\n<meta property=\"og:locale\" content=\"pt_PT\" \/>\n<meta property=\"og:type\" content=\"article\" \/>\n<meta property=\"og:title\" content=\"Constru\u00e7\u00e3o civil participa de revis\u00e3o do C\u00f3digo de pr\u00e1ticas sobre SST da OIT - Seconci Brasil\" \/>\n<meta property=\"og:description\" content=\"O c\u00f3digo de pr\u00e1tica da Organiza\u00e7\u00e3o Internacional do Trabalho (OIT) sobre Seguran\u00e7a e Sa\u00fade no Trabalho (SST) na constru\u00e7\u00e3o de 1992 foi recentemente revisado por especialistas, em Genebra, na Su\u00ed\u00e7a. Indicado pela Confedera\u00e7\u00e3o Nacional da Ind\u00fastria-CNI, o setor da constru\u00e7\u00e3o nacional participou do processo, de 21 a 25\/02, representado pelo engenheiro civil e de seguran\u00e7a [&hellip;]\" \/>\n<meta property=\"og:url\" content=\"https:\/\/seconci.com.br\/site\/2022\/03\/07\/construcao-civil-participa-de-revisao-do-codigo-de-praticas-sobre-sst-da-oit\/\" \/>\n<meta property=\"og:site_name\" content=\"Seconci Brasil\" \/>\n<meta property=\"article:published_time\" content=\"2022-03-07T10:54:14+00:00\" \/>\n<meta property=\"og:image\" content=\"https:\/\/seconci.com.br\/site\/wp-content\/uploads\/2022\/03\/imagem1.png\" \/>\n\t<meta property=\"og:image:width\" content=\"543\" \/>\n\t<meta property=\"og:image:height\" content=\"316\" \/>\n\t<meta property=\"og:image:type\" content=\"image\/png\" \/>\n<meta name=\"author\" content=\"Sidney Rocha\" \/>\n<meta name=\"twitter:card\" content=\"summary_large_image\" \/>\n<meta name=\"twitter:label1\" content=\"Escrito por\" \/>\n\t<meta name=\"twitter:data1\" content=\"Sidney Rocha\" \/>\n\t<meta name=\"twitter:label2\" content=\"Tempo estimado de leitura\" \/>\n\t<meta name=\"twitter:data2\" content=\"4 minutos\" \/>\n<script type=\"application\/ld+json\" class=\"yoast-schema-graph\">{\"@context\":\"https:\/\/schema.org\",\"@graph\":[{\"@type\":\"Article\",\"@id\":\"https:\/\/seconci.com.br\/site\/2022\/03\/07\/construcao-civil-participa-de-revisao-do-codigo-de-praticas-sobre-sst-da-oit\/#article\",\"isPartOf\":{\"@id\":\"https:\/\/seconci.com.br\/site\/2022\/03\/07\/construcao-civil-participa-de-revisao-do-codigo-de-praticas-sobre-sst-da-oit\/\"},\"author\":{\"name\":\"Sidney Rocha\",\"@id\":\"https:\/\/seconci.com.br\/site\/#\/schema\/person\/1d79afd97ddc8f2c68c1e88e298aa8e2\"},\"headline\":\"Constru\u00e7\u00e3o civil participa de revis\u00e3o do C\u00f3digo de pr\u00e1ticas sobre SST da OIT\",\"datePublished\":\"2022-03-07T10:54:14+00:00\",\"mainEntityOfPage\":{\"@id\":\"https:\/\/seconci.com.br\/site\/2022\/03\/07\/construcao-civil-participa-de-revisao-do-codigo-de-praticas-sobre-sst-da-oit\/\"},\"wordCount\":753,\"publisher\":{\"@id\":\"https:\/\/seconci.com.br\/site\/#organization\"},\"image\":{\"@id\":\"https:\/\/seconci.com.br\/site\/2022\/03\/07\/construcao-civil-participa-de-revisao-do-codigo-de-praticas-sobre-sst-da-oit\/#primaryimage\"},\"thumbnailUrl\":\"https:\/\/seconci.com.br\/site\/wp-content\/uploads\/2022\/03\/imagem1.png\",\"articleSection\":[\"Seconci Brasil\"],\"inLanguage\":\"pt-PT\"},{\"@type\":\"WebPage\",\"@id\":\"https:\/\/seconci.com.br\/site\/2022\/03\/07\/construcao-civil-participa-de-revisao-do-codigo-de-praticas-sobre-sst-da-oit\/\",\"url\":\"https:\/\/seconci.com.br\/site\/2022\/03\/07\/construcao-civil-participa-de-revisao-do-codigo-de-praticas-sobre-sst-da-oit\/\",\"name\":\"Constru\u00e7\u00e3o civil participa de revis\u00e3o do C\u00f3digo de pr\u00e1ticas sobre SST da OIT - Seconci Brasil\",\"isPartOf\":{\"@id\":\"https:\/\/seconci.com.br\/site\/#website\"},\"primaryImageOfPage\":{\"@id\":\"https:\/\/seconci.com.br\/site\/2022\/03\/07\/construcao-civil-participa-de-revisao-do-codigo-de-praticas-sobre-sst-da-oit\/#primaryimage\"},\"image\":{\"@id\":\"https:\/\/seconci.com.br\/site\/2022\/03\/07\/construcao-civil-participa-de-revisao-do-codigo-de-praticas-sobre-sst-da-oit\/#primaryimage\"},\"thumbnailUrl\":\"https:\/\/seconci.com.br\/site\/wp-content\/uploads\/2022\/03\/imagem1.png\",\"datePublished\":\"2022-03-07T10:54:14+00:00\",\"breadcrumb\":{\"@id\":\"https:\/\/seconci.com.br\/site\/2022\/03\/07\/construcao-civil-participa-de-revisao-do-codigo-de-praticas-sobre-sst-da-oit\/#breadcrumb\"},\"inLanguage\":\"pt-PT\",\"potentialAction\":[{\"@type\":\"ReadAction\",\"target\":[\"https:\/\/seconci.com.br\/site\/2022\/03\/07\/construcao-civil-participa-de-revisao-do-codigo-de-praticas-sobre-sst-da-oit\/\"]}]},{\"@type\":\"ImageObject\",\"inLanguage\":\"pt-PT\",\"@id\":\"https:\/\/seconci.com.br\/site\/2022\/03\/07\/construcao-civil-participa-de-revisao-do-codigo-de-praticas-sobre-sst-da-oit\/#primaryimage\",\"url\":\"https:\/\/seconci.com.br\/site\/wp-content\/uploads\/2022\/03\/imagem1.png\",\"contentUrl\":\"https:\/\/seconci.com.br\/site\/wp-content\/uploads\/2022\/03\/imagem1.png\",\"width\":543,\"height\":316},{\"@type\":\"BreadcrumbList\",\"@id\":\"https:\/\/seconci.com.br\/site\/2022\/03\/07\/construcao-civil-participa-de-revisao-do-codigo-de-praticas-sobre-sst-da-oit\/#breadcrumb\",\"itemListElement\":[{\"@type\":\"ListItem\",\"position\":1,\"name\":\"In\u00edcio\",\"item\":\"https:\/\/seconci.com.br\/site\/\"},{\"@type\":\"ListItem\",\"position\":2,\"name\":\"Constru\u00e7\u00e3o civil participa de revis\u00e3o do C\u00f3digo de pr\u00e1ticas sobre SST da OIT\"}]},{\"@type\":\"WebSite\",\"@id\":\"https:\/\/seconci.com.br\/site\/#website\",\"url\":\"https:\/\/seconci.com.br\/site\/\",\"name\":\"Seconci Brasil\",\"description\":\"\",\"publisher\":{\"@id\":\"https:\/\/seconci.com.br\/site\/#organization\"},\"potentialAction\":[{\"@type\":\"SearchAction\",\"target\":{\"@type\":\"EntryPoint\",\"urlTemplate\":\"https:\/\/seconci.com.br\/site\/?s={search_term_string}\"},\"query-input\":{\"@type\":\"PropertyValueSpecification\",\"valueRequired\":true,\"valueName\":\"search_term_string\"}}],\"inLanguage\":\"pt-PT\"},{\"@type\":\"Organization\",\"@id\":\"https:\/\/seconci.com.br\/site\/#organization\",\"name\":\"Seconci Brasil\",\"url\":\"https:\/\/seconci.com.br\/site\/\",\"logo\":{\"@type\":\"ImageObject\",\"inLanguage\":\"pt-PT\",\"@id\":\"https:\/\/seconci.com.br\/site\/#\/schema\/logo\/image\/\",\"url\":\"https:\/\/seconci.com.br\/site\/wp-content\/uploads\/2024\/08\/Logo-Seconci-Brasil-branca-2.png\",\"contentUrl\":\"https:\/\/seconci.com.br\/site\/wp-content\/uploads\/2024\/08\/Logo-Seconci-Brasil-branca-2.png\",\"width\":1315,\"height\":598,\"caption\":\"Seconci Brasil\"},\"image\":{\"@id\":\"https:\/\/seconci.com.br\/site\/#\/schema\/logo\/image\/\"}},{\"@type\":\"Person\",\"@id\":\"https:\/\/seconci.com.br\/site\/#\/schema\/person\/1d79afd97ddc8f2c68c1e88e298aa8e2\",\"name\":\"Sidney Rocha\",\"description\":\"Comunicador e estagi\u00e1rio do Seconci Brasil.\",\"url\":\"https:\/\/seconci.com.br\/site\/author\/sidney-rocha\/\"}]}<\/script>\n<!-- \/ Yoast SEO plugin. -->","yoast_head_json":{"title":"Constru\u00e7\u00e3o civil participa de revis\u00e3o do C\u00f3digo de pr\u00e1ticas sobre SST da OIT - Seconci Brasil","robots":{"index":"index","follow":"follow","max-snippet":"max-snippet:-1","max-image-preview":"max-image-preview:large","max-video-preview":"max-video-preview:-1"},"canonical":"https:\/\/seconci.com.br\/site\/2022\/03\/07\/construcao-civil-participa-de-revisao-do-codigo-de-praticas-sobre-sst-da-oit\/","og_locale":"pt_PT","og_type":"article","og_title":"Constru\u00e7\u00e3o civil participa de revis\u00e3o do C\u00f3digo de pr\u00e1ticas sobre SST da OIT - Seconci Brasil","og_description":"O c\u00f3digo de pr\u00e1tica da Organiza\u00e7\u00e3o Internacional do Trabalho (OIT) sobre Seguran\u00e7a e Sa\u00fade no Trabalho (SST) na constru\u00e7\u00e3o de 1992 foi recentemente revisado por especialistas, em Genebra, na Su\u00ed\u00e7a. Indicado pela Confedera\u00e7\u00e3o Nacional da Ind\u00fastria-CNI, o setor da constru\u00e7\u00e3o nacional participou do processo, de 21 a 25\/02, representado pelo engenheiro civil e de seguran\u00e7a [&hellip;]","og_url":"https:\/\/seconci.com.br\/site\/2022\/03\/07\/construcao-civil-participa-de-revisao-do-codigo-de-praticas-sobre-sst-da-oit\/","og_site_name":"Seconci Brasil","article_published_time":"2022-03-07T10:54:14+00:00","og_image":[{"width":543,"height":316,"url":"https:\/\/seconci.com.br\/site\/wp-content\/uploads\/2022\/03\/imagem1.png","type":"image\/png"}],"author":"Sidney Rocha","twitter_card":"summary_large_image","twitter_misc":{"Escrito por":"Sidney Rocha","Tempo estimado de leitura":"4 minutos"},"schema":{"@context":"https:\/\/schema.org","@graph":[{"@type":"Article","@id":"https:\/\/seconci.com.br\/site\/2022\/03\/07\/construcao-civil-participa-de-revisao-do-codigo-de-praticas-sobre-sst-da-oit\/#article","isPartOf":{"@id":"https:\/\/seconci.com.br\/site\/2022\/03\/07\/construcao-civil-participa-de-revisao-do-codigo-de-praticas-sobre-sst-da-oit\/"},"author":{"name":"Sidney Rocha","@id":"https:\/\/seconci.com.br\/site\/#\/schema\/person\/1d79afd97ddc8f2c68c1e88e298aa8e2"},"headline":"Constru\u00e7\u00e3o civil participa de revis\u00e3o do C\u00f3digo de pr\u00e1ticas sobre SST da OIT","datePublished":"2022-03-07T10:54:14+00:00","mainEntityOfPage":{"@id":"https:\/\/seconci.com.br\/site\/2022\/03\/07\/construcao-civil-participa-de-revisao-do-codigo-de-praticas-sobre-sst-da-oit\/"},"wordCount":753,"publisher":{"@id":"https:\/\/seconci.com.br\/site\/#organization"},"image":{"@id":"https:\/\/seconci.com.br\/site\/2022\/03\/07\/construcao-civil-participa-de-revisao-do-codigo-de-praticas-sobre-sst-da-oit\/#primaryimage"},"thumbnailUrl":"https:\/\/seconci.com.br\/site\/wp-content\/uploads\/2022\/03\/imagem1.png","articleSection":["Seconci Brasil"],"inLanguage":"pt-PT"},{"@type":"WebPage","@id":"https:\/\/seconci.com.br\/site\/2022\/03\/07\/construcao-civil-participa-de-revisao-do-codigo-de-praticas-sobre-sst-da-oit\/","url":"https:\/\/seconci.com.br\/site\/2022\/03\/07\/construcao-civil-participa-de-revisao-do-codigo-de-praticas-sobre-sst-da-oit\/","name":"Constru\u00e7\u00e3o civil participa de revis\u00e3o do C\u00f3digo de pr\u00e1ticas sobre SST da OIT - Seconci Brasil","isPartOf":{"@id":"https:\/\/seconci.com.br\/site\/#website"},"primaryImageOfPage":{"@id":"https:\/\/seconci.com.br\/site\/2022\/03\/07\/construcao-civil-participa-de-revisao-do-codigo-de-praticas-sobre-sst-da-oit\/#primaryimage"},"image":{"@id":"https:\/\/seconci.com.br\/site\/2022\/03\/07\/construcao-civil-participa-de-revisao-do-codigo-de-praticas-sobre-sst-da-oit\/#primaryimage"},"thumbnailUrl":"https:\/\/seconci.com.br\/site\/wp-content\/uploads\/2022\/03\/imagem1.png","datePublished":"2022-03-07T10:54:14+00:00","breadcrumb":{"@id":"https:\/\/seconci.com.br\/site\/2022\/03\/07\/construcao-civil-participa-de-revisao-do-codigo-de-praticas-sobre-sst-da-oit\/#breadcrumb"},"inLanguage":"pt-PT","potentialAction":[{"@type":"ReadAction","target":["https:\/\/seconci.com.br\/site\/2022\/03\/07\/construcao-civil-participa-de-revisao-do-codigo-de-praticas-sobre-sst-da-oit\/"]}]},{"@type":"ImageObject","inLanguage":"pt-PT","@id":"https:\/\/seconci.com.br\/site\/2022\/03\/07\/construcao-civil-participa-de-revisao-do-codigo-de-praticas-sobre-sst-da-oit\/#primaryimage","url":"https:\/\/seconci.com.br\/site\/wp-content\/uploads\/2022\/03\/imagem1.png","contentUrl":"https:\/\/seconci.com.br\/site\/wp-content\/uploads\/2022\/03\/imagem1.png","width":543,"height":316},{"@type":"BreadcrumbList","@id":"https:\/\/seconci.com.br\/site\/2022\/03\/07\/construcao-civil-participa-de-revisao-do-codigo-de-praticas-sobre-sst-da-oit\/#breadcrumb","itemListElement":[{"@type":"ListItem","position":1,"name":"In\u00edcio","item":"https:\/\/seconci.com.br\/site\/"},{"@type":"ListItem","position":2,"name":"Constru\u00e7\u00e3o civil participa de revis\u00e3o do C\u00f3digo de pr\u00e1ticas sobre SST da OIT"}]},{"@type":"WebSite","@id":"https:\/\/seconci.com.br\/site\/#website","url":"https:\/\/seconci.com.br\/site\/","name":"Seconci Brasil","description":"","publisher":{"@id":"https:\/\/seconci.com.br\/site\/#organization"},"potentialAction":[{"@type":"SearchAction","target":{"@type":"EntryPoint","urlTemplate":"https:\/\/seconci.com.br\/site\/?s={search_term_string}"},"query-input":{"@type":"PropertyValueSpecification","valueRequired":true,"valueName":"search_term_string"}}],"inLanguage":"pt-PT"},{"@type":"Organization","@id":"https:\/\/seconci.com.br\/site\/#organization","name":"Seconci Brasil","url":"https:\/\/seconci.com.br\/site\/","logo":{"@type":"ImageObject","inLanguage":"pt-PT","@id":"https:\/\/seconci.com.br\/site\/#\/schema\/logo\/image\/","url":"https:\/\/seconci.com.br\/site\/wp-content\/uploads\/2024\/08\/Logo-Seconci-Brasil-branca-2.png","contentUrl":"https:\/\/seconci.com.br\/site\/wp-content\/uploads\/2024\/08\/Logo-Seconci-Brasil-branca-2.png","width":1315,"height":598,"caption":"Seconci Brasil"},"image":{"@id":"https:\/\/seconci.com.br\/site\/#\/schema\/logo\/image\/"}},{"@type":"Person","@id":"https:\/\/seconci.com.br\/site\/#\/schema\/person\/1d79afd97ddc8f2c68c1e88e298aa8e2","name":"Sidney Rocha","description":"Comunicador e estagi\u00e1rio do Seconci Brasil.","url":"https:\/\/seconci.com.br\/site\/author\/sidney-rocha\/"}]}},"_links":{"self":[{"href":"https:\/\/seconci.com.br\/site\/wp-json\/wp\/v2\/posts\/11590","targetHints":{"allow":["GET"]}}],"collection":[{"href":"https:\/\/seconci.com.br\/site\/wp-json\/wp\/v2\/posts"}],"about":[{"href":"https:\/\/seconci.com.br\/site\/wp-json\/wp\/v2\/types\/post"}],"author":[{"embeddable":true,"href":"https:\/\/seconci.com.br\/site\/wp-json\/wp\/v2\/users\/3"}],"replies":[{"embeddable":true,"href":"https:\/\/seconci.com.br\/site\/wp-json\/wp\/v2\/comments?post=11590"}],"version-history":[{"count":0,"href":"https:\/\/seconci.com.br\/site\/wp-json\/wp\/v2\/posts\/11590\/revisions"}],"wp:featuredmedia":[{"embeddable":true,"href":"https:\/\/seconci.com.br\/site\/wp-json\/wp\/v2\/media\/11591"}],"wp:attachment":[{"href":"https:\/\/seconci.com.br\/site\/wp-json\/wp\/v2\/media?parent=11590"}],"wp:term":[{"taxonomy":"category","embeddable":true,"href":"https:\/\/seconci.com.br\/site\/wp-json\/wp\/v2\/categories?post=11590"},{"taxonomy":"post_tag","embeddable":true,"href":"https:\/\/seconci.com.br\/site\/wp-json\/wp\/v2\/tags?post=11590"}],"curies":[{"name":"wp","href":"https:\/\/api.w.org\/{rel}","templated":true}]}}