{"id":11718,"date":"2022-04-22T12:37:21","date_gmt":"2022-04-22T12:37:21","guid":{"rendered":"https:\/\/seconci.com.br\/site\/?p=11718"},"modified":"2022-04-22T12:37:21","modified_gmt":"2022-04-22T12:37:21","slug":"campanha-abril-verde-2022-juntos-pela-seguranca-e-saude-no-trabalho","status":"publish","type":"post","link":"https:\/\/seconci.com.br\/site\/2022\/04\/22\/campanha-abril-verde-2022-juntos-pela-seguranca-e-saude-no-trabalho\/","title":{"rendered":"Campanha Abril Verde 2022: Juntos pela Seguran\u00e7a e Sa\u00fade no Trabalho!"},"content":{"rendered":"<p>A Comiss\u00e3o de Pol\u00edtica de Rela\u00e7\u00f5es Trabalhistas da C\u00e2mara Brasileira da Ind\u00fastria da Constru\u00e7\u00e3o (CPRT\/CBIC) realiza no pr\u00f3ximo dia<strong>\u00a026\/04<\/strong>,<strong>\u00a0\u00e0s<\/strong>\u00a0<strong>10h<\/strong>\u00a0(hor\u00e1rio de Bras\u00edlia), o\u00a0<strong>Semin\u00e1rio T\u00e9cnico de Seguran\u00e7a e Sa\u00fade no Trabalho na Ind\u00fastria da Constru\u00e7\u00e3o<\/strong>.<\/p>\n<p>O objetivo \u00e9 refor\u00e7ar ainda mais, no m\u00eas em que se comemora o Dia Mundial da Sa\u00fade (07) e o Dia Mundial da Seguran\u00e7a e Sa\u00fade no Trabalho (28), a import\u00e2ncia do combate a doen\u00e7as, acidentes no trabalho e, principalmente, promover a import\u00e2ncia da preven\u00e7\u00e3o.<\/p>\n<p>Confira a programa\u00e7\u00e3o:<\/p>\n<p><strong>ABERTURA<\/strong><\/p>\n<p><strong>Haruo Ishikawa \u2013<\/strong>\u00a0Vice-presidente do Sinduscon-SP e coordenador do Grupo de Interc\u00e2mbio de Seguran\u00e7a e Sa\u00fade no Trabalho \u00a0(SST) na CPRT\/CBIC<\/p>\n<p><strong>\u00a0<\/strong><strong>PAINEL I: Cartilha \u00c1reas de Viv\u00eancia na Constru\u00e7\u00e3o com base na Nova NR-18<\/strong><\/p>\n<p><strong>Painelistas:<\/strong><\/p>\n<ul>\n<li><strong>Juliana de Oliveira<\/strong>\u00a0\u2013 Consultora t\u00e9cnica e gerente de SST do Seconci-DF<\/li>\n<li><strong>Dernival Neto<\/strong>\u00a0\u2013 Especialista de Desenvolvimento Industrial do SESI-DN<\/li>\n<li><strong>Ant\u00f4nio Pereira do Nascimento \u2013<\/strong>\u00a0Auditor Fiscal do Trabalho<\/li>\n<\/ul>\n<p><strong><img decoding=\"async\" class=\"aligncenter wp-image-77918 size-large\" src=\"https:\/\/cbic.org.br\/wp-content\/uploads\/2022\/04\/card-cartilha-cprt-1024x577.png\" alt=\"\" \/><\/strong><\/p>\n<p>Confira a\u00a0<a href=\"https:\/\/brasil.cbic.org.br\/acervo-publicacao-areas-de-vivencia\">Cartilha Orientativa sobre \u00e1rea de Viv\u00eancia<\/a>.<\/p>\n<p><strong>PAINEL II: Cartilha SPIQ \u2013 Sistema de Prote\u00e7\u00e3o Individual Contra Quedas na Ind\u00fastria da Constru\u00e7\u00e3o<\/strong><\/p>\n<p><strong>Painelistas:<\/strong><\/p>\n<ul>\n<li><strong>Andreia Kaucher\u00a0<\/strong>\u2013 Gerente de SST do Seconci-MG<\/li>\n<li><strong>Marcos Amazonas\u00a0<\/strong>\u2013 Consultor t\u00e9cnico especialista em Trabalho em Altura<\/li>\n<li><strong>Robinson Leme\u00a0<\/strong>\u2013 Consultor t\u00e9cnico e engenheiro de SST<\/li>\n<li><strong>Dernival Neto<\/strong>\u00a0\u2013 Especialista de Desenvolvimento Industrial do SESI-DN<\/li>\n<li><strong>Ant\u00f4nio Pereira do Nascimento\u00a0<\/strong>\u2013 Auditor Fiscal do Trabalho<\/li>\n<\/ul>\n<p><strong><img decoding=\"async\" class=\"aligncenter wp-image-77919 size-large\" src=\"https:\/\/cbic.org.br\/wp-content\/uploads\/2022\/04\/card-guia-do-spiq-1024x577.png\" alt=\"\" \/><\/strong><\/p>\n<p>Confira o\u00a0<a href=\"https:\/\/brasil.cbic.org.br\/acervo-publicacao-sistema-de-protecao-individual-contra-quedas\">Guia do SPIQ\u00a0 \u2013 Sistema de Prote\u00e7\u00e3o Individual Contra Quedas na Ind\u00fastria da Constru\u00e7\u00e3o<\/a>.<strong><br \/>\n<\/strong><\/p>\n<p>A transmiss\u00e3o ser\u00e1 realizada no canal oficial da CBIC no YouTube.\u00a0<a href=\"https:\/\/brasil.cbic.org.br\/dna-emkt-abril-verde-26-04?utm_campaign=errata_dnaemktabril_verde_2604&amp;utm_medium=email&amp;utm_source=RD+Station\">Inscreva-se j\u00e1!<\/a><\/p>\n<p><em>Fonte: Ag\u00eancia CBIC<\/em><\/p>\n","protected":false},"excerpt":{"rendered":"<p>A Comiss\u00e3o de Pol\u00edtica de Rela\u00e7\u00f5es Trabalhistas da C\u00e2mara Brasileira da Ind\u00fastria da Constru\u00e7\u00e3o (CPRT\/CBIC) realiza no pr\u00f3ximo dia\u00a026\/04,\u00a0\u00e0s\u00a010h\u00a0(hor\u00e1rio de Bras\u00edlia), o\u00a0Semin\u00e1rio T\u00e9cnico de Seguran\u00e7a e Sa\u00fade no Trabalho na Ind\u00fastria da Constru\u00e7\u00e3o. O objetivo \u00e9 refor\u00e7ar ainda mais, no m\u00eas em que se comemora o Dia Mundial da Sa\u00fade (07) e o Dia Mundial [&hellip;]<\/p>\n","protected":false},"author":3,"featured_media":11719,"comment_status":"closed","ping_status":"closed","sticky":false,"template":"","format":"standard","meta":{"footnotes":""},"categories":[92],"tags":[],"class_list":["post-11718","post","type-post","status-publish","format-standard","has-post-thumbnail","hentry","category-seconci-brasil"],"yoast_head":"<!-- This site is optimized with the Yoast SEO plugin v26.9 - https:\/\/yoast.com\/product\/yoast-seo-wordpress\/ -->\n<title>Campanha Abril Verde 2022: Juntos pela Seguran\u00e7a e Sa\u00fade no Trabalho! - Seconci Brasil<\/title>\n<meta name=\"robots\" content=\"index, follow, max-snippet:-1, max-image-preview:large, max-video-preview:-1\" \/>\n<link rel=\"canonical\" href=\"https:\/\/seconci.com.br\/site\/2022\/04\/22\/campanha-abril-verde-2022-juntos-pela-seguranca-e-saude-no-trabalho\/\" \/>\n<meta property=\"og:locale\" content=\"pt_PT\" \/>\n<meta property=\"og:type\" content=\"article\" \/>\n<meta property=\"og:title\" content=\"Campanha Abril Verde 2022: Juntos pela Seguran\u00e7a e Sa\u00fade no Trabalho! - Seconci Brasil\" \/>\n<meta property=\"og:description\" content=\"A Comiss\u00e3o de Pol\u00edtica de Rela\u00e7\u00f5es Trabalhistas da C\u00e2mara Brasileira da Ind\u00fastria da Constru\u00e7\u00e3o (CPRT\/CBIC) realiza no pr\u00f3ximo dia\u00a026\/04,\u00a0\u00e0s\u00a010h\u00a0(hor\u00e1rio de Bras\u00edlia), o\u00a0Semin\u00e1rio T\u00e9cnico de Seguran\u00e7a e Sa\u00fade no Trabalho na Ind\u00fastria da Constru\u00e7\u00e3o. O objetivo \u00e9 refor\u00e7ar ainda mais, no m\u00eas em que se comemora o Dia Mundial da Sa\u00fade (07) e o Dia Mundial [&hellip;]\" \/>\n<meta property=\"og:url\" content=\"https:\/\/seconci.com.br\/site\/2022\/04\/22\/campanha-abril-verde-2022-juntos-pela-seguranca-e-saude-no-trabalho\/\" \/>\n<meta property=\"og:site_name\" content=\"Seconci Brasil\" \/>\n<meta property=\"article:published_time\" content=\"2022-04-22T12:37:21+00:00\" \/>\n<meta property=\"og:image\" content=\"https:\/\/seconci.com.br\/site\/wp-content\/uploads\/2022\/04\/whatsapp-image-2022-04-19-at-095550.jpeg\" \/>\n\t<meta property=\"og:image:width\" content=\"1599\" \/>\n\t<meta property=\"og:image:height\" content=\"899\" \/>\n\t<meta property=\"og:image:type\" content=\"image\/jpeg\" \/>\n<meta name=\"author\" content=\"Sidney Rocha\" \/>\n<meta name=\"twitter:card\" content=\"summary_large_image\" \/>\n<meta name=\"twitter:label1\" content=\"Escrito por\" \/>\n\t<meta name=\"twitter:data1\" content=\"Sidney Rocha\" \/>\n\t<meta name=\"twitter:label2\" content=\"Tempo estimado de leitura\" \/>\n\t<meta name=\"twitter:data2\" content=\"1 minuto\" \/>\n<script type=\"application\/ld+json\" class=\"yoast-schema-graph\">{\"@context\":\"https:\/\/schema.org\",\"@graph\":[{\"@type\":\"Article\",\"@id\":\"https:\/\/seconci.com.br\/site\/2022\/04\/22\/campanha-abril-verde-2022-juntos-pela-seguranca-e-saude-no-trabalho\/#article\",\"isPartOf\":{\"@id\":\"https:\/\/seconci.com.br\/site\/2022\/04\/22\/campanha-abril-verde-2022-juntos-pela-seguranca-e-saude-no-trabalho\/\"},\"author\":{\"name\":\"Sidney Rocha\",\"@id\":\"https:\/\/seconci.com.br\/site\/#\/schema\/person\/1d79afd97ddc8f2c68c1e88e298aa8e2\"},\"headline\":\"Campanha Abril Verde 2022: Juntos pela Seguran\u00e7a e Sa\u00fade no Trabalho!\",\"datePublished\":\"2022-04-22T12:37:21+00:00\",\"mainEntityOfPage\":{\"@id\":\"https:\/\/seconci.com.br\/site\/2022\/04\/22\/campanha-abril-verde-2022-juntos-pela-seguranca-e-saude-no-trabalho\/\"},\"wordCount\":296,\"publisher\":{\"@id\":\"https:\/\/seconci.com.br\/site\/#organization\"},\"image\":{\"@id\":\"https:\/\/seconci.com.br\/site\/2022\/04\/22\/campanha-abril-verde-2022-juntos-pela-seguranca-e-saude-no-trabalho\/#primaryimage\"},\"thumbnailUrl\":\"https:\/\/seconci.com.br\/site\/wp-content\/uploads\/2022\/04\/whatsapp-image-2022-04-19-at-095550.jpeg\",\"articleSection\":[\"Seconci Brasil\"],\"inLanguage\":\"pt-PT\"},{\"@type\":\"WebPage\",\"@id\":\"https:\/\/seconci.com.br\/site\/2022\/04\/22\/campanha-abril-verde-2022-juntos-pela-seguranca-e-saude-no-trabalho\/\",\"url\":\"https:\/\/seconci.com.br\/site\/2022\/04\/22\/campanha-abril-verde-2022-juntos-pela-seguranca-e-saude-no-trabalho\/\",\"name\":\"Campanha Abril Verde 2022: Juntos pela Seguran\u00e7a e Sa\u00fade no Trabalho! - Seconci Brasil\",\"isPartOf\":{\"@id\":\"https:\/\/seconci.com.br\/site\/#website\"},\"primaryImageOfPage\":{\"@id\":\"https:\/\/seconci.com.br\/site\/2022\/04\/22\/campanha-abril-verde-2022-juntos-pela-seguranca-e-saude-no-trabalho\/#primaryimage\"},\"image\":{\"@id\":\"https:\/\/seconci.com.br\/site\/2022\/04\/22\/campanha-abril-verde-2022-juntos-pela-seguranca-e-saude-no-trabalho\/#primaryimage\"},\"thumbnailUrl\":\"https:\/\/seconci.com.br\/site\/wp-content\/uploads\/2022\/04\/whatsapp-image-2022-04-19-at-095550.jpeg\",\"datePublished\":\"2022-04-22T12:37:21+00:00\",\"breadcrumb\":{\"@id\":\"https:\/\/seconci.com.br\/site\/2022\/04\/22\/campanha-abril-verde-2022-juntos-pela-seguranca-e-saude-no-trabalho\/#breadcrumb\"},\"inLanguage\":\"pt-PT\",\"potentialAction\":[{\"@type\":\"ReadAction\",\"target\":[\"https:\/\/seconci.com.br\/site\/2022\/04\/22\/campanha-abril-verde-2022-juntos-pela-seguranca-e-saude-no-trabalho\/\"]}]},{\"@type\":\"ImageObject\",\"inLanguage\":\"pt-PT\",\"@id\":\"https:\/\/seconci.com.br\/site\/2022\/04\/22\/campanha-abril-verde-2022-juntos-pela-seguranca-e-saude-no-trabalho\/#primaryimage\",\"url\":\"https:\/\/seconci.com.br\/site\/wp-content\/uploads\/2022\/04\/whatsapp-image-2022-04-19-at-095550.jpeg\",\"contentUrl\":\"https:\/\/seconci.com.br\/site\/wp-content\/uploads\/2022\/04\/whatsapp-image-2022-04-19-at-095550.jpeg\",\"width\":1599,\"height\":899},{\"@type\":\"BreadcrumbList\",\"@id\":\"https:\/\/seconci.com.br\/site\/2022\/04\/22\/campanha-abril-verde-2022-juntos-pela-seguranca-e-saude-no-trabalho\/#breadcrumb\",\"itemListElement\":[{\"@type\":\"ListItem\",\"position\":1,\"name\":\"In\u00edcio\",\"item\":\"https:\/\/seconci.com.br\/site\/\"},{\"@type\":\"ListItem\",\"position\":2,\"name\":\"Campanha Abril Verde 2022: Juntos pela Seguran\u00e7a e Sa\u00fade no Trabalho!\"}]},{\"@type\":\"WebSite\",\"@id\":\"https:\/\/seconci.com.br\/site\/#website\",\"url\":\"https:\/\/seconci.com.br\/site\/\",\"name\":\"Seconci Brasil\",\"description\":\"\",\"publisher\":{\"@id\":\"https:\/\/seconci.com.br\/site\/#organization\"},\"potentialAction\":[{\"@type\":\"SearchAction\",\"target\":{\"@type\":\"EntryPoint\",\"urlTemplate\":\"https:\/\/seconci.com.br\/site\/?s={search_term_string}\"},\"query-input\":{\"@type\":\"PropertyValueSpecification\",\"valueRequired\":true,\"valueName\":\"search_term_string\"}}],\"inLanguage\":\"pt-PT\"},{\"@type\":\"Organization\",\"@id\":\"https:\/\/seconci.com.br\/site\/#organization\",\"name\":\"Seconci Brasil\",\"url\":\"https:\/\/seconci.com.br\/site\/\",\"logo\":{\"@type\":\"ImageObject\",\"inLanguage\":\"pt-PT\",\"@id\":\"https:\/\/seconci.com.br\/site\/#\/schema\/logo\/image\/\",\"url\":\"https:\/\/seconci.com.br\/site\/wp-content\/uploads\/2024\/08\/Logo-Seconci-Brasil-branca-2.png\",\"contentUrl\":\"https:\/\/seconci.com.br\/site\/wp-content\/uploads\/2024\/08\/Logo-Seconci-Brasil-branca-2.png\",\"width\":1315,\"height\":598,\"caption\":\"Seconci Brasil\"},\"image\":{\"@id\":\"https:\/\/seconci.com.br\/site\/#\/schema\/logo\/image\/\"}},{\"@type\":\"Person\",\"@id\":\"https:\/\/seconci.com.br\/site\/#\/schema\/person\/1d79afd97ddc8f2c68c1e88e298aa8e2\",\"name\":\"Sidney Rocha\",\"description\":\"Comunicador e estagi\u00e1rio do Seconci Brasil.\",\"url\":\"https:\/\/seconci.com.br\/site\/author\/sidney-rocha\/\"}]}<\/script>\n<!-- \/ Yoast SEO plugin. -->","yoast_head_json":{"title":"Campanha Abril Verde 2022: Juntos pela Seguran\u00e7a e Sa\u00fade no Trabalho! - Seconci Brasil","robots":{"index":"index","follow":"follow","max-snippet":"max-snippet:-1","max-image-preview":"max-image-preview:large","max-video-preview":"max-video-preview:-1"},"canonical":"https:\/\/seconci.com.br\/site\/2022\/04\/22\/campanha-abril-verde-2022-juntos-pela-seguranca-e-saude-no-trabalho\/","og_locale":"pt_PT","og_type":"article","og_title":"Campanha Abril Verde 2022: Juntos pela Seguran\u00e7a e Sa\u00fade no Trabalho! - Seconci Brasil","og_description":"A Comiss\u00e3o de Pol\u00edtica de Rela\u00e7\u00f5es Trabalhistas da C\u00e2mara Brasileira da Ind\u00fastria da Constru\u00e7\u00e3o (CPRT\/CBIC) realiza no pr\u00f3ximo dia\u00a026\/04,\u00a0\u00e0s\u00a010h\u00a0(hor\u00e1rio de Bras\u00edlia), o\u00a0Semin\u00e1rio T\u00e9cnico de Seguran\u00e7a e Sa\u00fade no Trabalho na Ind\u00fastria da Constru\u00e7\u00e3o. O objetivo \u00e9 refor\u00e7ar ainda mais, no m\u00eas em que se comemora o Dia Mundial da Sa\u00fade (07) e o Dia Mundial [&hellip;]","og_url":"https:\/\/seconci.com.br\/site\/2022\/04\/22\/campanha-abril-verde-2022-juntos-pela-seguranca-e-saude-no-trabalho\/","og_site_name":"Seconci Brasil","article_published_time":"2022-04-22T12:37:21+00:00","og_image":[{"width":1599,"height":899,"url":"https:\/\/seconci.com.br\/site\/wp-content\/uploads\/2022\/04\/whatsapp-image-2022-04-19-at-095550.jpeg","type":"image\/jpeg"}],"author":"Sidney Rocha","twitter_card":"summary_large_image","twitter_misc":{"Escrito por":"Sidney Rocha","Tempo estimado de leitura":"1 minuto"},"schema":{"@context":"https:\/\/schema.org","@graph":[{"@type":"Article","@id":"https:\/\/seconci.com.br\/site\/2022\/04\/22\/campanha-abril-verde-2022-juntos-pela-seguranca-e-saude-no-trabalho\/#article","isPartOf":{"@id":"https:\/\/seconci.com.br\/site\/2022\/04\/22\/campanha-abril-verde-2022-juntos-pela-seguranca-e-saude-no-trabalho\/"},"author":{"name":"Sidney Rocha","@id":"https:\/\/seconci.com.br\/site\/#\/schema\/person\/1d79afd97ddc8f2c68c1e88e298aa8e2"},"headline":"Campanha Abril Verde 2022: Juntos pela Seguran\u00e7a e Sa\u00fade no Trabalho!","datePublished":"2022-04-22T12:37:21+00:00","mainEntityOfPage":{"@id":"https:\/\/seconci.com.br\/site\/2022\/04\/22\/campanha-abril-verde-2022-juntos-pela-seguranca-e-saude-no-trabalho\/"},"wordCount":296,"publisher":{"@id":"https:\/\/seconci.com.br\/site\/#organization"},"image":{"@id":"https:\/\/seconci.com.br\/site\/2022\/04\/22\/campanha-abril-verde-2022-juntos-pela-seguranca-e-saude-no-trabalho\/#primaryimage"},"thumbnailUrl":"https:\/\/seconci.com.br\/site\/wp-content\/uploads\/2022\/04\/whatsapp-image-2022-04-19-at-095550.jpeg","articleSection":["Seconci Brasil"],"inLanguage":"pt-PT"},{"@type":"WebPage","@id":"https:\/\/seconci.com.br\/site\/2022\/04\/22\/campanha-abril-verde-2022-juntos-pela-seguranca-e-saude-no-trabalho\/","url":"https:\/\/seconci.com.br\/site\/2022\/04\/22\/campanha-abril-verde-2022-juntos-pela-seguranca-e-saude-no-trabalho\/","name":"Campanha Abril Verde 2022: Juntos pela Seguran\u00e7a e Sa\u00fade no Trabalho! - Seconci Brasil","isPartOf":{"@id":"https:\/\/seconci.com.br\/site\/#website"},"primaryImageOfPage":{"@id":"https:\/\/seconci.com.br\/site\/2022\/04\/22\/campanha-abril-verde-2022-juntos-pela-seguranca-e-saude-no-trabalho\/#primaryimage"},"image":{"@id":"https:\/\/seconci.com.br\/site\/2022\/04\/22\/campanha-abril-verde-2022-juntos-pela-seguranca-e-saude-no-trabalho\/#primaryimage"},"thumbnailUrl":"https:\/\/seconci.com.br\/site\/wp-content\/uploads\/2022\/04\/whatsapp-image-2022-04-19-at-095550.jpeg","datePublished":"2022-04-22T12:37:21+00:00","breadcrumb":{"@id":"https:\/\/seconci.com.br\/site\/2022\/04\/22\/campanha-abril-verde-2022-juntos-pela-seguranca-e-saude-no-trabalho\/#breadcrumb"},"inLanguage":"pt-PT","potentialAction":[{"@type":"ReadAction","target":["https:\/\/seconci.com.br\/site\/2022\/04\/22\/campanha-abril-verde-2022-juntos-pela-seguranca-e-saude-no-trabalho\/"]}]},{"@type":"ImageObject","inLanguage":"pt-PT","@id":"https:\/\/seconci.com.br\/site\/2022\/04\/22\/campanha-abril-verde-2022-juntos-pela-seguranca-e-saude-no-trabalho\/#primaryimage","url":"https:\/\/seconci.com.br\/site\/wp-content\/uploads\/2022\/04\/whatsapp-image-2022-04-19-at-095550.jpeg","contentUrl":"https:\/\/seconci.com.br\/site\/wp-content\/uploads\/2022\/04\/whatsapp-image-2022-04-19-at-095550.jpeg","width":1599,"height":899},{"@type":"BreadcrumbList","@id":"https:\/\/seconci.com.br\/site\/2022\/04\/22\/campanha-abril-verde-2022-juntos-pela-seguranca-e-saude-no-trabalho\/#breadcrumb","itemListElement":[{"@type":"ListItem","position":1,"name":"In\u00edcio","item":"https:\/\/seconci.com.br\/site\/"},{"@type":"ListItem","position":2,"name":"Campanha Abril Verde 2022: Juntos pela Seguran\u00e7a e Sa\u00fade no Trabalho!"}]},{"@type":"WebSite","@id":"https:\/\/seconci.com.br\/site\/#website","url":"https:\/\/seconci.com.br\/site\/","name":"Seconci Brasil","description":"","publisher":{"@id":"https:\/\/seconci.com.br\/site\/#organization"},"potentialAction":[{"@type":"SearchAction","target":{"@type":"EntryPoint","urlTemplate":"https:\/\/seconci.com.br\/site\/?s={search_term_string}"},"query-input":{"@type":"PropertyValueSpecification","valueRequired":true,"valueName":"search_term_string"}}],"inLanguage":"pt-PT"},{"@type":"Organization","@id":"https:\/\/seconci.com.br\/site\/#organization","name":"Seconci Brasil","url":"https:\/\/seconci.com.br\/site\/","logo":{"@type":"ImageObject","inLanguage":"pt-PT","@id":"https:\/\/seconci.com.br\/site\/#\/schema\/logo\/image\/","url":"https:\/\/seconci.com.br\/site\/wp-content\/uploads\/2024\/08\/Logo-Seconci-Brasil-branca-2.png","contentUrl":"https:\/\/seconci.com.br\/site\/wp-content\/uploads\/2024\/08\/Logo-Seconci-Brasil-branca-2.png","width":1315,"height":598,"caption":"Seconci Brasil"},"image":{"@id":"https:\/\/seconci.com.br\/site\/#\/schema\/logo\/image\/"}},{"@type":"Person","@id":"https:\/\/seconci.com.br\/site\/#\/schema\/person\/1d79afd97ddc8f2c68c1e88e298aa8e2","name":"Sidney Rocha","description":"Comunicador e estagi\u00e1rio do Seconci Brasil.","url":"https:\/\/seconci.com.br\/site\/author\/sidney-rocha\/"}]}},"_links":{"self":[{"href":"https:\/\/seconci.com.br\/site\/wp-json\/wp\/v2\/posts\/11718","targetHints":{"allow":["GET"]}}],"collection":[{"href":"https:\/\/seconci.com.br\/site\/wp-json\/wp\/v2\/posts"}],"about":[{"href":"https:\/\/seconci.com.br\/site\/wp-json\/wp\/v2\/types\/post"}],"author":[{"embeddable":true,"href":"https:\/\/seconci.com.br\/site\/wp-json\/wp\/v2\/users\/3"}],"replies":[{"embeddable":true,"href":"https:\/\/seconci.com.br\/site\/wp-json\/wp\/v2\/comments?post=11718"}],"version-history":[{"count":0,"href":"https:\/\/seconci.com.br\/site\/wp-json\/wp\/v2\/posts\/11718\/revisions"}],"wp:featuredmedia":[{"embeddable":true,"href":"https:\/\/seconci.com.br\/site\/wp-json\/wp\/v2\/media\/11719"}],"wp:attachment":[{"href":"https:\/\/seconci.com.br\/site\/wp-json\/wp\/v2\/media?parent=11718"}],"wp:term":[{"taxonomy":"category","embeddable":true,"href":"https:\/\/seconci.com.br\/site\/wp-json\/wp\/v2\/categories?post=11718"},{"taxonomy":"post_tag","embeddable":true,"href":"https:\/\/seconci.com.br\/site\/wp-json\/wp\/v2\/tags?post=11718"}],"curies":[{"name":"wp","href":"https:\/\/api.w.org\/{rel}","templated":true}]}}