{"id":11724,"date":"2022-04-27T11:18:52","date_gmt":"2022-04-27T11:18:52","guid":{"rendered":"https:\/\/seconci.com.br\/site\/?p=11724"},"modified":"2022-04-27T11:18:52","modified_gmt":"2022-04-27T11:18:52","slug":"abril-verde-cprt-promove-seminario-sobre-seguranca-e-saude-no-trabalho-na-construcao","status":"publish","type":"post","link":"https:\/\/seconci.com.br\/site\/2022\/04\/27\/abril-verde-cprt-promove-seminario-sobre-seguranca-e-saude-no-trabalho-na-construcao\/","title":{"rendered":"Abril Verde: CPRT promove semin\u00e1rio sobre Seguran\u00e7a e Sa\u00fade no Trabalho na Constru\u00e7\u00e3o"},"content":{"rendered":"<p>A Comiss\u00e3o de Pol\u00edtica de Rela\u00e7\u00f5es Trabalhistas da C\u00e2mara Brasileira da Ind\u00fastria da Constru\u00e7\u00e3o (CPRT\/CBIC) realizou nesta ter\u00e7a-feira (26), o Semin\u00e1rio T\u00e9cnico de Seguran\u00e7a e Sa\u00fade no Trabalho na Ind\u00fastria da Constru\u00e7\u00e3o, com a apresenta\u00e7\u00e3o de duas cartilhas produzidas pela CBIC, em correaliza\u00e7\u00e3o com o Servi\u00e7o Social da Ind\u00fastria (SESI). O objetivo do semin\u00e1rio foi refor\u00e7ar a import\u00e2ncia do combate a doen\u00e7as, acidentes no trabalho e, principalmente, promover a import\u00e2ncia da preven\u00e7\u00e3o no m\u00eas em que se celebra o Abril Verde.<\/p>\n<p>O presidente da CPRT, Fernando Guedes, foi o mediador do evento e lembrou da relev\u00e2ncia do tema. \u201cEstamos realizando a campanha Abril Verde, no m\u00eas em que se discute muito a tem\u00e1tica sa\u00fade e seguran\u00e7a no trabalho. A ideia \u00e9 sempre trazer debates construtivos sobre o assunto, discuss\u00f5es t\u00e9cnicas e para disponibilizarmos os materiais orientativos, produzidos pela CBIC\u201d, afirmou.<\/p>\n<p>O primeiro painel tratou sobre a\u00a0<a href=\"https:\/\/brasil.cbic.org.br\/acervo-publicacao-areas-de-vivencia\">Cartilha \u00c1reas de Viv\u00eancia na Constru\u00e7\u00e3o com base na Nova NR-18<\/a>, apresentada pela Consultora t\u00e9cnica e gerente de Sa\u00fade e Seguran\u00e7a do Trabalho (SST) do Servi\u00e7o Social da Ind\u00fastria da Constru\u00e7\u00e3o Civil do Distrito Federal (Seconci-DF), Juliana de Oliveira.<br \/>\nAl\u00e9m da consultora, participaram o Especialista de Desenvolvimento Industrial do SESI-DN, Dernival Neto e o Auditor Fiscal do Trabalho, Ant\u00f4nio Pereira do Nascimento.<\/p>\n<p>Juliana de Oliveira explicou que a cartilha traz as atualiza\u00e7\u00f5es da Norma Regulamentadora \u2013 NR 18, para auxiliar as empresas e funcion\u00e1rios a aplicarem as mudan\u00e7as no dia a dia no canteiro de obra. \u201cA atualiza\u00e7\u00e3o da norma trouxe uma simplifica\u00e7\u00e3o, desburocratiza\u00e7\u00e3o e uma harmoniza\u00e7\u00e3o com outras normas\u201d, afirmou.<\/p>\n<p>Segundo Juliana, as principais mudan\u00e7as introduzidas no novo texto, s\u00e3o referentes \u00e0 altera\u00e7\u00f5es na \u00e1rea de viv\u00eancia nos canteiros de obra, destinada a suprir as necessidades b\u00e1sicas humanas de alimenta\u00e7\u00e3o, higiene, descanso, lazer e conviv\u00eancia de seus trabalhadores. Entre as altera\u00e7\u00f5es est\u00e3o a instala\u00e7\u00e3o de chuveiros individuais com portas que impe\u00e7am o devassamento, ficando portanto, proibido o uso de chuveiros coletivos; \u00e1rea m\u00ednima para os vesti\u00e1rios; necessidade de projeto espec\u00edfico para \u00e1reas de conviv\u00eancia; utiliza\u00e7\u00e3o de banheiros qu\u00edmicos, de acordo com pr\u00e9-requisitos, entre outros.<\/p>\n<p>A respeito do espa\u00e7o de vesti\u00e1rios, o Auditor Fiscal do Trabalho, Ant\u00f4nio Pereira, apontou a aten\u00e7\u00e3o para a metragem total do ambiente, que exclui as \u00e1reas de chuveiro e vaso sanit\u00e1rio. \u201c\u00c9 preciso muita aten\u00e7\u00e3o na hora da montagem dos vesti\u00e1rios, muita gente tem achado que inclui a \u00e1rea de chuveiro e vaso sanit\u00e1rio, e n\u00e3o inclui\u201d, destacou.<\/p>\n<p>Al\u00e9m desses pontos, a Norma ainda inclui a retirada da exig\u00eancia de ambulat\u00f3rios com 50 ou mais trabalhadores e a proibi\u00e7\u00e3o de uso de cont\u00eainer, utilizados em transporte de carga.<br \/>\nJuliana de Oliveira destacou ainda a import\u00e2ncia das novas regras. \u201cA \u00e1rea de conviv\u00eancia \u00e9 o cart\u00e3o de visitas da obra, tem que estar bem apresentada e organizado. \u00c9 fundamental que seja dada a devida import\u00e2ncia a ela. Esse tipo de ambiente melhora a qualidade de vida do trabalhador, aumenta a produtividade e reduz acidentes de trabalho e doen\u00e7as ocupacionais\u201d, finalizou.<\/p>\n<p>Durante o evento, o Especialista de Desenvolvimento Industrial do SESI-DN, Dernival Neto frisou que v\u00ea o material como fundamental e que o conte\u00fado \u00e9 completo e de qualidade. \u201cEssa cartilha \u00e9 muito importante para todos os prevencionistas e gestores de obras, ela preenche uma lacuna para quem sente falta de um material com orienta\u00e7\u00f5es mais direcionadas e est\u00e1 bem completa, traz esclarecimentos e ilustra\u00e7\u00f5es para prosseguir com um projeto atendendo as legisla\u00e7\u00f5es adequadamente\u201d, ressaltou.<\/p>\n<p>No segundo painel do dia, o tema foi a\u00a0<a href=\"https:\/\/brasil.cbic.org.br\/acervo-publicacao-sistema-de-protecao-individual-contra-quedas\">Cartilha SPIQ \u2013 Sistema de Prote\u00e7\u00e3o Individual Contra Quedas na Ind\u00fastria da Constru\u00e7\u00e3o<\/a>. O debate reuniu, a Gerente de SST do Seconci-MG, Andreia Kaucher, o Consultor t\u00e9cnico especialista em Trabalho em Altura, Marcos Amazonas, o Consultor t\u00e9cnico e engenheiro de SST, o Especialista de Desenvolvimento Industrial do SESI-DN, Dernival Neto e o Auditor Fiscal do Trabalho, Ant\u00f4nio Pereira do Nascimento.<\/p>\n<p>A mediadora do painel, Andreia Kaucher, refor\u00e7ou a import\u00e2ncia de nunca parar de discutir o tema. \u201cN\u00e3o podemos parar de discutir esse tema. \u00c9 necess\u00e1ria uma mudan\u00e7a de cultura para incentivar a prote\u00e7\u00e3o ativa e n\u00e3o passiva. Temos que espalhar esse debate\u201d, apontou.<\/p>\n<p>Dados estat\u00edsticos de acidentes fatais na Inglaterra e Estados Unidos foram apresentados pelo painelista Marcos Amazonas, que destacou a necessidade de preven\u00e7\u00e3o no trabalho em altura.<\/p>\n<p>De acordo com o especialista, estudos identificaram tr\u00eas fatores como priorit\u00e1rios:<\/p>\n<ul>\n<li>Seguran\u00e7a no projeto \u2013 de forma real;<\/li>\n<li>Hierarquia da seguran\u00e7a \u2013 usada e justificada;<\/li>\n<li>Custos em penalidades\/multas \u2013 altas e significativas.<\/li>\n<\/ul>\n<p>Sobre a disponibiliza\u00e7\u00e3o da cartilha. \u201cEspero que seja o come\u00e7o de um processo e que a gente consiga destacar esse material com a devida import\u00e2ncia\u201d, disse Amazonas.<\/p>\n<p>J\u00e1 o Consultor t\u00e9cnico e engenheiro de SST,\u00a0Robinson Leme, destacou que \u201c\u00e9 preciso trabalhar na elimina\u00e7\u00e3o dos riscos e tamb\u00e9m em medidas de prote\u00e7\u00e3o coletiva, com cuidados e inspe\u00e7\u00e3o dos equipamentos do SPIQ\u201d.<\/p>\n<p>A maioria das obras, que t\u00eam algum tipo de falha, \u00e9 por falta de planejamento. \u201cOs prazos curtos e a falta de participa\u00e7\u00e3o dos profissionais de seguran\u00e7a, s\u00e3o os principais motivos para as falhas de algumas empresas\u201d, apontou Ant\u00f4nio Pereira.<\/p>\n<p>Uma cultura prevencionista dentro dos canteiros de obra \u00e9 fundamental. O presidente da CPRT, Fernando Guedes afirmou que os projetos t\u00eam que focar na seguran\u00e7a. \u201cN\u00e3o podemos tratar a seguran\u00e7a do trabalho como custo, mas como investimento. Isso \u00e9 retorno para o trabalhador e para o empregador\u201d, afirmou.<\/p>\n<p>Se voc\u00ea perdeu o evento,\u00a0<a href=\"https:\/\/www.youtube.com\/watch?v=HcEsuwbtxIE\">clique<br \/>\naqui<\/a>\u00a0e assista na \u00edntegra.<\/p>\n<p><em>Fonte: Ag\u00eancia CBIC<\/em><\/p>\n","protected":false},"excerpt":{"rendered":"<p>A Comiss\u00e3o de Pol\u00edtica de Rela\u00e7\u00f5es Trabalhistas da C\u00e2mara Brasileira da Ind\u00fastria da Constru\u00e7\u00e3o (CPRT\/CBIC) realizou nesta ter\u00e7a-feira (26), o Semin\u00e1rio T\u00e9cnico de Seguran\u00e7a e Sa\u00fade no Trabalho na Ind\u00fastria da Constru\u00e7\u00e3o, com a apresenta\u00e7\u00e3o de duas cartilhas produzidas pela CBIC, em correaliza\u00e7\u00e3o com o Servi\u00e7o Social da Ind\u00fastria (SESI). O objetivo do semin\u00e1rio foi [&hellip;]<\/p>\n","protected":false},"author":3,"featured_media":11725,"comment_status":"closed","ping_status":"closed","sticky":false,"template":"","format":"standard","meta":{"footnotes":""},"categories":[92],"tags":[],"class_list":["post-11724","post","type-post","status-publish","format-standard","has-post-thumbnail","hentry","category-seconci-brasil"],"yoast_head":"<!-- This site is optimized with the Yoast SEO plugin v26.9 - https:\/\/yoast.com\/product\/yoast-seo-wordpress\/ -->\n<title>Abril Verde: CPRT promove semin\u00e1rio sobre Seguran\u00e7a e Sa\u00fade no Trabalho na Constru\u00e7\u00e3o - Seconci Brasil<\/title>\n<meta name=\"robots\" content=\"index, follow, max-snippet:-1, max-image-preview:large, max-video-preview:-1\" \/>\n<link rel=\"canonical\" href=\"https:\/\/seconci.com.br\/site\/2022\/04\/27\/abril-verde-cprt-promove-seminario-sobre-seguranca-e-saude-no-trabalho-na-construcao\/\" \/>\n<meta property=\"og:locale\" content=\"pt_PT\" \/>\n<meta property=\"og:type\" content=\"article\" \/>\n<meta property=\"og:title\" content=\"Abril Verde: CPRT promove semin\u00e1rio sobre Seguran\u00e7a e Sa\u00fade no Trabalho na Constru\u00e7\u00e3o - Seconci Brasil\" \/>\n<meta property=\"og:description\" content=\"A Comiss\u00e3o de Pol\u00edtica de Rela\u00e7\u00f5es Trabalhistas da C\u00e2mara Brasileira da Ind\u00fastria da Constru\u00e7\u00e3o (CPRT\/CBIC) realizou nesta ter\u00e7a-feira (26), o Semin\u00e1rio T\u00e9cnico de Seguran\u00e7a e Sa\u00fade no Trabalho na Ind\u00fastria da Constru\u00e7\u00e3o, com a apresenta\u00e7\u00e3o de duas cartilhas produzidas pela CBIC, em correaliza\u00e7\u00e3o com o Servi\u00e7o Social da Ind\u00fastria (SESI). O objetivo do semin\u00e1rio foi [&hellip;]\" \/>\n<meta property=\"og:url\" content=\"https:\/\/seconci.com.br\/site\/2022\/04\/27\/abril-verde-cprt-promove-seminario-sobre-seguranca-e-saude-no-trabalho-na-construcao\/\" \/>\n<meta property=\"og:site_name\" content=\"Seconci Brasil\" \/>\n<meta property=\"article:published_time\" content=\"2022-04-27T11:18:52+00:00\" \/>\n<meta property=\"og:image\" content=\"https:\/\/seconci.com.br\/site\/wp-content\/uploads\/2022\/04\/captura-de-tela-2022-04-26-as-184909-1024x558.png\" \/>\n\t<meta property=\"og:image:width\" content=\"1024\" \/>\n\t<meta property=\"og:image:height\" content=\"558\" \/>\n\t<meta property=\"og:image:type\" content=\"image\/png\" \/>\n<meta name=\"author\" content=\"Sidney Rocha\" \/>\n<meta name=\"twitter:card\" content=\"summary_large_image\" \/>\n<meta name=\"twitter:label1\" content=\"Escrito por\" \/>\n\t<meta name=\"twitter:data1\" content=\"Sidney Rocha\" \/>\n\t<meta name=\"twitter:label2\" content=\"Tempo estimado de leitura\" \/>\n\t<meta name=\"twitter:data2\" content=\"5 minutos\" \/>\n<script type=\"application\/ld+json\" class=\"yoast-schema-graph\">{\"@context\":\"https:\/\/schema.org\",\"@graph\":[{\"@type\":\"Article\",\"@id\":\"https:\/\/seconci.com.br\/site\/2022\/04\/27\/abril-verde-cprt-promove-seminario-sobre-seguranca-e-saude-no-trabalho-na-construcao\/#article\",\"isPartOf\":{\"@id\":\"https:\/\/seconci.com.br\/site\/2022\/04\/27\/abril-verde-cprt-promove-seminario-sobre-seguranca-e-saude-no-trabalho-na-construcao\/\"},\"author\":{\"name\":\"Sidney Rocha\",\"@id\":\"https:\/\/seconci.com.br\/site\/#\/schema\/person\/1d79afd97ddc8f2c68c1e88e298aa8e2\"},\"headline\":\"Abril Verde: CPRT promove semin\u00e1rio sobre Seguran\u00e7a e Sa\u00fade no Trabalho na Constru\u00e7\u00e3o\",\"datePublished\":\"2022-04-27T11:18:52+00:00\",\"mainEntityOfPage\":{\"@id\":\"https:\/\/seconci.com.br\/site\/2022\/04\/27\/abril-verde-cprt-promove-seminario-sobre-seguranca-e-saude-no-trabalho-na-construcao\/\"},\"wordCount\":1022,\"publisher\":{\"@id\":\"https:\/\/seconci.com.br\/site\/#organization\"},\"image\":{\"@id\":\"https:\/\/seconci.com.br\/site\/2022\/04\/27\/abril-verde-cprt-promove-seminario-sobre-seguranca-e-saude-no-trabalho-na-construcao\/#primaryimage\"},\"thumbnailUrl\":\"https:\/\/seconci.com.br\/site\/wp-content\/uploads\/2022\/04\/captura-de-tela-2022-04-26-as-184909.png\",\"articleSection\":[\"Seconci Brasil\"],\"inLanguage\":\"pt-PT\"},{\"@type\":\"WebPage\",\"@id\":\"https:\/\/seconci.com.br\/site\/2022\/04\/27\/abril-verde-cprt-promove-seminario-sobre-seguranca-e-saude-no-trabalho-na-construcao\/\",\"url\":\"https:\/\/seconci.com.br\/site\/2022\/04\/27\/abril-verde-cprt-promove-seminario-sobre-seguranca-e-saude-no-trabalho-na-construcao\/\",\"name\":\"Abril Verde: CPRT promove semin\u00e1rio sobre Seguran\u00e7a e Sa\u00fade no Trabalho na Constru\u00e7\u00e3o - Seconci Brasil\",\"isPartOf\":{\"@id\":\"https:\/\/seconci.com.br\/site\/#website\"},\"primaryImageOfPage\":{\"@id\":\"https:\/\/seconci.com.br\/site\/2022\/04\/27\/abril-verde-cprt-promove-seminario-sobre-seguranca-e-saude-no-trabalho-na-construcao\/#primaryimage\"},\"image\":{\"@id\":\"https:\/\/seconci.com.br\/site\/2022\/04\/27\/abril-verde-cprt-promove-seminario-sobre-seguranca-e-saude-no-trabalho-na-construcao\/#primaryimage\"},\"thumbnailUrl\":\"https:\/\/seconci.com.br\/site\/wp-content\/uploads\/2022\/04\/captura-de-tela-2022-04-26-as-184909.png\",\"datePublished\":\"2022-04-27T11:18:52+00:00\",\"breadcrumb\":{\"@id\":\"https:\/\/seconci.com.br\/site\/2022\/04\/27\/abril-verde-cprt-promove-seminario-sobre-seguranca-e-saude-no-trabalho-na-construcao\/#breadcrumb\"},\"inLanguage\":\"pt-PT\",\"potentialAction\":[{\"@type\":\"ReadAction\",\"target\":[\"https:\/\/seconci.com.br\/site\/2022\/04\/27\/abril-verde-cprt-promove-seminario-sobre-seguranca-e-saude-no-trabalho-na-construcao\/\"]}]},{\"@type\":\"ImageObject\",\"inLanguage\":\"pt-PT\",\"@id\":\"https:\/\/seconci.com.br\/site\/2022\/04\/27\/abril-verde-cprt-promove-seminario-sobre-seguranca-e-saude-no-trabalho-na-construcao\/#primaryimage\",\"url\":\"https:\/\/seconci.com.br\/site\/wp-content\/uploads\/2022\/04\/captura-de-tela-2022-04-26-as-184909.png\",\"contentUrl\":\"https:\/\/seconci.com.br\/site\/wp-content\/uploads\/2022\/04\/captura-de-tela-2022-04-26-as-184909.png\",\"width\":2876,\"height\":1566},{\"@type\":\"BreadcrumbList\",\"@id\":\"https:\/\/seconci.com.br\/site\/2022\/04\/27\/abril-verde-cprt-promove-seminario-sobre-seguranca-e-saude-no-trabalho-na-construcao\/#breadcrumb\",\"itemListElement\":[{\"@type\":\"ListItem\",\"position\":1,\"name\":\"In\u00edcio\",\"item\":\"https:\/\/seconci.com.br\/site\/\"},{\"@type\":\"ListItem\",\"position\":2,\"name\":\"Abril Verde: CPRT promove semin\u00e1rio sobre Seguran\u00e7a e Sa\u00fade no Trabalho na Constru\u00e7\u00e3o\"}]},{\"@type\":\"WebSite\",\"@id\":\"https:\/\/seconci.com.br\/site\/#website\",\"url\":\"https:\/\/seconci.com.br\/site\/\",\"name\":\"Seconci Brasil\",\"description\":\"\",\"publisher\":{\"@id\":\"https:\/\/seconci.com.br\/site\/#organization\"},\"potentialAction\":[{\"@type\":\"SearchAction\",\"target\":{\"@type\":\"EntryPoint\",\"urlTemplate\":\"https:\/\/seconci.com.br\/site\/?s={search_term_string}\"},\"query-input\":{\"@type\":\"PropertyValueSpecification\",\"valueRequired\":true,\"valueName\":\"search_term_string\"}}],\"inLanguage\":\"pt-PT\"},{\"@type\":\"Organization\",\"@id\":\"https:\/\/seconci.com.br\/site\/#organization\",\"name\":\"Seconci Brasil\",\"url\":\"https:\/\/seconci.com.br\/site\/\",\"logo\":{\"@type\":\"ImageObject\",\"inLanguage\":\"pt-PT\",\"@id\":\"https:\/\/seconci.com.br\/site\/#\/schema\/logo\/image\/\",\"url\":\"https:\/\/seconci.com.br\/site\/wp-content\/uploads\/2024\/08\/Logo-Seconci-Brasil-branca-2.png\",\"contentUrl\":\"https:\/\/seconci.com.br\/site\/wp-content\/uploads\/2024\/08\/Logo-Seconci-Brasil-branca-2.png\",\"width\":1315,\"height\":598,\"caption\":\"Seconci Brasil\"},\"image\":{\"@id\":\"https:\/\/seconci.com.br\/site\/#\/schema\/logo\/image\/\"}},{\"@type\":\"Person\",\"@id\":\"https:\/\/seconci.com.br\/site\/#\/schema\/person\/1d79afd97ddc8f2c68c1e88e298aa8e2\",\"name\":\"Sidney Rocha\",\"description\":\"Comunicador e estagi\u00e1rio do Seconci Brasil.\",\"url\":\"https:\/\/seconci.com.br\/site\/author\/sidney-rocha\/\"}]}<\/script>\n<!-- \/ Yoast SEO plugin. -->","yoast_head_json":{"title":"Abril Verde: CPRT promove semin\u00e1rio sobre Seguran\u00e7a e Sa\u00fade no Trabalho na Constru\u00e7\u00e3o - Seconci Brasil","robots":{"index":"index","follow":"follow","max-snippet":"max-snippet:-1","max-image-preview":"max-image-preview:large","max-video-preview":"max-video-preview:-1"},"canonical":"https:\/\/seconci.com.br\/site\/2022\/04\/27\/abril-verde-cprt-promove-seminario-sobre-seguranca-e-saude-no-trabalho-na-construcao\/","og_locale":"pt_PT","og_type":"article","og_title":"Abril Verde: CPRT promove semin\u00e1rio sobre Seguran\u00e7a e Sa\u00fade no Trabalho na Constru\u00e7\u00e3o - Seconci Brasil","og_description":"A Comiss\u00e3o de Pol\u00edtica de Rela\u00e7\u00f5es Trabalhistas da C\u00e2mara Brasileira da Ind\u00fastria da Constru\u00e7\u00e3o (CPRT\/CBIC) realizou nesta ter\u00e7a-feira (26), o Semin\u00e1rio T\u00e9cnico de Seguran\u00e7a e Sa\u00fade no Trabalho na Ind\u00fastria da Constru\u00e7\u00e3o, com a apresenta\u00e7\u00e3o de duas cartilhas produzidas pela CBIC, em correaliza\u00e7\u00e3o com o Servi\u00e7o Social da Ind\u00fastria (SESI). O objetivo do semin\u00e1rio foi [&hellip;]","og_url":"https:\/\/seconci.com.br\/site\/2022\/04\/27\/abril-verde-cprt-promove-seminario-sobre-seguranca-e-saude-no-trabalho-na-construcao\/","og_site_name":"Seconci Brasil","article_published_time":"2022-04-27T11:18:52+00:00","og_image":[{"width":1024,"height":558,"url":"https:\/\/seconci.com.br\/site\/wp-content\/uploads\/2022\/04\/captura-de-tela-2022-04-26-as-184909-1024x558.png","type":"image\/png"}],"author":"Sidney Rocha","twitter_card":"summary_large_image","twitter_misc":{"Escrito por":"Sidney Rocha","Tempo estimado de leitura":"5 minutos"},"schema":{"@context":"https:\/\/schema.org","@graph":[{"@type":"Article","@id":"https:\/\/seconci.com.br\/site\/2022\/04\/27\/abril-verde-cprt-promove-seminario-sobre-seguranca-e-saude-no-trabalho-na-construcao\/#article","isPartOf":{"@id":"https:\/\/seconci.com.br\/site\/2022\/04\/27\/abril-verde-cprt-promove-seminario-sobre-seguranca-e-saude-no-trabalho-na-construcao\/"},"author":{"name":"Sidney Rocha","@id":"https:\/\/seconci.com.br\/site\/#\/schema\/person\/1d79afd97ddc8f2c68c1e88e298aa8e2"},"headline":"Abril Verde: CPRT promove semin\u00e1rio sobre Seguran\u00e7a e Sa\u00fade no Trabalho na Constru\u00e7\u00e3o","datePublished":"2022-04-27T11:18:52+00:00","mainEntityOfPage":{"@id":"https:\/\/seconci.com.br\/site\/2022\/04\/27\/abril-verde-cprt-promove-seminario-sobre-seguranca-e-saude-no-trabalho-na-construcao\/"},"wordCount":1022,"publisher":{"@id":"https:\/\/seconci.com.br\/site\/#organization"},"image":{"@id":"https:\/\/seconci.com.br\/site\/2022\/04\/27\/abril-verde-cprt-promove-seminario-sobre-seguranca-e-saude-no-trabalho-na-construcao\/#primaryimage"},"thumbnailUrl":"https:\/\/seconci.com.br\/site\/wp-content\/uploads\/2022\/04\/captura-de-tela-2022-04-26-as-184909.png","articleSection":["Seconci Brasil"],"inLanguage":"pt-PT"},{"@type":"WebPage","@id":"https:\/\/seconci.com.br\/site\/2022\/04\/27\/abril-verde-cprt-promove-seminario-sobre-seguranca-e-saude-no-trabalho-na-construcao\/","url":"https:\/\/seconci.com.br\/site\/2022\/04\/27\/abril-verde-cprt-promove-seminario-sobre-seguranca-e-saude-no-trabalho-na-construcao\/","name":"Abril Verde: CPRT promove semin\u00e1rio sobre Seguran\u00e7a e Sa\u00fade no Trabalho na Constru\u00e7\u00e3o - Seconci Brasil","isPartOf":{"@id":"https:\/\/seconci.com.br\/site\/#website"},"primaryImageOfPage":{"@id":"https:\/\/seconci.com.br\/site\/2022\/04\/27\/abril-verde-cprt-promove-seminario-sobre-seguranca-e-saude-no-trabalho-na-construcao\/#primaryimage"},"image":{"@id":"https:\/\/seconci.com.br\/site\/2022\/04\/27\/abril-verde-cprt-promove-seminario-sobre-seguranca-e-saude-no-trabalho-na-construcao\/#primaryimage"},"thumbnailUrl":"https:\/\/seconci.com.br\/site\/wp-content\/uploads\/2022\/04\/captura-de-tela-2022-04-26-as-184909.png","datePublished":"2022-04-27T11:18:52+00:00","breadcrumb":{"@id":"https:\/\/seconci.com.br\/site\/2022\/04\/27\/abril-verde-cprt-promove-seminario-sobre-seguranca-e-saude-no-trabalho-na-construcao\/#breadcrumb"},"inLanguage":"pt-PT","potentialAction":[{"@type":"ReadAction","target":["https:\/\/seconci.com.br\/site\/2022\/04\/27\/abril-verde-cprt-promove-seminario-sobre-seguranca-e-saude-no-trabalho-na-construcao\/"]}]},{"@type":"ImageObject","inLanguage":"pt-PT","@id":"https:\/\/seconci.com.br\/site\/2022\/04\/27\/abril-verde-cprt-promove-seminario-sobre-seguranca-e-saude-no-trabalho-na-construcao\/#primaryimage","url":"https:\/\/seconci.com.br\/site\/wp-content\/uploads\/2022\/04\/captura-de-tela-2022-04-26-as-184909.png","contentUrl":"https:\/\/seconci.com.br\/site\/wp-content\/uploads\/2022\/04\/captura-de-tela-2022-04-26-as-184909.png","width":2876,"height":1566},{"@type":"BreadcrumbList","@id":"https:\/\/seconci.com.br\/site\/2022\/04\/27\/abril-verde-cprt-promove-seminario-sobre-seguranca-e-saude-no-trabalho-na-construcao\/#breadcrumb","itemListElement":[{"@type":"ListItem","position":1,"name":"In\u00edcio","item":"https:\/\/seconci.com.br\/site\/"},{"@type":"ListItem","position":2,"name":"Abril Verde: CPRT promove semin\u00e1rio sobre Seguran\u00e7a e Sa\u00fade no Trabalho na Constru\u00e7\u00e3o"}]},{"@type":"WebSite","@id":"https:\/\/seconci.com.br\/site\/#website","url":"https:\/\/seconci.com.br\/site\/","name":"Seconci Brasil","description":"","publisher":{"@id":"https:\/\/seconci.com.br\/site\/#organization"},"potentialAction":[{"@type":"SearchAction","target":{"@type":"EntryPoint","urlTemplate":"https:\/\/seconci.com.br\/site\/?s={search_term_string}"},"query-input":{"@type":"PropertyValueSpecification","valueRequired":true,"valueName":"search_term_string"}}],"inLanguage":"pt-PT"},{"@type":"Organization","@id":"https:\/\/seconci.com.br\/site\/#organization","name":"Seconci Brasil","url":"https:\/\/seconci.com.br\/site\/","logo":{"@type":"ImageObject","inLanguage":"pt-PT","@id":"https:\/\/seconci.com.br\/site\/#\/schema\/logo\/image\/","url":"https:\/\/seconci.com.br\/site\/wp-content\/uploads\/2024\/08\/Logo-Seconci-Brasil-branca-2.png","contentUrl":"https:\/\/seconci.com.br\/site\/wp-content\/uploads\/2024\/08\/Logo-Seconci-Brasil-branca-2.png","width":1315,"height":598,"caption":"Seconci Brasil"},"image":{"@id":"https:\/\/seconci.com.br\/site\/#\/schema\/logo\/image\/"}},{"@type":"Person","@id":"https:\/\/seconci.com.br\/site\/#\/schema\/person\/1d79afd97ddc8f2c68c1e88e298aa8e2","name":"Sidney Rocha","description":"Comunicador e estagi\u00e1rio do Seconci Brasil.","url":"https:\/\/seconci.com.br\/site\/author\/sidney-rocha\/"}]}},"_links":{"self":[{"href":"https:\/\/seconci.com.br\/site\/wp-json\/wp\/v2\/posts\/11724","targetHints":{"allow":["GET"]}}],"collection":[{"href":"https:\/\/seconci.com.br\/site\/wp-json\/wp\/v2\/posts"}],"about":[{"href":"https:\/\/seconci.com.br\/site\/wp-json\/wp\/v2\/types\/post"}],"author":[{"embeddable":true,"href":"https:\/\/seconci.com.br\/site\/wp-json\/wp\/v2\/users\/3"}],"replies":[{"embeddable":true,"href":"https:\/\/seconci.com.br\/site\/wp-json\/wp\/v2\/comments?post=11724"}],"version-history":[{"count":0,"href":"https:\/\/seconci.com.br\/site\/wp-json\/wp\/v2\/posts\/11724\/revisions"}],"wp:featuredmedia":[{"embeddable":true,"href":"https:\/\/seconci.com.br\/site\/wp-json\/wp\/v2\/media\/11725"}],"wp:attachment":[{"href":"https:\/\/seconci.com.br\/site\/wp-json\/wp\/v2\/media?parent=11724"}],"wp:term":[{"taxonomy":"category","embeddable":true,"href":"https:\/\/seconci.com.br\/site\/wp-json\/wp\/v2\/categories?post=11724"},{"taxonomy":"post_tag","embeddable":true,"href":"https:\/\/seconci.com.br\/site\/wp-json\/wp\/v2\/tags?post=11724"}],"curies":[{"name":"wp","href":"https:\/\/api.w.org\/{rel}","templated":true}]}}