{"id":11837,"date":"2022-06-08T13:05:49","date_gmt":"2022-06-08T13:05:49","guid":{"rendered":"https:\/\/seconci.com.br\/site\/?p=11837"},"modified":"2022-06-08T13:05:49","modified_gmt":"2022-06-08T13:05:49","slug":"comissao-de-responsabilidade-social-realiza-reuniao-online-e-destaca-tema-esg","status":"publish","type":"post","link":"https:\/\/seconci.com.br\/site\/2022\/06\/08\/comissao-de-responsabilidade-social-realiza-reuniao-online-e-destaca-tema-esg\/","title":{"rendered":"Comiss\u00e3o de Responsabilidade Social realiza reuni\u00e3o online e destaca tema ESG"},"content":{"rendered":"<p>A Comiss\u00e3o de Responsabilidade Social (CRS) da C\u00e2mara Brasileira da Ind\u00fastria da Constru\u00e7\u00e3o (CBIC), realizou nesta ter\u00e7a-feira (7) reuni\u00e3o online para debater pautas relacionadas ao Dia Nacional da Constru\u00e7\u00e3o Social (DNCS) 2022 e sobre o \u00edndice ESG \u2013 do ingl\u00eas Environmental, Social and Governance (em portugu\u00eas ASG \u2013 Ambiental, Social e Governan\u00e7a) utilizado para definir e avaliar as boas pr\u00e1ticas empresariais e, seus impactos, com base em tr\u00eas eixos da sustentabilidade: o meio ambiente, o social e a governan\u00e7a. Para al\u00e9m do significado da sigla, o ESG \u00e9 utilizado tanto para se referir \u00e0s pr\u00e1ticas de sustentabilidade de uma empresa quanto crit\u00e9rios de avalia\u00e7\u00e3o por poss\u00edveis investidores financeiros. Importante salientar ainda que o ESG tem rela\u00e7\u00e3o direta com os dez princ\u00edpios defendidos pelo Pacto Global da ONU.<\/p>\n<p>Para debater a pauta ESG, a comiss\u00e3o recebeu como convidado o Diretor Presidente da construtora Tarjab, Carlos Borges. O empres\u00e1rio falou sobre a atua\u00e7\u00e3o da Tarjab na agenda ESG e abordou os principais passos e desafios enfrentados pela equipe.<\/p>\n<p>O tema, que ainda \u00e9 considerado complexo para algumas empresas, tem ganhado for\u00e7a e, para que a pauta evolua nas organiza\u00e7\u00f5es, a participa\u00e7\u00e3o da alta gest\u00e3o \u00e9 considerada essencial. Borges destacou que a governan\u00e7a \u00e9 a parte mais importante: \u201cSe a gente n\u00e3o tiver uma governan\u00e7a bem estabelecida, n\u00e3o dever\u00edamos iniciar uma pol\u00edtica ESG\u201d, disse.<\/p>\n<p>O diretor presidente da Tarjab comentou que j\u00e1 existe uma grande press\u00e3o do mercado e da sociedade para que as empresas \u201cabracem\u201d o tema, mas alertou que \u00e9 preciso cuidado. \u201cMuitas empresas querem mostrar que est\u00e3o trabalhando o assunto, o que \u00e9 muito leg\u00edtimo, mas h\u00e1 uma tend\u00eancia delas [as empresas] quererem gerar relat\u00f3rios, sem entender de fato o que est\u00e3o fazendo. \u00c9 preciso entender melhor a quest\u00e3o e n\u00e3o apenas sair fazendo\u201d, apontou Borges. \u201cPara a gente considerar que temos uma pol\u00edtica ESG, \u00e9 preciso inserir no planejamento estrat\u00e9gico e \u00e9 preciso fazer investimentos\u201d, completou.<\/p>\n<p>Durante a reuni\u00e3o, a presidente da CRS, Ana Cl\u00e1udia Gomes, refor\u00e7ou a import\u00e2ncia da pauta. \u201cQualquer empresa e ind\u00fastria gera valor para a sociedade e esse processo n\u00e3o pode trazer mais problemas ambientais, por exemplo. Al\u00e9m do valor de imagem, o ESG trouxe um valor de competitividade\u201d, afirmou.<\/p>\n<p>A presidente da CRS elogiou o trabalho e a iniciativa desenvolvidas pela Tarjab: \u201cEsse trabalho \u00e9 muito relevante e al\u00e9m de estimular outras empresas, inspira e mostra que \u00e9 poss\u00edvel\u201d, apontou.<\/p>\n<p>Ana Cl\u00e1udia destacou ainda o trabalho que est\u00e1 sendo realizado pela CRS, dentro da CBIC, para que ocorra uma maior participa\u00e7\u00e3o das outras comiss\u00f5es em rela\u00e7\u00e3o ao tema. \u201cA gente acredita que o ESG seja um tema transversal e precisa perpassar por todos os setores. Estamos vivendo um momento de transi\u00e7\u00e3o e mudan\u00e7as, as empresas precisam entender. A CBIC est\u00e1 se preparando, junto com todos voc\u00eas, para poder apoiar as empresas nessas mudan\u00e7as\u201d, concluiu.<\/p>\n<p>Os assuntos da reuni\u00e3o t\u00eam interface com o projeto ESG\/ASG na constru\u00e7\u00e3o da Comiss\u00e3o de Responsabilidade Social (CRS), com a correaliza\u00e7\u00e3o do Servi\u00e7o Social da Ind\u00fastria (Sesi Nacional).<\/p>\n<p><em>Fonte: Ag\u00eancia CBIC<\/em><\/p>\n","protected":false},"excerpt":{"rendered":"<p>A Comiss\u00e3o de Responsabilidade Social (CRS) da C\u00e2mara Brasileira da Ind\u00fastria da Constru\u00e7\u00e3o (CBIC), realizou nesta ter\u00e7a-feira (7) reuni\u00e3o online para debater pautas relacionadas ao Dia Nacional da Constru\u00e7\u00e3o Social (DNCS) 2022 e sobre o \u00edndice ESG \u2013 do ingl\u00eas Environmental, Social and Governance (em portugu\u00eas ASG \u2013 Ambiental, Social e Governan\u00e7a) utilizado para definir [&hellip;]<\/p>\n","protected":false},"author":3,"featured_media":11838,"comment_status":"closed","ping_status":"closed","sticky":false,"template":"","format":"standard","meta":{"footnotes":""},"categories":[92],"tags":[],"class_list":["post-11837","post","type-post","status-publish","format-standard","has-post-thumbnail","hentry","category-seconci-brasil"],"yoast_head":"<!-- This site is optimized with the Yoast SEO plugin v26.9 - https:\/\/yoast.com\/product\/yoast-seo-wordpress\/ -->\n<title>Comiss\u00e3o de Responsabilidade Social realiza reuni\u00e3o online e destaca tema ESG - Seconci Brasil<\/title>\n<meta name=\"robots\" content=\"index, follow, max-snippet:-1, max-image-preview:large, max-video-preview:-1\" \/>\n<link rel=\"canonical\" href=\"https:\/\/seconci.com.br\/site\/2022\/06\/08\/comissao-de-responsabilidade-social-realiza-reuniao-online-e-destaca-tema-esg\/\" \/>\n<meta property=\"og:locale\" content=\"pt_PT\" \/>\n<meta property=\"og:type\" content=\"article\" \/>\n<meta property=\"og:title\" content=\"Comiss\u00e3o de Responsabilidade Social realiza reuni\u00e3o online e destaca tema ESG - Seconci Brasil\" \/>\n<meta property=\"og:description\" content=\"A Comiss\u00e3o de Responsabilidade Social (CRS) da C\u00e2mara Brasileira da Ind\u00fastria da Constru\u00e7\u00e3o (CBIC), realizou nesta ter\u00e7a-feira (7) reuni\u00e3o online para debater pautas relacionadas ao Dia Nacional da Constru\u00e7\u00e3o Social (DNCS) 2022 e sobre o \u00edndice ESG \u2013 do ingl\u00eas Environmental, Social and Governance (em portugu\u00eas ASG \u2013 Ambiental, Social e Governan\u00e7a) utilizado para definir [&hellip;]\" \/>\n<meta property=\"og:url\" content=\"https:\/\/seconci.com.br\/site\/2022\/06\/08\/comissao-de-responsabilidade-social-realiza-reuniao-online-e-destaca-tema-esg\/\" \/>\n<meta property=\"og:site_name\" content=\"Seconci Brasil\" \/>\n<meta property=\"article:published_time\" content=\"2022-06-08T13:05:49+00:00\" \/>\n<meta property=\"og:image\" content=\"https:\/\/seconci.com.br\/site\/wp-content\/uploads\/2022\/06\/captura-de-tela-2022-06-07-as-153941.png\" \/>\n\t<meta property=\"og:image:width\" content=\"2190\" \/>\n\t<meta property=\"og:image:height\" content=\"1266\" \/>\n\t<meta property=\"og:image:type\" content=\"image\/png\" \/>\n<meta name=\"author\" content=\"Sidney Rocha\" \/>\n<meta name=\"twitter:card\" content=\"summary_large_image\" \/>\n<meta name=\"twitter:label1\" content=\"Escrito por\" \/>\n\t<meta name=\"twitter:data1\" content=\"Sidney Rocha\" \/>\n\t<meta name=\"twitter:label2\" content=\"Tempo estimado de leitura\" \/>\n\t<meta name=\"twitter:data2\" content=\"3 minutos\" \/>\n<script type=\"application\/ld+json\" class=\"yoast-schema-graph\">{\"@context\":\"https:\/\/schema.org\",\"@graph\":[{\"@type\":\"Article\",\"@id\":\"https:\/\/seconci.com.br\/site\/2022\/06\/08\/comissao-de-responsabilidade-social-realiza-reuniao-online-e-destaca-tema-esg\/#article\",\"isPartOf\":{\"@id\":\"https:\/\/seconci.com.br\/site\/2022\/06\/08\/comissao-de-responsabilidade-social-realiza-reuniao-online-e-destaca-tema-esg\/\"},\"author\":{\"name\":\"Sidney Rocha\",\"@id\":\"https:\/\/seconci.com.br\/site\/#\/schema\/person\/1d79afd97ddc8f2c68c1e88e298aa8e2\"},\"headline\":\"Comiss\u00e3o de Responsabilidade Social realiza reuni\u00e3o online e destaca tema ESG\",\"datePublished\":\"2022-06-08T13:05:49+00:00\",\"mainEntityOfPage\":{\"@id\":\"https:\/\/seconci.com.br\/site\/2022\/06\/08\/comissao-de-responsabilidade-social-realiza-reuniao-online-e-destaca-tema-esg\/\"},\"wordCount\":568,\"publisher\":{\"@id\":\"https:\/\/seconci.com.br\/site\/#organization\"},\"image\":{\"@id\":\"https:\/\/seconci.com.br\/site\/2022\/06\/08\/comissao-de-responsabilidade-social-realiza-reuniao-online-e-destaca-tema-esg\/#primaryimage\"},\"thumbnailUrl\":\"https:\/\/seconci.com.br\/site\/wp-content\/uploads\/2022\/06\/captura-de-tela-2022-06-07-as-153941.png\",\"articleSection\":[\"Seconci Brasil\"],\"inLanguage\":\"pt-PT\"},{\"@type\":\"WebPage\",\"@id\":\"https:\/\/seconci.com.br\/site\/2022\/06\/08\/comissao-de-responsabilidade-social-realiza-reuniao-online-e-destaca-tema-esg\/\",\"url\":\"https:\/\/seconci.com.br\/site\/2022\/06\/08\/comissao-de-responsabilidade-social-realiza-reuniao-online-e-destaca-tema-esg\/\",\"name\":\"Comiss\u00e3o de Responsabilidade Social realiza reuni\u00e3o online e destaca tema ESG - Seconci Brasil\",\"isPartOf\":{\"@id\":\"https:\/\/seconci.com.br\/site\/#website\"},\"primaryImageOfPage\":{\"@id\":\"https:\/\/seconci.com.br\/site\/2022\/06\/08\/comissao-de-responsabilidade-social-realiza-reuniao-online-e-destaca-tema-esg\/#primaryimage\"},\"image\":{\"@id\":\"https:\/\/seconci.com.br\/site\/2022\/06\/08\/comissao-de-responsabilidade-social-realiza-reuniao-online-e-destaca-tema-esg\/#primaryimage\"},\"thumbnailUrl\":\"https:\/\/seconci.com.br\/site\/wp-content\/uploads\/2022\/06\/captura-de-tela-2022-06-07-as-153941.png\",\"datePublished\":\"2022-06-08T13:05:49+00:00\",\"breadcrumb\":{\"@id\":\"https:\/\/seconci.com.br\/site\/2022\/06\/08\/comissao-de-responsabilidade-social-realiza-reuniao-online-e-destaca-tema-esg\/#breadcrumb\"},\"inLanguage\":\"pt-PT\",\"potentialAction\":[{\"@type\":\"ReadAction\",\"target\":[\"https:\/\/seconci.com.br\/site\/2022\/06\/08\/comissao-de-responsabilidade-social-realiza-reuniao-online-e-destaca-tema-esg\/\"]}]},{\"@type\":\"ImageObject\",\"inLanguage\":\"pt-PT\",\"@id\":\"https:\/\/seconci.com.br\/site\/2022\/06\/08\/comissao-de-responsabilidade-social-realiza-reuniao-online-e-destaca-tema-esg\/#primaryimage\",\"url\":\"https:\/\/seconci.com.br\/site\/wp-content\/uploads\/2022\/06\/captura-de-tela-2022-06-07-as-153941.png\",\"contentUrl\":\"https:\/\/seconci.com.br\/site\/wp-content\/uploads\/2022\/06\/captura-de-tela-2022-06-07-as-153941.png\",\"width\":2190,\"height\":1266},{\"@type\":\"BreadcrumbList\",\"@id\":\"https:\/\/seconci.com.br\/site\/2022\/06\/08\/comissao-de-responsabilidade-social-realiza-reuniao-online-e-destaca-tema-esg\/#breadcrumb\",\"itemListElement\":[{\"@type\":\"ListItem\",\"position\":1,\"name\":\"In\u00edcio\",\"item\":\"https:\/\/seconci.com.br\/site\/\"},{\"@type\":\"ListItem\",\"position\":2,\"name\":\"Comiss\u00e3o de Responsabilidade Social realiza reuni\u00e3o online e destaca tema ESG\"}]},{\"@type\":\"WebSite\",\"@id\":\"https:\/\/seconci.com.br\/site\/#website\",\"url\":\"https:\/\/seconci.com.br\/site\/\",\"name\":\"Seconci Brasil\",\"description\":\"\",\"publisher\":{\"@id\":\"https:\/\/seconci.com.br\/site\/#organization\"},\"potentialAction\":[{\"@type\":\"SearchAction\",\"target\":{\"@type\":\"EntryPoint\",\"urlTemplate\":\"https:\/\/seconci.com.br\/site\/?s={search_term_string}\"},\"query-input\":{\"@type\":\"PropertyValueSpecification\",\"valueRequired\":true,\"valueName\":\"search_term_string\"}}],\"inLanguage\":\"pt-PT\"},{\"@type\":\"Organization\",\"@id\":\"https:\/\/seconci.com.br\/site\/#organization\",\"name\":\"Seconci Brasil\",\"url\":\"https:\/\/seconci.com.br\/site\/\",\"logo\":{\"@type\":\"ImageObject\",\"inLanguage\":\"pt-PT\",\"@id\":\"https:\/\/seconci.com.br\/site\/#\/schema\/logo\/image\/\",\"url\":\"https:\/\/seconci.com.br\/site\/wp-content\/uploads\/2024\/08\/Logo-Seconci-Brasil-branca-2.png\",\"contentUrl\":\"https:\/\/seconci.com.br\/site\/wp-content\/uploads\/2024\/08\/Logo-Seconci-Brasil-branca-2.png\",\"width\":1315,\"height\":598,\"caption\":\"Seconci Brasil\"},\"image\":{\"@id\":\"https:\/\/seconci.com.br\/site\/#\/schema\/logo\/image\/\"}},{\"@type\":\"Person\",\"@id\":\"https:\/\/seconci.com.br\/site\/#\/schema\/person\/1d79afd97ddc8f2c68c1e88e298aa8e2\",\"name\":\"Sidney Rocha\",\"description\":\"Comunicador e estagi\u00e1rio do Seconci Brasil.\",\"url\":\"https:\/\/seconci.com.br\/site\/author\/sidney-rocha\/\"}]}<\/script>\n<!-- \/ Yoast SEO plugin. -->","yoast_head_json":{"title":"Comiss\u00e3o de Responsabilidade Social realiza reuni\u00e3o online e destaca tema ESG - Seconci Brasil","robots":{"index":"index","follow":"follow","max-snippet":"max-snippet:-1","max-image-preview":"max-image-preview:large","max-video-preview":"max-video-preview:-1"},"canonical":"https:\/\/seconci.com.br\/site\/2022\/06\/08\/comissao-de-responsabilidade-social-realiza-reuniao-online-e-destaca-tema-esg\/","og_locale":"pt_PT","og_type":"article","og_title":"Comiss\u00e3o de Responsabilidade Social realiza reuni\u00e3o online e destaca tema ESG - Seconci Brasil","og_description":"A Comiss\u00e3o de Responsabilidade Social (CRS) da C\u00e2mara Brasileira da Ind\u00fastria da Constru\u00e7\u00e3o (CBIC), realizou nesta ter\u00e7a-feira (7) reuni\u00e3o online para debater pautas relacionadas ao Dia Nacional da Constru\u00e7\u00e3o Social (DNCS) 2022 e sobre o \u00edndice ESG \u2013 do ingl\u00eas Environmental, Social and Governance (em portugu\u00eas ASG \u2013 Ambiental, Social e Governan\u00e7a) utilizado para definir [&hellip;]","og_url":"https:\/\/seconci.com.br\/site\/2022\/06\/08\/comissao-de-responsabilidade-social-realiza-reuniao-online-e-destaca-tema-esg\/","og_site_name":"Seconci Brasil","article_published_time":"2022-06-08T13:05:49+00:00","og_image":[{"width":2190,"height":1266,"url":"https:\/\/seconci.com.br\/site\/wp-content\/uploads\/2022\/06\/captura-de-tela-2022-06-07-as-153941.png","type":"image\/png"}],"author":"Sidney Rocha","twitter_card":"summary_large_image","twitter_misc":{"Escrito por":"Sidney Rocha","Tempo estimado de leitura":"3 minutos"},"schema":{"@context":"https:\/\/schema.org","@graph":[{"@type":"Article","@id":"https:\/\/seconci.com.br\/site\/2022\/06\/08\/comissao-de-responsabilidade-social-realiza-reuniao-online-e-destaca-tema-esg\/#article","isPartOf":{"@id":"https:\/\/seconci.com.br\/site\/2022\/06\/08\/comissao-de-responsabilidade-social-realiza-reuniao-online-e-destaca-tema-esg\/"},"author":{"name":"Sidney Rocha","@id":"https:\/\/seconci.com.br\/site\/#\/schema\/person\/1d79afd97ddc8f2c68c1e88e298aa8e2"},"headline":"Comiss\u00e3o de Responsabilidade Social realiza reuni\u00e3o online e destaca tema ESG","datePublished":"2022-06-08T13:05:49+00:00","mainEntityOfPage":{"@id":"https:\/\/seconci.com.br\/site\/2022\/06\/08\/comissao-de-responsabilidade-social-realiza-reuniao-online-e-destaca-tema-esg\/"},"wordCount":568,"publisher":{"@id":"https:\/\/seconci.com.br\/site\/#organization"},"image":{"@id":"https:\/\/seconci.com.br\/site\/2022\/06\/08\/comissao-de-responsabilidade-social-realiza-reuniao-online-e-destaca-tema-esg\/#primaryimage"},"thumbnailUrl":"https:\/\/seconci.com.br\/site\/wp-content\/uploads\/2022\/06\/captura-de-tela-2022-06-07-as-153941.png","articleSection":["Seconci Brasil"],"inLanguage":"pt-PT"},{"@type":"WebPage","@id":"https:\/\/seconci.com.br\/site\/2022\/06\/08\/comissao-de-responsabilidade-social-realiza-reuniao-online-e-destaca-tema-esg\/","url":"https:\/\/seconci.com.br\/site\/2022\/06\/08\/comissao-de-responsabilidade-social-realiza-reuniao-online-e-destaca-tema-esg\/","name":"Comiss\u00e3o de Responsabilidade Social realiza reuni\u00e3o online e destaca tema ESG - Seconci Brasil","isPartOf":{"@id":"https:\/\/seconci.com.br\/site\/#website"},"primaryImageOfPage":{"@id":"https:\/\/seconci.com.br\/site\/2022\/06\/08\/comissao-de-responsabilidade-social-realiza-reuniao-online-e-destaca-tema-esg\/#primaryimage"},"image":{"@id":"https:\/\/seconci.com.br\/site\/2022\/06\/08\/comissao-de-responsabilidade-social-realiza-reuniao-online-e-destaca-tema-esg\/#primaryimage"},"thumbnailUrl":"https:\/\/seconci.com.br\/site\/wp-content\/uploads\/2022\/06\/captura-de-tela-2022-06-07-as-153941.png","datePublished":"2022-06-08T13:05:49+00:00","breadcrumb":{"@id":"https:\/\/seconci.com.br\/site\/2022\/06\/08\/comissao-de-responsabilidade-social-realiza-reuniao-online-e-destaca-tema-esg\/#breadcrumb"},"inLanguage":"pt-PT","potentialAction":[{"@type":"ReadAction","target":["https:\/\/seconci.com.br\/site\/2022\/06\/08\/comissao-de-responsabilidade-social-realiza-reuniao-online-e-destaca-tema-esg\/"]}]},{"@type":"ImageObject","inLanguage":"pt-PT","@id":"https:\/\/seconci.com.br\/site\/2022\/06\/08\/comissao-de-responsabilidade-social-realiza-reuniao-online-e-destaca-tema-esg\/#primaryimage","url":"https:\/\/seconci.com.br\/site\/wp-content\/uploads\/2022\/06\/captura-de-tela-2022-06-07-as-153941.png","contentUrl":"https:\/\/seconci.com.br\/site\/wp-content\/uploads\/2022\/06\/captura-de-tela-2022-06-07-as-153941.png","width":2190,"height":1266},{"@type":"BreadcrumbList","@id":"https:\/\/seconci.com.br\/site\/2022\/06\/08\/comissao-de-responsabilidade-social-realiza-reuniao-online-e-destaca-tema-esg\/#breadcrumb","itemListElement":[{"@type":"ListItem","position":1,"name":"In\u00edcio","item":"https:\/\/seconci.com.br\/site\/"},{"@type":"ListItem","position":2,"name":"Comiss\u00e3o de Responsabilidade Social realiza reuni\u00e3o online e destaca tema ESG"}]},{"@type":"WebSite","@id":"https:\/\/seconci.com.br\/site\/#website","url":"https:\/\/seconci.com.br\/site\/","name":"Seconci Brasil","description":"","publisher":{"@id":"https:\/\/seconci.com.br\/site\/#organization"},"potentialAction":[{"@type":"SearchAction","target":{"@type":"EntryPoint","urlTemplate":"https:\/\/seconci.com.br\/site\/?s={search_term_string}"},"query-input":{"@type":"PropertyValueSpecification","valueRequired":true,"valueName":"search_term_string"}}],"inLanguage":"pt-PT"},{"@type":"Organization","@id":"https:\/\/seconci.com.br\/site\/#organization","name":"Seconci Brasil","url":"https:\/\/seconci.com.br\/site\/","logo":{"@type":"ImageObject","inLanguage":"pt-PT","@id":"https:\/\/seconci.com.br\/site\/#\/schema\/logo\/image\/","url":"https:\/\/seconci.com.br\/site\/wp-content\/uploads\/2024\/08\/Logo-Seconci-Brasil-branca-2.png","contentUrl":"https:\/\/seconci.com.br\/site\/wp-content\/uploads\/2024\/08\/Logo-Seconci-Brasil-branca-2.png","width":1315,"height":598,"caption":"Seconci Brasil"},"image":{"@id":"https:\/\/seconci.com.br\/site\/#\/schema\/logo\/image\/"}},{"@type":"Person","@id":"https:\/\/seconci.com.br\/site\/#\/schema\/person\/1d79afd97ddc8f2c68c1e88e298aa8e2","name":"Sidney Rocha","description":"Comunicador e estagi\u00e1rio do Seconci Brasil.","url":"https:\/\/seconci.com.br\/site\/author\/sidney-rocha\/"}]}},"_links":{"self":[{"href":"https:\/\/seconci.com.br\/site\/wp-json\/wp\/v2\/posts\/11837","targetHints":{"allow":["GET"]}}],"collection":[{"href":"https:\/\/seconci.com.br\/site\/wp-json\/wp\/v2\/posts"}],"about":[{"href":"https:\/\/seconci.com.br\/site\/wp-json\/wp\/v2\/types\/post"}],"author":[{"embeddable":true,"href":"https:\/\/seconci.com.br\/site\/wp-json\/wp\/v2\/users\/3"}],"replies":[{"embeddable":true,"href":"https:\/\/seconci.com.br\/site\/wp-json\/wp\/v2\/comments?post=11837"}],"version-history":[{"count":0,"href":"https:\/\/seconci.com.br\/site\/wp-json\/wp\/v2\/posts\/11837\/revisions"}],"wp:featuredmedia":[{"embeddable":true,"href":"https:\/\/seconci.com.br\/site\/wp-json\/wp\/v2\/media\/11838"}],"wp:attachment":[{"href":"https:\/\/seconci.com.br\/site\/wp-json\/wp\/v2\/media?parent=11837"}],"wp:term":[{"taxonomy":"category","embeddable":true,"href":"https:\/\/seconci.com.br\/site\/wp-json\/wp\/v2\/categories?post=11837"},{"taxonomy":"post_tag","embeddable":true,"href":"https:\/\/seconci.com.br\/site\/wp-json\/wp\/v2\/tags?post=11837"}],"curies":[{"name":"wp","href":"https:\/\/api.w.org\/{rel}","templated":true}]}}