{"id":11840,"date":"2022-06-08T13:08:30","date_gmt":"2022-06-08T13:08:30","guid":{"rendered":"https:\/\/seconci.com.br\/site\/?p=11840"},"modified":"2022-06-08T13:08:30","modified_gmt":"2022-06-08T13:08:30","slug":"ministerio-do-trabalho-altera-regulamentacao-da-legislacao-trabalhista","status":"publish","type":"post","link":"https:\/\/seconci.com.br\/site\/2022\/06\/08\/ministerio-do-trabalho-altera-regulamentacao-da-legislacao-trabalhista\/","title":{"rendered":"Minist\u00e9rio do Trabalho altera regulamenta\u00e7\u00e3o da legisla\u00e7\u00e3o trabalhista"},"content":{"rendered":"<article id=\"single--interna\" class=\"col-md-offset-2 col-md-8 col-sm-12 col-xs-12\">\n<div class=\"conteudo--article\">\n<p>A\u00a0<a href=\"https:\/\/www.in.gov.br\/en\/web\/dou\/-\/portaria-mtp-n-1.486-de-3-de-junho-de-2022-405577190\">Portaria n\u00b0 1.486\/2022 do Minist\u00e9rio do Trabalho e Previd\u00eancia<\/a>\u00a0altera a\u00a0<a href=\"https:\/\/in.gov.br\/en\/web\/dou\/-\/portaria-359094139\">Portaria n\u00ba 671, de 8\/2021<\/a>, que regulamenta disposi\u00e7\u00f5es relativas \u00e0 legisla\u00e7\u00e3o trabalhista, \u00e0 inspe\u00e7\u00e3o do trabalho, \u00e0s pol\u00edticas p\u00fablicas e \u00e0s rela\u00e7\u00f5es de trabalho. A medida foi publicada no Di\u00e1rio Oficial da Uni\u00e3o (DOU) desta segunda-feira (06\/06).<\/p>\n<p>A resolu\u00e7\u00e3o altera, entre outros, normas sobre anota\u00e7\u00e3o na Carteira de Trabalho (CTPS), sobre o modelo de contrato de trabalho e forma de preenchimento, sobre o registro eletr\u00f4nico de ponto, bem como a forma de disponibiliza\u00e7\u00e3o do arquivo.<\/p>\n<p>Os modelos de instrumento de coopera\u00e7\u00e3o para disponibiliza\u00e7\u00e3o de dados e para formaliza\u00e7\u00e3o estar\u00e3o dispon\u00edveis no portal gov.br.<\/p>\n<p>Estabelece, tamb\u00e9m, que poder\u00e3o ser usados jornais de circula\u00e7\u00e3o nacional para publica\u00e7\u00e3o de editais de convoca\u00e7\u00e3o de altera\u00e7\u00f5es estatut\u00e1rias.<\/p>\n<p>Al\u00e9m disso, altera alguns itens que tratam de composi\u00e7\u00e3o e a altera\u00e7\u00e3o do estatuto social. O Anexo VII da Portaria 671\/2021 passa a vigorar da forma do Anexo I e o Anexo IX passa a vigorar na forma do Anexo II.<\/p>\n<p>Revoga ainda algumas disposi\u00e7\u00f5es da Portaria.<em>\u00a0<\/em><\/p>\n<p><em>(Ag\u00eancia CBIC | Com informa\u00e7\u00f5es da Foco Assessoria)<\/em><\/p>\n<\/div>\n<\/article>\n","protected":false},"excerpt":{"rendered":"<p>A\u00a0Portaria n\u00b0 1.486\/2022 do Minist\u00e9rio do Trabalho e Previd\u00eancia\u00a0altera a\u00a0Portaria n\u00ba 671, de 8\/2021, que regulamenta disposi\u00e7\u00f5es relativas \u00e0 legisla\u00e7\u00e3o trabalhista, \u00e0 inspe\u00e7\u00e3o do trabalho, \u00e0s pol\u00edticas p\u00fablicas e \u00e0s rela\u00e7\u00f5es de trabalho. A medida foi publicada no Di\u00e1rio Oficial da Uni\u00e3o (DOU) desta segunda-feira (06\/06). A resolu\u00e7\u00e3o altera, entre outros, normas sobre anota\u00e7\u00e3o na [&hellip;]<\/p>\n","protected":false},"author":3,"featured_media":11841,"comment_status":"closed","ping_status":"closed","sticky":false,"template":"","format":"standard","meta":{"footnotes":""},"categories":[92],"tags":[],"class_list":["post-11840","post","type-post","status-publish","format-standard","has-post-thumbnail","hentry","category-seconci-brasil"],"yoast_head":"<!-- This site is optimized with the Yoast SEO plugin v26.9 - https:\/\/yoast.com\/product\/yoast-seo-wordpress\/ -->\n<title>Minist\u00e9rio do Trabalho altera regulamenta\u00e7\u00e3o da legisla\u00e7\u00e3o trabalhista - Seconci Brasil<\/title>\n<meta name=\"robots\" content=\"index, follow, max-snippet:-1, max-image-preview:large, max-video-preview:-1\" \/>\n<link rel=\"canonical\" href=\"https:\/\/seconci.com.br\/site\/2022\/06\/08\/ministerio-do-trabalho-altera-regulamentacao-da-legislacao-trabalhista\/\" \/>\n<meta property=\"og:locale\" content=\"pt_PT\" \/>\n<meta property=\"og:type\" content=\"article\" \/>\n<meta property=\"og:title\" content=\"Minist\u00e9rio do Trabalho altera regulamenta\u00e7\u00e3o da legisla\u00e7\u00e3o trabalhista - Seconci Brasil\" \/>\n<meta property=\"og:description\" content=\"A\u00a0Portaria n\u00b0 1.486\/2022 do Minist\u00e9rio do Trabalho e Previd\u00eancia\u00a0altera a\u00a0Portaria n\u00ba 671, de 8\/2021, que regulamenta disposi\u00e7\u00f5es relativas \u00e0 legisla\u00e7\u00e3o trabalhista, \u00e0 inspe\u00e7\u00e3o do trabalho, \u00e0s pol\u00edticas p\u00fablicas e \u00e0s rela\u00e7\u00f5es de trabalho. A medida foi publicada no Di\u00e1rio Oficial da Uni\u00e3o (DOU) desta segunda-feira (06\/06). A resolu\u00e7\u00e3o altera, entre outros, normas sobre anota\u00e7\u00e3o na [&hellip;]\" \/>\n<meta property=\"og:url\" content=\"https:\/\/seconci.com.br\/site\/2022\/06\/08\/ministerio-do-trabalho-altera-regulamentacao-da-legislacao-trabalhista\/\" \/>\n<meta property=\"og:site_name\" content=\"Seconci Brasil\" \/>\n<meta property=\"article:published_time\" content=\"2022-06-08T13:08:30+00:00\" \/>\n<meta property=\"og:image\" content=\"https:\/\/seconci.com.br\/site\/wp-content\/uploads\/2022\/06\/carteira-de-trabalho.jpeg\" \/>\n\t<meta property=\"og:image:width\" content=\"1280\" \/>\n\t<meta property=\"og:image:height\" content=\"720\" \/>\n\t<meta property=\"og:image:type\" content=\"image\/jpeg\" \/>\n<meta name=\"author\" content=\"Sidney Rocha\" \/>\n<meta name=\"twitter:card\" content=\"summary_large_image\" \/>\n<meta name=\"twitter:label1\" content=\"Escrito por\" \/>\n\t<meta name=\"twitter:data1\" content=\"Sidney Rocha\" \/>\n\t<meta name=\"twitter:label2\" content=\"Tempo estimado de leitura\" \/>\n\t<meta name=\"twitter:data2\" content=\"1 minuto\" \/>\n<script type=\"application\/ld+json\" class=\"yoast-schema-graph\">{\"@context\":\"https:\/\/schema.org\",\"@graph\":[{\"@type\":\"Article\",\"@id\":\"https:\/\/seconci.com.br\/site\/2022\/06\/08\/ministerio-do-trabalho-altera-regulamentacao-da-legislacao-trabalhista\/#article\",\"isPartOf\":{\"@id\":\"https:\/\/seconci.com.br\/site\/2022\/06\/08\/ministerio-do-trabalho-altera-regulamentacao-da-legislacao-trabalhista\/\"},\"author\":{\"name\":\"Sidney Rocha\",\"@id\":\"https:\/\/seconci.com.br\/site\/#\/schema\/person\/1d79afd97ddc8f2c68c1e88e298aa8e2\"},\"headline\":\"Minist\u00e9rio do Trabalho altera regulamenta\u00e7\u00e3o da legisla\u00e7\u00e3o trabalhista\",\"datePublished\":\"2022-06-08T13:08:30+00:00\",\"mainEntityOfPage\":{\"@id\":\"https:\/\/seconci.com.br\/site\/2022\/06\/08\/ministerio-do-trabalho-altera-regulamentacao-da-legislacao-trabalhista\/\"},\"wordCount\":215,\"publisher\":{\"@id\":\"https:\/\/seconci.com.br\/site\/#organization\"},\"image\":{\"@id\":\"https:\/\/seconci.com.br\/site\/2022\/06\/08\/ministerio-do-trabalho-altera-regulamentacao-da-legislacao-trabalhista\/#primaryimage\"},\"thumbnailUrl\":\"https:\/\/seconci.com.br\/site\/wp-content\/uploads\/2022\/06\/carteira-de-trabalho.jpeg\",\"articleSection\":[\"Seconci Brasil\"],\"inLanguage\":\"pt-PT\"},{\"@type\":\"WebPage\",\"@id\":\"https:\/\/seconci.com.br\/site\/2022\/06\/08\/ministerio-do-trabalho-altera-regulamentacao-da-legislacao-trabalhista\/\",\"url\":\"https:\/\/seconci.com.br\/site\/2022\/06\/08\/ministerio-do-trabalho-altera-regulamentacao-da-legislacao-trabalhista\/\",\"name\":\"Minist\u00e9rio do Trabalho altera regulamenta\u00e7\u00e3o da legisla\u00e7\u00e3o trabalhista - Seconci Brasil\",\"isPartOf\":{\"@id\":\"https:\/\/seconci.com.br\/site\/#website\"},\"primaryImageOfPage\":{\"@id\":\"https:\/\/seconci.com.br\/site\/2022\/06\/08\/ministerio-do-trabalho-altera-regulamentacao-da-legislacao-trabalhista\/#primaryimage\"},\"image\":{\"@id\":\"https:\/\/seconci.com.br\/site\/2022\/06\/08\/ministerio-do-trabalho-altera-regulamentacao-da-legislacao-trabalhista\/#primaryimage\"},\"thumbnailUrl\":\"https:\/\/seconci.com.br\/site\/wp-content\/uploads\/2022\/06\/carteira-de-trabalho.jpeg\",\"datePublished\":\"2022-06-08T13:08:30+00:00\",\"breadcrumb\":{\"@id\":\"https:\/\/seconci.com.br\/site\/2022\/06\/08\/ministerio-do-trabalho-altera-regulamentacao-da-legislacao-trabalhista\/#breadcrumb\"},\"inLanguage\":\"pt-PT\",\"potentialAction\":[{\"@type\":\"ReadAction\",\"target\":[\"https:\/\/seconci.com.br\/site\/2022\/06\/08\/ministerio-do-trabalho-altera-regulamentacao-da-legislacao-trabalhista\/\"]}]},{\"@type\":\"ImageObject\",\"inLanguage\":\"pt-PT\",\"@id\":\"https:\/\/seconci.com.br\/site\/2022\/06\/08\/ministerio-do-trabalho-altera-regulamentacao-da-legislacao-trabalhista\/#primaryimage\",\"url\":\"https:\/\/seconci.com.br\/site\/wp-content\/uploads\/2022\/06\/carteira-de-trabalho.jpeg\",\"contentUrl\":\"https:\/\/seconci.com.br\/site\/wp-content\/uploads\/2022\/06\/carteira-de-trabalho.jpeg\",\"width\":1280,\"height\":720},{\"@type\":\"BreadcrumbList\",\"@id\":\"https:\/\/seconci.com.br\/site\/2022\/06\/08\/ministerio-do-trabalho-altera-regulamentacao-da-legislacao-trabalhista\/#breadcrumb\",\"itemListElement\":[{\"@type\":\"ListItem\",\"position\":1,\"name\":\"In\u00edcio\",\"item\":\"https:\/\/seconci.com.br\/site\/\"},{\"@type\":\"ListItem\",\"position\":2,\"name\":\"Minist\u00e9rio do Trabalho altera regulamenta\u00e7\u00e3o da legisla\u00e7\u00e3o trabalhista\"}]},{\"@type\":\"WebSite\",\"@id\":\"https:\/\/seconci.com.br\/site\/#website\",\"url\":\"https:\/\/seconci.com.br\/site\/\",\"name\":\"Seconci Brasil\",\"description\":\"\",\"publisher\":{\"@id\":\"https:\/\/seconci.com.br\/site\/#organization\"},\"potentialAction\":[{\"@type\":\"SearchAction\",\"target\":{\"@type\":\"EntryPoint\",\"urlTemplate\":\"https:\/\/seconci.com.br\/site\/?s={search_term_string}\"},\"query-input\":{\"@type\":\"PropertyValueSpecification\",\"valueRequired\":true,\"valueName\":\"search_term_string\"}}],\"inLanguage\":\"pt-PT\"},{\"@type\":\"Organization\",\"@id\":\"https:\/\/seconci.com.br\/site\/#organization\",\"name\":\"Seconci Brasil\",\"url\":\"https:\/\/seconci.com.br\/site\/\",\"logo\":{\"@type\":\"ImageObject\",\"inLanguage\":\"pt-PT\",\"@id\":\"https:\/\/seconci.com.br\/site\/#\/schema\/logo\/image\/\",\"url\":\"https:\/\/seconci.com.br\/site\/wp-content\/uploads\/2024\/08\/Logo-Seconci-Brasil-branca-2.png\",\"contentUrl\":\"https:\/\/seconci.com.br\/site\/wp-content\/uploads\/2024\/08\/Logo-Seconci-Brasil-branca-2.png\",\"width\":1315,\"height\":598,\"caption\":\"Seconci Brasil\"},\"image\":{\"@id\":\"https:\/\/seconci.com.br\/site\/#\/schema\/logo\/image\/\"}},{\"@type\":\"Person\",\"@id\":\"https:\/\/seconci.com.br\/site\/#\/schema\/person\/1d79afd97ddc8f2c68c1e88e298aa8e2\",\"name\":\"Sidney Rocha\",\"description\":\"Comunicador e estagi\u00e1rio do Seconci Brasil.\",\"url\":\"https:\/\/seconci.com.br\/site\/author\/sidney-rocha\/\"}]}<\/script>\n<!-- \/ Yoast SEO plugin. -->","yoast_head_json":{"title":"Minist\u00e9rio do Trabalho altera regulamenta\u00e7\u00e3o da legisla\u00e7\u00e3o trabalhista - Seconci Brasil","robots":{"index":"index","follow":"follow","max-snippet":"max-snippet:-1","max-image-preview":"max-image-preview:large","max-video-preview":"max-video-preview:-1"},"canonical":"https:\/\/seconci.com.br\/site\/2022\/06\/08\/ministerio-do-trabalho-altera-regulamentacao-da-legislacao-trabalhista\/","og_locale":"pt_PT","og_type":"article","og_title":"Minist\u00e9rio do Trabalho altera regulamenta\u00e7\u00e3o da legisla\u00e7\u00e3o trabalhista - Seconci Brasil","og_description":"A\u00a0Portaria n\u00b0 1.486\/2022 do Minist\u00e9rio do Trabalho e Previd\u00eancia\u00a0altera a\u00a0Portaria n\u00ba 671, de 8\/2021, que regulamenta disposi\u00e7\u00f5es relativas \u00e0 legisla\u00e7\u00e3o trabalhista, \u00e0 inspe\u00e7\u00e3o do trabalho, \u00e0s pol\u00edticas p\u00fablicas e \u00e0s rela\u00e7\u00f5es de trabalho. A medida foi publicada no Di\u00e1rio Oficial da Uni\u00e3o (DOU) desta segunda-feira (06\/06). A resolu\u00e7\u00e3o altera, entre outros, normas sobre anota\u00e7\u00e3o na [&hellip;]","og_url":"https:\/\/seconci.com.br\/site\/2022\/06\/08\/ministerio-do-trabalho-altera-regulamentacao-da-legislacao-trabalhista\/","og_site_name":"Seconci Brasil","article_published_time":"2022-06-08T13:08:30+00:00","og_image":[{"width":1280,"height":720,"url":"https:\/\/seconci.com.br\/site\/wp-content\/uploads\/2022\/06\/carteira-de-trabalho.jpeg","type":"image\/jpeg"}],"author":"Sidney Rocha","twitter_card":"summary_large_image","twitter_misc":{"Escrito por":"Sidney Rocha","Tempo estimado de leitura":"1 minuto"},"schema":{"@context":"https:\/\/schema.org","@graph":[{"@type":"Article","@id":"https:\/\/seconci.com.br\/site\/2022\/06\/08\/ministerio-do-trabalho-altera-regulamentacao-da-legislacao-trabalhista\/#article","isPartOf":{"@id":"https:\/\/seconci.com.br\/site\/2022\/06\/08\/ministerio-do-trabalho-altera-regulamentacao-da-legislacao-trabalhista\/"},"author":{"name":"Sidney Rocha","@id":"https:\/\/seconci.com.br\/site\/#\/schema\/person\/1d79afd97ddc8f2c68c1e88e298aa8e2"},"headline":"Minist\u00e9rio do Trabalho altera regulamenta\u00e7\u00e3o da legisla\u00e7\u00e3o trabalhista","datePublished":"2022-06-08T13:08:30+00:00","mainEntityOfPage":{"@id":"https:\/\/seconci.com.br\/site\/2022\/06\/08\/ministerio-do-trabalho-altera-regulamentacao-da-legislacao-trabalhista\/"},"wordCount":215,"publisher":{"@id":"https:\/\/seconci.com.br\/site\/#organization"},"image":{"@id":"https:\/\/seconci.com.br\/site\/2022\/06\/08\/ministerio-do-trabalho-altera-regulamentacao-da-legislacao-trabalhista\/#primaryimage"},"thumbnailUrl":"https:\/\/seconci.com.br\/site\/wp-content\/uploads\/2022\/06\/carteira-de-trabalho.jpeg","articleSection":["Seconci Brasil"],"inLanguage":"pt-PT"},{"@type":"WebPage","@id":"https:\/\/seconci.com.br\/site\/2022\/06\/08\/ministerio-do-trabalho-altera-regulamentacao-da-legislacao-trabalhista\/","url":"https:\/\/seconci.com.br\/site\/2022\/06\/08\/ministerio-do-trabalho-altera-regulamentacao-da-legislacao-trabalhista\/","name":"Minist\u00e9rio do Trabalho altera regulamenta\u00e7\u00e3o da legisla\u00e7\u00e3o trabalhista - Seconci Brasil","isPartOf":{"@id":"https:\/\/seconci.com.br\/site\/#website"},"primaryImageOfPage":{"@id":"https:\/\/seconci.com.br\/site\/2022\/06\/08\/ministerio-do-trabalho-altera-regulamentacao-da-legislacao-trabalhista\/#primaryimage"},"image":{"@id":"https:\/\/seconci.com.br\/site\/2022\/06\/08\/ministerio-do-trabalho-altera-regulamentacao-da-legislacao-trabalhista\/#primaryimage"},"thumbnailUrl":"https:\/\/seconci.com.br\/site\/wp-content\/uploads\/2022\/06\/carteira-de-trabalho.jpeg","datePublished":"2022-06-08T13:08:30+00:00","breadcrumb":{"@id":"https:\/\/seconci.com.br\/site\/2022\/06\/08\/ministerio-do-trabalho-altera-regulamentacao-da-legislacao-trabalhista\/#breadcrumb"},"inLanguage":"pt-PT","potentialAction":[{"@type":"ReadAction","target":["https:\/\/seconci.com.br\/site\/2022\/06\/08\/ministerio-do-trabalho-altera-regulamentacao-da-legislacao-trabalhista\/"]}]},{"@type":"ImageObject","inLanguage":"pt-PT","@id":"https:\/\/seconci.com.br\/site\/2022\/06\/08\/ministerio-do-trabalho-altera-regulamentacao-da-legislacao-trabalhista\/#primaryimage","url":"https:\/\/seconci.com.br\/site\/wp-content\/uploads\/2022\/06\/carteira-de-trabalho.jpeg","contentUrl":"https:\/\/seconci.com.br\/site\/wp-content\/uploads\/2022\/06\/carteira-de-trabalho.jpeg","width":1280,"height":720},{"@type":"BreadcrumbList","@id":"https:\/\/seconci.com.br\/site\/2022\/06\/08\/ministerio-do-trabalho-altera-regulamentacao-da-legislacao-trabalhista\/#breadcrumb","itemListElement":[{"@type":"ListItem","position":1,"name":"In\u00edcio","item":"https:\/\/seconci.com.br\/site\/"},{"@type":"ListItem","position":2,"name":"Minist\u00e9rio do Trabalho altera regulamenta\u00e7\u00e3o da legisla\u00e7\u00e3o trabalhista"}]},{"@type":"WebSite","@id":"https:\/\/seconci.com.br\/site\/#website","url":"https:\/\/seconci.com.br\/site\/","name":"Seconci Brasil","description":"","publisher":{"@id":"https:\/\/seconci.com.br\/site\/#organization"},"potentialAction":[{"@type":"SearchAction","target":{"@type":"EntryPoint","urlTemplate":"https:\/\/seconci.com.br\/site\/?s={search_term_string}"},"query-input":{"@type":"PropertyValueSpecification","valueRequired":true,"valueName":"search_term_string"}}],"inLanguage":"pt-PT"},{"@type":"Organization","@id":"https:\/\/seconci.com.br\/site\/#organization","name":"Seconci Brasil","url":"https:\/\/seconci.com.br\/site\/","logo":{"@type":"ImageObject","inLanguage":"pt-PT","@id":"https:\/\/seconci.com.br\/site\/#\/schema\/logo\/image\/","url":"https:\/\/seconci.com.br\/site\/wp-content\/uploads\/2024\/08\/Logo-Seconci-Brasil-branca-2.png","contentUrl":"https:\/\/seconci.com.br\/site\/wp-content\/uploads\/2024\/08\/Logo-Seconci-Brasil-branca-2.png","width":1315,"height":598,"caption":"Seconci Brasil"},"image":{"@id":"https:\/\/seconci.com.br\/site\/#\/schema\/logo\/image\/"}},{"@type":"Person","@id":"https:\/\/seconci.com.br\/site\/#\/schema\/person\/1d79afd97ddc8f2c68c1e88e298aa8e2","name":"Sidney Rocha","description":"Comunicador e estagi\u00e1rio do Seconci Brasil.","url":"https:\/\/seconci.com.br\/site\/author\/sidney-rocha\/"}]}},"_links":{"self":[{"href":"https:\/\/seconci.com.br\/site\/wp-json\/wp\/v2\/posts\/11840","targetHints":{"allow":["GET"]}}],"collection":[{"href":"https:\/\/seconci.com.br\/site\/wp-json\/wp\/v2\/posts"}],"about":[{"href":"https:\/\/seconci.com.br\/site\/wp-json\/wp\/v2\/types\/post"}],"author":[{"embeddable":true,"href":"https:\/\/seconci.com.br\/site\/wp-json\/wp\/v2\/users\/3"}],"replies":[{"embeddable":true,"href":"https:\/\/seconci.com.br\/site\/wp-json\/wp\/v2\/comments?post=11840"}],"version-history":[{"count":0,"href":"https:\/\/seconci.com.br\/site\/wp-json\/wp\/v2\/posts\/11840\/revisions"}],"wp:featuredmedia":[{"embeddable":true,"href":"https:\/\/seconci.com.br\/site\/wp-json\/wp\/v2\/media\/11841"}],"wp:attachment":[{"href":"https:\/\/seconci.com.br\/site\/wp-json\/wp\/v2\/media?parent=11840"}],"wp:term":[{"taxonomy":"category","embeddable":true,"href":"https:\/\/seconci.com.br\/site\/wp-json\/wp\/v2\/categories?post=11840"},{"taxonomy":"post_tag","embeddable":true,"href":"https:\/\/seconci.com.br\/site\/wp-json\/wp\/v2\/tags?post=11840"}],"curies":[{"name":"wp","href":"https:\/\/api.w.org\/{rel}","templated":true}]}}