{"id":11861,"date":"2022-06-13T11:41:50","date_gmt":"2022-06-13T11:41:50","guid":{"rendered":"https:\/\/seconci.com.br\/site\/?p=11861"},"modified":"2022-06-13T11:41:50","modified_gmt":"2022-06-13T11:41:50","slug":"cbic-promove-o-evento-esocial-na-proxima-terca-feira","status":"publish","type":"post","link":"https:\/\/seconci.com.br\/site\/2022\/06\/13\/cbic-promove-o-evento-esocial-na-proxima-terca-feira\/","title":{"rendered":"CBIC promove o evento \u2018eSocial\u2019 na pr\u00f3xima ter\u00e7a-feira"},"content":{"rendered":"<p>A C\u00e2mara Brasileira da Ind\u00fastria da Constru\u00e7\u00e3o (CBIC), em correaliza\u00e7\u00e3o com o Servi\u00e7o Social da Ind\u00fastria (SESI) e apoio do Seconci-Brasil, realizar\u00e1 na pr\u00f3xima ter\u00e7a-feira (14), \u00e0s 10h, o\u00a0<b>evento virtual \u201ceSocial \u2013 SST na Constru\u00e7\u00e3o\u201d.<\/b><\/p>\n<p>O projeto \u00e9 uma iniciativa da Comiss\u00e3o de Pol\u00edtica de Rela\u00e7\u00f5es Trabalhistas (CPRT\/CBIC) e tem como objetivo abordar informa\u00e7\u00f5es, realizar atualiza\u00e7\u00f5es e esclarecimentos sobre o sistema eSocial, em especial voltado ao tema da Sa\u00fade e Seguran\u00e7a no Trabalho (SST).<\/p>\n<p>Durante o evento, ser\u00e3o recebidos como expositores o Coordenador-Geral de Benef\u00edcios de Risco e Reabilita\u00e7\u00e3o Profissional na Secretaria de Previd\u00eancia do Minist\u00e9rio do Trabalho e Previd\u00eancia,\u00a0<b>Orion S\u00e1vio Santos de Oliveira<\/b>,\u00a0a Gerente de Seguran\u00e7a do Trabalho do Servi\u00e7o Social da Ind\u00fastria da Constru\u00e7\u00e3o Civil\u00a0(Seconci-MG), Engenheira\u00a0<b>Andreia Kaucher Darmstadter<\/b>\u00a0e o Gerente M\u00e9dico Executivo do Seconci-SP,<b>\u00a0Dr. Giancarlo Rodrigues Brand\u00e3o<\/b>.<\/p>\n<p>Para participar,\u00a0<a href=\"https:\/\/brasil.cbic.org.br\/lp-cprt-evento-esocial\">clique aqui<\/a>\u00a0e fa\u00e7a sua inscri\u00e7\u00e3o!<\/p>\n<p><b>Confira abaixo a programa\u00e7\u00e3o completa:<\/b><\/p>\n<p><b>a10h \u2013 10h10 | Abertura<\/b><br \/>\nFernando Guedes Ferreira Filho (Presidente da CPRT\/CBIC) e Haruo Ishkawa (Vice-presidente do Sinduscon-SP e Coordenador de SST na CPRT\/CBIC)<\/p>\n<p>&nbsp;<\/p>\n<p>10h10 \u2013 10h50 |\u00a0<b>\u201cPrograma geral dos eventos de SST no eSocial voltado para a constru\u00e7\u00e3o civil\u201d<\/b><br \/>\nExpositor: Orion S\u00e1bio Santos de Oliveira (Coordenador-Geral de Benef\u00edcios de Risco e Reabilita\u00e7\u00e3o Profissional na Secretaria de Previd\u00eancia do Minist\u00e9rio do Trabalho e Previd\u00eancia)<\/p>\n<p>&nbsp;<\/p>\n<p>10h50 \u2013 11h10 |\u00a0<b>\u201cDocumentos da empresa para o eSocial\u201d<\/b><\/p>\n<p>Expositor: Eng. Andreia Kaucher Darmstadter (Gerente de Seguran\u00e7a do Trabalho do Servi\u00e7o Social da Ind\u00fastria da Constru\u00e7\u00e3o Civil\u00a0(Seconci-MG)<\/p>\n<p>&nbsp;<\/p>\n<p>11h10 \u2013 11h30\u00a0<b>| \u201cAspectos m\u00e9dicos no dia a dia da empresa que refletem no eSocial\u201d\u00a0<\/b><\/p>\n<p>Expositor: Dr. Giancarlo Rodrigues Brand\u00e3o (Gerente M\u00e9dico Executivo do Seconci-SP)<\/p>\n<p>&nbsp;<\/p>\n<p>11h30 \u2013 11h50 |<b>\u00a0Debate com perguntas<\/b><\/p>\n<p>&nbsp;<\/p>\n<p>11h50 \u2013 12h |<b>\u00a0Encerramento<\/b><\/p>\n","protected":false},"excerpt":{"rendered":"<p>A C\u00e2mara Brasileira da Ind\u00fastria da Constru\u00e7\u00e3o (CBIC), em correaliza\u00e7\u00e3o com o Servi\u00e7o Social da Ind\u00fastria (SESI) e apoio do Seconci-Brasil, realizar\u00e1 na pr\u00f3xima ter\u00e7a-feira (14), \u00e0s 10h, o\u00a0evento virtual \u201ceSocial \u2013 SST na Constru\u00e7\u00e3o\u201d. O projeto \u00e9 uma iniciativa da Comiss\u00e3o de Pol\u00edtica de Rela\u00e7\u00f5es Trabalhistas (CPRT\/CBIC) e tem como objetivo abordar informa\u00e7\u00f5es, realizar [&hellip;]<\/p>\n","protected":false},"author":3,"featured_media":11857,"comment_status":"closed","ping_status":"closed","sticky":false,"template":"","format":"standard","meta":{"footnotes":""},"categories":[92],"tags":[],"class_list":["post-11861","post","type-post","status-publish","format-standard","has-post-thumbnail","hentry","category-seconci-brasil"],"yoast_head":"<!-- This site is optimized with the Yoast SEO plugin v26.9 - https:\/\/yoast.com\/product\/yoast-seo-wordpress\/ -->\n<title>CBIC promove o evento \u2018eSocial\u2019 na pr\u00f3xima ter\u00e7a-feira - Seconci Brasil<\/title>\n<meta name=\"robots\" content=\"index, follow, max-snippet:-1, max-image-preview:large, max-video-preview:-1\" \/>\n<link rel=\"canonical\" href=\"https:\/\/seconci.com.br\/site\/2022\/06\/13\/cbic-promove-o-evento-esocial-na-proxima-terca-feira\/\" \/>\n<meta property=\"og:locale\" content=\"pt_PT\" \/>\n<meta property=\"og:type\" content=\"article\" \/>\n<meta property=\"og:title\" content=\"CBIC promove o evento \u2018eSocial\u2019 na pr\u00f3xima ter\u00e7a-feira - Seconci Brasil\" \/>\n<meta property=\"og:description\" content=\"A C\u00e2mara Brasileira da Ind\u00fastria da Constru\u00e7\u00e3o (CBIC), em correaliza\u00e7\u00e3o com o Servi\u00e7o Social da Ind\u00fastria (SESI) e apoio do Seconci-Brasil, realizar\u00e1 na pr\u00f3xima ter\u00e7a-feira (14), \u00e0s 10h, o\u00a0evento virtual \u201ceSocial \u2013 SST na Constru\u00e7\u00e3o\u201d. O projeto \u00e9 uma iniciativa da Comiss\u00e3o de Pol\u00edtica de Rela\u00e7\u00f5es Trabalhistas (CPRT\/CBIC) e tem como objetivo abordar informa\u00e7\u00f5es, realizar [&hellip;]\" \/>\n<meta property=\"og:url\" content=\"https:\/\/seconci.com.br\/site\/2022\/06\/13\/cbic-promove-o-evento-esocial-na-proxima-terca-feira\/\" \/>\n<meta property=\"og:site_name\" content=\"Seconci Brasil\" \/>\n<meta property=\"article:published_time\" content=\"2022-06-13T11:41:50+00:00\" \/>\n<meta property=\"og:image\" content=\"https:\/\/seconci.com.br\/site\/wp-content\/uploads\/2022\/06\/e-social-cbic-768x432.jpg\" \/>\n\t<meta property=\"og:image:width\" content=\"768\" \/>\n\t<meta property=\"og:image:height\" content=\"432\" \/>\n\t<meta property=\"og:image:type\" content=\"image\/jpeg\" \/>\n<meta name=\"author\" content=\"Sidney Rocha\" \/>\n<meta name=\"twitter:card\" content=\"summary_large_image\" \/>\n<meta name=\"twitter:label1\" content=\"Escrito por\" \/>\n\t<meta name=\"twitter:data1\" content=\"Sidney Rocha\" \/>\n\t<meta name=\"twitter:label2\" content=\"Tempo estimado de leitura\" \/>\n\t<meta name=\"twitter:data2\" content=\"2 minutos\" \/>\n<script type=\"application\/ld+json\" class=\"yoast-schema-graph\">{\"@context\":\"https:\/\/schema.org\",\"@graph\":[{\"@type\":\"Article\",\"@id\":\"https:\/\/seconci.com.br\/site\/2022\/06\/13\/cbic-promove-o-evento-esocial-na-proxima-terca-feira\/#article\",\"isPartOf\":{\"@id\":\"https:\/\/seconci.com.br\/site\/2022\/06\/13\/cbic-promove-o-evento-esocial-na-proxima-terca-feira\/\"},\"author\":{\"name\":\"Sidney Rocha\",\"@id\":\"https:\/\/seconci.com.br\/site\/#\/schema\/person\/1d79afd97ddc8f2c68c1e88e298aa8e2\"},\"headline\":\"CBIC promove o evento \u2018eSocial\u2019 na pr\u00f3xima ter\u00e7a-feira\",\"datePublished\":\"2022-06-13T11:41:50+00:00\",\"mainEntityOfPage\":{\"@id\":\"https:\/\/seconci.com.br\/site\/2022\/06\/13\/cbic-promove-o-evento-esocial-na-proxima-terca-feira\/\"},\"wordCount\":331,\"publisher\":{\"@id\":\"https:\/\/seconci.com.br\/site\/#organization\"},\"image\":{\"@id\":\"https:\/\/seconci.com.br\/site\/2022\/06\/13\/cbic-promove-o-evento-esocial-na-proxima-terca-feira\/#primaryimage\"},\"thumbnailUrl\":\"https:\/\/seconci.com.br\/site\/wp-content\/uploads\/2022\/06\/e-social-cbic-768x432.jpg\",\"articleSection\":[\"Seconci Brasil\"],\"inLanguage\":\"pt-PT\"},{\"@type\":\"WebPage\",\"@id\":\"https:\/\/seconci.com.br\/site\/2022\/06\/13\/cbic-promove-o-evento-esocial-na-proxima-terca-feira\/\",\"url\":\"https:\/\/seconci.com.br\/site\/2022\/06\/13\/cbic-promove-o-evento-esocial-na-proxima-terca-feira\/\",\"name\":\"CBIC promove o evento \u2018eSocial\u2019 na pr\u00f3xima ter\u00e7a-feira - Seconci Brasil\",\"isPartOf\":{\"@id\":\"https:\/\/seconci.com.br\/site\/#website\"},\"primaryImageOfPage\":{\"@id\":\"https:\/\/seconci.com.br\/site\/2022\/06\/13\/cbic-promove-o-evento-esocial-na-proxima-terca-feira\/#primaryimage\"},\"image\":{\"@id\":\"https:\/\/seconci.com.br\/site\/2022\/06\/13\/cbic-promove-o-evento-esocial-na-proxima-terca-feira\/#primaryimage\"},\"thumbnailUrl\":\"https:\/\/seconci.com.br\/site\/wp-content\/uploads\/2022\/06\/e-social-cbic-768x432.jpg\",\"datePublished\":\"2022-06-13T11:41:50+00:00\",\"breadcrumb\":{\"@id\":\"https:\/\/seconci.com.br\/site\/2022\/06\/13\/cbic-promove-o-evento-esocial-na-proxima-terca-feira\/#breadcrumb\"},\"inLanguage\":\"pt-PT\",\"potentialAction\":[{\"@type\":\"ReadAction\",\"target\":[\"https:\/\/seconci.com.br\/site\/2022\/06\/13\/cbic-promove-o-evento-esocial-na-proxima-terca-feira\/\"]}]},{\"@type\":\"ImageObject\",\"inLanguage\":\"pt-PT\",\"@id\":\"https:\/\/seconci.com.br\/site\/2022\/06\/13\/cbic-promove-o-evento-esocial-na-proxima-terca-feira\/#primaryimage\",\"url\":\"https:\/\/seconci.com.br\/site\/wp-content\/uploads\/2022\/06\/e-social-cbic-768x432.jpg\",\"contentUrl\":\"https:\/\/seconci.com.br\/site\/wp-content\/uploads\/2022\/06\/e-social-cbic-768x432.jpg\",\"width\":768,\"height\":432},{\"@type\":\"BreadcrumbList\",\"@id\":\"https:\/\/seconci.com.br\/site\/2022\/06\/13\/cbic-promove-o-evento-esocial-na-proxima-terca-feira\/#breadcrumb\",\"itemListElement\":[{\"@type\":\"ListItem\",\"position\":1,\"name\":\"In\u00edcio\",\"item\":\"https:\/\/seconci.com.br\/site\/\"},{\"@type\":\"ListItem\",\"position\":2,\"name\":\"CBIC promove o evento \u2018eSocial\u2019 na pr\u00f3xima ter\u00e7a-feira\"}]},{\"@type\":\"WebSite\",\"@id\":\"https:\/\/seconci.com.br\/site\/#website\",\"url\":\"https:\/\/seconci.com.br\/site\/\",\"name\":\"Seconci Brasil\",\"description\":\"\",\"publisher\":{\"@id\":\"https:\/\/seconci.com.br\/site\/#organization\"},\"potentialAction\":[{\"@type\":\"SearchAction\",\"target\":{\"@type\":\"EntryPoint\",\"urlTemplate\":\"https:\/\/seconci.com.br\/site\/?s={search_term_string}\"},\"query-input\":{\"@type\":\"PropertyValueSpecification\",\"valueRequired\":true,\"valueName\":\"search_term_string\"}}],\"inLanguage\":\"pt-PT\"},{\"@type\":\"Organization\",\"@id\":\"https:\/\/seconci.com.br\/site\/#organization\",\"name\":\"Seconci Brasil\",\"url\":\"https:\/\/seconci.com.br\/site\/\",\"logo\":{\"@type\":\"ImageObject\",\"inLanguage\":\"pt-PT\",\"@id\":\"https:\/\/seconci.com.br\/site\/#\/schema\/logo\/image\/\",\"url\":\"https:\/\/seconci.com.br\/site\/wp-content\/uploads\/2024\/08\/Logo-Seconci-Brasil-branca-2.png\",\"contentUrl\":\"https:\/\/seconci.com.br\/site\/wp-content\/uploads\/2024\/08\/Logo-Seconci-Brasil-branca-2.png\",\"width\":1315,\"height\":598,\"caption\":\"Seconci Brasil\"},\"image\":{\"@id\":\"https:\/\/seconci.com.br\/site\/#\/schema\/logo\/image\/\"}},{\"@type\":\"Person\",\"@id\":\"https:\/\/seconci.com.br\/site\/#\/schema\/person\/1d79afd97ddc8f2c68c1e88e298aa8e2\",\"name\":\"Sidney Rocha\",\"description\":\"Comunicador e estagi\u00e1rio do Seconci Brasil.\",\"url\":\"https:\/\/seconci.com.br\/site\/author\/sidney-rocha\/\"}]}<\/script>\n<!-- \/ Yoast SEO plugin. -->","yoast_head_json":{"title":"CBIC promove o evento \u2018eSocial\u2019 na pr\u00f3xima ter\u00e7a-feira - Seconci Brasil","robots":{"index":"index","follow":"follow","max-snippet":"max-snippet:-1","max-image-preview":"max-image-preview:large","max-video-preview":"max-video-preview:-1"},"canonical":"https:\/\/seconci.com.br\/site\/2022\/06\/13\/cbic-promove-o-evento-esocial-na-proxima-terca-feira\/","og_locale":"pt_PT","og_type":"article","og_title":"CBIC promove o evento \u2018eSocial\u2019 na pr\u00f3xima ter\u00e7a-feira - Seconci Brasil","og_description":"A C\u00e2mara Brasileira da Ind\u00fastria da Constru\u00e7\u00e3o (CBIC), em correaliza\u00e7\u00e3o com o Servi\u00e7o Social da Ind\u00fastria (SESI) e apoio do Seconci-Brasil, realizar\u00e1 na pr\u00f3xima ter\u00e7a-feira (14), \u00e0s 10h, o\u00a0evento virtual \u201ceSocial \u2013 SST na Constru\u00e7\u00e3o\u201d. O projeto \u00e9 uma iniciativa da Comiss\u00e3o de Pol\u00edtica de Rela\u00e7\u00f5es Trabalhistas (CPRT\/CBIC) e tem como objetivo abordar informa\u00e7\u00f5es, realizar [&hellip;]","og_url":"https:\/\/seconci.com.br\/site\/2022\/06\/13\/cbic-promove-o-evento-esocial-na-proxima-terca-feira\/","og_site_name":"Seconci Brasil","article_published_time":"2022-06-13T11:41:50+00:00","og_image":[{"width":768,"height":432,"url":"https:\/\/seconci.com.br\/site\/wp-content\/uploads\/2022\/06\/e-social-cbic-768x432.jpg","type":"image\/jpeg"}],"author":"Sidney Rocha","twitter_card":"summary_large_image","twitter_misc":{"Escrito por":"Sidney Rocha","Tempo estimado de leitura":"2 minutos"},"schema":{"@context":"https:\/\/schema.org","@graph":[{"@type":"Article","@id":"https:\/\/seconci.com.br\/site\/2022\/06\/13\/cbic-promove-o-evento-esocial-na-proxima-terca-feira\/#article","isPartOf":{"@id":"https:\/\/seconci.com.br\/site\/2022\/06\/13\/cbic-promove-o-evento-esocial-na-proxima-terca-feira\/"},"author":{"name":"Sidney Rocha","@id":"https:\/\/seconci.com.br\/site\/#\/schema\/person\/1d79afd97ddc8f2c68c1e88e298aa8e2"},"headline":"CBIC promove o evento \u2018eSocial\u2019 na pr\u00f3xima ter\u00e7a-feira","datePublished":"2022-06-13T11:41:50+00:00","mainEntityOfPage":{"@id":"https:\/\/seconci.com.br\/site\/2022\/06\/13\/cbic-promove-o-evento-esocial-na-proxima-terca-feira\/"},"wordCount":331,"publisher":{"@id":"https:\/\/seconci.com.br\/site\/#organization"},"image":{"@id":"https:\/\/seconci.com.br\/site\/2022\/06\/13\/cbic-promove-o-evento-esocial-na-proxima-terca-feira\/#primaryimage"},"thumbnailUrl":"https:\/\/seconci.com.br\/site\/wp-content\/uploads\/2022\/06\/e-social-cbic-768x432.jpg","articleSection":["Seconci Brasil"],"inLanguage":"pt-PT"},{"@type":"WebPage","@id":"https:\/\/seconci.com.br\/site\/2022\/06\/13\/cbic-promove-o-evento-esocial-na-proxima-terca-feira\/","url":"https:\/\/seconci.com.br\/site\/2022\/06\/13\/cbic-promove-o-evento-esocial-na-proxima-terca-feira\/","name":"CBIC promove o evento \u2018eSocial\u2019 na pr\u00f3xima ter\u00e7a-feira - Seconci Brasil","isPartOf":{"@id":"https:\/\/seconci.com.br\/site\/#website"},"primaryImageOfPage":{"@id":"https:\/\/seconci.com.br\/site\/2022\/06\/13\/cbic-promove-o-evento-esocial-na-proxima-terca-feira\/#primaryimage"},"image":{"@id":"https:\/\/seconci.com.br\/site\/2022\/06\/13\/cbic-promove-o-evento-esocial-na-proxima-terca-feira\/#primaryimage"},"thumbnailUrl":"https:\/\/seconci.com.br\/site\/wp-content\/uploads\/2022\/06\/e-social-cbic-768x432.jpg","datePublished":"2022-06-13T11:41:50+00:00","breadcrumb":{"@id":"https:\/\/seconci.com.br\/site\/2022\/06\/13\/cbic-promove-o-evento-esocial-na-proxima-terca-feira\/#breadcrumb"},"inLanguage":"pt-PT","potentialAction":[{"@type":"ReadAction","target":["https:\/\/seconci.com.br\/site\/2022\/06\/13\/cbic-promove-o-evento-esocial-na-proxima-terca-feira\/"]}]},{"@type":"ImageObject","inLanguage":"pt-PT","@id":"https:\/\/seconci.com.br\/site\/2022\/06\/13\/cbic-promove-o-evento-esocial-na-proxima-terca-feira\/#primaryimage","url":"https:\/\/seconci.com.br\/site\/wp-content\/uploads\/2022\/06\/e-social-cbic-768x432.jpg","contentUrl":"https:\/\/seconci.com.br\/site\/wp-content\/uploads\/2022\/06\/e-social-cbic-768x432.jpg","width":768,"height":432},{"@type":"BreadcrumbList","@id":"https:\/\/seconci.com.br\/site\/2022\/06\/13\/cbic-promove-o-evento-esocial-na-proxima-terca-feira\/#breadcrumb","itemListElement":[{"@type":"ListItem","position":1,"name":"In\u00edcio","item":"https:\/\/seconci.com.br\/site\/"},{"@type":"ListItem","position":2,"name":"CBIC promove o evento \u2018eSocial\u2019 na pr\u00f3xima ter\u00e7a-feira"}]},{"@type":"WebSite","@id":"https:\/\/seconci.com.br\/site\/#website","url":"https:\/\/seconci.com.br\/site\/","name":"Seconci Brasil","description":"","publisher":{"@id":"https:\/\/seconci.com.br\/site\/#organization"},"potentialAction":[{"@type":"SearchAction","target":{"@type":"EntryPoint","urlTemplate":"https:\/\/seconci.com.br\/site\/?s={search_term_string}"},"query-input":{"@type":"PropertyValueSpecification","valueRequired":true,"valueName":"search_term_string"}}],"inLanguage":"pt-PT"},{"@type":"Organization","@id":"https:\/\/seconci.com.br\/site\/#organization","name":"Seconci Brasil","url":"https:\/\/seconci.com.br\/site\/","logo":{"@type":"ImageObject","inLanguage":"pt-PT","@id":"https:\/\/seconci.com.br\/site\/#\/schema\/logo\/image\/","url":"https:\/\/seconci.com.br\/site\/wp-content\/uploads\/2024\/08\/Logo-Seconci-Brasil-branca-2.png","contentUrl":"https:\/\/seconci.com.br\/site\/wp-content\/uploads\/2024\/08\/Logo-Seconci-Brasil-branca-2.png","width":1315,"height":598,"caption":"Seconci Brasil"},"image":{"@id":"https:\/\/seconci.com.br\/site\/#\/schema\/logo\/image\/"}},{"@type":"Person","@id":"https:\/\/seconci.com.br\/site\/#\/schema\/person\/1d79afd97ddc8f2c68c1e88e298aa8e2","name":"Sidney Rocha","description":"Comunicador e estagi\u00e1rio do Seconci Brasil.","url":"https:\/\/seconci.com.br\/site\/author\/sidney-rocha\/"}]}},"_links":{"self":[{"href":"https:\/\/seconci.com.br\/site\/wp-json\/wp\/v2\/posts\/11861","targetHints":{"allow":["GET"]}}],"collection":[{"href":"https:\/\/seconci.com.br\/site\/wp-json\/wp\/v2\/posts"}],"about":[{"href":"https:\/\/seconci.com.br\/site\/wp-json\/wp\/v2\/types\/post"}],"author":[{"embeddable":true,"href":"https:\/\/seconci.com.br\/site\/wp-json\/wp\/v2\/users\/3"}],"replies":[{"embeddable":true,"href":"https:\/\/seconci.com.br\/site\/wp-json\/wp\/v2\/comments?post=11861"}],"version-history":[{"count":0,"href":"https:\/\/seconci.com.br\/site\/wp-json\/wp\/v2\/posts\/11861\/revisions"}],"wp:featuredmedia":[{"embeddable":true,"href":"https:\/\/seconci.com.br\/site\/wp-json\/wp\/v2\/media\/11857"}],"wp:attachment":[{"href":"https:\/\/seconci.com.br\/site\/wp-json\/wp\/v2\/media?parent=11861"}],"wp:term":[{"taxonomy":"category","embeddable":true,"href":"https:\/\/seconci.com.br\/site\/wp-json\/wp\/v2\/categories?post=11861"},{"taxonomy":"post_tag","embeddable":true,"href":"https:\/\/seconci.com.br\/site\/wp-json\/wp\/v2\/tags?post=11861"}],"curies":[{"name":"wp","href":"https:\/\/api.w.org\/{rel}","templated":true}]}}