{"id":11863,"date":"2022-06-15T18:09:09","date_gmt":"2022-06-15T18:09:09","guid":{"rendered":"https:\/\/seconci.com.br\/site\/?p=11863"},"modified":"2022-06-15T18:09:09","modified_gmt":"2022-06-15T18:09:09","slug":"evento-esocial-sst-na-construcao-faz-esclarecimentos-sobre-o-sistema","status":"publish","type":"post","link":"https:\/\/seconci.com.br\/site\/2022\/06\/15\/evento-esocial-sst-na-construcao-faz-esclarecimentos-sobre-o-sistema\/","title":{"rendered":"Evento \u201ceSocial-SST na Constru\u00e7\u00e3o\u201d faz esclarecimentos sobre o sistema"},"content":{"rendered":"<p>A Comiss\u00e3o de Pol\u00edtica de Rela\u00e7\u00f5es Trabalhistas (CPRT) da C\u00e2mara Brasileira da Ind\u00fastria da Constru\u00e7\u00e3o (CBIC), em correaliza\u00e7\u00e3o com o Servi\u00e7o Social da Ind\u00fastria (SESI) e apoio especial do Seconci-Brasil, realizou nesta ter\u00e7a-feira (14) o evento\u00a0<b>\u201ceSocial \u2013 SST na Constru\u00e7\u00e3o\u201d.<\/b><\/p>\n<p>O evento visava abordar informa\u00e7\u00f5es, trazer atualiza\u00e7\u00f5es e esclarecimentos\u00a0 a respeito do sistema eSocial, em especial voltado ao tema da Sa\u00fade e Seguran\u00e7a no Trabalho (SST). O sistema eSocial \u00e9 uma plataforma online do governo, para coleta de informa\u00e7\u00f5es trabalhistas, previdenci\u00e1rias e tribut\u00e1rias.<\/p>\n<p>Para o presidente da CPRT, Fernando Guedes, o eSocial \u00e9 um tema importante e\u00a0 amplamente debatido pelas empresas. \u201cO eSocial j\u00e1 \u00e9 discutido a bastante tempo entre as empresas, n\u00e3o s\u00f3 no setor da constru\u00e7\u00e3o. \u00c9 muito importante o esclarecimento de d\u00favidas a respeito do tema. Sabendo disso, a CPRT\/CBIC junto com o SESI e Seconci-Brasil realizam esse evento para que a gente pudesse debater e conversar um pouco sobre o tema eSocial na ind\u00fastria da constru\u00e7\u00e3o e sobre as nossas particularidades\u201d, disse.<\/p>\n<p>Durante o evento, o coordenador geral de Benef\u00edcios de Risco e Reabilita\u00e7\u00e3o Profissional\u00a0 na Secretaria de Previd\u00eancia do Minist\u00e9rio do Trabalho e Previd\u00eancia, Orion S\u00e1vio Santos de Oliveira, falou sobre o registro de informa\u00e7\u00f5es de SST na era digital e apresentou os diversos modelos de neg\u00f3cios, seu funcionamento e a sistem\u00e1tica das procura\u00e7\u00f5es.<\/p>\n<p>Orion parabenizou o setor da constru\u00e7\u00e3o civil, que sempre foi um alto demandante de eventos relacionados ao eSocial, o que, segundo ele, demonstra o grande interesse em levar esse conhecimento aos associados.\u00a0 \u201cEu parabenizo o setor da constru\u00e7\u00e3o civil porque sempre teve interesse no projeto, desde o in\u00edcio. De fato, \u00e9 um projeto que estamos trabalhando desde 2013, mas que agora estamos fazendo acontecer, e as obriga\u00e7\u00f5es est\u00e3o come\u00e7ando a ser substitu\u00eddas\u201d, apontou.<\/p>\n<p>A obrigatoriedade das empresas em registrarem SST foi o destaque dado pelo convidado. O coordenador explicou ainda que as notifica\u00e7\u00f5es de acidente de trabalho tem sido feitas, em grande parte, pelos escrit\u00f3rios de contabilidade. E indicou que para as empresas que optam por essa terceiriza\u00e7\u00e3o, deve ser feita uma procura\u00e7\u00e3o, autorizando e destinando o respons\u00e1vel por esse servi\u00e7o.<\/p>\n<p>Outro ponto tratado foi sobre os eventos (conjunto de informa\u00e7\u00f5es que comp\u00f5e um arquivo dentro do sistema) de SST. Foram destacados os que tratam de reconhecimento, fatores de risco e monitoramento da sa\u00fade do trabalhador, al\u00e9m da comunica\u00e7\u00e3o de acidentes de trabalho no sistema.\u00a0<b><\/b><\/p>\n<p>&nbsp;<\/p>\n<ul>\n<li><b>S-2220 \u2013 monitoramento de sa\u00fade do trabalhador<\/b><\/li>\n<\/ul>\n<ul>\n<li><b>S-2240 \u2013 Condi\u00e7\u00f5es Ambientais do Trabalho \u2013 Agentes Nocivos<\/b><\/li>\n<\/ul>\n<ul>\n<li><b>S-2210 \u2013 Comunica\u00e7\u00e3o de Acidente de Trabalho.\u00a0<\/b><\/li>\n<\/ul>\n<p>Ainda de acordo com Orion, esses pontos s\u00e3o \u201cn\u00e3o peri\u00f3dicos\u201d, ou seja, devem ser enviados de acordo com a necessidade, e n\u00e3o mensalmente. Para ele, com o sistema, houve uma facilita\u00e7\u00e3o e uniformiza\u00e7\u00e3o, al\u00e9m de um maior controle das informa\u00e7\u00f5es realizadas pelas empresas.\u201dOutra coisa que eu considero um ganho, mesmo que indireto, \u00e9 tornar o Comunicado de Acidente de Trabalho (CAT) um documento exclusivamente eletr\u00f4nico. Desde junho de 2021, tudo tem que ser produzido eletronicamente\u201d, disse.<\/p>\n<p>J\u00e1 a gerente de Seguran\u00e7a do Trabalho do Servi\u00e7o Social da Ind\u00fastria da Constru\u00e7\u00e3o Civil\u00a0de Minas Gerais (Seconci-MG), Andreia Kaucher Darmstadte, ratificou a import\u00e2ncia do sistema para as empresas. \u201cEu acho que o mais importante \u00e9 que a gente lembre que ele n\u00e3o traz nenhuma novidade, nenhuma exig\u00eancia nova. Ele \u00e9 um sistema de escritura\u00e7\u00e3o digital e tem uma maneira mais r\u00e1pida, uma reorganiza\u00e7\u00e3o de toda a documenta\u00e7\u00e3o que a gente j\u00e1 tinha a obrigatoriedade de ter em uma empresa\u201d, destacou.<\/p>\n<p>Para ela, \u00e9 preciso romper essa \u201cmania\u201d de achar que a seguran\u00e7a no trabalho \u00e9 uma coisa que n\u00e3o faz parte da empresa. \u201cSST \u00e9 importante para o capital da empresa, para o poder dessa empresa. O que est\u00e1 mudando \u00e9 apenas a maneira de estruturar isso\u201d, explicou.<\/p>\n<p>O \u00faltimo tema apontado durante o evento, foi sobre os aspectos m\u00e9dicos no dia a dia da empresa que refletem no eSocial. De acordo com Giancarlo Brand\u00e3o, gerente m\u00e9dico executivo do Servi\u00e7o Social da Ind\u00fastria da Constru\u00e7\u00e3o Civil\u00a0de S\u00e3o Paulo (Seconci-SP), o atual panorama, com as mudan\u00e7as das normas regulamentadoras, trouxe a sa\u00fade e seguran\u00e7a do trabalho para um outro patamar. \u201cAntigamente os documentos eram considerados documentos de gaveta e agora esses documentos passaram a ser documentos de gest\u00e3o\u201d, explicou. Ele apontou ainda a relev\u00e2ncia da contribui\u00e7\u00e3o do eSocial. \u201cAgora o sistema est\u00e1 com uma vis\u00e3o muito mais macro, com rela\u00e7\u00e3o \u00e0s documenta\u00e7\u00f5es, e isso faz com que as empresas tamb\u00e9m tenham essa vis\u00e3o mais macro\u201d, apontou.<\/p>\n<p>O moderador do evento, o Vice-presidente do Sinduscon-SP, Haruo Ishikawa, refor\u00e7ou que hoje existe uma cultura que tem que ser mudada, porque a digitaliza\u00e7\u00e3o dos processos j\u00e1 \u00e9 uma realidade e tamb\u00e9m parabenizou o setor da constru\u00e7\u00e3o.<\/p>\n<p>\u201cO setor da constru\u00e7\u00e3o civil est\u00e1 de parab\u00e9ns por ter uma entidade muito grande como o Seconci em v\u00e1rios estados do Brasil colaborando com o setor, e o pr\u00f3prio Sesi, presente em diversos locais onde n\u00e3o existe o Seconci. Todos t\u00eam feito um trabalho magn\u00edfico na \u00e1rea de sa\u00fade e seguran\u00e7a do trabalhador\u201d, disse.<\/p>\n<p>Caso voc\u00ea tenha perdido esse importante tema,<a href=\"https:\/\/www.youtube.com\/watch?v=BKIaR_Ac-L8\"><br \/>\nclique aqui<\/a>\u00a0e assista o evento na \u00edntegra!<\/p>\n<p>O tema tem interface com o projeto\u00a0<i>\u00a0<\/i><b><i>\u201cRealiza\u00e7\u00e3o\/Participa\u00e7\u00e3o de\/em Eventos Tem\u00e1ticos de RT\/SST\u201d<\/i><\/b><i>,\u00a0<\/i>da Comiss\u00e3o de Pol\u00edticas e Rela\u00e7\u00f5es Trabalhistas (CPRT) da CBIC, com a correaliza\u00e7\u00e3o do Servi\u00e7o Social da Ind\u00fastria (Sesi).<\/p>\n<p><em>Fonte: Ag\u00eancia CBIC<\/em><\/p>\n","protected":false},"excerpt":{"rendered":"<p>A Comiss\u00e3o de Pol\u00edtica de Rela\u00e7\u00f5es Trabalhistas (CPRT) da C\u00e2mara Brasileira da Ind\u00fastria da Constru\u00e7\u00e3o (CBIC), em correaliza\u00e7\u00e3o com o Servi\u00e7o Social da Ind\u00fastria (SESI) e apoio especial do Seconci-Brasil, realizou nesta ter\u00e7a-feira (14) o evento\u00a0\u201ceSocial \u2013 SST na Constru\u00e7\u00e3o\u201d. O evento visava abordar informa\u00e7\u00f5es, trazer atualiza\u00e7\u00f5es e esclarecimentos\u00a0 a respeito do sistema eSocial, em [&hellip;]<\/p>\n","protected":false},"author":3,"featured_media":11864,"comment_status":"closed","ping_status":"closed","sticky":false,"template":"","format":"standard","meta":{"footnotes":""},"categories":[92],"tags":[],"class_list":["post-11863","post","type-post","status-publish","format-standard","has-post-thumbnail","hentry","category-seconci-brasil"],"yoast_head":"<!-- This site is optimized with the Yoast SEO plugin v26.9 - https:\/\/yoast.com\/product\/yoast-seo-wordpress\/ -->\n<title>Evento \u201ceSocial-SST na Constru\u00e7\u00e3o\u201d faz esclarecimentos sobre o sistema - Seconci Brasil<\/title>\n<meta name=\"robots\" content=\"index, follow, max-snippet:-1, max-image-preview:large, max-video-preview:-1\" \/>\n<link rel=\"canonical\" href=\"https:\/\/seconci.com.br\/site\/2022\/06\/15\/evento-esocial-sst-na-construcao-faz-esclarecimentos-sobre-o-sistema\/\" \/>\n<meta property=\"og:locale\" content=\"pt_PT\" \/>\n<meta property=\"og:type\" content=\"article\" \/>\n<meta property=\"og:title\" content=\"Evento \u201ceSocial-SST na Constru\u00e7\u00e3o\u201d faz esclarecimentos sobre o sistema - Seconci Brasil\" \/>\n<meta property=\"og:description\" content=\"A Comiss\u00e3o de Pol\u00edtica de Rela\u00e7\u00f5es Trabalhistas (CPRT) da C\u00e2mara Brasileira da Ind\u00fastria da Constru\u00e7\u00e3o (CBIC), em correaliza\u00e7\u00e3o com o Servi\u00e7o Social da Ind\u00fastria (SESI) e apoio especial do Seconci-Brasil, realizou nesta ter\u00e7a-feira (14) o evento\u00a0\u201ceSocial \u2013 SST na Constru\u00e7\u00e3o\u201d. O evento visava abordar informa\u00e7\u00f5es, trazer atualiza\u00e7\u00f5es e esclarecimentos\u00a0 a respeito do sistema eSocial, em [&hellip;]\" \/>\n<meta property=\"og:url\" content=\"https:\/\/seconci.com.br\/site\/2022\/06\/15\/evento-esocial-sst-na-construcao-faz-esclarecimentos-sobre-o-sistema\/\" \/>\n<meta property=\"og:site_name\" content=\"Seconci Brasil\" \/>\n<meta property=\"article:published_time\" content=\"2022-06-15T18:09:09+00:00\" \/>\n<meta property=\"og:image\" content=\"https:\/\/seconci.com.br\/site\/wp-content\/uploads\/2022\/06\/captura-de-tela-2022-06-14-as-111548-1024x556.png\" \/>\n\t<meta property=\"og:image:width\" content=\"1024\" \/>\n\t<meta property=\"og:image:height\" content=\"556\" \/>\n\t<meta property=\"og:image:type\" content=\"image\/png\" \/>\n<meta name=\"author\" content=\"Sidney Rocha\" \/>\n<meta name=\"twitter:card\" content=\"summary_large_image\" \/>\n<meta name=\"twitter:label1\" content=\"Escrito por\" \/>\n\t<meta name=\"twitter:data1\" content=\"Sidney Rocha\" \/>\n\t<meta name=\"twitter:label2\" content=\"Tempo estimado de leitura\" \/>\n\t<meta name=\"twitter:data2\" content=\"5 minutos\" \/>\n<script type=\"application\/ld+json\" class=\"yoast-schema-graph\">{\"@context\":\"https:\/\/schema.org\",\"@graph\":[{\"@type\":\"Article\",\"@id\":\"https:\/\/seconci.com.br\/site\/2022\/06\/15\/evento-esocial-sst-na-construcao-faz-esclarecimentos-sobre-o-sistema\/#article\",\"isPartOf\":{\"@id\":\"https:\/\/seconci.com.br\/site\/2022\/06\/15\/evento-esocial-sst-na-construcao-faz-esclarecimentos-sobre-o-sistema\/\"},\"author\":{\"name\":\"Sidney Rocha\",\"@id\":\"https:\/\/seconci.com.br\/site\/#\/schema\/person\/1d79afd97ddc8f2c68c1e88e298aa8e2\"},\"headline\":\"Evento \u201ceSocial-SST na Constru\u00e7\u00e3o\u201d faz esclarecimentos sobre o sistema\",\"datePublished\":\"2022-06-15T18:09:09+00:00\",\"mainEntityOfPage\":{\"@id\":\"https:\/\/seconci.com.br\/site\/2022\/06\/15\/evento-esocial-sst-na-construcao-faz-esclarecimentos-sobre-o-sistema\/\"},\"wordCount\":995,\"publisher\":{\"@id\":\"https:\/\/seconci.com.br\/site\/#organization\"},\"image\":{\"@id\":\"https:\/\/seconci.com.br\/site\/2022\/06\/15\/evento-esocial-sst-na-construcao-faz-esclarecimentos-sobre-o-sistema\/#primaryimage\"},\"thumbnailUrl\":\"https:\/\/seconci.com.br\/site\/wp-content\/uploads\/2022\/06\/captura-de-tela-2022-06-14-as-111548.png\",\"articleSection\":[\"Seconci Brasil\"],\"inLanguage\":\"pt-PT\"},{\"@type\":\"WebPage\",\"@id\":\"https:\/\/seconci.com.br\/site\/2022\/06\/15\/evento-esocial-sst-na-construcao-faz-esclarecimentos-sobre-o-sistema\/\",\"url\":\"https:\/\/seconci.com.br\/site\/2022\/06\/15\/evento-esocial-sst-na-construcao-faz-esclarecimentos-sobre-o-sistema\/\",\"name\":\"Evento \u201ceSocial-SST na Constru\u00e7\u00e3o\u201d faz esclarecimentos sobre o sistema - Seconci Brasil\",\"isPartOf\":{\"@id\":\"https:\/\/seconci.com.br\/site\/#website\"},\"primaryImageOfPage\":{\"@id\":\"https:\/\/seconci.com.br\/site\/2022\/06\/15\/evento-esocial-sst-na-construcao-faz-esclarecimentos-sobre-o-sistema\/#primaryimage\"},\"image\":{\"@id\":\"https:\/\/seconci.com.br\/site\/2022\/06\/15\/evento-esocial-sst-na-construcao-faz-esclarecimentos-sobre-o-sistema\/#primaryimage\"},\"thumbnailUrl\":\"https:\/\/seconci.com.br\/site\/wp-content\/uploads\/2022\/06\/captura-de-tela-2022-06-14-as-111548.png\",\"datePublished\":\"2022-06-15T18:09:09+00:00\",\"breadcrumb\":{\"@id\":\"https:\/\/seconci.com.br\/site\/2022\/06\/15\/evento-esocial-sst-na-construcao-faz-esclarecimentos-sobre-o-sistema\/#breadcrumb\"},\"inLanguage\":\"pt-PT\",\"potentialAction\":[{\"@type\":\"ReadAction\",\"target\":[\"https:\/\/seconci.com.br\/site\/2022\/06\/15\/evento-esocial-sst-na-construcao-faz-esclarecimentos-sobre-o-sistema\/\"]}]},{\"@type\":\"ImageObject\",\"inLanguage\":\"pt-PT\",\"@id\":\"https:\/\/seconci.com.br\/site\/2022\/06\/15\/evento-esocial-sst-na-construcao-faz-esclarecimentos-sobre-o-sistema\/#primaryimage\",\"url\":\"https:\/\/seconci.com.br\/site\/wp-content\/uploads\/2022\/06\/captura-de-tela-2022-06-14-as-111548.png\",\"contentUrl\":\"https:\/\/seconci.com.br\/site\/wp-content\/uploads\/2022\/06\/captura-de-tela-2022-06-14-as-111548.png\",\"width\":2872,\"height\":1560},{\"@type\":\"BreadcrumbList\",\"@id\":\"https:\/\/seconci.com.br\/site\/2022\/06\/15\/evento-esocial-sst-na-construcao-faz-esclarecimentos-sobre-o-sistema\/#breadcrumb\",\"itemListElement\":[{\"@type\":\"ListItem\",\"position\":1,\"name\":\"In\u00edcio\",\"item\":\"https:\/\/seconci.com.br\/site\/\"},{\"@type\":\"ListItem\",\"position\":2,\"name\":\"Evento \u201ceSocial-SST na Constru\u00e7\u00e3o\u201d faz esclarecimentos sobre o sistema\"}]},{\"@type\":\"WebSite\",\"@id\":\"https:\/\/seconci.com.br\/site\/#website\",\"url\":\"https:\/\/seconci.com.br\/site\/\",\"name\":\"Seconci Brasil\",\"description\":\"\",\"publisher\":{\"@id\":\"https:\/\/seconci.com.br\/site\/#organization\"},\"potentialAction\":[{\"@type\":\"SearchAction\",\"target\":{\"@type\":\"EntryPoint\",\"urlTemplate\":\"https:\/\/seconci.com.br\/site\/?s={search_term_string}\"},\"query-input\":{\"@type\":\"PropertyValueSpecification\",\"valueRequired\":true,\"valueName\":\"search_term_string\"}}],\"inLanguage\":\"pt-PT\"},{\"@type\":\"Organization\",\"@id\":\"https:\/\/seconci.com.br\/site\/#organization\",\"name\":\"Seconci Brasil\",\"url\":\"https:\/\/seconci.com.br\/site\/\",\"logo\":{\"@type\":\"ImageObject\",\"inLanguage\":\"pt-PT\",\"@id\":\"https:\/\/seconci.com.br\/site\/#\/schema\/logo\/image\/\",\"url\":\"https:\/\/seconci.com.br\/site\/wp-content\/uploads\/2024\/08\/Logo-Seconci-Brasil-branca-2.png\",\"contentUrl\":\"https:\/\/seconci.com.br\/site\/wp-content\/uploads\/2024\/08\/Logo-Seconci-Brasil-branca-2.png\",\"width\":1315,\"height\":598,\"caption\":\"Seconci Brasil\"},\"image\":{\"@id\":\"https:\/\/seconci.com.br\/site\/#\/schema\/logo\/image\/\"}},{\"@type\":\"Person\",\"@id\":\"https:\/\/seconci.com.br\/site\/#\/schema\/person\/1d79afd97ddc8f2c68c1e88e298aa8e2\",\"name\":\"Sidney Rocha\",\"description\":\"Comunicador e estagi\u00e1rio do Seconci Brasil.\",\"url\":\"https:\/\/seconci.com.br\/site\/author\/sidney-rocha\/\"}]}<\/script>\n<!-- \/ Yoast SEO plugin. -->","yoast_head_json":{"title":"Evento \u201ceSocial-SST na Constru\u00e7\u00e3o\u201d faz esclarecimentos sobre o sistema - Seconci Brasil","robots":{"index":"index","follow":"follow","max-snippet":"max-snippet:-1","max-image-preview":"max-image-preview:large","max-video-preview":"max-video-preview:-1"},"canonical":"https:\/\/seconci.com.br\/site\/2022\/06\/15\/evento-esocial-sst-na-construcao-faz-esclarecimentos-sobre-o-sistema\/","og_locale":"pt_PT","og_type":"article","og_title":"Evento \u201ceSocial-SST na Constru\u00e7\u00e3o\u201d faz esclarecimentos sobre o sistema - Seconci Brasil","og_description":"A Comiss\u00e3o de Pol\u00edtica de Rela\u00e7\u00f5es Trabalhistas (CPRT) da C\u00e2mara Brasileira da Ind\u00fastria da Constru\u00e7\u00e3o (CBIC), em correaliza\u00e7\u00e3o com o Servi\u00e7o Social da Ind\u00fastria (SESI) e apoio especial do Seconci-Brasil, realizou nesta ter\u00e7a-feira (14) o evento\u00a0\u201ceSocial \u2013 SST na Constru\u00e7\u00e3o\u201d. O evento visava abordar informa\u00e7\u00f5es, trazer atualiza\u00e7\u00f5es e esclarecimentos\u00a0 a respeito do sistema eSocial, em [&hellip;]","og_url":"https:\/\/seconci.com.br\/site\/2022\/06\/15\/evento-esocial-sst-na-construcao-faz-esclarecimentos-sobre-o-sistema\/","og_site_name":"Seconci Brasil","article_published_time":"2022-06-15T18:09:09+00:00","og_image":[{"width":1024,"height":556,"url":"https:\/\/seconci.com.br\/site\/wp-content\/uploads\/2022\/06\/captura-de-tela-2022-06-14-as-111548-1024x556.png","type":"image\/png"}],"author":"Sidney Rocha","twitter_card":"summary_large_image","twitter_misc":{"Escrito por":"Sidney Rocha","Tempo estimado de leitura":"5 minutos"},"schema":{"@context":"https:\/\/schema.org","@graph":[{"@type":"Article","@id":"https:\/\/seconci.com.br\/site\/2022\/06\/15\/evento-esocial-sst-na-construcao-faz-esclarecimentos-sobre-o-sistema\/#article","isPartOf":{"@id":"https:\/\/seconci.com.br\/site\/2022\/06\/15\/evento-esocial-sst-na-construcao-faz-esclarecimentos-sobre-o-sistema\/"},"author":{"name":"Sidney Rocha","@id":"https:\/\/seconci.com.br\/site\/#\/schema\/person\/1d79afd97ddc8f2c68c1e88e298aa8e2"},"headline":"Evento \u201ceSocial-SST na Constru\u00e7\u00e3o\u201d faz esclarecimentos sobre o sistema","datePublished":"2022-06-15T18:09:09+00:00","mainEntityOfPage":{"@id":"https:\/\/seconci.com.br\/site\/2022\/06\/15\/evento-esocial-sst-na-construcao-faz-esclarecimentos-sobre-o-sistema\/"},"wordCount":995,"publisher":{"@id":"https:\/\/seconci.com.br\/site\/#organization"},"image":{"@id":"https:\/\/seconci.com.br\/site\/2022\/06\/15\/evento-esocial-sst-na-construcao-faz-esclarecimentos-sobre-o-sistema\/#primaryimage"},"thumbnailUrl":"https:\/\/seconci.com.br\/site\/wp-content\/uploads\/2022\/06\/captura-de-tela-2022-06-14-as-111548.png","articleSection":["Seconci Brasil"],"inLanguage":"pt-PT"},{"@type":"WebPage","@id":"https:\/\/seconci.com.br\/site\/2022\/06\/15\/evento-esocial-sst-na-construcao-faz-esclarecimentos-sobre-o-sistema\/","url":"https:\/\/seconci.com.br\/site\/2022\/06\/15\/evento-esocial-sst-na-construcao-faz-esclarecimentos-sobre-o-sistema\/","name":"Evento \u201ceSocial-SST na Constru\u00e7\u00e3o\u201d faz esclarecimentos sobre o sistema - Seconci Brasil","isPartOf":{"@id":"https:\/\/seconci.com.br\/site\/#website"},"primaryImageOfPage":{"@id":"https:\/\/seconci.com.br\/site\/2022\/06\/15\/evento-esocial-sst-na-construcao-faz-esclarecimentos-sobre-o-sistema\/#primaryimage"},"image":{"@id":"https:\/\/seconci.com.br\/site\/2022\/06\/15\/evento-esocial-sst-na-construcao-faz-esclarecimentos-sobre-o-sistema\/#primaryimage"},"thumbnailUrl":"https:\/\/seconci.com.br\/site\/wp-content\/uploads\/2022\/06\/captura-de-tela-2022-06-14-as-111548.png","datePublished":"2022-06-15T18:09:09+00:00","breadcrumb":{"@id":"https:\/\/seconci.com.br\/site\/2022\/06\/15\/evento-esocial-sst-na-construcao-faz-esclarecimentos-sobre-o-sistema\/#breadcrumb"},"inLanguage":"pt-PT","potentialAction":[{"@type":"ReadAction","target":["https:\/\/seconci.com.br\/site\/2022\/06\/15\/evento-esocial-sst-na-construcao-faz-esclarecimentos-sobre-o-sistema\/"]}]},{"@type":"ImageObject","inLanguage":"pt-PT","@id":"https:\/\/seconci.com.br\/site\/2022\/06\/15\/evento-esocial-sst-na-construcao-faz-esclarecimentos-sobre-o-sistema\/#primaryimage","url":"https:\/\/seconci.com.br\/site\/wp-content\/uploads\/2022\/06\/captura-de-tela-2022-06-14-as-111548.png","contentUrl":"https:\/\/seconci.com.br\/site\/wp-content\/uploads\/2022\/06\/captura-de-tela-2022-06-14-as-111548.png","width":2872,"height":1560},{"@type":"BreadcrumbList","@id":"https:\/\/seconci.com.br\/site\/2022\/06\/15\/evento-esocial-sst-na-construcao-faz-esclarecimentos-sobre-o-sistema\/#breadcrumb","itemListElement":[{"@type":"ListItem","position":1,"name":"In\u00edcio","item":"https:\/\/seconci.com.br\/site\/"},{"@type":"ListItem","position":2,"name":"Evento \u201ceSocial-SST na Constru\u00e7\u00e3o\u201d faz esclarecimentos sobre o sistema"}]},{"@type":"WebSite","@id":"https:\/\/seconci.com.br\/site\/#website","url":"https:\/\/seconci.com.br\/site\/","name":"Seconci Brasil","description":"","publisher":{"@id":"https:\/\/seconci.com.br\/site\/#organization"},"potentialAction":[{"@type":"SearchAction","target":{"@type":"EntryPoint","urlTemplate":"https:\/\/seconci.com.br\/site\/?s={search_term_string}"},"query-input":{"@type":"PropertyValueSpecification","valueRequired":true,"valueName":"search_term_string"}}],"inLanguage":"pt-PT"},{"@type":"Organization","@id":"https:\/\/seconci.com.br\/site\/#organization","name":"Seconci Brasil","url":"https:\/\/seconci.com.br\/site\/","logo":{"@type":"ImageObject","inLanguage":"pt-PT","@id":"https:\/\/seconci.com.br\/site\/#\/schema\/logo\/image\/","url":"https:\/\/seconci.com.br\/site\/wp-content\/uploads\/2024\/08\/Logo-Seconci-Brasil-branca-2.png","contentUrl":"https:\/\/seconci.com.br\/site\/wp-content\/uploads\/2024\/08\/Logo-Seconci-Brasil-branca-2.png","width":1315,"height":598,"caption":"Seconci Brasil"},"image":{"@id":"https:\/\/seconci.com.br\/site\/#\/schema\/logo\/image\/"}},{"@type":"Person","@id":"https:\/\/seconci.com.br\/site\/#\/schema\/person\/1d79afd97ddc8f2c68c1e88e298aa8e2","name":"Sidney Rocha","description":"Comunicador e estagi\u00e1rio do Seconci Brasil.","url":"https:\/\/seconci.com.br\/site\/author\/sidney-rocha\/"}]}},"_links":{"self":[{"href":"https:\/\/seconci.com.br\/site\/wp-json\/wp\/v2\/posts\/11863","targetHints":{"allow":["GET"]}}],"collection":[{"href":"https:\/\/seconci.com.br\/site\/wp-json\/wp\/v2\/posts"}],"about":[{"href":"https:\/\/seconci.com.br\/site\/wp-json\/wp\/v2\/types\/post"}],"author":[{"embeddable":true,"href":"https:\/\/seconci.com.br\/site\/wp-json\/wp\/v2\/users\/3"}],"replies":[{"embeddable":true,"href":"https:\/\/seconci.com.br\/site\/wp-json\/wp\/v2\/comments?post=11863"}],"version-history":[{"count":0,"href":"https:\/\/seconci.com.br\/site\/wp-json\/wp\/v2\/posts\/11863\/revisions"}],"wp:featuredmedia":[{"embeddable":true,"href":"https:\/\/seconci.com.br\/site\/wp-json\/wp\/v2\/media\/11864"}],"wp:attachment":[{"href":"https:\/\/seconci.com.br\/site\/wp-json\/wp\/v2\/media?parent=11863"}],"wp:term":[{"taxonomy":"category","embeddable":true,"href":"https:\/\/seconci.com.br\/site\/wp-json\/wp\/v2\/categories?post=11863"},{"taxonomy":"post_tag","embeddable":true,"href":"https:\/\/seconci.com.br\/site\/wp-json\/wp\/v2\/tags?post=11863"}],"curies":[{"name":"wp","href":"https:\/\/api.w.org\/{rel}","templated":true}]}}