{"id":12021,"date":"2022-08-11T17:59:40","date_gmt":"2022-08-11T17:59:40","guid":{"rendered":"https:\/\/seconci.com.br\/site\/?p=12021"},"modified":"2022-08-11T17:59:40","modified_gmt":"2022-08-11T17:59:40","slug":"dia-nacional-de-seguranca-e-saude-nas-escolas-industria-da-construcao","status":"publish","type":"post","link":"https:\/\/seconci.com.br\/site\/2022\/08\/11\/dia-nacional-de-seguranca-e-saude-nas-escolas-industria-da-construcao\/","title":{"rendered":"Dia Nacional de Seguran\u00e7a e Sa\u00fade nas Escolas | Ind\u00fastria da Constru\u00e7\u00e3o"},"content":{"rendered":"<p>A C\u00e2mara Brasileira da Ind\u00fastria da Constru\u00e7\u00e3o (CBIC), por meio da sua Comiss\u00e3o de Pol\u00edtica de Rela\u00e7\u00f5es Trabalhistas (CPRT), vai promover o\u00a0<b>Dia Nacional de Seguran\u00e7a e Sa\u00fade nas Escolas | Ind\u00fastria da Constru\u00e7\u00e3o<\/b>, no dia 7 de outubro. O objetivo da a\u00e7\u00e3o \u00e9 atuar na conscientiza\u00e7\u00e3o dos estudantes brasileiros \u2013 futuros empreendedores e trabalhadores do pa\u00eds. A iniciativa integra a Semana CANPAT Constru\u00e7\u00e3o 2022, que acontecer\u00e1 de 3 a 7 de outubro.<\/p>\n<p>Fruto da aproxima\u00e7\u00e3o do setor da constru\u00e7\u00e3o junto \u00e0 Subsecretaria de Inspe\u00e7\u00e3o do Trabalho (SIT), esse mais recente trabalho vem refor\u00e7ar e apoiar a a\u00e7\u00e3o do Governo, promovendo atividades espec\u00edficas de seguran\u00e7a e sa\u00fade nas escolas, focadas na ind\u00fastria da constru\u00e7\u00e3o, estimulando o conhecimento e interesse dos estudantes neste importante segmento e transmitindo, desde cedo, a mensagem da import\u00e2ncia da cultura da preven\u00e7\u00e3o de acidentes no trabalho.<\/p>\n<p>Em 2021, participaram da a\u00e7\u00e3o, no \u00e2mbito do setor da constru\u00e7\u00e3o, 2.659 alunos de escolas de 18 estados da Federa\u00e7\u00e3o. Foram 29 entidades da constru\u00e7\u00e3o que aderiram \u00e0 essa iniciativa e realizaram nas escolas de suas localidades apresenta\u00e7\u00f5es que foram amplamente divulgadas nos canais da CBIC.<\/p>\n<p>As entidades da constru\u00e7\u00e3o est\u00e3o convidadas a realizarem a a\u00e7\u00e3o em suas localidades. Para aderir, preencha o\u00a0<a href=\"https:\/\/forms.gle\/opUkFtg95rVWz2F68\">formul\u00e1rio<\/a>\u00a0at\u00e9 o dia 31\/08\/22 e participe da reuni\u00e3o da Comiss\u00e3o de Pol\u00edtica de Rela\u00e7\u00f5es Trabalhistas (CPRT) da CBIC, no dia 16 de agosto, \u00e0s 10h, onde ser\u00e3o prestadas informa\u00e7\u00f5es mais detalhadas sobre a a\u00e7\u00e3o.\u00a0<a href=\"https:\/\/cbic-org-br.zoom.us\/meeting\/register\/tZwofumurDwoHN3dHtrZu9dKO4S6f04vopoc\">Clique aqui e inscreva-se para a reuni\u00e3o.<\/a><\/p>\n<p>D\u00favidas? Envie um email para\u00a0<a href=\"mailto:cprt@cbic.org.br\">cprt@cbic.org.br<\/a><\/p>\n<p>O tema tem interface com o projeto \u201cRealiza\u00e7\u00e3o\/Participa\u00e7\u00e3o de\/em Eventos Tem\u00e1ticos de RT\/SST\u201d, da Comiss\u00e3o de Pol\u00edticas e Rela\u00e7\u00f5es Trabalhistas (CPRT) da CBIC, com a correaliza\u00e7\u00e3o do Servi\u00e7o Social da Ind\u00fastria (Sesi).<\/p>\n<p><em>Fonte: Ag\u00eancia CBIC<\/em><\/p>\n","protected":false},"excerpt":{"rendered":"<p>A C\u00e2mara Brasileira da Ind\u00fastria da Constru\u00e7\u00e3o (CBIC), por meio da sua Comiss\u00e3o de Pol\u00edtica de Rela\u00e7\u00f5es Trabalhistas (CPRT), vai promover o\u00a0Dia Nacional de Seguran\u00e7a e Sa\u00fade nas Escolas | Ind\u00fastria da Constru\u00e7\u00e3o, no dia 7 de outubro. O objetivo da a\u00e7\u00e3o \u00e9 atuar na conscientiza\u00e7\u00e3o dos estudantes brasileiros \u2013 futuros empreendedores e trabalhadores do [&hellip;]<\/p>\n","protected":false},"author":3,"featured_media":12022,"comment_status":"closed","ping_status":"closed","sticky":false,"template":"","format":"standard","meta":{"footnotes":""},"categories":[92],"tags":[],"class_list":["post-12021","post","type-post","status-publish","format-standard","has-post-thumbnail","hentry","category-seconci-brasil"],"yoast_head":"<!-- This site is optimized with the Yoast SEO plugin v26.9 - https:\/\/yoast.com\/product\/yoast-seo-wordpress\/ -->\n<title>Dia Nacional de Seguran\u00e7a e Sa\u00fade nas Escolas | Ind\u00fastria da Constru\u00e7\u00e3o - Seconci Brasil<\/title>\n<meta name=\"robots\" content=\"index, follow, max-snippet:-1, max-image-preview:large, max-video-preview:-1\" \/>\n<link rel=\"canonical\" href=\"https:\/\/seconci.com.br\/site\/2022\/08\/11\/dia-nacional-de-seguranca-e-saude-nas-escolas-industria-da-construcao\/\" \/>\n<meta property=\"og:locale\" content=\"pt_PT\" \/>\n<meta property=\"og:type\" content=\"article\" \/>\n<meta property=\"og:title\" content=\"Dia Nacional de Seguran\u00e7a e Sa\u00fade nas Escolas | Ind\u00fastria da Constru\u00e7\u00e3o - Seconci Brasil\" \/>\n<meta property=\"og:description\" content=\"A C\u00e2mara Brasileira da Ind\u00fastria da Constru\u00e7\u00e3o (CBIC), por meio da sua Comiss\u00e3o de Pol\u00edtica de Rela\u00e7\u00f5es Trabalhistas (CPRT), vai promover o\u00a0Dia Nacional de Seguran\u00e7a e Sa\u00fade nas Escolas | Ind\u00fastria da Constru\u00e7\u00e3o, no dia 7 de outubro. O objetivo da a\u00e7\u00e3o \u00e9 atuar na conscientiza\u00e7\u00e3o dos estudantes brasileiros \u2013 futuros empreendedores e trabalhadores do [&hellip;]\" \/>\n<meta property=\"og:url\" content=\"https:\/\/seconci.com.br\/site\/2022\/08\/11\/dia-nacional-de-seguranca-e-saude-nas-escolas-industria-da-construcao\/\" \/>\n<meta property=\"og:site_name\" content=\"Seconci Brasil\" \/>\n<meta property=\"article:published_time\" content=\"2022-08-11T17:59:40+00:00\" \/>\n<meta property=\"og:image\" content=\"https:\/\/seconci.com.br\/site\/wp-content\/uploads\/2022\/08\/whatsapp-image-2022-08-10-at-154558.jpeg\" \/>\n\t<meta property=\"og:image:width\" content=\"1080\" \/>\n\t<meta property=\"og:image:height\" content=\"602\" \/>\n\t<meta property=\"og:image:type\" content=\"image\/jpeg\" \/>\n<meta name=\"author\" content=\"Sidney Rocha\" \/>\n<meta name=\"twitter:card\" content=\"summary_large_image\" \/>\n<meta name=\"twitter:label1\" content=\"Escrito por\" \/>\n\t<meta name=\"twitter:data1\" content=\"Sidney Rocha\" \/>\n\t<meta name=\"twitter:label2\" content=\"Tempo estimado de leitura\" \/>\n\t<meta name=\"twitter:data2\" content=\"2 minutos\" \/>\n<script type=\"application\/ld+json\" class=\"yoast-schema-graph\">{\"@context\":\"https:\/\/schema.org\",\"@graph\":[{\"@type\":\"Article\",\"@id\":\"https:\/\/seconci.com.br\/site\/2022\/08\/11\/dia-nacional-de-seguranca-e-saude-nas-escolas-industria-da-construcao\/#article\",\"isPartOf\":{\"@id\":\"https:\/\/seconci.com.br\/site\/2022\/08\/11\/dia-nacional-de-seguranca-e-saude-nas-escolas-industria-da-construcao\/\"},\"author\":{\"name\":\"Sidney Rocha\",\"@id\":\"https:\/\/seconci.com.br\/site\/#\/schema\/person\/1d79afd97ddc8f2c68c1e88e298aa8e2\"},\"headline\":\"Dia Nacional de Seguran\u00e7a e Sa\u00fade nas Escolas | Ind\u00fastria da Constru\u00e7\u00e3o\",\"datePublished\":\"2022-08-11T17:59:40+00:00\",\"mainEntityOfPage\":{\"@id\":\"https:\/\/seconci.com.br\/site\/2022\/08\/11\/dia-nacional-de-seguranca-e-saude-nas-escolas-industria-da-construcao\/\"},\"wordCount\":346,\"publisher\":{\"@id\":\"https:\/\/seconci.com.br\/site\/#organization\"},\"image\":{\"@id\":\"https:\/\/seconci.com.br\/site\/2022\/08\/11\/dia-nacional-de-seguranca-e-saude-nas-escolas-industria-da-construcao\/#primaryimage\"},\"thumbnailUrl\":\"https:\/\/seconci.com.br\/site\/wp-content\/uploads\/2022\/08\/whatsapp-image-2022-08-10-at-154558.jpeg\",\"articleSection\":[\"Seconci Brasil\"],\"inLanguage\":\"pt-PT\"},{\"@type\":\"WebPage\",\"@id\":\"https:\/\/seconci.com.br\/site\/2022\/08\/11\/dia-nacional-de-seguranca-e-saude-nas-escolas-industria-da-construcao\/\",\"url\":\"https:\/\/seconci.com.br\/site\/2022\/08\/11\/dia-nacional-de-seguranca-e-saude-nas-escolas-industria-da-construcao\/\",\"name\":\"Dia Nacional de Seguran\u00e7a e Sa\u00fade nas Escolas | Ind\u00fastria da Constru\u00e7\u00e3o - Seconci Brasil\",\"isPartOf\":{\"@id\":\"https:\/\/seconci.com.br\/site\/#website\"},\"primaryImageOfPage\":{\"@id\":\"https:\/\/seconci.com.br\/site\/2022\/08\/11\/dia-nacional-de-seguranca-e-saude-nas-escolas-industria-da-construcao\/#primaryimage\"},\"image\":{\"@id\":\"https:\/\/seconci.com.br\/site\/2022\/08\/11\/dia-nacional-de-seguranca-e-saude-nas-escolas-industria-da-construcao\/#primaryimage\"},\"thumbnailUrl\":\"https:\/\/seconci.com.br\/site\/wp-content\/uploads\/2022\/08\/whatsapp-image-2022-08-10-at-154558.jpeg\",\"datePublished\":\"2022-08-11T17:59:40+00:00\",\"breadcrumb\":{\"@id\":\"https:\/\/seconci.com.br\/site\/2022\/08\/11\/dia-nacional-de-seguranca-e-saude-nas-escolas-industria-da-construcao\/#breadcrumb\"},\"inLanguage\":\"pt-PT\",\"potentialAction\":[{\"@type\":\"ReadAction\",\"target\":[\"https:\/\/seconci.com.br\/site\/2022\/08\/11\/dia-nacional-de-seguranca-e-saude-nas-escolas-industria-da-construcao\/\"]}]},{\"@type\":\"ImageObject\",\"inLanguage\":\"pt-PT\",\"@id\":\"https:\/\/seconci.com.br\/site\/2022\/08\/11\/dia-nacional-de-seguranca-e-saude-nas-escolas-industria-da-construcao\/#primaryimage\",\"url\":\"https:\/\/seconci.com.br\/site\/wp-content\/uploads\/2022\/08\/whatsapp-image-2022-08-10-at-154558.jpeg\",\"contentUrl\":\"https:\/\/seconci.com.br\/site\/wp-content\/uploads\/2022\/08\/whatsapp-image-2022-08-10-at-154558.jpeg\",\"width\":1080,\"height\":602},{\"@type\":\"BreadcrumbList\",\"@id\":\"https:\/\/seconci.com.br\/site\/2022\/08\/11\/dia-nacional-de-seguranca-e-saude-nas-escolas-industria-da-construcao\/#breadcrumb\",\"itemListElement\":[{\"@type\":\"ListItem\",\"position\":1,\"name\":\"In\u00edcio\",\"item\":\"https:\/\/seconci.com.br\/site\/\"},{\"@type\":\"ListItem\",\"position\":2,\"name\":\"Dia Nacional de Seguran\u00e7a e Sa\u00fade nas Escolas | Ind\u00fastria da Constru\u00e7\u00e3o\"}]},{\"@type\":\"WebSite\",\"@id\":\"https:\/\/seconci.com.br\/site\/#website\",\"url\":\"https:\/\/seconci.com.br\/site\/\",\"name\":\"Seconci Brasil\",\"description\":\"\",\"publisher\":{\"@id\":\"https:\/\/seconci.com.br\/site\/#organization\"},\"potentialAction\":[{\"@type\":\"SearchAction\",\"target\":{\"@type\":\"EntryPoint\",\"urlTemplate\":\"https:\/\/seconci.com.br\/site\/?s={search_term_string}\"},\"query-input\":{\"@type\":\"PropertyValueSpecification\",\"valueRequired\":true,\"valueName\":\"search_term_string\"}}],\"inLanguage\":\"pt-PT\"},{\"@type\":\"Organization\",\"@id\":\"https:\/\/seconci.com.br\/site\/#organization\",\"name\":\"Seconci Brasil\",\"url\":\"https:\/\/seconci.com.br\/site\/\",\"logo\":{\"@type\":\"ImageObject\",\"inLanguage\":\"pt-PT\",\"@id\":\"https:\/\/seconci.com.br\/site\/#\/schema\/logo\/image\/\",\"url\":\"https:\/\/seconci.com.br\/site\/wp-content\/uploads\/2024\/08\/Logo-Seconci-Brasil-branca-2.png\",\"contentUrl\":\"https:\/\/seconci.com.br\/site\/wp-content\/uploads\/2024\/08\/Logo-Seconci-Brasil-branca-2.png\",\"width\":1315,\"height\":598,\"caption\":\"Seconci Brasil\"},\"image\":{\"@id\":\"https:\/\/seconci.com.br\/site\/#\/schema\/logo\/image\/\"}},{\"@type\":\"Person\",\"@id\":\"https:\/\/seconci.com.br\/site\/#\/schema\/person\/1d79afd97ddc8f2c68c1e88e298aa8e2\",\"name\":\"Sidney Rocha\",\"description\":\"Comunicador e estagi\u00e1rio do Seconci Brasil.\",\"url\":\"https:\/\/seconci.com.br\/site\/author\/sidney-rocha\/\"}]}<\/script>\n<!-- \/ Yoast SEO plugin. -->","yoast_head_json":{"title":"Dia Nacional de Seguran\u00e7a e Sa\u00fade nas Escolas | Ind\u00fastria da Constru\u00e7\u00e3o - Seconci Brasil","robots":{"index":"index","follow":"follow","max-snippet":"max-snippet:-1","max-image-preview":"max-image-preview:large","max-video-preview":"max-video-preview:-1"},"canonical":"https:\/\/seconci.com.br\/site\/2022\/08\/11\/dia-nacional-de-seguranca-e-saude-nas-escolas-industria-da-construcao\/","og_locale":"pt_PT","og_type":"article","og_title":"Dia Nacional de Seguran\u00e7a e Sa\u00fade nas Escolas | Ind\u00fastria da Constru\u00e7\u00e3o - Seconci Brasil","og_description":"A C\u00e2mara Brasileira da Ind\u00fastria da Constru\u00e7\u00e3o (CBIC), por meio da sua Comiss\u00e3o de Pol\u00edtica de Rela\u00e7\u00f5es Trabalhistas (CPRT), vai promover o\u00a0Dia Nacional de Seguran\u00e7a e Sa\u00fade nas Escolas | Ind\u00fastria da Constru\u00e7\u00e3o, no dia 7 de outubro. O objetivo da a\u00e7\u00e3o \u00e9 atuar na conscientiza\u00e7\u00e3o dos estudantes brasileiros \u2013 futuros empreendedores e trabalhadores do [&hellip;]","og_url":"https:\/\/seconci.com.br\/site\/2022\/08\/11\/dia-nacional-de-seguranca-e-saude-nas-escolas-industria-da-construcao\/","og_site_name":"Seconci Brasil","article_published_time":"2022-08-11T17:59:40+00:00","og_image":[{"width":1080,"height":602,"url":"https:\/\/seconci.com.br\/site\/wp-content\/uploads\/2022\/08\/whatsapp-image-2022-08-10-at-154558.jpeg","type":"image\/jpeg"}],"author":"Sidney Rocha","twitter_card":"summary_large_image","twitter_misc":{"Escrito por":"Sidney Rocha","Tempo estimado de leitura":"2 minutos"},"schema":{"@context":"https:\/\/schema.org","@graph":[{"@type":"Article","@id":"https:\/\/seconci.com.br\/site\/2022\/08\/11\/dia-nacional-de-seguranca-e-saude-nas-escolas-industria-da-construcao\/#article","isPartOf":{"@id":"https:\/\/seconci.com.br\/site\/2022\/08\/11\/dia-nacional-de-seguranca-e-saude-nas-escolas-industria-da-construcao\/"},"author":{"name":"Sidney Rocha","@id":"https:\/\/seconci.com.br\/site\/#\/schema\/person\/1d79afd97ddc8f2c68c1e88e298aa8e2"},"headline":"Dia Nacional de Seguran\u00e7a e Sa\u00fade nas Escolas | Ind\u00fastria da Constru\u00e7\u00e3o","datePublished":"2022-08-11T17:59:40+00:00","mainEntityOfPage":{"@id":"https:\/\/seconci.com.br\/site\/2022\/08\/11\/dia-nacional-de-seguranca-e-saude-nas-escolas-industria-da-construcao\/"},"wordCount":346,"publisher":{"@id":"https:\/\/seconci.com.br\/site\/#organization"},"image":{"@id":"https:\/\/seconci.com.br\/site\/2022\/08\/11\/dia-nacional-de-seguranca-e-saude-nas-escolas-industria-da-construcao\/#primaryimage"},"thumbnailUrl":"https:\/\/seconci.com.br\/site\/wp-content\/uploads\/2022\/08\/whatsapp-image-2022-08-10-at-154558.jpeg","articleSection":["Seconci Brasil"],"inLanguage":"pt-PT"},{"@type":"WebPage","@id":"https:\/\/seconci.com.br\/site\/2022\/08\/11\/dia-nacional-de-seguranca-e-saude-nas-escolas-industria-da-construcao\/","url":"https:\/\/seconci.com.br\/site\/2022\/08\/11\/dia-nacional-de-seguranca-e-saude-nas-escolas-industria-da-construcao\/","name":"Dia Nacional de Seguran\u00e7a e Sa\u00fade nas Escolas | Ind\u00fastria da Constru\u00e7\u00e3o - Seconci Brasil","isPartOf":{"@id":"https:\/\/seconci.com.br\/site\/#website"},"primaryImageOfPage":{"@id":"https:\/\/seconci.com.br\/site\/2022\/08\/11\/dia-nacional-de-seguranca-e-saude-nas-escolas-industria-da-construcao\/#primaryimage"},"image":{"@id":"https:\/\/seconci.com.br\/site\/2022\/08\/11\/dia-nacional-de-seguranca-e-saude-nas-escolas-industria-da-construcao\/#primaryimage"},"thumbnailUrl":"https:\/\/seconci.com.br\/site\/wp-content\/uploads\/2022\/08\/whatsapp-image-2022-08-10-at-154558.jpeg","datePublished":"2022-08-11T17:59:40+00:00","breadcrumb":{"@id":"https:\/\/seconci.com.br\/site\/2022\/08\/11\/dia-nacional-de-seguranca-e-saude-nas-escolas-industria-da-construcao\/#breadcrumb"},"inLanguage":"pt-PT","potentialAction":[{"@type":"ReadAction","target":["https:\/\/seconci.com.br\/site\/2022\/08\/11\/dia-nacional-de-seguranca-e-saude-nas-escolas-industria-da-construcao\/"]}]},{"@type":"ImageObject","inLanguage":"pt-PT","@id":"https:\/\/seconci.com.br\/site\/2022\/08\/11\/dia-nacional-de-seguranca-e-saude-nas-escolas-industria-da-construcao\/#primaryimage","url":"https:\/\/seconci.com.br\/site\/wp-content\/uploads\/2022\/08\/whatsapp-image-2022-08-10-at-154558.jpeg","contentUrl":"https:\/\/seconci.com.br\/site\/wp-content\/uploads\/2022\/08\/whatsapp-image-2022-08-10-at-154558.jpeg","width":1080,"height":602},{"@type":"BreadcrumbList","@id":"https:\/\/seconci.com.br\/site\/2022\/08\/11\/dia-nacional-de-seguranca-e-saude-nas-escolas-industria-da-construcao\/#breadcrumb","itemListElement":[{"@type":"ListItem","position":1,"name":"In\u00edcio","item":"https:\/\/seconci.com.br\/site\/"},{"@type":"ListItem","position":2,"name":"Dia Nacional de Seguran\u00e7a e Sa\u00fade nas Escolas | Ind\u00fastria da Constru\u00e7\u00e3o"}]},{"@type":"WebSite","@id":"https:\/\/seconci.com.br\/site\/#website","url":"https:\/\/seconci.com.br\/site\/","name":"Seconci Brasil","description":"","publisher":{"@id":"https:\/\/seconci.com.br\/site\/#organization"},"potentialAction":[{"@type":"SearchAction","target":{"@type":"EntryPoint","urlTemplate":"https:\/\/seconci.com.br\/site\/?s={search_term_string}"},"query-input":{"@type":"PropertyValueSpecification","valueRequired":true,"valueName":"search_term_string"}}],"inLanguage":"pt-PT"},{"@type":"Organization","@id":"https:\/\/seconci.com.br\/site\/#organization","name":"Seconci Brasil","url":"https:\/\/seconci.com.br\/site\/","logo":{"@type":"ImageObject","inLanguage":"pt-PT","@id":"https:\/\/seconci.com.br\/site\/#\/schema\/logo\/image\/","url":"https:\/\/seconci.com.br\/site\/wp-content\/uploads\/2024\/08\/Logo-Seconci-Brasil-branca-2.png","contentUrl":"https:\/\/seconci.com.br\/site\/wp-content\/uploads\/2024\/08\/Logo-Seconci-Brasil-branca-2.png","width":1315,"height":598,"caption":"Seconci Brasil"},"image":{"@id":"https:\/\/seconci.com.br\/site\/#\/schema\/logo\/image\/"}},{"@type":"Person","@id":"https:\/\/seconci.com.br\/site\/#\/schema\/person\/1d79afd97ddc8f2c68c1e88e298aa8e2","name":"Sidney Rocha","description":"Comunicador e estagi\u00e1rio do Seconci Brasil.","url":"https:\/\/seconci.com.br\/site\/author\/sidney-rocha\/"}]}},"_links":{"self":[{"href":"https:\/\/seconci.com.br\/site\/wp-json\/wp\/v2\/posts\/12021","targetHints":{"allow":["GET"]}}],"collection":[{"href":"https:\/\/seconci.com.br\/site\/wp-json\/wp\/v2\/posts"}],"about":[{"href":"https:\/\/seconci.com.br\/site\/wp-json\/wp\/v2\/types\/post"}],"author":[{"embeddable":true,"href":"https:\/\/seconci.com.br\/site\/wp-json\/wp\/v2\/users\/3"}],"replies":[{"embeddable":true,"href":"https:\/\/seconci.com.br\/site\/wp-json\/wp\/v2\/comments?post=12021"}],"version-history":[{"count":0,"href":"https:\/\/seconci.com.br\/site\/wp-json\/wp\/v2\/posts\/12021\/revisions"}],"wp:featuredmedia":[{"embeddable":true,"href":"https:\/\/seconci.com.br\/site\/wp-json\/wp\/v2\/media\/12022"}],"wp:attachment":[{"href":"https:\/\/seconci.com.br\/site\/wp-json\/wp\/v2\/media?parent=12021"}],"wp:term":[{"taxonomy":"category","embeddable":true,"href":"https:\/\/seconci.com.br\/site\/wp-json\/wp\/v2\/categories?post=12021"},{"taxonomy":"post_tag","embeddable":true,"href":"https:\/\/seconci.com.br\/site\/wp-json\/wp\/v2\/tags?post=12021"}],"curies":[{"name":"wp","href":"https:\/\/api.w.org\/{rel}","templated":true}]}}