{"id":12067,"date":"2022-08-19T14:58:29","date_gmt":"2022-08-19T14:58:29","guid":{"rendered":"https:\/\/seconci.com.br\/site\/?p=12067"},"modified":"2022-08-19T14:58:29","modified_gmt":"2022-08-19T14:58:29","slug":"seconci-brasil-comemora-11-anos","status":"publish","type":"post","link":"https:\/\/seconci.com.br\/site\/2022\/08\/19\/seconci-brasil-comemora-11-anos\/","title":{"rendered":"Seconci Brasil comemora 11 anos"},"content":{"rendered":"<p>Em agosto de 2011 foi criada a Associa\u00e7\u00e3o dos Servi\u00e7os Sociais da Ind\u00fastria da Constru\u00e7\u00e3o Civil dos Estados Brasil \u2013 SECONCI BRASIL, com o objetivo principal de representar e regular as atua\u00e7\u00f5es dos Seconcis, fomentar e orientar a implanta\u00e7\u00e3o de novos Seconcis, informar e divulgar servi\u00e7os prestados, disseminar as melhores pr\u00e1ticas e o conhecimento dispon\u00edvel, al\u00e9m de coordenar a\u00e7\u00f5es sin\u00e9rgicas entre os Seconcis, para garantir a sustentabilidade legal das entidades e o benef\u00edcio do desenvolvimento humano na constru\u00e7\u00e3o civil.<\/p>\n<p>Em pouco mais de uma d\u00e9cada, o SECONCI BRASIL se consolidou e, al\u00e9m da atua\u00e7\u00e3o constante junto aos 15 Seconcis existentes no pa\u00eds, tem desempenhado um importante papel junto \u00e0 C\u00e2mara Brasileira da Ind\u00fastria da Constru\u00e7\u00e3o \u2013 CBIC visando a promo\u00e7\u00e3o de a\u00e7\u00f5es efetivas em Seguran\u00e7a e Sa\u00fade do Trabalho e tamb\u00e9m na Comiss\u00e3o de Estudo de Seguran\u00e7a na Execu\u00e7\u00e3o de Obras e Servi\u00e7os de Constru\u00e7\u00e3o da Associa\u00e7\u00e3o Brasileira de Normas T\u00e9cnicas \u2013 ABNT.<\/p>\n<p>O presidente do SECONCI BRASIL Ant\u00f4nio Carlos Salgueiro ressalta a relev\u00e2ncia da exist\u00eancia da Associa\u00e7\u00e3o: \u201cNosso trabalho \u00e9 feito para promover e estimular a uni\u00e3o entre os Seconcis que est\u00e3o na ativa, al\u00e9m de buscar mais localidades para implanta\u00e7\u00e3o desse projeto social. Buscamos sempre manter contato entre todos para que essa troca de experi\u00eancias seja um elo de crescimento e desenvolvimento de todos\u201d, conta Salgueiro.<\/p>\n<p>Anualmente, o SECONCI BRASIL promove o Encontro Nacional dos Seconcis, um semin\u00e1rio onde se encontram os gestores e t\u00e9cnicos de todas as entidades para troca de experi\u00eancias e aprendizados comuns. Ap\u00f3s dois anos realizado virtualmente em raz\u00e3o da pandemia do coronav\u00edrus, nesse ano o evento est\u00e1 sendo planejado para ocorrer em modo totalmente presencial, na sede do Seconci-SP, na cidade de S\u00e3o Paulo\/SP, no pr\u00f3ximo m\u00eas de outubro.<\/p>\n<p>\u201cMais do que procurar desempenhar as atividades para as quais o SECONCI BRASIL foi criado, os esfor\u00e7os s\u00e3o sempre em dar destaque a todos os Seconcis, esses sim os grandes promotores de melhoria nas condi\u00e7\u00f5es de seguran\u00e7a, de sa\u00fade e de qualidade de vida no setor da constru\u00e7\u00e3o civil, lembrando ainda que por tr\u00e1s dos Seconcis est\u00e3o as empresas de constru\u00e7\u00e3o que acreditam, investem e administram as entidades\u201d, finaliza Salgueiro.<\/p>\n<p><em>Fonte: Seconci Brasil<\/em><\/p>\n","protected":false},"excerpt":{"rendered":"<p>Em agosto de 2011 foi criada a Associa\u00e7\u00e3o dos Servi\u00e7os Sociais da Ind\u00fastria da Constru\u00e7\u00e3o Civil dos Estados Brasil \u2013 SECONCI BRASIL, com o objetivo principal de representar e regular as atua\u00e7\u00f5es dos Seconcis, fomentar e orientar a implanta\u00e7\u00e3o de novos Seconcis, informar e divulgar servi\u00e7os prestados, disseminar as melhores pr\u00e1ticas e o conhecimento dispon\u00edvel, [&hellip;]<\/p>\n","protected":false},"author":3,"featured_media":12068,"comment_status":"closed","ping_status":"closed","sticky":false,"template":"","format":"standard","meta":{"footnotes":""},"categories":[92],"tags":[],"class_list":["post-12067","post","type-post","status-publish","format-standard","has-post-thumbnail","hentry","category-seconci-brasil"],"yoast_head":"<!-- This site is optimized with the Yoast SEO plugin v26.9 - https:\/\/yoast.com\/product\/yoast-seo-wordpress\/ -->\n<title>Seconci Brasil comemora 11 anos - Seconci Brasil<\/title>\n<meta name=\"robots\" content=\"index, follow, max-snippet:-1, max-image-preview:large, max-video-preview:-1\" \/>\n<link rel=\"canonical\" href=\"https:\/\/seconci.com.br\/site\/2022\/08\/19\/seconci-brasil-comemora-11-anos\/\" \/>\n<meta property=\"og:locale\" content=\"pt_PT\" \/>\n<meta property=\"og:type\" content=\"article\" \/>\n<meta property=\"og:title\" content=\"Seconci Brasil comemora 11 anos - Seconci Brasil\" \/>\n<meta property=\"og:description\" content=\"Em agosto de 2011 foi criada a Associa\u00e7\u00e3o dos Servi\u00e7os Sociais da Ind\u00fastria da Constru\u00e7\u00e3o Civil dos Estados Brasil \u2013 SECONCI BRASIL, com o objetivo principal de representar e regular as atua\u00e7\u00f5es dos Seconcis, fomentar e orientar a implanta\u00e7\u00e3o de novos Seconcis, informar e divulgar servi\u00e7os prestados, disseminar as melhores pr\u00e1ticas e o conhecimento dispon\u00edvel, [&hellip;]\" \/>\n<meta property=\"og:url\" content=\"https:\/\/seconci.com.br\/site\/2022\/08\/19\/seconci-brasil-comemora-11-anos\/\" \/>\n<meta property=\"og:site_name\" content=\"Seconci Brasil\" \/>\n<meta property=\"article:published_time\" content=\"2022-08-19T14:58:29+00:00\" \/>\n<meta property=\"og:image\" content=\"https:\/\/seconci.com.br\/site\/wp-content\/uploads\/2022\/08\/CARTAO-11-ANOS.png\" \/>\n\t<meta property=\"og:image:width\" content=\"1080\" \/>\n\t<meta property=\"og:image:height\" content=\"1080\" \/>\n\t<meta property=\"og:image:type\" content=\"image\/png\" \/>\n<meta name=\"author\" content=\"Sidney Rocha\" \/>\n<meta name=\"twitter:card\" content=\"summary_large_image\" \/>\n<meta name=\"twitter:label1\" content=\"Escrito por\" \/>\n\t<meta name=\"twitter:data1\" content=\"Sidney Rocha\" \/>\n\t<meta name=\"twitter:label2\" content=\"Tempo estimado de leitura\" \/>\n\t<meta name=\"twitter:data2\" content=\"2 minutos\" \/>\n<script type=\"application\/ld+json\" class=\"yoast-schema-graph\">{\"@context\":\"https:\/\/schema.org\",\"@graph\":[{\"@type\":\"Article\",\"@id\":\"https:\/\/seconci.com.br\/site\/2022\/08\/19\/seconci-brasil-comemora-11-anos\/#article\",\"isPartOf\":{\"@id\":\"https:\/\/seconci.com.br\/site\/2022\/08\/19\/seconci-brasil-comemora-11-anos\/\"},\"author\":{\"name\":\"Sidney Rocha\",\"@id\":\"https:\/\/seconci.com.br\/site\/#\/schema\/person\/1d79afd97ddc8f2c68c1e88e298aa8e2\"},\"headline\":\"Seconci Brasil comemora 11 anos\",\"datePublished\":\"2022-08-19T14:58:29+00:00\",\"mainEntityOfPage\":{\"@id\":\"https:\/\/seconci.com.br\/site\/2022\/08\/19\/seconci-brasil-comemora-11-anos\/\"},\"wordCount\":417,\"publisher\":{\"@id\":\"https:\/\/seconci.com.br\/site\/#organization\"},\"image\":{\"@id\":\"https:\/\/seconci.com.br\/site\/2022\/08\/19\/seconci-brasil-comemora-11-anos\/#primaryimage\"},\"thumbnailUrl\":\"https:\/\/seconci.com.br\/site\/wp-content\/uploads\/2022\/08\/CARTAO-11-ANOS.png\",\"articleSection\":[\"Seconci Brasil\"],\"inLanguage\":\"pt-PT\"},{\"@type\":\"WebPage\",\"@id\":\"https:\/\/seconci.com.br\/site\/2022\/08\/19\/seconci-brasil-comemora-11-anos\/\",\"url\":\"https:\/\/seconci.com.br\/site\/2022\/08\/19\/seconci-brasil-comemora-11-anos\/\",\"name\":\"Seconci Brasil comemora 11 anos - Seconci Brasil\",\"isPartOf\":{\"@id\":\"https:\/\/seconci.com.br\/site\/#website\"},\"primaryImageOfPage\":{\"@id\":\"https:\/\/seconci.com.br\/site\/2022\/08\/19\/seconci-brasil-comemora-11-anos\/#primaryimage\"},\"image\":{\"@id\":\"https:\/\/seconci.com.br\/site\/2022\/08\/19\/seconci-brasil-comemora-11-anos\/#primaryimage\"},\"thumbnailUrl\":\"https:\/\/seconci.com.br\/site\/wp-content\/uploads\/2022\/08\/CARTAO-11-ANOS.png\",\"datePublished\":\"2022-08-19T14:58:29+00:00\",\"breadcrumb\":{\"@id\":\"https:\/\/seconci.com.br\/site\/2022\/08\/19\/seconci-brasil-comemora-11-anos\/#breadcrumb\"},\"inLanguage\":\"pt-PT\",\"potentialAction\":[{\"@type\":\"ReadAction\",\"target\":[\"https:\/\/seconci.com.br\/site\/2022\/08\/19\/seconci-brasil-comemora-11-anos\/\"]}]},{\"@type\":\"ImageObject\",\"inLanguage\":\"pt-PT\",\"@id\":\"https:\/\/seconci.com.br\/site\/2022\/08\/19\/seconci-brasil-comemora-11-anos\/#primaryimage\",\"url\":\"https:\/\/seconci.com.br\/site\/wp-content\/uploads\/2022\/08\/CARTAO-11-ANOS.png\",\"contentUrl\":\"https:\/\/seconci.com.br\/site\/wp-content\/uploads\/2022\/08\/CARTAO-11-ANOS.png\",\"width\":1080,\"height\":1080},{\"@type\":\"BreadcrumbList\",\"@id\":\"https:\/\/seconci.com.br\/site\/2022\/08\/19\/seconci-brasil-comemora-11-anos\/#breadcrumb\",\"itemListElement\":[{\"@type\":\"ListItem\",\"position\":1,\"name\":\"In\u00edcio\",\"item\":\"https:\/\/seconci.com.br\/site\/\"},{\"@type\":\"ListItem\",\"position\":2,\"name\":\"Seconci Brasil comemora 11 anos\"}]},{\"@type\":\"WebSite\",\"@id\":\"https:\/\/seconci.com.br\/site\/#website\",\"url\":\"https:\/\/seconci.com.br\/site\/\",\"name\":\"Seconci Brasil\",\"description\":\"\",\"publisher\":{\"@id\":\"https:\/\/seconci.com.br\/site\/#organization\"},\"potentialAction\":[{\"@type\":\"SearchAction\",\"target\":{\"@type\":\"EntryPoint\",\"urlTemplate\":\"https:\/\/seconci.com.br\/site\/?s={search_term_string}\"},\"query-input\":{\"@type\":\"PropertyValueSpecification\",\"valueRequired\":true,\"valueName\":\"search_term_string\"}}],\"inLanguage\":\"pt-PT\"},{\"@type\":\"Organization\",\"@id\":\"https:\/\/seconci.com.br\/site\/#organization\",\"name\":\"Seconci Brasil\",\"url\":\"https:\/\/seconci.com.br\/site\/\",\"logo\":{\"@type\":\"ImageObject\",\"inLanguage\":\"pt-PT\",\"@id\":\"https:\/\/seconci.com.br\/site\/#\/schema\/logo\/image\/\",\"url\":\"https:\/\/seconci.com.br\/site\/wp-content\/uploads\/2024\/08\/Logo-Seconci-Brasil-branca-2.png\",\"contentUrl\":\"https:\/\/seconci.com.br\/site\/wp-content\/uploads\/2024\/08\/Logo-Seconci-Brasil-branca-2.png\",\"width\":1315,\"height\":598,\"caption\":\"Seconci Brasil\"},\"image\":{\"@id\":\"https:\/\/seconci.com.br\/site\/#\/schema\/logo\/image\/\"}},{\"@type\":\"Person\",\"@id\":\"https:\/\/seconci.com.br\/site\/#\/schema\/person\/1d79afd97ddc8f2c68c1e88e298aa8e2\",\"name\":\"Sidney Rocha\",\"description\":\"Comunicador e estagi\u00e1rio do Seconci Brasil.\",\"url\":\"https:\/\/seconci.com.br\/site\/author\/sidney-rocha\/\"}]}<\/script>\n<!-- \/ Yoast SEO plugin. -->","yoast_head_json":{"title":"Seconci Brasil comemora 11 anos - Seconci Brasil","robots":{"index":"index","follow":"follow","max-snippet":"max-snippet:-1","max-image-preview":"max-image-preview:large","max-video-preview":"max-video-preview:-1"},"canonical":"https:\/\/seconci.com.br\/site\/2022\/08\/19\/seconci-brasil-comemora-11-anos\/","og_locale":"pt_PT","og_type":"article","og_title":"Seconci Brasil comemora 11 anos - Seconci Brasil","og_description":"Em agosto de 2011 foi criada a Associa\u00e7\u00e3o dos Servi\u00e7os Sociais da Ind\u00fastria da Constru\u00e7\u00e3o Civil dos Estados Brasil \u2013 SECONCI BRASIL, com o objetivo principal de representar e regular as atua\u00e7\u00f5es dos Seconcis, fomentar e orientar a implanta\u00e7\u00e3o de novos Seconcis, informar e divulgar servi\u00e7os prestados, disseminar as melhores pr\u00e1ticas e o conhecimento dispon\u00edvel, [&hellip;]","og_url":"https:\/\/seconci.com.br\/site\/2022\/08\/19\/seconci-brasil-comemora-11-anos\/","og_site_name":"Seconci Brasil","article_published_time":"2022-08-19T14:58:29+00:00","og_image":[{"width":1080,"height":1080,"url":"https:\/\/seconci.com.br\/site\/wp-content\/uploads\/2022\/08\/CARTAO-11-ANOS.png","type":"image\/png"}],"author":"Sidney Rocha","twitter_card":"summary_large_image","twitter_misc":{"Escrito por":"Sidney Rocha","Tempo estimado de leitura":"2 minutos"},"schema":{"@context":"https:\/\/schema.org","@graph":[{"@type":"Article","@id":"https:\/\/seconci.com.br\/site\/2022\/08\/19\/seconci-brasil-comemora-11-anos\/#article","isPartOf":{"@id":"https:\/\/seconci.com.br\/site\/2022\/08\/19\/seconci-brasil-comemora-11-anos\/"},"author":{"name":"Sidney Rocha","@id":"https:\/\/seconci.com.br\/site\/#\/schema\/person\/1d79afd97ddc8f2c68c1e88e298aa8e2"},"headline":"Seconci Brasil comemora 11 anos","datePublished":"2022-08-19T14:58:29+00:00","mainEntityOfPage":{"@id":"https:\/\/seconci.com.br\/site\/2022\/08\/19\/seconci-brasil-comemora-11-anos\/"},"wordCount":417,"publisher":{"@id":"https:\/\/seconci.com.br\/site\/#organization"},"image":{"@id":"https:\/\/seconci.com.br\/site\/2022\/08\/19\/seconci-brasil-comemora-11-anos\/#primaryimage"},"thumbnailUrl":"https:\/\/seconci.com.br\/site\/wp-content\/uploads\/2022\/08\/CARTAO-11-ANOS.png","articleSection":["Seconci Brasil"],"inLanguage":"pt-PT"},{"@type":"WebPage","@id":"https:\/\/seconci.com.br\/site\/2022\/08\/19\/seconci-brasil-comemora-11-anos\/","url":"https:\/\/seconci.com.br\/site\/2022\/08\/19\/seconci-brasil-comemora-11-anos\/","name":"Seconci Brasil comemora 11 anos - Seconci Brasil","isPartOf":{"@id":"https:\/\/seconci.com.br\/site\/#website"},"primaryImageOfPage":{"@id":"https:\/\/seconci.com.br\/site\/2022\/08\/19\/seconci-brasil-comemora-11-anos\/#primaryimage"},"image":{"@id":"https:\/\/seconci.com.br\/site\/2022\/08\/19\/seconci-brasil-comemora-11-anos\/#primaryimage"},"thumbnailUrl":"https:\/\/seconci.com.br\/site\/wp-content\/uploads\/2022\/08\/CARTAO-11-ANOS.png","datePublished":"2022-08-19T14:58:29+00:00","breadcrumb":{"@id":"https:\/\/seconci.com.br\/site\/2022\/08\/19\/seconci-brasil-comemora-11-anos\/#breadcrumb"},"inLanguage":"pt-PT","potentialAction":[{"@type":"ReadAction","target":["https:\/\/seconci.com.br\/site\/2022\/08\/19\/seconci-brasil-comemora-11-anos\/"]}]},{"@type":"ImageObject","inLanguage":"pt-PT","@id":"https:\/\/seconci.com.br\/site\/2022\/08\/19\/seconci-brasil-comemora-11-anos\/#primaryimage","url":"https:\/\/seconci.com.br\/site\/wp-content\/uploads\/2022\/08\/CARTAO-11-ANOS.png","contentUrl":"https:\/\/seconci.com.br\/site\/wp-content\/uploads\/2022\/08\/CARTAO-11-ANOS.png","width":1080,"height":1080},{"@type":"BreadcrumbList","@id":"https:\/\/seconci.com.br\/site\/2022\/08\/19\/seconci-brasil-comemora-11-anos\/#breadcrumb","itemListElement":[{"@type":"ListItem","position":1,"name":"In\u00edcio","item":"https:\/\/seconci.com.br\/site\/"},{"@type":"ListItem","position":2,"name":"Seconci Brasil comemora 11 anos"}]},{"@type":"WebSite","@id":"https:\/\/seconci.com.br\/site\/#website","url":"https:\/\/seconci.com.br\/site\/","name":"Seconci Brasil","description":"","publisher":{"@id":"https:\/\/seconci.com.br\/site\/#organization"},"potentialAction":[{"@type":"SearchAction","target":{"@type":"EntryPoint","urlTemplate":"https:\/\/seconci.com.br\/site\/?s={search_term_string}"},"query-input":{"@type":"PropertyValueSpecification","valueRequired":true,"valueName":"search_term_string"}}],"inLanguage":"pt-PT"},{"@type":"Organization","@id":"https:\/\/seconci.com.br\/site\/#organization","name":"Seconci Brasil","url":"https:\/\/seconci.com.br\/site\/","logo":{"@type":"ImageObject","inLanguage":"pt-PT","@id":"https:\/\/seconci.com.br\/site\/#\/schema\/logo\/image\/","url":"https:\/\/seconci.com.br\/site\/wp-content\/uploads\/2024\/08\/Logo-Seconci-Brasil-branca-2.png","contentUrl":"https:\/\/seconci.com.br\/site\/wp-content\/uploads\/2024\/08\/Logo-Seconci-Brasil-branca-2.png","width":1315,"height":598,"caption":"Seconci Brasil"},"image":{"@id":"https:\/\/seconci.com.br\/site\/#\/schema\/logo\/image\/"}},{"@type":"Person","@id":"https:\/\/seconci.com.br\/site\/#\/schema\/person\/1d79afd97ddc8f2c68c1e88e298aa8e2","name":"Sidney Rocha","description":"Comunicador e estagi\u00e1rio do Seconci Brasil.","url":"https:\/\/seconci.com.br\/site\/author\/sidney-rocha\/"}]}},"_links":{"self":[{"href":"https:\/\/seconci.com.br\/site\/wp-json\/wp\/v2\/posts\/12067","targetHints":{"allow":["GET"]}}],"collection":[{"href":"https:\/\/seconci.com.br\/site\/wp-json\/wp\/v2\/posts"}],"about":[{"href":"https:\/\/seconci.com.br\/site\/wp-json\/wp\/v2\/types\/post"}],"author":[{"embeddable":true,"href":"https:\/\/seconci.com.br\/site\/wp-json\/wp\/v2\/users\/3"}],"replies":[{"embeddable":true,"href":"https:\/\/seconci.com.br\/site\/wp-json\/wp\/v2\/comments?post=12067"}],"version-history":[{"count":0,"href":"https:\/\/seconci.com.br\/site\/wp-json\/wp\/v2\/posts\/12067\/revisions"}],"wp:featuredmedia":[{"embeddable":true,"href":"https:\/\/seconci.com.br\/site\/wp-json\/wp\/v2\/media\/12068"}],"wp:attachment":[{"href":"https:\/\/seconci.com.br\/site\/wp-json\/wp\/v2\/media?parent=12067"}],"wp:term":[{"taxonomy":"category","embeddable":true,"href":"https:\/\/seconci.com.br\/site\/wp-json\/wp\/v2\/categories?post=12067"},{"taxonomy":"post_tag","embeddable":true,"href":"https:\/\/seconci.com.br\/site\/wp-json\/wp\/v2\/tags?post=12067"}],"curies":[{"name":"wp","href":"https:\/\/api.w.org\/{rel}","templated":true}]}}