{"id":12094,"date":"2022-08-29T11:24:11","date_gmt":"2022-08-29T11:24:11","guid":{"rendered":"https:\/\/seconci.com.br\/site\/?p=12094"},"modified":"2022-08-29T11:24:11","modified_gmt":"2022-08-29T11:24:11","slug":"dia-nacional-da-construcao-social-homenageia-mais-de-24-milhoes-de-trabalhadores-do-setor-no-pais","status":"publish","type":"post","link":"https:\/\/seconci.com.br\/site\/2022\/08\/29\/dia-nacional-da-construcao-social-homenageia-mais-de-24-milhoes-de-trabalhadores-do-setor-no-pais\/","title":{"rendered":"Dia Nacional da Constru\u00e7\u00e3o Social homenageia mais de 2,4 milh\u00f5es de trabalhadores do setor no pa\u00eds"},"content":{"rendered":"<p>Com a m\u00fasica \u201cCidad\u00e3o\u201d \u2013 \u2018T\u00e1 vendo aquele edif\u00edcio, mo\u00e7o? Ajudei a levantar\u2026\u201d, interpretada pelo cantor Waldonys \u2013 e o mote \u201cA for\u00e7a que nos une \u00e9 diversa\u201d, teve in\u00edcio neste s\u00e1bado (27), direto de Fortaleza (CE), o 15\u00ba\u00a0<strong>Dia Nacional da Constru\u00e7\u00e3o Social (DNCS)<\/strong>\u00a0em homenagem aos mais de 2,4 milh\u00f5es de trabalhadores formais da ind\u00fastria da constru\u00e7\u00e3o civil do Brasil.<\/p>\n<p>Sob o comando da MC Deidianny, o DNCS 2022 foi mais uma festa emocionante dedicada aos trabalhadores da constru\u00e7\u00e3o civil de todo o pa\u00eds.<\/p>\n<p>Ap\u00f3s a edi\u00e7\u00e3o da\u00a0<em>live\u00a0<\/em>nacional de 2021, em raz\u00e3o da pandemia da Covid-19, a a\u00e7\u00e3o deste ano ocorreu presencialmente em Fortaleza (CE), Maring\u00e1 (PR), Manaus (AM), Salvador (BA), Volta Redonda (RJ) e Boa Vista (RR), com atra\u00e7\u00f5es musicais regionais transmitidas ao vivo para as demais localidades do pa\u00eds e a\u00e7\u00f5es locais nas \u00e1reas e sa\u00fade, educa\u00e7\u00e3o, lazer e cidadania.<\/p>\n<p>A iniciativa tamb\u00e9m contou com a mobiliza\u00e7\u00e3o das entidades associadas da C\u00e2mara Brasileira da Ind\u00fastria da Constru\u00e7\u00e3o (CBIC) das cinco regi\u00f5es em homenagem a todos os trabalhadores que fazem o setor da constru\u00e7\u00e3o se destacar e ter for\u00e7a para contribuir com o desenvolvimento econ\u00f4mico nacional.<\/p>\n<h2><strong>Orgulho de celebrar os trabalhadores da constru\u00e7\u00e3o civil<\/strong><\/h2>\n<p>\u201cA todos, um grande abra\u00e7o do tamanho do Brasil, neste dia que festejamos juntos as nossas conquistas, a nossa uni\u00e3o, a parceria de todos para vencermos a pandemia. Parab\u00e9ns \u00e0s amigas e amigos que organizaram e se dedicaram a fazer este dia t\u00e3o especial\u201d, salientou emocionado o presidente da CBIC, Jos\u00e9 Carlos Martins, em mais uma edi\u00e7\u00e3o do DNCS.<\/p>\n<p>\u201cCelebramos hoje a nossa diversidade e uma festa da vida, com a fam\u00edlia e o trabalho. Ficamos dois anos se olhando pelas telinhas. O nosso trabalhador foi guerreiro, enfrentando a pandemia, indo para o canteiro de obra, garantindo que as nossas empresas continuassem ativas\u201d, destacou a presidente da Comiss\u00e3o de Responsabilidade (CRS) da CBIC, Ana Claudia Gomes, ao refor\u00e7ar que a CBIC tem um orgulho enorme de todos os trabalhadores do setor da constru\u00e7\u00e3o. \u201cQue voc\u00eas continuem trabalhando, crescendo na profiss\u00e3o. Se qualifiquem, estudem, porque essa ind\u00fastria est\u00e1 inovando. Procure apoio do Sesi e do Senai nas entidades locais para crescerem e se desenvolverem. Tudo o que tem no pa\u00eds foram voc\u00eas que fizeram: a escola, o hospital, o clube, a moradia\u201d, disse.<\/p>\n<p>Representando os trabalhadores do setor da constru\u00e7\u00e3o, o motorista Geraldo Pascoal (60 anos), respons\u00e1vel pela log\u00edstica da construtora KVG, de Bento Gon\u00e7alves (RJ), destacou que encontrou no setor uma nova fam\u00edlia. \u201cMeu maior orgulho \u00e9 ter conhecido essa empresa que me acolheu. Fui muito bem recebido\u201d, destacou.<\/p>\n<p>Realizada desde 2007, o DNCS j\u00e1 ocorreu em 30 localidades do pa\u00eds, alcan\u00e7ando mais de 4 milh\u00f5es de atendimentos presenciais a cerca de 900 mil trabalhadores e familiares do setor nas \u00e1reas e sa\u00fade, educa\u00e7\u00e3o, lazer e cidadania.<\/p>\n<p>Promovido pela Comiss\u00e3o de Responsabilidade Social (CRS) da CBIC, com a correaliza\u00e7\u00e3o do Sesi Nacional e apoio do Seconci-Brasil, o Dia Nacional \u00e9 o mais importante evento do setor voltado \u00e0 promo\u00e7\u00e3o da\u00a0responsabilidade social empresarial. Re\u00fane anualmente empresas, entidades, l\u00edderes setoriais, trabalhadores e seus familiares em um grande evento que promove qualidade de vida.<\/p>\n<h2><strong>Sorteio nacional<\/strong><\/h2>\n<p>&nbsp;<\/p>\n<p><strong><img decoding=\"async\" class=\"aligncenter wp-image-82798 size-large\" src=\"https:\/\/cbic.org.br\/wp-content\/uploads\/2022\/08\/whatsapp-image-2022-08-27-at-144342-4-1024x1024.jpeg\" alt=\"\" \/><\/strong><\/p>\n<h2><strong>Reconhecimento do setor da constru\u00e7\u00e3o<\/strong><\/h2>\n<p>A festa deste ano tamb\u00e9m contou com mensagens direcionadas aos trabalhadores do vice-presidente Administrativo da CBIC, Eduardo Aroeira, e dos vice-presidentes regionais:<\/p>\n<ul>\n<li><strong>F\u00e1bio Ribeiro Nahuz<\/strong>\u00a0<strong>\u2013 MA<\/strong>, vice-presidente Regi\u00e3o Nordeste<\/li>\n<li><strong>Alex Carvalho \u2013 PA<\/strong>, vice-presidente Regi\u00e3o Norte<\/li>\n<li><strong>Arist\u00f3teles Passos Costa Neto<\/strong>\u00a0<strong>\u2013 ES<\/strong>, vice-presidente Regi\u00e3o Sudeste<\/li>\n<li><strong>Renato de Sousa Correia<\/strong>\u00a0<strong>\u2013 GO<\/strong>, vice-presidente Regi\u00e3o Centro-Oeste<\/li>\n<li><strong>Marco Antonio Corsini<\/strong>\u00a0\u2013 SC, vice-presidente Regi\u00e3o Sul<\/li>\n<\/ul>\n<p>\u201c\u00c9 uma honra estar aqui com todos voc\u00eas celebrando o Dia Nacional da Constru\u00e7\u00e3o Social. Evento que foi criado pela CBIC, em parceria com o Sesi. Todos os trabalhadores da constru\u00e7\u00e3o civil movimentam a for\u00e7a que move os nossos canteiros de obras, uma for\u00e7a diversa, capaz de ajudar a construir o legado de 80 anos do Sinduscon-CE. Todos voc\u00eas nos honram diariamente com seus trabalhos e somos gratos pela dedica\u00e7\u00e3o de cada um na constru\u00e7\u00e3o dos nossos empreendimentos\u201d, frisou presidente do Sindicato,\u00a0<strong>Patriolino Dias de Souza<\/strong>.<\/p>\n<p>\u201cEste \u00e9 um evento de integra\u00e7\u00e3o entre a fam\u00edlia, a empresa e os trabalhadores. N\u00f3s queremos nosso trabalhador saud\u00e1vel e mostrar que estamos ao lado dele dando esse apoio que \u00e9 necess\u00e1rio no dia a dia. Esse dia, em especial, representa essa rela\u00e7\u00e3o entre o conjunto da entidade, da CBIC, Sesi, Sinduscon. Seconci e trabalhadores\u201d, destacou o presidente do Sinduscon-AM,\u00a0<strong>Frank do Carmo Souza<\/strong>.<\/p>\n<p>\u201cAs nossas atividades do DNCS est\u00e3o sendo realizadas junto com a Feira Morar e Construir, como grande oportunidade de realizar o sonho do trabalhador em comprar o seu im\u00f3vel\u201d, mencionou a presidente do Sinduscon-SF,\u00a0<strong>Elissandra C\u00e2ndido<\/strong>.<\/p>\n<p>\u201cFeliz de estar aqui com os nossos trabalhadores no DCNS de Salvador. Essa festa maravilhosa! Conseguimos realizar a vacina\u00e7\u00e3o contra a Covid-19 e a H1N1 e uma s\u00e9rie de a\u00e7\u00f5es sociais e recreativas. Estou muito feliz em comemorar com voc\u00eas nestes mais de 70 anos do Sinduscon\u201d, mencionou o presidente do Sinduscon-BA,\u00a0<strong>Alexandre Landim Fernandes.<\/strong><\/p>\n<p>\u201cAs estrelas deste dia s\u00e3o os trabalhadores da constru\u00e7\u00e3o e seus familiares. Aproveitem o dia! Tem muita comida, divers\u00e3o e sorteios. Ser\u00e3o sorteadas 10 cadernetas de poupan\u00e7a\u201d, refor\u00e7ou o presidente do Sinduscon-PR\/Noroeste,\u00a0<strong>Rog\u00e9rio Yabiku<\/strong>.<\/p>\n<p>\u201cEssa manh\u00e3 foi pensada especialmente para eles [trabalhadores da constru\u00e7\u00e3o civil] e foi bastante agrad\u00e1vel com pr\u00eamios, coffee break e m\u00fasica da melhor qualidade. S\u00f3 tenho a agradecer a parceria e o trabalho de todos\u201d, avaliou o representante do Sinduscon-RR,\u00a0<strong>Kerverson Holanda<\/strong>.<\/p>\n<p>Durante a semana, as a\u00e7\u00f5es locais ser\u00e3o divulgadas na Ag\u00eancia CBIC e no CBIC Hoje. Acompanhe!<\/p>\n<h2><strong>Destaque para as a\u00e7\u00f5es locais<\/strong><\/h2>\n<p><img decoding=\"async\" class=\"aligncenter wp-image-82803 size-full\" src=\"https:\/\/cbic.org.br\/wp-content\/uploads\/2022\/08\/whatsapp-image-2022-08-27-at-163017.jpeg\" alt=\"\" \/><\/p>\n<p>Localmente, os trabalhadores da constru\u00e7\u00e3o e seus familiares tamb\u00e9m tiveram acesso a servi\u00e7os nas \u00e1reas de sa\u00fade, lazer e cidadania, como:<\/p>\n<h3><strong>Fortaleza (Cear\u00e1)<\/strong><\/h3>\n<p><strong>Copa da Constru\u00e7\u00e3o:<\/strong>\u00a0s\u00e9rie de jogos de futebol 7 em parceria com o SESI-CE, com final marcada para acontecer durante o DNCS;<\/p>\n<p><strong>Atendimento de sa\u00fade:<\/strong>\u00a0circuito de avalia\u00e7\u00e3o sa\u00fade, aplica\u00e7\u00e3o de fl\u00faor e cl\u00ednico geral;<\/p>\n<p><strong>Lazer:\u00a0<\/strong>aula de ritmos e banho de piscina;<\/p>\n<p><strong>Para as crian\u00e7as:<\/strong>\u00a0brinquedos infl\u00e1veis, pinturas e lanche;<\/p>\n<p><strong>Presentes:\u00a0<\/strong>sorteios de brindes;<\/p>\n<p><strong>Atra\u00e7\u00e3o musical:<\/strong>\u00a0show com a participa\u00e7\u00e3o do Waldonys, cantor, paraquedista e piloto acrob\u00e1tico, com mais de 30 anos de carreira musical.<\/p>\n<h3><strong>Maring\u00e1 (PR)<\/strong><\/h3>\n<p><strong>Sa\u00fade:\u00a0<\/strong>Teste de Vis\u00e3o; Glicemia; Exame de pele; Avalia\u00e7\u00e3o Bucal; Atendimento Cl\u00ednico Odontol\u00f3gico; Aux\u00edlio de Escova\u00e7\u00e3o; Preven\u00e7\u00e3o de \u00c1lcool e Drogas.<\/p>\n<p><strong>Cidadania:\u00a0<\/strong>Distribui\u00e7\u00e3o de cartilha com esclarecimento de d\u00favidas dos consumidores de energia el\u00e9trica; Consultas Jur\u00eddicas; Consultas sobre restri\u00e7\u00e3o de Cr\u00e9dito; Corte de Cabelo.<\/p>\n<p><strong>Recrea\u00e7\u00e3o e lazer:\u00a0<\/strong>Diversos Esportes e Brinquedos para as Crian\u00e7as; Oficina de Desenho e Pintura e Campeonato de Truco.<\/p>\n<p><strong>Alimenta\u00e7\u00e3o:<\/strong>\u00a0Distribui\u00e7\u00e3o de Past\u00e9is; Cachorro Quente; Pipoca; Algod\u00e3o Doce e Refrigerantes.<\/p>\n<p><strong>Presentes:\u00a0<\/strong>sorteio de brindes.<\/p>\n<p><strong>Atra\u00e7\u00e3o musical:\u00a0<\/strong>Dupla Rodrigo &amp; Ravel.<\/p>\n<h3><strong>Manaus (AM)<\/strong><\/h3>\n<p><strong>Recrea\u00e7\u00e3o e lazer:<\/strong>\u00a0Torneio de futsal com entrega de medalhas e trof\u00e9u para 1\u00ba, 2\u00ba e 3\u00ba lugar.<\/p>\n<p><strong>Para as crian\u00e7as:<\/strong>\u00a0brinquedos e muitas brincadeiras.<\/p>\n<p><strong>Alimenta\u00e7\u00e3o:\u00a0<\/strong>Distribui\u00e7\u00e3o de lanche.<\/p>\n<p><strong>Presentes:\u00a0<\/strong>sorteio de pr\u00eamios.<\/p>\n<p><strong>Atra\u00e7\u00e3o musical:<\/strong>\u00a0Grupo Kablocos.<\/p>\n<h3><strong>Salvador (BA)<\/strong><\/h3>\n<p><strong>Sa\u00fade:\u00a0<\/strong>Medi\u00e7\u00e3o de PA; Medi\u00e7\u00e3o de Glicemia; Defini\u00e7\u00e3o \/ medi\u00e7\u00e3o de IMC; Massoterapia; Material orientativo voltado para sa\u00fade; Palestras ou v\u00eddeos sobre sa\u00fade; Vacina\u00e7\u00e3o para gripe; Coleta de sangue.<\/p>\n<p><strong>Cidadania:\u00a0<\/strong>SAC M\u00f3vel.<\/p>\n<p><strong>Recrea\u00e7\u00e3o e lazer:<\/strong>\u00a0Aula de fitdance; espa\u00e7o de lazer para crian\u00e7as (com brinquedos); esquete teatral.<\/p>\n<p><strong>Alimenta\u00e7\u00e3o:\u00a0<\/strong>Caf\u00e9 da manh\u00e3 para trabalhadores e fam\u00edlia; lanche para crian\u00e7as.<\/p>\n<p><strong>Presentes:\u00a0<\/strong>sorteio de brindes.<\/p>\n<p><strong>Atra\u00e7\u00e3o musical:\u00a0<\/strong>Show com Gilson Babil\u00f4nia.<\/p>\n<h3><strong>Volta Redonda (RJ)<\/strong><\/h3>\n<p><strong>Sa\u00fade:<\/strong>\u00a0Circuito do bem-estar com orienta\u00e7\u00f5es nutricionais, f\u00edsicas e psicol\u00f3gicas + Bioimped\u00e2ncia.<\/p>\n<p><strong>Recrea\u00e7\u00e3o e lazer:\u00a0<\/strong>FITDANCE no palco.<\/p>\n<p><strong>Para as crian\u00e7as:\u00a0<\/strong>Pintura de Rosto; Conta\u00e7\u00e3o de Hist\u00f3ria; Desenho Livre + Lego Infantil (at\u00e9 6 anos); Atividade Maker e Rob\u00f3tica.<\/p>\n<p><strong>Alimenta\u00e7\u00e3o:\u00a0<\/strong>Pra\u00e7a de Alimenta\u00e7\u00e3o com Food Trucks locais para apoio do evento.<\/p>\n<p><strong>Presentes:\u00a0<\/strong>Sorteio de brindes.<\/p>\n<p><strong>Atra\u00e7\u00e3o musical:<\/strong>\u00a0Show com o cantor Maldonado.<\/p>\n<p>Perdeu a transmiss\u00e3o ou quer assistir novamente? Acesse o\u00a0<a href=\"https:\/\/youtu.be\/NSOpGDRNUxY\">canal\u00a0oficial da CBIC no YouTube<\/a>.<\/p>\n<p><em>Fonte: Ag\u00eancia CBIC<\/em><\/p>\n","protected":false},"excerpt":{"rendered":"<p>Com a m\u00fasica \u201cCidad\u00e3o\u201d \u2013 \u2018T\u00e1 vendo aquele edif\u00edcio, mo\u00e7o? Ajudei a levantar\u2026\u201d, interpretada pelo cantor Waldonys \u2013 e o mote \u201cA for\u00e7a que nos une \u00e9 diversa\u201d, teve in\u00edcio neste s\u00e1bado (27), direto de Fortaleza (CE), o 15\u00ba\u00a0Dia Nacional da Constru\u00e7\u00e3o Social (DNCS)\u00a0em homenagem aos mais de 2,4 milh\u00f5es de trabalhadores formais da ind\u00fastria [&hellip;]<\/p>\n","protected":false},"author":3,"featured_media":12095,"comment_status":"closed","ping_status":"closed","sticky":false,"template":"","format":"standard","meta":{"footnotes":""},"categories":[92],"tags":[],"class_list":["post-12094","post","type-post","status-publish","format-standard","has-post-thumbnail","hentry","category-seconci-brasil"],"yoast_head":"<!-- This site is optimized with the Yoast SEO plugin v26.9 - https:\/\/yoast.com\/product\/yoast-seo-wordpress\/ -->\n<title>Dia Nacional da Constru\u00e7\u00e3o Social homenageia mais de 2,4 milh\u00f5es de trabalhadores do setor no pa\u00eds - Seconci Brasil<\/title>\n<meta name=\"robots\" content=\"index, follow, max-snippet:-1, max-image-preview:large, max-video-preview:-1\" \/>\n<link rel=\"canonical\" href=\"https:\/\/seconci.com.br\/site\/2022\/08\/29\/dia-nacional-da-construcao-social-homenageia-mais-de-24-milhoes-de-trabalhadores-do-setor-no-pais\/\" \/>\n<meta property=\"og:locale\" content=\"pt_PT\" \/>\n<meta property=\"og:type\" content=\"article\" \/>\n<meta property=\"og:title\" content=\"Dia Nacional da Constru\u00e7\u00e3o Social homenageia mais de 2,4 milh\u00f5es de trabalhadores do setor no pa\u00eds - Seconci Brasil\" \/>\n<meta property=\"og:description\" content=\"Com a m\u00fasica \u201cCidad\u00e3o\u201d \u2013 \u2018T\u00e1 vendo aquele edif\u00edcio, mo\u00e7o? Ajudei a levantar\u2026\u201d, interpretada pelo cantor Waldonys \u2013 e o mote \u201cA for\u00e7a que nos une \u00e9 diversa\u201d, teve in\u00edcio neste s\u00e1bado (27), direto de Fortaleza (CE), o 15\u00ba\u00a0Dia Nacional da Constru\u00e7\u00e3o Social (DNCS)\u00a0em homenagem aos mais de 2,4 milh\u00f5es de trabalhadores formais da ind\u00fastria [&hellip;]\" \/>\n<meta property=\"og:url\" content=\"https:\/\/seconci.com.br\/site\/2022\/08\/29\/dia-nacional-da-construcao-social-homenageia-mais-de-24-milhoes-de-trabalhadores-do-setor-no-pais\/\" \/>\n<meta property=\"og:site_name\" content=\"Seconci Brasil\" \/>\n<meta property=\"article:published_time\" content=\"2022-08-29T11:24:11+00:00\" \/>\n<meta property=\"og:image\" content=\"https:\/\/seconci.com.br\/site\/wp-content\/uploads\/2022\/08\/whatsapp-image-2022-08-27-at-160137.jpeg\" \/>\n\t<meta property=\"og:image:width\" content=\"1600\" \/>\n\t<meta property=\"og:image:height\" content=\"1200\" \/>\n\t<meta property=\"og:image:type\" content=\"image\/jpeg\" \/>\n<meta name=\"author\" content=\"Sidney Rocha\" \/>\n<meta name=\"twitter:card\" content=\"summary_large_image\" \/>\n<meta name=\"twitter:label1\" content=\"Escrito por\" \/>\n\t<meta name=\"twitter:data1\" content=\"Sidney Rocha\" \/>\n\t<meta name=\"twitter:label2\" content=\"Tempo estimado de leitura\" \/>\n\t<meta name=\"twitter:data2\" content=\"7 minutos\" \/>\n<script type=\"application\/ld+json\" class=\"yoast-schema-graph\">{\"@context\":\"https:\/\/schema.org\",\"@graph\":[{\"@type\":\"Article\",\"@id\":\"https:\/\/seconci.com.br\/site\/2022\/08\/29\/dia-nacional-da-construcao-social-homenageia-mais-de-24-milhoes-de-trabalhadores-do-setor-no-pais\/#article\",\"isPartOf\":{\"@id\":\"https:\/\/seconci.com.br\/site\/2022\/08\/29\/dia-nacional-da-construcao-social-homenageia-mais-de-24-milhoes-de-trabalhadores-do-setor-no-pais\/\"},\"author\":{\"name\":\"Sidney Rocha\",\"@id\":\"https:\/\/seconci.com.br\/site\/#\/schema\/person\/1d79afd97ddc8f2c68c1e88e298aa8e2\"},\"headline\":\"Dia Nacional da Constru\u00e7\u00e3o Social homenageia mais de 2,4 milh\u00f5es de trabalhadores do setor no pa\u00eds\",\"datePublished\":\"2022-08-29T11:24:11+00:00\",\"mainEntityOfPage\":{\"@id\":\"https:\/\/seconci.com.br\/site\/2022\/08\/29\/dia-nacional-da-construcao-social-homenageia-mais-de-24-milhoes-de-trabalhadores-do-setor-no-pais\/\"},\"wordCount\":1476,\"publisher\":{\"@id\":\"https:\/\/seconci.com.br\/site\/#organization\"},\"image\":{\"@id\":\"https:\/\/seconci.com.br\/site\/2022\/08\/29\/dia-nacional-da-construcao-social-homenageia-mais-de-24-milhoes-de-trabalhadores-do-setor-no-pais\/#primaryimage\"},\"thumbnailUrl\":\"https:\/\/seconci.com.br\/site\/wp-content\/uploads\/2022\/08\/whatsapp-image-2022-08-27-at-160137.jpeg\",\"articleSection\":[\"Seconci Brasil\"],\"inLanguage\":\"pt-PT\"},{\"@type\":\"WebPage\",\"@id\":\"https:\/\/seconci.com.br\/site\/2022\/08\/29\/dia-nacional-da-construcao-social-homenageia-mais-de-24-milhoes-de-trabalhadores-do-setor-no-pais\/\",\"url\":\"https:\/\/seconci.com.br\/site\/2022\/08\/29\/dia-nacional-da-construcao-social-homenageia-mais-de-24-milhoes-de-trabalhadores-do-setor-no-pais\/\",\"name\":\"Dia Nacional da Constru\u00e7\u00e3o Social homenageia mais de 2,4 milh\u00f5es de trabalhadores do setor no pa\u00eds - Seconci Brasil\",\"isPartOf\":{\"@id\":\"https:\/\/seconci.com.br\/site\/#website\"},\"primaryImageOfPage\":{\"@id\":\"https:\/\/seconci.com.br\/site\/2022\/08\/29\/dia-nacional-da-construcao-social-homenageia-mais-de-24-milhoes-de-trabalhadores-do-setor-no-pais\/#primaryimage\"},\"image\":{\"@id\":\"https:\/\/seconci.com.br\/site\/2022\/08\/29\/dia-nacional-da-construcao-social-homenageia-mais-de-24-milhoes-de-trabalhadores-do-setor-no-pais\/#primaryimage\"},\"thumbnailUrl\":\"https:\/\/seconci.com.br\/site\/wp-content\/uploads\/2022\/08\/whatsapp-image-2022-08-27-at-160137.jpeg\",\"datePublished\":\"2022-08-29T11:24:11+00:00\",\"breadcrumb\":{\"@id\":\"https:\/\/seconci.com.br\/site\/2022\/08\/29\/dia-nacional-da-construcao-social-homenageia-mais-de-24-milhoes-de-trabalhadores-do-setor-no-pais\/#breadcrumb\"},\"inLanguage\":\"pt-PT\",\"potentialAction\":[{\"@type\":\"ReadAction\",\"target\":[\"https:\/\/seconci.com.br\/site\/2022\/08\/29\/dia-nacional-da-construcao-social-homenageia-mais-de-24-milhoes-de-trabalhadores-do-setor-no-pais\/\"]}]},{\"@type\":\"ImageObject\",\"inLanguage\":\"pt-PT\",\"@id\":\"https:\/\/seconci.com.br\/site\/2022\/08\/29\/dia-nacional-da-construcao-social-homenageia-mais-de-24-milhoes-de-trabalhadores-do-setor-no-pais\/#primaryimage\",\"url\":\"https:\/\/seconci.com.br\/site\/wp-content\/uploads\/2022\/08\/whatsapp-image-2022-08-27-at-160137.jpeg\",\"contentUrl\":\"https:\/\/seconci.com.br\/site\/wp-content\/uploads\/2022\/08\/whatsapp-image-2022-08-27-at-160137.jpeg\",\"width\":1600,\"height\":1200},{\"@type\":\"BreadcrumbList\",\"@id\":\"https:\/\/seconci.com.br\/site\/2022\/08\/29\/dia-nacional-da-construcao-social-homenageia-mais-de-24-milhoes-de-trabalhadores-do-setor-no-pais\/#breadcrumb\",\"itemListElement\":[{\"@type\":\"ListItem\",\"position\":1,\"name\":\"In\u00edcio\",\"item\":\"https:\/\/seconci.com.br\/site\/\"},{\"@type\":\"ListItem\",\"position\":2,\"name\":\"Dia Nacional da Constru\u00e7\u00e3o Social homenageia mais de 2,4 milh\u00f5es de trabalhadores do setor no pa\u00eds\"}]},{\"@type\":\"WebSite\",\"@id\":\"https:\/\/seconci.com.br\/site\/#website\",\"url\":\"https:\/\/seconci.com.br\/site\/\",\"name\":\"Seconci Brasil\",\"description\":\"\",\"publisher\":{\"@id\":\"https:\/\/seconci.com.br\/site\/#organization\"},\"potentialAction\":[{\"@type\":\"SearchAction\",\"target\":{\"@type\":\"EntryPoint\",\"urlTemplate\":\"https:\/\/seconci.com.br\/site\/?s={search_term_string}\"},\"query-input\":{\"@type\":\"PropertyValueSpecification\",\"valueRequired\":true,\"valueName\":\"search_term_string\"}}],\"inLanguage\":\"pt-PT\"},{\"@type\":\"Organization\",\"@id\":\"https:\/\/seconci.com.br\/site\/#organization\",\"name\":\"Seconci Brasil\",\"url\":\"https:\/\/seconci.com.br\/site\/\",\"logo\":{\"@type\":\"ImageObject\",\"inLanguage\":\"pt-PT\",\"@id\":\"https:\/\/seconci.com.br\/site\/#\/schema\/logo\/image\/\",\"url\":\"https:\/\/seconci.com.br\/site\/wp-content\/uploads\/2024\/08\/Logo-Seconci-Brasil-branca-2.png\",\"contentUrl\":\"https:\/\/seconci.com.br\/site\/wp-content\/uploads\/2024\/08\/Logo-Seconci-Brasil-branca-2.png\",\"width\":1315,\"height\":598,\"caption\":\"Seconci Brasil\"},\"image\":{\"@id\":\"https:\/\/seconci.com.br\/site\/#\/schema\/logo\/image\/\"}},{\"@type\":\"Person\",\"@id\":\"https:\/\/seconci.com.br\/site\/#\/schema\/person\/1d79afd97ddc8f2c68c1e88e298aa8e2\",\"name\":\"Sidney Rocha\",\"description\":\"Comunicador e estagi\u00e1rio do Seconci Brasil.\",\"url\":\"https:\/\/seconci.com.br\/site\/author\/sidney-rocha\/\"}]}<\/script>\n<!-- \/ Yoast SEO plugin. -->","yoast_head_json":{"title":"Dia Nacional da Constru\u00e7\u00e3o Social homenageia mais de 2,4 milh\u00f5es de trabalhadores do setor no pa\u00eds - Seconci Brasil","robots":{"index":"index","follow":"follow","max-snippet":"max-snippet:-1","max-image-preview":"max-image-preview:large","max-video-preview":"max-video-preview:-1"},"canonical":"https:\/\/seconci.com.br\/site\/2022\/08\/29\/dia-nacional-da-construcao-social-homenageia-mais-de-24-milhoes-de-trabalhadores-do-setor-no-pais\/","og_locale":"pt_PT","og_type":"article","og_title":"Dia Nacional da Constru\u00e7\u00e3o Social homenageia mais de 2,4 milh\u00f5es de trabalhadores do setor no pa\u00eds - Seconci Brasil","og_description":"Com a m\u00fasica \u201cCidad\u00e3o\u201d \u2013 \u2018T\u00e1 vendo aquele edif\u00edcio, mo\u00e7o? Ajudei a levantar\u2026\u201d, interpretada pelo cantor Waldonys \u2013 e o mote \u201cA for\u00e7a que nos une \u00e9 diversa\u201d, teve in\u00edcio neste s\u00e1bado (27), direto de Fortaleza (CE), o 15\u00ba\u00a0Dia Nacional da Constru\u00e7\u00e3o Social (DNCS)\u00a0em homenagem aos mais de 2,4 milh\u00f5es de trabalhadores formais da ind\u00fastria [&hellip;]","og_url":"https:\/\/seconci.com.br\/site\/2022\/08\/29\/dia-nacional-da-construcao-social-homenageia-mais-de-24-milhoes-de-trabalhadores-do-setor-no-pais\/","og_site_name":"Seconci Brasil","article_published_time":"2022-08-29T11:24:11+00:00","og_image":[{"width":1600,"height":1200,"url":"https:\/\/seconci.com.br\/site\/wp-content\/uploads\/2022\/08\/whatsapp-image-2022-08-27-at-160137.jpeg","type":"image\/jpeg"}],"author":"Sidney Rocha","twitter_card":"summary_large_image","twitter_misc":{"Escrito por":"Sidney Rocha","Tempo estimado de leitura":"7 minutos"},"schema":{"@context":"https:\/\/schema.org","@graph":[{"@type":"Article","@id":"https:\/\/seconci.com.br\/site\/2022\/08\/29\/dia-nacional-da-construcao-social-homenageia-mais-de-24-milhoes-de-trabalhadores-do-setor-no-pais\/#article","isPartOf":{"@id":"https:\/\/seconci.com.br\/site\/2022\/08\/29\/dia-nacional-da-construcao-social-homenageia-mais-de-24-milhoes-de-trabalhadores-do-setor-no-pais\/"},"author":{"name":"Sidney Rocha","@id":"https:\/\/seconci.com.br\/site\/#\/schema\/person\/1d79afd97ddc8f2c68c1e88e298aa8e2"},"headline":"Dia Nacional da Constru\u00e7\u00e3o Social homenageia mais de 2,4 milh\u00f5es de trabalhadores do setor no pa\u00eds","datePublished":"2022-08-29T11:24:11+00:00","mainEntityOfPage":{"@id":"https:\/\/seconci.com.br\/site\/2022\/08\/29\/dia-nacional-da-construcao-social-homenageia-mais-de-24-milhoes-de-trabalhadores-do-setor-no-pais\/"},"wordCount":1476,"publisher":{"@id":"https:\/\/seconci.com.br\/site\/#organization"},"image":{"@id":"https:\/\/seconci.com.br\/site\/2022\/08\/29\/dia-nacional-da-construcao-social-homenageia-mais-de-24-milhoes-de-trabalhadores-do-setor-no-pais\/#primaryimage"},"thumbnailUrl":"https:\/\/seconci.com.br\/site\/wp-content\/uploads\/2022\/08\/whatsapp-image-2022-08-27-at-160137.jpeg","articleSection":["Seconci Brasil"],"inLanguage":"pt-PT"},{"@type":"WebPage","@id":"https:\/\/seconci.com.br\/site\/2022\/08\/29\/dia-nacional-da-construcao-social-homenageia-mais-de-24-milhoes-de-trabalhadores-do-setor-no-pais\/","url":"https:\/\/seconci.com.br\/site\/2022\/08\/29\/dia-nacional-da-construcao-social-homenageia-mais-de-24-milhoes-de-trabalhadores-do-setor-no-pais\/","name":"Dia Nacional da Constru\u00e7\u00e3o Social homenageia mais de 2,4 milh\u00f5es de trabalhadores do setor no pa\u00eds - Seconci Brasil","isPartOf":{"@id":"https:\/\/seconci.com.br\/site\/#website"},"primaryImageOfPage":{"@id":"https:\/\/seconci.com.br\/site\/2022\/08\/29\/dia-nacional-da-construcao-social-homenageia-mais-de-24-milhoes-de-trabalhadores-do-setor-no-pais\/#primaryimage"},"image":{"@id":"https:\/\/seconci.com.br\/site\/2022\/08\/29\/dia-nacional-da-construcao-social-homenageia-mais-de-24-milhoes-de-trabalhadores-do-setor-no-pais\/#primaryimage"},"thumbnailUrl":"https:\/\/seconci.com.br\/site\/wp-content\/uploads\/2022\/08\/whatsapp-image-2022-08-27-at-160137.jpeg","datePublished":"2022-08-29T11:24:11+00:00","breadcrumb":{"@id":"https:\/\/seconci.com.br\/site\/2022\/08\/29\/dia-nacional-da-construcao-social-homenageia-mais-de-24-milhoes-de-trabalhadores-do-setor-no-pais\/#breadcrumb"},"inLanguage":"pt-PT","potentialAction":[{"@type":"ReadAction","target":["https:\/\/seconci.com.br\/site\/2022\/08\/29\/dia-nacional-da-construcao-social-homenageia-mais-de-24-milhoes-de-trabalhadores-do-setor-no-pais\/"]}]},{"@type":"ImageObject","inLanguage":"pt-PT","@id":"https:\/\/seconci.com.br\/site\/2022\/08\/29\/dia-nacional-da-construcao-social-homenageia-mais-de-24-milhoes-de-trabalhadores-do-setor-no-pais\/#primaryimage","url":"https:\/\/seconci.com.br\/site\/wp-content\/uploads\/2022\/08\/whatsapp-image-2022-08-27-at-160137.jpeg","contentUrl":"https:\/\/seconci.com.br\/site\/wp-content\/uploads\/2022\/08\/whatsapp-image-2022-08-27-at-160137.jpeg","width":1600,"height":1200},{"@type":"BreadcrumbList","@id":"https:\/\/seconci.com.br\/site\/2022\/08\/29\/dia-nacional-da-construcao-social-homenageia-mais-de-24-milhoes-de-trabalhadores-do-setor-no-pais\/#breadcrumb","itemListElement":[{"@type":"ListItem","position":1,"name":"In\u00edcio","item":"https:\/\/seconci.com.br\/site\/"},{"@type":"ListItem","position":2,"name":"Dia Nacional da Constru\u00e7\u00e3o Social homenageia mais de 2,4 milh\u00f5es de trabalhadores do setor no pa\u00eds"}]},{"@type":"WebSite","@id":"https:\/\/seconci.com.br\/site\/#website","url":"https:\/\/seconci.com.br\/site\/","name":"Seconci Brasil","description":"","publisher":{"@id":"https:\/\/seconci.com.br\/site\/#organization"},"potentialAction":[{"@type":"SearchAction","target":{"@type":"EntryPoint","urlTemplate":"https:\/\/seconci.com.br\/site\/?s={search_term_string}"},"query-input":{"@type":"PropertyValueSpecification","valueRequired":true,"valueName":"search_term_string"}}],"inLanguage":"pt-PT"},{"@type":"Organization","@id":"https:\/\/seconci.com.br\/site\/#organization","name":"Seconci Brasil","url":"https:\/\/seconci.com.br\/site\/","logo":{"@type":"ImageObject","inLanguage":"pt-PT","@id":"https:\/\/seconci.com.br\/site\/#\/schema\/logo\/image\/","url":"https:\/\/seconci.com.br\/site\/wp-content\/uploads\/2024\/08\/Logo-Seconci-Brasil-branca-2.png","contentUrl":"https:\/\/seconci.com.br\/site\/wp-content\/uploads\/2024\/08\/Logo-Seconci-Brasil-branca-2.png","width":1315,"height":598,"caption":"Seconci Brasil"},"image":{"@id":"https:\/\/seconci.com.br\/site\/#\/schema\/logo\/image\/"}},{"@type":"Person","@id":"https:\/\/seconci.com.br\/site\/#\/schema\/person\/1d79afd97ddc8f2c68c1e88e298aa8e2","name":"Sidney Rocha","description":"Comunicador e estagi\u00e1rio do Seconci Brasil.","url":"https:\/\/seconci.com.br\/site\/author\/sidney-rocha\/"}]}},"_links":{"self":[{"href":"https:\/\/seconci.com.br\/site\/wp-json\/wp\/v2\/posts\/12094","targetHints":{"allow":["GET"]}}],"collection":[{"href":"https:\/\/seconci.com.br\/site\/wp-json\/wp\/v2\/posts"}],"about":[{"href":"https:\/\/seconci.com.br\/site\/wp-json\/wp\/v2\/types\/post"}],"author":[{"embeddable":true,"href":"https:\/\/seconci.com.br\/site\/wp-json\/wp\/v2\/users\/3"}],"replies":[{"embeddable":true,"href":"https:\/\/seconci.com.br\/site\/wp-json\/wp\/v2\/comments?post=12094"}],"version-history":[{"count":0,"href":"https:\/\/seconci.com.br\/site\/wp-json\/wp\/v2\/posts\/12094\/revisions"}],"wp:featuredmedia":[{"embeddable":true,"href":"https:\/\/seconci.com.br\/site\/wp-json\/wp\/v2\/media\/12095"}],"wp:attachment":[{"href":"https:\/\/seconci.com.br\/site\/wp-json\/wp\/v2\/media?parent=12094"}],"wp:term":[{"taxonomy":"category","embeddable":true,"href":"https:\/\/seconci.com.br\/site\/wp-json\/wp\/v2\/categories?post=12094"},{"taxonomy":"post_tag","embeddable":true,"href":"https:\/\/seconci.com.br\/site\/wp-json\/wp\/v2\/tags?post=12094"}],"curies":[{"name":"wp","href":"https:\/\/api.w.org\/{rel}","templated":true}]}}