{"id":12183,"date":"2022-10-05T14:50:10","date_gmt":"2022-10-05T14:50:10","guid":{"rendered":"https:\/\/seconci.com.br\/site\/?p=12183"},"modified":"2022-10-05T14:50:10","modified_gmt":"2022-10-05T14:50:10","slug":"semana-canpat-construcao-2022-abre-debate-com-gestao-de-sst","status":"publish","type":"post","link":"https:\/\/seconci.com.br\/site\/2022\/10\/05\/semana-canpat-construcao-2022-abre-debate-com-gestao-de-sst\/","title":{"rendered":"Semana CANPAT Constru\u00e7\u00e3o 2022 abre debate com gest\u00e3o de SST"},"content":{"rendered":"<p>Inaugurando a Semana CANPAT Constru\u00e7\u00e3o 2022, o presidente da CPRT, Fernando Guedes Ferreira Filho, reconheceu a atua\u00e7\u00e3o e a postura adotada pela subsecretaria de inspe\u00e7\u00e3o do trabalho do Minist\u00e9rio do Trabalho e Previd\u00eancia. \u201cO Minist\u00e9rio permitiu a abertura de um di\u00e1logo in\u00e9dito, com a participa\u00e7\u00e3o ativa de empregadores e empregados, trazendo um novo tempo nas pr\u00e1ticas de SST, com a implanta\u00e7\u00e3o do Programa de Gerenciamento de Riscos (PGR) e de outras disposi\u00e7\u00f5es que simplificam, mas n\u00e3o deixam de cumprir o seu objetivo de proteger o trabalhador\u201d, disse.<\/p>\n<p>Guedes salientou, ainda, o n\u00famero expressivo de trabalhadores na ind\u00fastria da constru\u00e7\u00e3o e refor\u00e7ou a necessidade de proteger os colaboradores. \u201cNosso setor \u00e9 conhecido por empregarmos formalmente quase 260 mil trabalhadores s\u00f3 este ano. E cuidar desses trabalhadores \u00e9 nossa principal obriga\u00e7\u00e3o\u201d, apontou.<\/p>\n<p>Haruo Ishikawa, do Seconci-SP e coordenador do Grupo de Interc\u00e2mbio de SST na CPRT\/CBIC, expressou sua preocupa\u00e7\u00e3o com o setor e as Normas Regulamentadoras. \u201c\u00c9 preciso melhorar no Brasil a cultura de seguran\u00e7a e sa\u00fade no trabalho na constru\u00e7\u00e3o civil. A gente n\u00e3o pode ficar sempre atr\u00e1s do preju\u00edzo\u201d, disse.<\/p>\n<p>Gest\u00e3o da seguran\u00e7a e sa\u00fade nas empresas foi tema do primeiro painel da\u00a0<strong>Semana CANPAT Constru\u00e7\u00e3o 2022<\/strong>, promovida pela Comiss\u00e3o de Pol\u00edtica de Rela\u00e7\u00f5es Trabalhistas (CPRT) da C\u00e2mara Brasileira da Ind\u00fastria da Constru\u00e7\u00e3o (CBIC), em correaliza\u00e7\u00e3o com o SESI \u2013 Servi\u00e7o Social da Ind\u00fastria e apoio especial do Seconci-Brasil.<\/p>\n<p>Mediado pelo consultor da CBIC, Cl\u00f3vis Queiroz, o Painel destacou a atua\u00e7\u00e3o do Servi\u00e7o Social da Ind\u00fastria (SESI) para aperfei\u00e7oar as normas de sa\u00fade e seguran\u00e7a do trabalho (SST) ap\u00f3s a atualiza\u00e7\u00e3o da Norma Regulamentadora (NR) n\u00ba 1, em janeiro de 2022.<\/p>\n<p>De acordo com o palestrante, m\u00e9dico especialista do Departamento Nacional do SESI, Cl\u00e1udio Patrus, o SESI tem discutido formas para harmonizar a NR 1 com outras normas e, principalmente, adequar a legisla\u00e7\u00e3o \u00e0 realidade do pa\u00eds. A NR 1 se refere \u00e0s disposi\u00e7\u00f5es gerais e do gerenciamento de riscos ocupacionais, que podem ser ocasionados durante o trabalho. O intuito do regulamento \u00e9 servir como base para interpreta\u00e7\u00e3o das demais regulamenta\u00e7\u00f5es de SST.<\/p>\n<p>Durante o painel, Patrus explicou algumas mudan\u00e7as e ressaltou pontos que podem influenciar no gerenciamento das organiza\u00e7\u00f5es. O m\u00e9dico ainda apontou a necessidade de uma maior autonomia das empresas para que possam aplicar a Norma utilizando recursos tecnol\u00f3gicos para garantir a sa\u00fade e a seguran\u00e7a dos trabalhadores. \u201cAs normas estavam precisando de ajustes, porque o objetivo normativo \u00e9 fazer com que a seguran\u00e7a e sa\u00fade do trabalhador sejam preservadas em todos seus aspectos\u201d, disse.<\/p>\n<p>Uma das a\u00e7\u00f5es prevencionistas para avalia\u00e7\u00e3o de riscos ocupacionais da Norma \u00e9 o uso obrigat\u00f3rio da matriz de responsabilidades e compet\u00eancias. Segundo o especialista, a matriz enfatiza a relev\u00e2ncia das compet\u00eancias t\u00e9cnicas, mas destaca que a responsabilidade pelo resultado permanece com a organiza\u00e7\u00e3o. Para ele, quanto maior a autonomia de uma empresa, maior a responsabilidade sobre essa autonomia, tornando essa responsabilidade indeleg\u00e1vel.<\/p>\n<p>\u201cEu acho que \u00e9 um ponto importante para refor\u00e7ar visto que ao escolher os profissionais, eles precisam ter entregas adequadas e capacita\u00e7\u00e3o. Com as novas mudan\u00e7as houve um redirecionamento para que a gente busque os resultados e n\u00e3o apenas um documento para atender a legisla\u00e7\u00e3o\u201d, disse.<\/p>\n<p>A partir da experi\u00eancia vivida durante a pandemia da Covid-19 foi percebida a import\u00e2ncia do mapeamento de comorbidades dos trabalhadores dentro das empresas. Com essa percep\u00e7\u00e3o de se olhar para a sa\u00fade dos trabalhadores, Cl\u00e1udio Patrus falou sobre a NR17, que apresenta um olhar prevencionista ao orientar o monitoramento de doen\u00e7as cr\u00f4nicas.<\/p>\n<p>A NR \u201cvisa estabelecer as diretrizes e os requisitos que permitam a adapta\u00e7\u00e3o das condi\u00e7\u00f5es de trabalho \u00e0s caracter\u00edsticas psicofisiol\u00f3gicas dos trabalhadores, de modo a proporcionar conforto, seguran\u00e7a, sa\u00fade e desempenho eficiente no trabalho\u201d. O m\u00e9dico lembrou que a Norma aponta diretrizes relacionadas \u00e0 ergonomia e a quest\u00e3o da sa\u00fade integral.<\/p>\n<p>\u201cUm dos aprendizados que ficaram, a partir da pandemia na \u00e1rea de SST, \u00e9 o entendimento de que o trabalhador \u00e9 indivis\u00edvel. \u00c9 preciso considerar o trabalho, a sa\u00fade ocupacional, seguran\u00e7a do trabalho e a sa\u00fade como um todo. O indiv\u00edduo \u00e9 um s\u00f3\u201d, disse.<\/p>\n<p>Segundo Patrus, o entendimento normativo incentiva o investimento das empresas na qualidade do ambiente de trabalho, tornando-o mais saud\u00e1vel e seguro aos trabalhadores. Desta forma, ressalta que haver\u00e1 maior tranquilidade no exerc\u00edcio das atividades, sabendo que o trabalhador estar\u00e1 protegido.<\/p>\n<p>Na ind\u00fastria da constru\u00e7\u00e3o o tema se torna ainda mais relevante devido \u00e0s caracter\u00edsticas do setor. Afinal, cada fase da obra tem suas particularidades e \u00e9 poss\u00edvel observar altera\u00e7\u00f5es de riscos. Ent\u00e3o, o especialista enfatizou a necessidade de se estar atento \u00e0s mudan\u00e7as, facilitando o gerenciamento das empresas, alavancando os resultados, evitando acidentes e doen\u00e7as relacionados ao trabalho. \u201c\u00c9 muito bom falar para o setor da constru\u00e7\u00e3o. A gente entende que o setor \u00e9 mola-mestre desse pa\u00eds, um setor que movimenta um volume muito grande de empresas e de trabalhadores\u201d, concluiu.<\/p>\n<p>Nesta Semana CANPAT Constru\u00e7\u00e3o ser\u00e3o promovidos quatro dias de pain\u00e9is t\u00e9cnicos nacionais e virtuais, com debates sobre importantes temas em seguran\u00e7a e sa\u00fade no trabalho do setor da constru\u00e7\u00e3o. Na sexta-feira (7) a Semana ser\u00e1 conclu\u00edda com a segunda edi\u00e7\u00e3o do Dia Nacional de Seguran\u00e7a e Sa\u00fade nas Escolas na Ind\u00fastria da Constru\u00e7\u00e3o, contando este ano com a participa\u00e7\u00e3o de 16 entidades do setor.<\/p>\n<p><a href=\"https:\/\/www.youtube.com\/watch?v=Bzyyrmf8Vww\">Clique aqui<\/a>\u00a0e assista na \u00edntegra o primeiro dia da Semana CANPAT Constru\u00e7\u00e3o 2022!<\/p>\n<p>O tema tem interface com o projeto \u201cRealiza\u00e7\u00e3o\/Participa\u00e7\u00e3o de\/em Eventos Tem\u00e1ticos de RT\/SST\u201d, da Comiss\u00e3o de Pol\u00edticas de Rela\u00e7\u00f5es Trabalhistas (CPRT) da CBIC, com a correaliza\u00e7\u00e3o do Servi\u00e7o Social da Ind\u00fastria (SESI).<\/p>\n<p><em>Fonte: Ag\u00eancia CBIC<\/em><\/p>\n","protected":false},"excerpt":{"rendered":"<p>Inaugurando a Semana CANPAT Constru\u00e7\u00e3o 2022, o presidente da CPRT, Fernando Guedes Ferreira Filho, reconheceu a atua\u00e7\u00e3o e a postura adotada pela subsecretaria de inspe\u00e7\u00e3o do trabalho do Minist\u00e9rio do Trabalho e Previd\u00eancia. \u201cO Minist\u00e9rio permitiu a abertura de um di\u00e1logo in\u00e9dito, com a participa\u00e7\u00e3o ativa de empregadores e empregados, trazendo um novo tempo nas [&hellip;]<\/p>\n","protected":false},"author":3,"featured_media":12184,"comment_status":"closed","ping_status":"closed","sticky":false,"template":"","format":"standard","meta":{"footnotes":""},"categories":[92],"tags":[],"class_list":["post-12183","post","type-post","status-publish","format-standard","has-post-thumbnail","hentry","category-seconci-brasil"],"yoast_head":"<!-- This site is optimized with the Yoast SEO plugin v26.9 - https:\/\/yoast.com\/product\/yoast-seo-wordpress\/ -->\n<title>Semana CANPAT Constru\u00e7\u00e3o 2022 abre debate com gest\u00e3o de SST - Seconci Brasil<\/title>\n<meta name=\"robots\" content=\"index, follow, max-snippet:-1, max-image-preview:large, max-video-preview:-1\" \/>\n<link rel=\"canonical\" href=\"https:\/\/seconci.com.br\/site\/2022\/10\/05\/semana-canpat-construcao-2022-abre-debate-com-gestao-de-sst\/\" \/>\n<meta property=\"og:locale\" content=\"pt_PT\" \/>\n<meta property=\"og:type\" content=\"article\" \/>\n<meta property=\"og:title\" content=\"Semana CANPAT Constru\u00e7\u00e3o 2022 abre debate com gest\u00e3o de SST - Seconci Brasil\" \/>\n<meta property=\"og:description\" content=\"Inaugurando a Semana CANPAT Constru\u00e7\u00e3o 2022, o presidente da CPRT, Fernando Guedes Ferreira Filho, reconheceu a atua\u00e7\u00e3o e a postura adotada pela subsecretaria de inspe\u00e7\u00e3o do trabalho do Minist\u00e9rio do Trabalho e Previd\u00eancia. \u201cO Minist\u00e9rio permitiu a abertura de um di\u00e1logo in\u00e9dito, com a participa\u00e7\u00e3o ativa de empregadores e empregados, trazendo um novo tempo nas [&hellip;]\" \/>\n<meta property=\"og:url\" content=\"https:\/\/seconci.com.br\/site\/2022\/10\/05\/semana-canpat-construcao-2022-abre-debate-com-gestao-de-sst\/\" \/>\n<meta property=\"og:site_name\" content=\"Seconci Brasil\" \/>\n<meta property=\"article:published_time\" content=\"2022-10-05T14:50:10+00:00\" \/>\n<meta property=\"og:image\" content=\"https:\/\/seconci.com.br\/site\/wp-content\/uploads\/2022\/10\/whatsapp-image-2022-10-03-at-193826.jpeg\" \/>\n\t<meta property=\"og:image:width\" content=\"1280\" \/>\n\t<meta property=\"og:image:height\" content=\"800\" \/>\n\t<meta property=\"og:image:type\" content=\"image\/jpeg\" \/>\n<meta name=\"author\" content=\"Sidney Rocha\" \/>\n<meta name=\"twitter:card\" content=\"summary_large_image\" \/>\n<meta name=\"twitter:label1\" content=\"Escrito por\" \/>\n\t<meta name=\"twitter:data1\" content=\"Sidney Rocha\" \/>\n\t<meta name=\"twitter:label2\" content=\"Tempo estimado de leitura\" \/>\n\t<meta name=\"twitter:data2\" content=\"5 minutos\" \/>\n<script type=\"application\/ld+json\" class=\"yoast-schema-graph\">{\"@context\":\"https:\/\/schema.org\",\"@graph\":[{\"@type\":\"Article\",\"@id\":\"https:\/\/seconci.com.br\/site\/2022\/10\/05\/semana-canpat-construcao-2022-abre-debate-com-gestao-de-sst\/#article\",\"isPartOf\":{\"@id\":\"https:\/\/seconci.com.br\/site\/2022\/10\/05\/semana-canpat-construcao-2022-abre-debate-com-gestao-de-sst\/\"},\"author\":{\"name\":\"Sidney Rocha\",\"@id\":\"https:\/\/seconci.com.br\/site\/#\/schema\/person\/1d79afd97ddc8f2c68c1e88e298aa8e2\"},\"headline\":\"Semana CANPAT Constru\u00e7\u00e3o 2022 abre debate com gest\u00e3o de SST\",\"datePublished\":\"2022-10-05T14:50:10+00:00\",\"mainEntityOfPage\":{\"@id\":\"https:\/\/seconci.com.br\/site\/2022\/10\/05\/semana-canpat-construcao-2022-abre-debate-com-gestao-de-sst\/\"},\"wordCount\":1040,\"publisher\":{\"@id\":\"https:\/\/seconci.com.br\/site\/#organization\"},\"image\":{\"@id\":\"https:\/\/seconci.com.br\/site\/2022\/10\/05\/semana-canpat-construcao-2022-abre-debate-com-gestao-de-sst\/#primaryimage\"},\"thumbnailUrl\":\"https:\/\/seconci.com.br\/site\/wp-content\/uploads\/2022\/10\/whatsapp-image-2022-10-03-at-193826.jpeg\",\"articleSection\":[\"Seconci Brasil\"],\"inLanguage\":\"pt-PT\"},{\"@type\":\"WebPage\",\"@id\":\"https:\/\/seconci.com.br\/site\/2022\/10\/05\/semana-canpat-construcao-2022-abre-debate-com-gestao-de-sst\/\",\"url\":\"https:\/\/seconci.com.br\/site\/2022\/10\/05\/semana-canpat-construcao-2022-abre-debate-com-gestao-de-sst\/\",\"name\":\"Semana CANPAT Constru\u00e7\u00e3o 2022 abre debate com gest\u00e3o de SST - Seconci Brasil\",\"isPartOf\":{\"@id\":\"https:\/\/seconci.com.br\/site\/#website\"},\"primaryImageOfPage\":{\"@id\":\"https:\/\/seconci.com.br\/site\/2022\/10\/05\/semana-canpat-construcao-2022-abre-debate-com-gestao-de-sst\/#primaryimage\"},\"image\":{\"@id\":\"https:\/\/seconci.com.br\/site\/2022\/10\/05\/semana-canpat-construcao-2022-abre-debate-com-gestao-de-sst\/#primaryimage\"},\"thumbnailUrl\":\"https:\/\/seconci.com.br\/site\/wp-content\/uploads\/2022\/10\/whatsapp-image-2022-10-03-at-193826.jpeg\",\"datePublished\":\"2022-10-05T14:50:10+00:00\",\"breadcrumb\":{\"@id\":\"https:\/\/seconci.com.br\/site\/2022\/10\/05\/semana-canpat-construcao-2022-abre-debate-com-gestao-de-sst\/#breadcrumb\"},\"inLanguage\":\"pt-PT\",\"potentialAction\":[{\"@type\":\"ReadAction\",\"target\":[\"https:\/\/seconci.com.br\/site\/2022\/10\/05\/semana-canpat-construcao-2022-abre-debate-com-gestao-de-sst\/\"]}]},{\"@type\":\"ImageObject\",\"inLanguage\":\"pt-PT\",\"@id\":\"https:\/\/seconci.com.br\/site\/2022\/10\/05\/semana-canpat-construcao-2022-abre-debate-com-gestao-de-sst\/#primaryimage\",\"url\":\"https:\/\/seconci.com.br\/site\/wp-content\/uploads\/2022\/10\/whatsapp-image-2022-10-03-at-193826.jpeg\",\"contentUrl\":\"https:\/\/seconci.com.br\/site\/wp-content\/uploads\/2022\/10\/whatsapp-image-2022-10-03-at-193826.jpeg\",\"width\":1280,\"height\":800},{\"@type\":\"BreadcrumbList\",\"@id\":\"https:\/\/seconci.com.br\/site\/2022\/10\/05\/semana-canpat-construcao-2022-abre-debate-com-gestao-de-sst\/#breadcrumb\",\"itemListElement\":[{\"@type\":\"ListItem\",\"position\":1,\"name\":\"In\u00edcio\",\"item\":\"https:\/\/seconci.com.br\/site\/\"},{\"@type\":\"ListItem\",\"position\":2,\"name\":\"Semana CANPAT Constru\u00e7\u00e3o 2022 abre debate com gest\u00e3o de SST\"}]},{\"@type\":\"WebSite\",\"@id\":\"https:\/\/seconci.com.br\/site\/#website\",\"url\":\"https:\/\/seconci.com.br\/site\/\",\"name\":\"Seconci Brasil\",\"description\":\"\",\"publisher\":{\"@id\":\"https:\/\/seconci.com.br\/site\/#organization\"},\"potentialAction\":[{\"@type\":\"SearchAction\",\"target\":{\"@type\":\"EntryPoint\",\"urlTemplate\":\"https:\/\/seconci.com.br\/site\/?s={search_term_string}\"},\"query-input\":{\"@type\":\"PropertyValueSpecification\",\"valueRequired\":true,\"valueName\":\"search_term_string\"}}],\"inLanguage\":\"pt-PT\"},{\"@type\":\"Organization\",\"@id\":\"https:\/\/seconci.com.br\/site\/#organization\",\"name\":\"Seconci Brasil\",\"url\":\"https:\/\/seconci.com.br\/site\/\",\"logo\":{\"@type\":\"ImageObject\",\"inLanguage\":\"pt-PT\",\"@id\":\"https:\/\/seconci.com.br\/site\/#\/schema\/logo\/image\/\",\"url\":\"https:\/\/seconci.com.br\/site\/wp-content\/uploads\/2024\/08\/Logo-Seconci-Brasil-branca-2.png\",\"contentUrl\":\"https:\/\/seconci.com.br\/site\/wp-content\/uploads\/2024\/08\/Logo-Seconci-Brasil-branca-2.png\",\"width\":1315,\"height\":598,\"caption\":\"Seconci Brasil\"},\"image\":{\"@id\":\"https:\/\/seconci.com.br\/site\/#\/schema\/logo\/image\/\"}},{\"@type\":\"Person\",\"@id\":\"https:\/\/seconci.com.br\/site\/#\/schema\/person\/1d79afd97ddc8f2c68c1e88e298aa8e2\",\"name\":\"Sidney Rocha\",\"description\":\"Comunicador e estagi\u00e1rio do Seconci Brasil.\",\"url\":\"https:\/\/seconci.com.br\/site\/author\/sidney-rocha\/\"}]}<\/script>\n<!-- \/ Yoast SEO plugin. -->","yoast_head_json":{"title":"Semana CANPAT Constru\u00e7\u00e3o 2022 abre debate com gest\u00e3o de SST - Seconci Brasil","robots":{"index":"index","follow":"follow","max-snippet":"max-snippet:-1","max-image-preview":"max-image-preview:large","max-video-preview":"max-video-preview:-1"},"canonical":"https:\/\/seconci.com.br\/site\/2022\/10\/05\/semana-canpat-construcao-2022-abre-debate-com-gestao-de-sst\/","og_locale":"pt_PT","og_type":"article","og_title":"Semana CANPAT Constru\u00e7\u00e3o 2022 abre debate com gest\u00e3o de SST - Seconci Brasil","og_description":"Inaugurando a Semana CANPAT Constru\u00e7\u00e3o 2022, o presidente da CPRT, Fernando Guedes Ferreira Filho, reconheceu a atua\u00e7\u00e3o e a postura adotada pela subsecretaria de inspe\u00e7\u00e3o do trabalho do Minist\u00e9rio do Trabalho e Previd\u00eancia. \u201cO Minist\u00e9rio permitiu a abertura de um di\u00e1logo in\u00e9dito, com a participa\u00e7\u00e3o ativa de empregadores e empregados, trazendo um novo tempo nas [&hellip;]","og_url":"https:\/\/seconci.com.br\/site\/2022\/10\/05\/semana-canpat-construcao-2022-abre-debate-com-gestao-de-sst\/","og_site_name":"Seconci Brasil","article_published_time":"2022-10-05T14:50:10+00:00","og_image":[{"width":1280,"height":800,"url":"https:\/\/seconci.com.br\/site\/wp-content\/uploads\/2022\/10\/whatsapp-image-2022-10-03-at-193826.jpeg","type":"image\/jpeg"}],"author":"Sidney Rocha","twitter_card":"summary_large_image","twitter_misc":{"Escrito por":"Sidney Rocha","Tempo estimado de leitura":"5 minutos"},"schema":{"@context":"https:\/\/schema.org","@graph":[{"@type":"Article","@id":"https:\/\/seconci.com.br\/site\/2022\/10\/05\/semana-canpat-construcao-2022-abre-debate-com-gestao-de-sst\/#article","isPartOf":{"@id":"https:\/\/seconci.com.br\/site\/2022\/10\/05\/semana-canpat-construcao-2022-abre-debate-com-gestao-de-sst\/"},"author":{"name":"Sidney Rocha","@id":"https:\/\/seconci.com.br\/site\/#\/schema\/person\/1d79afd97ddc8f2c68c1e88e298aa8e2"},"headline":"Semana CANPAT Constru\u00e7\u00e3o 2022 abre debate com gest\u00e3o de SST","datePublished":"2022-10-05T14:50:10+00:00","mainEntityOfPage":{"@id":"https:\/\/seconci.com.br\/site\/2022\/10\/05\/semana-canpat-construcao-2022-abre-debate-com-gestao-de-sst\/"},"wordCount":1040,"publisher":{"@id":"https:\/\/seconci.com.br\/site\/#organization"},"image":{"@id":"https:\/\/seconci.com.br\/site\/2022\/10\/05\/semana-canpat-construcao-2022-abre-debate-com-gestao-de-sst\/#primaryimage"},"thumbnailUrl":"https:\/\/seconci.com.br\/site\/wp-content\/uploads\/2022\/10\/whatsapp-image-2022-10-03-at-193826.jpeg","articleSection":["Seconci Brasil"],"inLanguage":"pt-PT"},{"@type":"WebPage","@id":"https:\/\/seconci.com.br\/site\/2022\/10\/05\/semana-canpat-construcao-2022-abre-debate-com-gestao-de-sst\/","url":"https:\/\/seconci.com.br\/site\/2022\/10\/05\/semana-canpat-construcao-2022-abre-debate-com-gestao-de-sst\/","name":"Semana CANPAT Constru\u00e7\u00e3o 2022 abre debate com gest\u00e3o de SST - Seconci Brasil","isPartOf":{"@id":"https:\/\/seconci.com.br\/site\/#website"},"primaryImageOfPage":{"@id":"https:\/\/seconci.com.br\/site\/2022\/10\/05\/semana-canpat-construcao-2022-abre-debate-com-gestao-de-sst\/#primaryimage"},"image":{"@id":"https:\/\/seconci.com.br\/site\/2022\/10\/05\/semana-canpat-construcao-2022-abre-debate-com-gestao-de-sst\/#primaryimage"},"thumbnailUrl":"https:\/\/seconci.com.br\/site\/wp-content\/uploads\/2022\/10\/whatsapp-image-2022-10-03-at-193826.jpeg","datePublished":"2022-10-05T14:50:10+00:00","breadcrumb":{"@id":"https:\/\/seconci.com.br\/site\/2022\/10\/05\/semana-canpat-construcao-2022-abre-debate-com-gestao-de-sst\/#breadcrumb"},"inLanguage":"pt-PT","potentialAction":[{"@type":"ReadAction","target":["https:\/\/seconci.com.br\/site\/2022\/10\/05\/semana-canpat-construcao-2022-abre-debate-com-gestao-de-sst\/"]}]},{"@type":"ImageObject","inLanguage":"pt-PT","@id":"https:\/\/seconci.com.br\/site\/2022\/10\/05\/semana-canpat-construcao-2022-abre-debate-com-gestao-de-sst\/#primaryimage","url":"https:\/\/seconci.com.br\/site\/wp-content\/uploads\/2022\/10\/whatsapp-image-2022-10-03-at-193826.jpeg","contentUrl":"https:\/\/seconci.com.br\/site\/wp-content\/uploads\/2022\/10\/whatsapp-image-2022-10-03-at-193826.jpeg","width":1280,"height":800},{"@type":"BreadcrumbList","@id":"https:\/\/seconci.com.br\/site\/2022\/10\/05\/semana-canpat-construcao-2022-abre-debate-com-gestao-de-sst\/#breadcrumb","itemListElement":[{"@type":"ListItem","position":1,"name":"In\u00edcio","item":"https:\/\/seconci.com.br\/site\/"},{"@type":"ListItem","position":2,"name":"Semana CANPAT Constru\u00e7\u00e3o 2022 abre debate com gest\u00e3o de SST"}]},{"@type":"WebSite","@id":"https:\/\/seconci.com.br\/site\/#website","url":"https:\/\/seconci.com.br\/site\/","name":"Seconci Brasil","description":"","publisher":{"@id":"https:\/\/seconci.com.br\/site\/#organization"},"potentialAction":[{"@type":"SearchAction","target":{"@type":"EntryPoint","urlTemplate":"https:\/\/seconci.com.br\/site\/?s={search_term_string}"},"query-input":{"@type":"PropertyValueSpecification","valueRequired":true,"valueName":"search_term_string"}}],"inLanguage":"pt-PT"},{"@type":"Organization","@id":"https:\/\/seconci.com.br\/site\/#organization","name":"Seconci Brasil","url":"https:\/\/seconci.com.br\/site\/","logo":{"@type":"ImageObject","inLanguage":"pt-PT","@id":"https:\/\/seconci.com.br\/site\/#\/schema\/logo\/image\/","url":"https:\/\/seconci.com.br\/site\/wp-content\/uploads\/2024\/08\/Logo-Seconci-Brasil-branca-2.png","contentUrl":"https:\/\/seconci.com.br\/site\/wp-content\/uploads\/2024\/08\/Logo-Seconci-Brasil-branca-2.png","width":1315,"height":598,"caption":"Seconci Brasil"},"image":{"@id":"https:\/\/seconci.com.br\/site\/#\/schema\/logo\/image\/"}},{"@type":"Person","@id":"https:\/\/seconci.com.br\/site\/#\/schema\/person\/1d79afd97ddc8f2c68c1e88e298aa8e2","name":"Sidney Rocha","description":"Comunicador e estagi\u00e1rio do Seconci Brasil.","url":"https:\/\/seconci.com.br\/site\/author\/sidney-rocha\/"}]}},"_links":{"self":[{"href":"https:\/\/seconci.com.br\/site\/wp-json\/wp\/v2\/posts\/12183","targetHints":{"allow":["GET"]}}],"collection":[{"href":"https:\/\/seconci.com.br\/site\/wp-json\/wp\/v2\/posts"}],"about":[{"href":"https:\/\/seconci.com.br\/site\/wp-json\/wp\/v2\/types\/post"}],"author":[{"embeddable":true,"href":"https:\/\/seconci.com.br\/site\/wp-json\/wp\/v2\/users\/3"}],"replies":[{"embeddable":true,"href":"https:\/\/seconci.com.br\/site\/wp-json\/wp\/v2\/comments?post=12183"}],"version-history":[{"count":0,"href":"https:\/\/seconci.com.br\/site\/wp-json\/wp\/v2\/posts\/12183\/revisions"}],"wp:featuredmedia":[{"embeddable":true,"href":"https:\/\/seconci.com.br\/site\/wp-json\/wp\/v2\/media\/12184"}],"wp:attachment":[{"href":"https:\/\/seconci.com.br\/site\/wp-json\/wp\/v2\/media?parent=12183"}],"wp:term":[{"taxonomy":"category","embeddable":true,"href":"https:\/\/seconci.com.br\/site\/wp-json\/wp\/v2\/categories?post=12183"},{"taxonomy":"post_tag","embeddable":true,"href":"https:\/\/seconci.com.br\/site\/wp-json\/wp\/v2\/tags?post=12183"}],"curies":[{"name":"wp","href":"https:\/\/api.w.org\/{rel}","templated":true}]}}